{"id":20410,"date":"2020-01-23T09:41:55","date_gmt":"2020-01-23T09:41:55","guid":{"rendered":"https:\/\/www.aguarda.es\/?p=20410"},"modified":"2020-01-23T09:41:55","modified_gmt":"2020-01-23T09:41:55","slug":"o-concello-da-guarda-esta-a-redactar-un-anteproxecto-para-a-estrada-po-352-de-circunvalacion-ao-monte-santa-trega","status":"publish","type":"post","link":"https:\/\/www.aguarda.es\/en\/o-concello-da-guarda-esta-a-redactar-un-anteproxecto-para-a-estrada-po-352-de-circunvalacion-ao-monte-santa-trega\/","title":{"rendered":"O Concello da Guarda est\u00e1 a redactar un anteproxecto para a estrada PO-352  de circunvalaci\u00f3n ao Monte Santa Trega"},"content":{"rendered":"<p style=\"text-align: justify\">A PO-352 \u00e9 sen d\u00fabida algunha unha das principais arterias de comunicaci\u00f3n da Guarda, basta dicir que \u00e9 a \u00fanica conexi\u00f3n entre o casco urbano da Guarda e a Parroquia de Camposancos, tanto polo Oeste como polo Este, al\u00e9n de suli\u00f1ar que conduce a todas as praias fluviais da nosa vila.<\/p>\n<p style=\"text-align: justify\">Con estas referencias resulta doado entender que o tr\u00e1fico rodado que soporta, sobre todo en \u00e9poca estival, \u00e9 moi considerable. Ao mesmo tempo, e dado que a paisaxe pola que discorre \u00e9 moi fermosa, atrae a multitude de pe\u00f3ns que pasean por ela.<\/p>\n<p style=\"text-align: justify\">Sen embargo, a pesares da s\u00faa importancia e do tr\u00e1fico que soporta, non re\u00fane as m\u00ednimas condici\u00f3ns de seguridade viaria, os carr\u00eds non superan na maior parte do trazado os 2,50 metros de ancho e non conta con beirarr\u00faas para unha m\u00ednima seguridade dos pe\u00f3ns.<\/p>\n<p style=\"text-align: justify\">Dende a alcald\u00eda da Guarda, foron moitas as ocasi\u00f3ns, unhas por carta e outras persoalmente, nas que se lle reclamou \u00e1 Conseller\u00eda de Infraestruturas e Mobilidade o ancheamento da calzada, a construci\u00f3n dunha senda peonil e un carril bici. Por citar as ultimas xesti\u00f3ns:<\/p>\n<p style=\"text-align: justify\">\u2022 7 de novembro de 2017: reuni\u00f3n do alcalde Antonio Lomba coa conselleira Ethel V\u00e1zquez en Santiago, compromiso da conselleira de redactar o proxecto.<\/p>\n<p style=\"text-align: justify\">\u2022 26 de decembro de 2018: reuni\u00f3n do alcalde Antonio Lomba en Pontevedra co Director Territorial de Infraestruturas, resposta do Director, a senda pode entrar dentro dun paquete no ano 2019.<\/p>\n<p style=\"text-align: justify\">\u2022 31 de decembro do 2019: carta do alcalde Antonio Lomba \u00e1 conselleira solicit\u00e1ndolle unha nova entrevista, ata o momento sen contestaci\u00f3n.<\/p>\n<p style=\"text-align: justify\">Ante esta pasividade da Conseller\u00eda de Infraestruturas e Mobilidade, o alcalde da Guarda encargou a redacci\u00f3n dun anteproxecto que en breve entregar\u00e1 na Conseller\u00eda para esixir a s\u00faa urxente execuci\u00f3n.<\/p>\n<p style=\"text-align: justify\">O referido anteproxecto contempla unha actuaci\u00f3n na totalidade da PO-552 que non conta con beirarr\u00faas, tanto polo lado norte, Cruzada-Camposancos como no lado este Camposancos ata intersecci\u00f3n PO-355(que conduce \u00e1 Pasaxe consistente nun ancheamento da calzada de rodadura, a construci\u00f3n de beirarr\u00faas e a dotaci\u00f3n dun carril bici.<\/p>\n<p style=\"text-align: center\"><img decoding=\"async\" loading=\"lazy\" class=\"aligncenter size-full wp-image-20411\" src=\"https:\/\/www.aguarda.es\/wp-content\/uploads\/2020\/01\/NP-23012020-O-Concello-da-Guarda-est\u00e1-a-redactar-un-anteproxecto-para-a-estrada-PO-352-de-circunvalaci\u00f3n-ao-Monte-Santa-Trega-2.jpg\" alt=\"\" width=\"800\" height=\"533\" srcset=\"https:\/\/www.aguarda.es\/wp-content\/uploads\/2020\/01\/NP-23012020-O-Concello-da-Guarda-est\u00e1-a-redactar-un-anteproxecto-para-a-estrada-PO-352-de-circunvalaci\u00f3n-ao-Monte-Santa-Trega-2.jpg 800w, https:\/\/www.aguarda.es\/wp-content\/uploads\/2020\/01\/NP-23012020-O-Concello-da-Guarda-est\u00e1-a-redactar-un-anteproxecto-para-a-estrada-PO-352-de-circunvalaci\u00f3n-ao-Monte-Santa-Trega-2-300x200.jpg 300w, https:\/\/www.aguarda.es\/wp-content\/uploads\/2020\/01\/NP-23012020-O-Concello-da-Guarda-est\u00e1-a-redactar-un-anteproxecto-para-a-estrada-PO-352-de-circunvalaci\u00f3n-ao-Monte-Santa-Trega-2-768x512.jpg 768w\" sizes=\"(max-width: 800px) 100vw, 800px\" \/><\/p>\n","protected":false},"excerpt":{"rendered":"<p>A PO-352 \u00e9 sen d\u00fabida algunha unha das principais arterias de comunicaci\u00f3n da Guarda, basta dicir que \u00e9 a \u00fanica conexi\u00f3n entre o casco urbano da Guarda e a Parroquia de Camposancos, tanto polo Oeste como polo Este, al\u00e9n de &hellip; <\/p>\n","protected":false},"author":2,"featured_media":20413,"comment_status":"open","ping_status":"open","sticky":false,"template":"","format":"standard","meta":[],"categories":[33],"tags":[226,636,2058,246,2057],"yoast_head":"<!-- This site is optimized with the Yoast SEO plugin v21.1 - https:\/\/yoast.com\/wordpress\/plugins\/seo\/ -->\n<title>O Concello da Guarda est\u00e1 a redactar un anteproxecto para a estrada PO-352 de circunvalaci\u00f3n ao Monte Santa Trega - Concello da Guarda<\/title>\n<meta name=\"robots\" content=\"index, follow, max-snippet:-1, max-image-preview:large, max-video-preview:-1\" \/>\n<link rel=\"canonical\" href=\"https:\/\/www.aguarda.es\/en\/o-concello-da-guarda-esta-a-redactar-un-anteproxecto-para-a-estrada-po-352-de-circunvalacion-ao-monte-santa-trega\/\" \/>\n<meta property=\"og:locale\" content=\"en_US\" \/>\n<meta property=\"og:type\" content=\"article\" \/>\n<meta property=\"og:title\" content=\"O Concello da Guarda est\u00e1 a redactar un anteproxecto para a estrada PO-352 de circunvalaci\u00f3n ao Monte Santa Trega - Concello da Guarda\" \/>\n<meta property=\"og:description\" content=\"A PO-352 \u00e9 sen d\u00fabida algunha unha das principais arterias de comunicaci\u00f3n da Guarda, basta dicir que \u00e9 a \u00fanica conexi\u00f3n entre o casco urbano da Guarda e a Parroquia de Camposancos, tanto polo Oeste como polo Este, al\u00e9n de &hellip;\" \/>\n<meta property=\"og:url\" content=\"https:\/\/www.aguarda.es\/en\/o-concello-da-guarda-esta-a-redactar-un-anteproxecto-para-a-estrada-po-352-de-circunvalacion-ao-monte-santa-trega\/\" \/>\n<meta property=\"og:site_name\" content=\"Concello da Guarda\" \/>\n<meta property=\"article:publisher\" content=\"https:\/\/www.facebook.com\/ConcellodaGuarda\" \/>\n<meta property=\"article:published_time\" content=\"2020-01-23T09:41:55+00:00\" \/>\n<meta property=\"og:image\" content=\"https:\/\/www.aguarda.es\/wp-content\/uploads\/2020\/01\/NP-23012020-O-Concello-da-Guarda-est\u00e1-a-redactar-un-anteproxecto-para-a-estrada-PO-352-de-circunvalaci\u00f3n-ao-Monte-Santa-Trega-1.jpg\" \/>\n\t<meta property=\"og:image:width\" content=\"800\" \/>\n\t<meta property=\"og:image:height\" content=\"533\" \/>\n\t<meta property=\"og:image:type\" content=\"image\/jpeg\" \/>\n<meta name=\"author\" content=\"prensa\" \/>\n<meta name=\"twitter:card\" content=\"summary_large_image\" \/>\n<meta name=\"twitter:creator\" content=\"@AGuarda_es\" \/>\n<meta name=\"twitter:site\" content=\"@AGuarda_es\" \/>\n<meta name=\"twitter:label1\" content=\"Written by\" \/>\n\t<meta name=\"twitter:data1\" content=\"prensa\" \/>\n\t<meta name=\"twitter:label2\" content=\"Est. reading time\" \/>\n\t<meta name=\"twitter:data2\" content=\"2 minutes\" \/>\n<script type=\"application\/ld+json\" class=\"yoast-schema-graph\">{\"@context\":\"https:\/\/schema.org\",\"@graph\":[{\"@type\":\"WebPage\",\"@id\":\"https:\/\/www.aguarda.es\/en\/o-concello-da-guarda-esta-a-redactar-un-anteproxecto-para-a-estrada-po-352-de-circunvalacion-ao-monte-santa-trega\/\",\"url\":\"https:\/\/www.aguarda.es\/en\/o-concello-da-guarda-esta-a-redactar-un-anteproxecto-para-a-estrada-po-352-de-circunvalacion-ao-monte-santa-trega\/\",\"name\":\"O Concello da Guarda est\u00e1 a redactar un anteproxecto para a estrada PO-352 de circunvalaci\u00f3n ao Monte Santa Trega - Concello da Guarda\",\"isPartOf\":{\"@id\":\"https:\/\/www.aguarda.es\/en\/#website\"},\"datePublished\":\"2020-01-23T09:41:55+00:00\",\"dateModified\":\"2020-01-23T09:41:55+00:00\",\"author\":{\"@id\":\"https:\/\/www.aguarda.es\/en\/#\/schema\/person\/c463ca3006858ffb349d11179d044f21\"},\"breadcrumb\":{\"@id\":\"https:\/\/www.aguarda.es\/en\/o-concello-da-guarda-esta-a-redactar-un-anteproxecto-para-a-estrada-po-352-de-circunvalacion-ao-monte-santa-trega\/#breadcrumb\"},\"inLanguage\":\"en-US\",\"potentialAction\":[{\"@type\":\"ReadAction\",\"target\":[\"https:\/\/www.aguarda.es\/en\/o-concello-da-guarda-esta-a-redactar-un-anteproxecto-para-a-estrada-po-352-de-circunvalacion-ao-monte-santa-trega\/\"]}]},{\"@type\":\"BreadcrumbList\",\"@id\":\"https:\/\/www.aguarda.es\/en\/o-concello-da-guarda-esta-a-redactar-un-anteproxecto-para-a-estrada-po-352-de-circunvalacion-ao-monte-santa-trega\/#breadcrumb\",\"itemListElement\":[{\"@type\":\"ListItem\",\"position\":1,\"name\":\"Portada\",\"item\":\"https:\/\/www.aguarda.es\/en\/\"},{\"@type\":\"ListItem\",\"position\":2,\"name\":\"O Concello da Guarda est\u00e1 a redactar un anteproxecto para a estrada PO-352 de circunvalaci\u00f3n ao Monte Santa Trega\"}]},{\"@type\":\"WebSite\",\"@id\":\"https:\/\/www.aguarda.es\/en\/#website\",\"url\":\"https:\/\/www.aguarda.es\/en\/\",\"name\":\"Concello da Guarda\",\"description\":\"P\u00e1xina web do concello da Guarda\",\"potentialAction\":[{\"@type\":\"SearchAction\",\"target\":{\"@type\":\"EntryPoint\",\"urlTemplate\":\"https:\/\/www.aguarda.es\/en\/?s={search_term_string}\"},\"query-input\":\"required name=search_term_string\"}],\"inLanguage\":\"en-US\"},{\"@type\":\"Person\",\"@id\":\"https:\/\/www.aguarda.es\/en\/#\/schema\/person\/c463ca3006858ffb349d11179d044f21\",\"name\":\"prensa\",\"image\":{\"@type\":\"ImageObject\",\"inLanguage\":\"en-US\",\"@id\":\"https:\/\/www.aguarda.es\/en\/#\/schema\/person\/image\/\",\"url\":\"https:\/\/secure.gravatar.com\/avatar\/5f90ef536b0f98306edf5c7a1135ffa1?s=96&d=mm&r=g\",\"contentUrl\":\"https:\/\/secure.gravatar.com\/avatar\/5f90ef536b0f98306edf5c7a1135ffa1?s=96&d=mm&r=g\",\"caption\":\"prensa\"},\"url\":\"https:\/\/www.aguarda.es\/en\/author\/prensa\/\"}]}<\/script>\n<!-- \/ Yoast SEO plugin. -->","yoast_head_json":{"title":"O Concello da Guarda est\u00e1 a redactar un anteproxecto para a estrada PO-352 de circunvalaci\u00f3n ao Monte Santa Trega - Concello da Guarda","robots":{"index":"index","follow":"follow","max-snippet":"max-snippet:-1","max-image-preview":"max-image-preview:large","max-video-preview":"max-video-preview:-1"},"canonical":"https:\/\/www.aguarda.es\/en\/o-concello-da-guarda-esta-a-redactar-un-anteproxecto-para-a-estrada-po-352-de-circunvalacion-ao-monte-santa-trega\/","og_locale":"en_US","og_type":"article","og_title":"O Concello da Guarda est\u00e1 a redactar un anteproxecto para a estrada PO-352 de circunvalaci\u00f3n ao Monte Santa Trega - Concello da Guarda","og_description":"A PO-352 \u00e9 sen d\u00fabida algunha unha das principais arterias de comunicaci\u00f3n da Guarda, basta dicir que \u00e9 a \u00fanica conexi\u00f3n entre o casco urbano da Guarda e a Parroquia de Camposancos, tanto polo Oeste como polo Este, al\u00e9n de &hellip;","og_url":"https:\/\/www.aguarda.es\/en\/o-concello-da-guarda-esta-a-redactar-un-anteproxecto-para-a-estrada-po-352-de-circunvalacion-ao-monte-santa-trega\/","og_site_name":"Concello da Guarda","article_publisher":"https:\/\/www.facebook.com\/ConcellodaGuarda","article_published_time":"2020-01-23T09:41:55+00:00","og_image":[{"width":800,"height":533,"url":"https:\/\/www.aguarda.es\/wp-content\/uploads\/2020\/01\/NP-23012020-O-Concello-da-Guarda-est\u00e1-a-redactar-un-anteproxecto-para-a-estrada-PO-352-de-circunvalaci\u00f3n-ao-Monte-Santa-Trega-1.jpg","type":"image\/jpeg"}],"author":"prensa","twitter_card":"summary_large_image","twitter_creator":"@AGuarda_es","twitter_site":"@AGuarda_es","twitter_misc":{"Written by":"prensa","Est. reading time":"2 minutes"},"schema":{"@context":"https:\/\/schema.org","@graph":[{"@type":"WebPage","@id":"https:\/\/www.aguarda.es\/en\/o-concello-da-guarda-esta-a-redactar-un-anteproxecto-para-a-estrada-po-352-de-circunvalacion-ao-monte-santa-trega\/","url":"https:\/\/www.aguarda.es\/en\/o-concello-da-guarda-esta-a-redactar-un-anteproxecto-para-a-estrada-po-352-de-circunvalacion-ao-monte-santa-trega\/","name":"O Concello da Guarda est\u00e1 a redactar un anteproxecto para a estrada PO-352 de circunvalaci\u00f3n ao Monte Santa Trega - Concello da Guarda","isPartOf":{"@id":"https:\/\/www.aguarda.es\/en\/#website"},"datePublished":"2020-01-23T09:41:55+00:00","dateModified":"2020-01-23T09:41:55+00:00","author":{"@id":"https:\/\/www.aguarda.es\/en\/#\/schema\/person\/c463ca3006858ffb349d11179d044f21"},"breadcrumb":{"@id":"https:\/\/www.aguarda.es\/en\/o-concello-da-guarda-esta-a-redactar-un-anteproxecto-para-a-estrada-po-352-de-circunvalacion-ao-monte-santa-trega\/#breadcrumb"},"inLanguage":"en-US","potentialAction":[{"@type":"ReadAction","target":["https:\/\/www.aguarda.es\/en\/o-concello-da-guarda-esta-a-redactar-un-anteproxecto-para-a-estrada-po-352-de-circunvalacion-ao-monte-santa-trega\/"]}]},{"@type":"BreadcrumbList","@id":"https:\/\/www.aguarda.es\/en\/o-concello-da-guarda-esta-a-redactar-un-anteproxecto-para-a-estrada-po-352-de-circunvalacion-ao-monte-santa-trega\/#breadcrumb","itemListElement":[{"@type":"ListItem","position":1,"name":"Portada","item":"https:\/\/www.aguarda.es\/en\/"},{"@type":"ListItem","position":2,"name":"O Concello da Guarda est\u00e1 a redactar un anteproxecto para a estrada PO-352 de circunvalaci\u00f3n ao Monte Santa Trega"}]},{"@type":"WebSite","@id":"https:\/\/www.aguarda.es\/en\/#website","url":"https:\/\/www.aguarda.es\/en\/","name":"Concello da Guarda","description":"P\u00e1xina web do concello da Guarda","potentialAction":[{"@type":"SearchAction","target":{"@type":"EntryPoint","urlTemplate":"https:\/\/www.aguarda.es\/en\/?s={search_term_string}"},"query-input":"required name=search_term_string"}],"inLanguage":"en-US"},{"@type":"Person","@id":"https:\/\/www.aguarda.es\/en\/#\/schema\/person\/c463ca3006858ffb349d11179d044f21","name":"prensa","image":{"@type":"ImageObject","inLanguage":"en-US","@id":"https:\/\/www.aguarda.es\/en\/#\/schema\/person\/image\/","url":"https:\/\/secure.gravatar.com\/avatar\/5f90ef536b0f98306edf5c7a1135ffa1?s=96&d=mm&r=g","contentUrl":"https:\/\/secure.gravatar.com\/avatar\/5f90ef536b0f98306edf5c7a1135ffa1?s=96&d=mm&r=g","caption":"prensa"},"url":"https:\/\/www.aguarda.es\/en\/author\/prensa\/"}]}},"_links":{"self":[{"href":"https:\/\/www.aguarda.es\/en\/wp-json\/wp\/v2\/posts\/20410"}],"collection":[{"href":"https:\/\/www.aguarda.es\/en\/wp-json\/wp\/v2\/posts"}],"about":[{"href":"https:\/\/www.aguarda.es\/en\/wp-json\/wp\/v2\/types\/post"}],"author":[{"embeddable":true,"href":"https:\/\/www.aguarda.es\/en\/wp-json\/wp\/v2\/users\/2"}],"replies":[{"embeddable":true,"href":"https:\/\/www.aguarda.es\/en\/wp-json\/wp\/v2\/comments?post=20410"}],"version-history":[{"count":1,"href":"https:\/\/www.aguarda.es\/en\/wp-json\/wp\/v2\/posts\/20410\/revisions"}],"predecessor-version":[{"id":20415,"href":"https:\/\/www.aguarda.es\/en\/wp-json\/wp\/v2\/posts\/20410\/revisions\/20415"}],"wp:featuredmedia":[{"embeddable":true,"href":"https:\/\/www.aguarda.es\/en\/wp-json\/wp\/v2\/media\/20413"}],"wp:attachment":[{"href":"https:\/\/www.aguarda.es\/en\/wp-json\/wp\/v2\/media?parent=20410"}],"wp:term":[{"taxonomy":"category","embeddable":true,"href":"https:\/\/www.aguarda.es\/en\/wp-json\/wp\/v2\/categories?post=20410"},{"taxonomy":"post_tag","embeddable":true,"href":"https:\/\/www.aguarda.es\/en\/wp-json\/wp\/v2\/tags?post=20410"}],"curies":[{"name":"wp","href":"https:\/\/api.w.org\/{rel}","templated":true}]}}