{"id":2045,"date":"2016-07-14T11:41:00","date_gmt":"2016-07-14T11:41:00","guid":{"rendered":"https:\/\/www.aguarda.es\/?p=2045"},"modified":"2016-07-14T11:41:00","modified_gmt":"2016-07-14T11:41:00","slug":"o-concello-da-guarda-aumenta-a-dotacion-de-medios-para-emerxencias","status":"publish","type":"post","link":"https:\/\/www.aguarda.es\/en\/o-concello-da-guarda-aumenta-a-dotacion-de-medios-para-emerxencias\/","title":{"rendered":"O Concello da Guarda aumenta a dotaci\u00f3n de medios para emerxencias"},"content":{"rendered":"<p lang=\"gl-ES\"><span><em><br \/><\/em>Ao material de emerxencias que recentemente lle foi entregado ao Concello da Guarda ac\u00e1base de sumar o remolque para a embarcaci\u00f3n de salvamento.<\/span><\/p>\n<p>  <!--more-->  <\/p>\n<p lang=\"gl-ES\">\u00a0<\/p>\n<p lang=\"gl-ES\"><span><em>Ao material de emerxencias que recentemente lle foi entregado ao Concello da Guarda: un remolque de emerxencias, un veh\u00edculo Pick-kup, un novo equipo de excarceraci\u00f3n e unha embarcaci\u00f3n zodiac para salvamento modelo TX 540 n\u00ba de serie PTVGDSOO601514, temos que engadirlle o remolque para a embarcaci\u00f3n que lle acaba de ser concedida en propiedade<\/em><\/span><\/p>\n<p lang=\"gl-ES\"><span>\u00a0<\/span><\/p>\n<p lang=\"gl-ES\"><span><span lang=\"gl-ES\">\u00d3 concello da Guarda a trav\u00e9s da orde do 21 de marzo de 2016( DOG N\u00ba 71 de 14 de abril) de Vicepresidencia e Conseller\u00eda de Presidencia , Administraci\u00f3ns P\u00fablicas e Xustiza, pola que se establec\u00edan as bases reguladoras e a convocatoria de subvenci\u00f3ns para o ano 2016 para a adxudicaci\u00f3n de equipamentos de emerxencias, en r\u00e9xime de concorrencia competitiva para concellos de menos de 50.000 habitantes, cofinanciado polo Fondo Europeo de Desenvolvemento Rexional, no marco do programa operativo Feder-Galicia 2014-2020,<\/span><span lang=\"gl-ES\"><strong> foille concedido un remolque para \u00e1 embarcaci\u00f3n de salvamento. <\/strong><\/span><span lang=\"gl-ES\">Que nos ser\u00e1 entregada nos pr\u00f3ximos meses.<\/span><\/span><\/p>\n<p lang=\"gl-ES\"><span>\u00a0<\/span><\/p>\n<p lang=\"gl-ES\"><span><span>O concello da Guarda ten solicitado tam\u00e9n da Conseller\u00eda de Medio Rural un cami\u00f3n motobomba con unha capacidade de 3000 litros de auga para \u00e1 atenci\u00f3n de incendios forestais por parte do GES posto que, o cami\u00f3n de que dispo\u00f1en, independentemente de que xa ten moitos anos e moitas horas de traballo, est\u00e1 concibido para actuaci\u00f3ns urbanas e ten unha capacidade de tan so 1500 litros de auga. Esperamos dende o concello que este ano a conseller\u00eda atenda a nosa demanda e poidamos contar paulatinamente con aquel material que \u00f3 concello lle resulta totalmente adquirir e que sen embargo \u00e9 indispensable para atender adecuadamente as emerxencias.<\/span><\/span><\/p>\n","protected":false},"excerpt":{"rendered":"<p>Ao material de emerxencias que recentemente lle foi entregado ao Concello da Guarda ac\u00e1base de sumar o remolque para a embarcaci\u00f3n de salvamento.<\/p>\n","protected":false},"author":1,"featured_media":0,"comment_status":"open","ping_status":"open","sticky":false,"template":"","format":"standard","meta":[],"categories":[47],"tags":[],"yoast_head":"<!-- This site is optimized with the Yoast SEO plugin v21.1 - https:\/\/yoast.com\/wordpress\/plugins\/seo\/ -->\n<title>O Concello da Guarda aumenta a dotaci\u00f3n de medios para emerxencias - Concello da Guarda<\/title>\n<meta name=\"robots\" content=\"index, follow, max-snippet:-1, max-image-preview:large, max-video-preview:-1\" \/>\n<link rel=\"canonical\" href=\"https:\/\/www.aguarda.es\/en\/o-concello-da-guarda-aumenta-a-dotacion-de-medios-para-emerxencias\/\" \/>\n<meta property=\"og:locale\" content=\"en_US\" \/>\n<meta property=\"og:type\" content=\"article\" \/>\n<meta property=\"og:title\" content=\"O Concello da Guarda aumenta a dotaci\u00f3n de medios para emerxencias - Concello da Guarda\" \/>\n<meta property=\"og:description\" content=\"Ao material de emerxencias que recentemente lle foi entregado ao Concello da Guarda ac\u00e1base de sumar o remolque para a embarcaci\u00f3n de salvamento.\" \/>\n<meta property=\"og:url\" content=\"https:\/\/www.aguarda.es\/en\/o-concello-da-guarda-aumenta-a-dotacion-de-medios-para-emerxencias\/\" \/>\n<meta property=\"og:site_name\" content=\"Concello da Guarda\" \/>\n<meta property=\"article:publisher\" content=\"https:\/\/www.facebook.com\/ConcellodaGuarda\" \/>\n<meta property=\"article:published_time\" content=\"2016-07-14T11:41:00+00:00\" \/>\n<meta property=\"og:image\" content=\"https:\/\/www.aguarda.es\/wp-content\/uploads\/2017\/06\/escudo-full-2.jpg\" \/>\n\t<meta property=\"og:image:width\" content=\"1135\" \/>\n\t<meta property=\"og:image:height\" content=\"712\" \/>\n\t<meta property=\"og:image:type\" content=\"image\/jpeg\" \/>\n<meta name=\"author\" content=\"Concello\" \/>\n<meta name=\"twitter:card\" content=\"summary_large_image\" \/>\n<meta name=\"twitter:creator\" content=\"@AGuarda_es\" \/>\n<meta name=\"twitter:site\" content=\"@AGuarda_es\" \/>\n<meta name=\"twitter:label1\" content=\"Written by\" \/>\n\t<meta name=\"twitter:data1\" content=\"Concello\" \/>\n\t<meta name=\"twitter:label2\" content=\"Est. reading time\" \/>\n\t<meta name=\"twitter:data2\" content=\"1 minute\" \/>\n<script type=\"application\/ld+json\" class=\"yoast-schema-graph\">{\"@context\":\"https:\/\/schema.org\",\"@graph\":[{\"@type\":\"WebPage\",\"@id\":\"https:\/\/www.aguarda.es\/en\/o-concello-da-guarda-aumenta-a-dotacion-de-medios-para-emerxencias\/\",\"url\":\"https:\/\/www.aguarda.es\/en\/o-concello-da-guarda-aumenta-a-dotacion-de-medios-para-emerxencias\/\",\"name\":\"O Concello da Guarda aumenta a dotaci\u00f3n de medios para emerxencias - Concello da Guarda\",\"isPartOf\":{\"@id\":\"https:\/\/www.aguarda.es\/en\/#website\"},\"datePublished\":\"2016-07-14T11:41:00+00:00\",\"dateModified\":\"2016-07-14T11:41:00+00:00\",\"author\":{\"@id\":\"https:\/\/www.aguarda.es\/en\/#\/schema\/person\/ac30f4d74843174f0af56c730f74dd57\"},\"breadcrumb\":{\"@id\":\"https:\/\/www.aguarda.es\/en\/o-concello-da-guarda-aumenta-a-dotacion-de-medios-para-emerxencias\/#breadcrumb\"},\"inLanguage\":\"en-US\",\"potentialAction\":[{\"@type\":\"ReadAction\",\"target\":[\"https:\/\/www.aguarda.es\/en\/o-concello-da-guarda-aumenta-a-dotacion-de-medios-para-emerxencias\/\"]}]},{\"@type\":\"BreadcrumbList\",\"@id\":\"https:\/\/www.aguarda.es\/en\/o-concello-da-guarda-aumenta-a-dotacion-de-medios-para-emerxencias\/#breadcrumb\",\"itemListElement\":[{\"@type\":\"ListItem\",\"position\":1,\"name\":\"Portada\",\"item\":\"https:\/\/www.aguarda.es\/en\/\"},{\"@type\":\"ListItem\",\"position\":2,\"name\":\"O Concello da Guarda aumenta a dotaci\u00f3n de medios para emerxencias\"}]},{\"@type\":\"WebSite\",\"@id\":\"https:\/\/www.aguarda.es\/en\/#website\",\"url\":\"https:\/\/www.aguarda.es\/en\/\",\"name\":\"Concello da Guarda\",\"description\":\"P\u00e1xina web do concello da Guarda\",\"potentialAction\":[{\"@type\":\"SearchAction\",\"target\":{\"@type\":\"EntryPoint\",\"urlTemplate\":\"https:\/\/www.aguarda.es\/en\/?s={search_term_string}\"},\"query-input\":\"required name=search_term_string\"}],\"inLanguage\":\"en-US\"},{\"@type\":\"Person\",\"@id\":\"https:\/\/www.aguarda.es\/en\/#\/schema\/person\/ac30f4d74843174f0af56c730f74dd57\",\"name\":\"Concello\",\"image\":{\"@type\":\"ImageObject\",\"inLanguage\":\"en-US\",\"@id\":\"https:\/\/www.aguarda.es\/en\/#\/schema\/person\/image\/\",\"url\":\"https:\/\/secure.gravatar.com\/avatar\/7eda12a04da40b2ef77eb62e68f07027?s=96&d=mm&r=g\",\"contentUrl\":\"https:\/\/secure.gravatar.com\/avatar\/7eda12a04da40b2ef77eb62e68f07027?s=96&d=mm&r=g\",\"caption\":\"Concello\"},\"url\":\"https:\/\/www.aguarda.es\/en\/author\/admin\/\"}]}<\/script>\n<!-- \/ Yoast SEO plugin. -->","yoast_head_json":{"title":"O Concello da Guarda aumenta a dotaci\u00f3n de medios para emerxencias - Concello da Guarda","robots":{"index":"index","follow":"follow","max-snippet":"max-snippet:-1","max-image-preview":"max-image-preview:large","max-video-preview":"max-video-preview:-1"},"canonical":"https:\/\/www.aguarda.es\/en\/o-concello-da-guarda-aumenta-a-dotacion-de-medios-para-emerxencias\/","og_locale":"en_US","og_type":"article","og_title":"O Concello da Guarda aumenta a dotaci\u00f3n de medios para emerxencias - Concello da Guarda","og_description":"Ao material de emerxencias que recentemente lle foi entregado ao Concello da Guarda ac\u00e1base de sumar o remolque para a embarcaci\u00f3n de salvamento.","og_url":"https:\/\/www.aguarda.es\/en\/o-concello-da-guarda-aumenta-a-dotacion-de-medios-para-emerxencias\/","og_site_name":"Concello da Guarda","article_publisher":"https:\/\/www.facebook.com\/ConcellodaGuarda","article_published_time":"2016-07-14T11:41:00+00:00","og_image":[{"width":1135,"height":712,"url":"https:\/\/www.aguarda.es\/wp-content\/uploads\/2017\/06\/escudo-full-2.jpg","type":"image\/jpeg"}],"author":"Concello","twitter_card":"summary_large_image","twitter_creator":"@AGuarda_es","twitter_site":"@AGuarda_es","twitter_misc":{"Written by":"Concello","Est. reading time":"1 minute"},"schema":{"@context":"https:\/\/schema.org","@graph":[{"@type":"WebPage","@id":"https:\/\/www.aguarda.es\/en\/o-concello-da-guarda-aumenta-a-dotacion-de-medios-para-emerxencias\/","url":"https:\/\/www.aguarda.es\/en\/o-concello-da-guarda-aumenta-a-dotacion-de-medios-para-emerxencias\/","name":"O Concello da Guarda aumenta a dotaci\u00f3n de medios para emerxencias - Concello da Guarda","isPartOf":{"@id":"https:\/\/www.aguarda.es\/en\/#website"},"datePublished":"2016-07-14T11:41:00+00:00","dateModified":"2016-07-14T11:41:00+00:00","author":{"@id":"https:\/\/www.aguarda.es\/en\/#\/schema\/person\/ac30f4d74843174f0af56c730f74dd57"},"breadcrumb":{"@id":"https:\/\/www.aguarda.es\/en\/o-concello-da-guarda-aumenta-a-dotacion-de-medios-para-emerxencias\/#breadcrumb"},"inLanguage":"en-US","potentialAction":[{"@type":"ReadAction","target":["https:\/\/www.aguarda.es\/en\/o-concello-da-guarda-aumenta-a-dotacion-de-medios-para-emerxencias\/"]}]},{"@type":"BreadcrumbList","@id":"https:\/\/www.aguarda.es\/en\/o-concello-da-guarda-aumenta-a-dotacion-de-medios-para-emerxencias\/#breadcrumb","itemListElement":[{"@type":"ListItem","position":1,"name":"Portada","item":"https:\/\/www.aguarda.es\/en\/"},{"@type":"ListItem","position":2,"name":"O Concello da Guarda aumenta a dotaci\u00f3n de medios para emerxencias"}]},{"@type":"WebSite","@id":"https:\/\/www.aguarda.es\/en\/#website","url":"https:\/\/www.aguarda.es\/en\/","name":"Concello da Guarda","description":"P\u00e1xina web do concello da Guarda","potentialAction":[{"@type":"SearchAction","target":{"@type":"EntryPoint","urlTemplate":"https:\/\/www.aguarda.es\/en\/?s={search_term_string}"},"query-input":"required name=search_term_string"}],"inLanguage":"en-US"},{"@type":"Person","@id":"https:\/\/www.aguarda.es\/en\/#\/schema\/person\/ac30f4d74843174f0af56c730f74dd57","name":"Concello","image":{"@type":"ImageObject","inLanguage":"en-US","@id":"https:\/\/www.aguarda.es\/en\/#\/schema\/person\/image\/","url":"https:\/\/secure.gravatar.com\/avatar\/7eda12a04da40b2ef77eb62e68f07027?s=96&d=mm&r=g","contentUrl":"https:\/\/secure.gravatar.com\/avatar\/7eda12a04da40b2ef77eb62e68f07027?s=96&d=mm&r=g","caption":"Concello"},"url":"https:\/\/www.aguarda.es\/en\/author\/admin\/"}]}},"_links":{"self":[{"href":"https:\/\/www.aguarda.es\/en\/wp-json\/wp\/v2\/posts\/2045"}],"collection":[{"href":"https:\/\/www.aguarda.es\/en\/wp-json\/wp\/v2\/posts"}],"about":[{"href":"https:\/\/www.aguarda.es\/en\/wp-json\/wp\/v2\/types\/post"}],"author":[{"embeddable":true,"href":"https:\/\/www.aguarda.es\/en\/wp-json\/wp\/v2\/users\/1"}],"replies":[{"embeddable":true,"href":"https:\/\/www.aguarda.es\/en\/wp-json\/wp\/v2\/comments?post=2045"}],"version-history":[{"count":0,"href":"https:\/\/www.aguarda.es\/en\/wp-json\/wp\/v2\/posts\/2045\/revisions"}],"wp:attachment":[{"href":"https:\/\/www.aguarda.es\/en\/wp-json\/wp\/v2\/media?parent=2045"}],"wp:term":[{"taxonomy":"category","embeddable":true,"href":"https:\/\/www.aguarda.es\/en\/wp-json\/wp\/v2\/categories?post=2045"},{"taxonomy":"post_tag","embeddable":true,"href":"https:\/\/www.aguarda.es\/en\/wp-json\/wp\/v2\/tags?post=2045"}],"curies":[{"name":"wp","href":"https:\/\/api.w.org\/{rel}","templated":true}]}}