{"id":20481,"date":"2020-01-31T18:02:49","date_gmt":"2020-01-31T18:02:49","guid":{"rendered":"https:\/\/www.aguarda.es\/?p=20481"},"modified":"2020-01-31T18:04:08","modified_gmt":"2020-01-31T18:04:08","slug":"reunion-concello-xunta-pavillon-deportivo","status":"publish","type":"post","link":"https:\/\/www.aguarda.es\/en\/reunion-concello-xunta-pavillon-deportivo\/","title":{"rendered":"Concello e Xunta re\u00fanense para avanzar na mellora das instalaci\u00f3ns deportivas da Guarda"},"content":{"rendered":"<p style=\"text-align: justify\">O venres d\u00eda 31 de xaneiro de 2020 o Alcalde da Guarda, Antonio Lomba e a Concelleira de Deportes, Montserrat Magallanes, mantiveron na sede da Casa do Deporte da Xunta de Galicia en Vigo unha reuni\u00f3n co Secretario Xeral para o Deporte, Jos\u00e9 Ram\u00f3n Lete Lasa e o Xefe do Servizo de Deportes de Pontevedra, Daniel Benavides Alonso.<\/p>\n<p style=\"text-align: justify\">Nesta reuni\u00f3n os representantes municipais da Guarda trasladaron as demandas existentes sobre o Pavill\u00f3n Municipal de Deportes de A Sangri\u00f1a na Guarda, valorando a necesidade dunha reforma e ampliaci\u00f3n.<\/p>\n<p style=\"text-align: justify\">Neste senso, Jos\u00e9 Ram\u00f3n Lete Lasa indicou que a Xunta de Galicia ten un compromiso co Balonm\u00e1n Guard\u00e9s, e que ven necesario unhas mellores instalaci\u00f3ns na Guarda, ben coa realizaci\u00f3n dun novo pavill\u00f3n ou ben coa reforma do actual pavill\u00f3n da Sangri\u00f1a, cunha disposici\u00f3n a participar na mellora destas instalaci\u00f3ns.<\/p>\n<p style=\"text-align: justify\">Antonio Lomba presentoulles o proxecto de reforma e ampliaci\u00f3n do Pavill\u00f3n Municipal da Sangri\u00f1a, un proxecto moi ambicioso no que se est\u00e1 traballando xunto cunha modificaci\u00f3n puntual do PXOM na zona da Sangri\u00f1a para habilitar terreos para un posible novo pavill\u00f3n, pero indicaron que coa proposta presentada de reforma e ampliaci\u00f3n do actual pavill\u00f3n se cumprir\u00edan as espectativas.<\/p>\n<p style=\"text-align: justify\">A Xunta comprometeuse a que os seus t\u00e9cnicos revisar\u00edan este proxecto e que reuniranse pr\u00f3ximamente cos representantes municipais da Guarda para analizar os resultados desta avaliaci\u00f3n t\u00e9cnica, agardando por parte do Concello da Guarda que sexan favorables, indicando tam\u00e9n que se continuar\u00e1n realizando xesti\u00f3ns neste \u00e1mbito para poder ter na Guarda unhas instalaci\u00f3ns mellores, para que o Mecalia Atl. Guard\u00e9s poda xogar e representar \u00e1 Guarda nun sitio verdadeiramente digno e como se merece para a categor\u00eda na que est\u00e1 xogando.<\/p>\n<p style=\"text-align: justify\">Do mesmo xeito tam\u00e9n traslad\u00e1ronlle as s\u00faas preocupaci\u00f3ns pola situaci\u00f3n que est\u00e1 a atravesar o Clube Mecalia atl\u00e9tico Guard\u00e9s.<\/p>\n<p style=\"text-align: justify\">Chegouse \u00e1 conclusi\u00f3n que o Mecalia Atl\u00e9tico Guard\u00e9s precisa dunha directiva forte para a busca de financiamento e poder procurar un bo patrocinador e que todas as administraci\u00f3n tam\u00e9n apoien, coas capacidades de cada unha, para garantir que nos pr\u00f3ximos anos podan seguir xogando e manter a este equipo na \u00e9lite do deporte galego, estatal e internacional.<\/p>\n","protected":false},"excerpt":{"rendered":"<p>O venres d\u00eda 31 de xaneiro de 2020 o Alcalde da Guarda, Antonio Lomba e a Concelleira de Deportes, Montserrat Magallanes, mantiveron na sede da Casa do Deporte da Xunta de Galicia en Vigo unha reuni\u00f3n co Secretario Xeral para &hellip; <\/p>\n","protected":false},"author":2,"featured_media":20482,"comment_status":"open","ping_status":"open","sticky":false,"template":"","format":"standard","meta":[],"categories":[35],"tags":[226,276,2065,838,869],"yoast_head":"<!-- This site is optimized with the Yoast SEO plugin v21.1 - https:\/\/yoast.com\/wordpress\/plugins\/seo\/ -->\n<title>Concello e Xunta re\u00fanense para avanzar na mellora das instalaci\u00f3ns deportivas da Guarda - Concello da Guarda<\/title>\n<meta name=\"robots\" content=\"index, follow, max-snippet:-1, max-image-preview:large, max-video-preview:-1\" \/>\n<link rel=\"canonical\" href=\"https:\/\/www.aguarda.es\/en\/reunion-concello-xunta-pavillon-deportivo\/\" \/>\n<meta property=\"og:locale\" content=\"en_US\" \/>\n<meta property=\"og:type\" content=\"article\" \/>\n<meta property=\"og:title\" content=\"Concello e Xunta re\u00fanense para avanzar na mellora das instalaci\u00f3ns deportivas da Guarda - Concello da Guarda\" \/>\n<meta property=\"og:description\" content=\"O venres d\u00eda 31 de xaneiro de 2020 o Alcalde da Guarda, Antonio Lomba e a Concelleira de Deportes, Montserrat Magallanes, mantiveron na sede da Casa do Deporte da Xunta de Galicia en Vigo unha reuni\u00f3n co Secretario Xeral para &hellip;\" \/>\n<meta property=\"og:url\" content=\"https:\/\/www.aguarda.es\/en\/reunion-concello-xunta-pavillon-deportivo\/\" \/>\n<meta property=\"og:site_name\" content=\"Concello da Guarda\" \/>\n<meta property=\"article:publisher\" content=\"https:\/\/www.facebook.com\/ConcellodaGuarda\" \/>\n<meta property=\"article:published_time\" content=\"2020-01-31T18:02:49+00:00\" \/>\n<meta property=\"article:modified_time\" content=\"2020-01-31T18:04:08+00:00\" \/>\n<meta property=\"og:image\" content=\"https:\/\/www.aguarda.es\/wp-content\/uploads\/2020\/01\/NP-31012020-Concello-e-Xunta-re\u00fanense-para-avanzar-na-mellora-das-instalaci\u00f3ns-deportivas-da-Guarda.jpg\" \/>\n\t<meta property=\"og:image:width\" content=\"800\" \/>\n\t<meta property=\"og:image:height\" content=\"600\" \/>\n\t<meta property=\"og:image:type\" content=\"image\/jpeg\" \/>\n<meta name=\"author\" content=\"prensa\" \/>\n<meta name=\"twitter:card\" content=\"summary_large_image\" \/>\n<meta name=\"twitter:creator\" content=\"@AGuarda_es\" \/>\n<meta name=\"twitter:site\" content=\"@AGuarda_es\" \/>\n<meta name=\"twitter:label1\" content=\"Written by\" \/>\n\t<meta name=\"twitter:data1\" content=\"prensa\" \/>\n\t<meta name=\"twitter:label2\" content=\"Est. reading time\" \/>\n\t<meta name=\"twitter:data2\" content=\"2 minutes\" \/>\n<script type=\"application\/ld+json\" class=\"yoast-schema-graph\">{\"@context\":\"https:\/\/schema.org\",\"@graph\":[{\"@type\":\"WebPage\",\"@id\":\"https:\/\/www.aguarda.es\/en\/reunion-concello-xunta-pavillon-deportivo\/\",\"url\":\"https:\/\/www.aguarda.es\/en\/reunion-concello-xunta-pavillon-deportivo\/\",\"name\":\"Concello e Xunta re\u00fanense para avanzar na mellora das instalaci\u00f3ns deportivas da Guarda - Concello da Guarda\",\"isPartOf\":{\"@id\":\"https:\/\/www.aguarda.es\/en\/#website\"},\"datePublished\":\"2020-01-31T18:02:49+00:00\",\"dateModified\":\"2020-01-31T18:04:08+00:00\",\"author\":{\"@id\":\"https:\/\/www.aguarda.es\/en\/#\/schema\/person\/c463ca3006858ffb349d11179d044f21\"},\"breadcrumb\":{\"@id\":\"https:\/\/www.aguarda.es\/en\/reunion-concello-xunta-pavillon-deportivo\/#breadcrumb\"},\"inLanguage\":\"en-US\",\"potentialAction\":[{\"@type\":\"ReadAction\",\"target\":[\"https:\/\/www.aguarda.es\/en\/reunion-concello-xunta-pavillon-deportivo\/\"]}]},{\"@type\":\"BreadcrumbList\",\"@id\":\"https:\/\/www.aguarda.es\/en\/reunion-concello-xunta-pavillon-deportivo\/#breadcrumb\",\"itemListElement\":[{\"@type\":\"ListItem\",\"position\":1,\"name\":\"Portada\",\"item\":\"https:\/\/www.aguarda.es\/en\/\"},{\"@type\":\"ListItem\",\"position\":2,\"name\":\"Concello e Xunta re\u00fanense para avanzar na mellora das instalaci\u00f3ns deportivas da Guarda\"}]},{\"@type\":\"WebSite\",\"@id\":\"https:\/\/www.aguarda.es\/en\/#website\",\"url\":\"https:\/\/www.aguarda.es\/en\/\",\"name\":\"Concello da Guarda\",\"description\":\"P\u00e1xina web do concello da Guarda\",\"potentialAction\":[{\"@type\":\"SearchAction\",\"target\":{\"@type\":\"EntryPoint\",\"urlTemplate\":\"https:\/\/www.aguarda.es\/en\/?s={search_term_string}\"},\"query-input\":\"required name=search_term_string\"}],\"inLanguage\":\"en-US\"},{\"@type\":\"Person\",\"@id\":\"https:\/\/www.aguarda.es\/en\/#\/schema\/person\/c463ca3006858ffb349d11179d044f21\",\"name\":\"prensa\",\"image\":{\"@type\":\"ImageObject\",\"inLanguage\":\"en-US\",\"@id\":\"https:\/\/www.aguarda.es\/en\/#\/schema\/person\/image\/\",\"url\":\"https:\/\/secure.gravatar.com\/avatar\/5f90ef536b0f98306edf5c7a1135ffa1?s=96&d=mm&r=g\",\"contentUrl\":\"https:\/\/secure.gravatar.com\/avatar\/5f90ef536b0f98306edf5c7a1135ffa1?s=96&d=mm&r=g\",\"caption\":\"prensa\"},\"url\":\"https:\/\/www.aguarda.es\/en\/author\/prensa\/\"}]}<\/script>\n<!-- \/ Yoast SEO plugin. -->","yoast_head_json":{"title":"Concello e Xunta re\u00fanense para avanzar na mellora das instalaci\u00f3ns deportivas da Guarda - Concello da Guarda","robots":{"index":"index","follow":"follow","max-snippet":"max-snippet:-1","max-image-preview":"max-image-preview:large","max-video-preview":"max-video-preview:-1"},"canonical":"https:\/\/www.aguarda.es\/en\/reunion-concello-xunta-pavillon-deportivo\/","og_locale":"en_US","og_type":"article","og_title":"Concello e Xunta re\u00fanense para avanzar na mellora das instalaci\u00f3ns deportivas da Guarda - Concello da Guarda","og_description":"O venres d\u00eda 31 de xaneiro de 2020 o Alcalde da Guarda, Antonio Lomba e a Concelleira de Deportes, Montserrat Magallanes, mantiveron na sede da Casa do Deporte da Xunta de Galicia en Vigo unha reuni\u00f3n co Secretario Xeral para &hellip;","og_url":"https:\/\/www.aguarda.es\/en\/reunion-concello-xunta-pavillon-deportivo\/","og_site_name":"Concello da Guarda","article_publisher":"https:\/\/www.facebook.com\/ConcellodaGuarda","article_published_time":"2020-01-31T18:02:49+00:00","article_modified_time":"2020-01-31T18:04:08+00:00","og_image":[{"width":800,"height":600,"url":"https:\/\/www.aguarda.es\/wp-content\/uploads\/2020\/01\/NP-31012020-Concello-e-Xunta-re\u00fanense-para-avanzar-na-mellora-das-instalaci\u00f3ns-deportivas-da-Guarda.jpg","type":"image\/jpeg"}],"author":"prensa","twitter_card":"summary_large_image","twitter_creator":"@AGuarda_es","twitter_site":"@AGuarda_es","twitter_misc":{"Written by":"prensa","Est. reading time":"2 minutes"},"schema":{"@context":"https:\/\/schema.org","@graph":[{"@type":"WebPage","@id":"https:\/\/www.aguarda.es\/en\/reunion-concello-xunta-pavillon-deportivo\/","url":"https:\/\/www.aguarda.es\/en\/reunion-concello-xunta-pavillon-deportivo\/","name":"Concello e Xunta re\u00fanense para avanzar na mellora das instalaci\u00f3ns deportivas da Guarda - Concello da Guarda","isPartOf":{"@id":"https:\/\/www.aguarda.es\/en\/#website"},"datePublished":"2020-01-31T18:02:49+00:00","dateModified":"2020-01-31T18:04:08+00:00","author":{"@id":"https:\/\/www.aguarda.es\/en\/#\/schema\/person\/c463ca3006858ffb349d11179d044f21"},"breadcrumb":{"@id":"https:\/\/www.aguarda.es\/en\/reunion-concello-xunta-pavillon-deportivo\/#breadcrumb"},"inLanguage":"en-US","potentialAction":[{"@type":"ReadAction","target":["https:\/\/www.aguarda.es\/en\/reunion-concello-xunta-pavillon-deportivo\/"]}]},{"@type":"BreadcrumbList","@id":"https:\/\/www.aguarda.es\/en\/reunion-concello-xunta-pavillon-deportivo\/#breadcrumb","itemListElement":[{"@type":"ListItem","position":1,"name":"Portada","item":"https:\/\/www.aguarda.es\/en\/"},{"@type":"ListItem","position":2,"name":"Concello e Xunta re\u00fanense para avanzar na mellora das instalaci\u00f3ns deportivas da Guarda"}]},{"@type":"WebSite","@id":"https:\/\/www.aguarda.es\/en\/#website","url":"https:\/\/www.aguarda.es\/en\/","name":"Concello da Guarda","description":"P\u00e1xina web do concello da Guarda","potentialAction":[{"@type":"SearchAction","target":{"@type":"EntryPoint","urlTemplate":"https:\/\/www.aguarda.es\/en\/?s={search_term_string}"},"query-input":"required name=search_term_string"}],"inLanguage":"en-US"},{"@type":"Person","@id":"https:\/\/www.aguarda.es\/en\/#\/schema\/person\/c463ca3006858ffb349d11179d044f21","name":"prensa","image":{"@type":"ImageObject","inLanguage":"en-US","@id":"https:\/\/www.aguarda.es\/en\/#\/schema\/person\/image\/","url":"https:\/\/secure.gravatar.com\/avatar\/5f90ef536b0f98306edf5c7a1135ffa1?s=96&d=mm&r=g","contentUrl":"https:\/\/secure.gravatar.com\/avatar\/5f90ef536b0f98306edf5c7a1135ffa1?s=96&d=mm&r=g","caption":"prensa"},"url":"https:\/\/www.aguarda.es\/en\/author\/prensa\/"}]}},"_links":{"self":[{"href":"https:\/\/www.aguarda.es\/en\/wp-json\/wp\/v2\/posts\/20481"}],"collection":[{"href":"https:\/\/www.aguarda.es\/en\/wp-json\/wp\/v2\/posts"}],"about":[{"href":"https:\/\/www.aguarda.es\/en\/wp-json\/wp\/v2\/types\/post"}],"author":[{"embeddable":true,"href":"https:\/\/www.aguarda.es\/en\/wp-json\/wp\/v2\/users\/2"}],"replies":[{"embeddable":true,"href":"https:\/\/www.aguarda.es\/en\/wp-json\/wp\/v2\/comments?post=20481"}],"version-history":[{"count":3,"href":"https:\/\/www.aguarda.es\/en\/wp-json\/wp\/v2\/posts\/20481\/revisions"}],"predecessor-version":[{"id":20486,"href":"https:\/\/www.aguarda.es\/en\/wp-json\/wp\/v2\/posts\/20481\/revisions\/20486"}],"wp:featuredmedia":[{"embeddable":true,"href":"https:\/\/www.aguarda.es\/en\/wp-json\/wp\/v2\/media\/20482"}],"wp:attachment":[{"href":"https:\/\/www.aguarda.es\/en\/wp-json\/wp\/v2\/media?parent=20481"}],"wp:term":[{"taxonomy":"category","embeddable":true,"href":"https:\/\/www.aguarda.es\/en\/wp-json\/wp\/v2\/categories?post=20481"},{"taxonomy":"post_tag","embeddable":true,"href":"https:\/\/www.aguarda.es\/en\/wp-json\/wp\/v2\/tags?post=20481"}],"curies":[{"name":"wp","href":"https:\/\/api.w.org\/{rel}","templated":true}]}}