{"id":20577,"date":"2020-02-13T12:46:32","date_gmt":"2020-02-13T12:46:32","guid":{"rendered":"https:\/\/www.aguarda.es\/?p=20577"},"modified":"2020-02-13T12:46:32","modified_gmt":"2020-02-13T12:46:32","slug":"o-concello-da-guarda-continua-traballando-para-ser-mais-accesible","status":"publish","type":"post","link":"https:\/\/www.aguarda.es\/en\/o-concello-da-guarda-continua-traballando-para-ser-mais-accesible\/","title":{"rendered":"O concello da Guarda contin\u00faa traballando para ser mais accesible"},"content":{"rendered":"<p style=\"text-align: justify\">Nas actuaci\u00f3ns de humanizaci\u00f3n, recuperaci\u00f3n e mellora de r\u00faas, espazos e edificios p\u00fablicos que se ve\u00f1en realizando no concello da Guarda, a accesibilidade ten un peso importante hora de redactar os proxectos e executar obras.<\/p>\n<p style=\"text-align: justify\">Neste senso o concello ten realizado actuaci\u00f3ns singulares como: \u201ca rampla de acceso a parte alta do auditorio de San Bento\u201d, \u201co acceso a praia da Area Grande\u201d ou o \u201cascensor e ba\u00f1os da paza de abastos\u201d, entre outras. Tam\u00e9n se levan executado multitude de obras de humanizaci\u00f3n en plataforma \u00fanica entre as cales destaca a r\u00faa Concepci\u00f3n Arenal.<\/p>\n<p style=\"text-align: justify\">Precisamente a obra de humanizaci\u00f3n de Concepci\u00f3n Arenal seguiu os criterios marcados no \u201cPlan de mellora da Accesibilidade na vila da Guarda\u201d, redactado no ano 2018. Concretamente, a obra de Concepci\u00f3n Arenal, resolve a mellora da accesibilidade de d\u00faas das \u201cAreas de Consideraci\u00f3n Especial\u201d marcadas como tales no mencionado plan: A zona ente a r\u00faa Galicia e Avelino Vicente, e a zona entre a r\u00faa Brasilino \u00c1lvarez e a r\u00faa do Porto. Estas d\u00faas zonas de actuaci\u00f3n ve\u00f1en marcadas como as primeiras fases a executar.<\/p>\n<p style=\"text-align: justify\">Xunto coas \u201cAreas de Consideraci\u00f3n Especial\u201d o plan de accesibilidade marca unhas \u201c\u00c1reas de Actuaci\u00f3n\u201d nas que se deben resolver problemas puntuais de accesibilidade. A primeira \u201c\u00c1rea de Actuaci\u00f3n\u201d recomendada abarca un tramo da r\u00faa Galicia que vai dende o cruce con Rep\u00fablica Dominicana ata o cruce con Concepci\u00f3n Arenal.<\/p>\n<p style=\"text-align: justify\">O concello ven de adxudicar as obras de mellora da accesibilidade deste tramo por un importe de 47.900 \u20ac con cargo ao Plan Concellos 2019 da Deputaci\u00f3n de Pontevedra.<\/p>\n<p style=\"text-align: justify\">A obra consiste na adecuaci\u00f3n dun tramo da r\u00faa Galicia comprendido entre a intersecci\u00f3n con Rep\u00fablica Dominicana e Ram\u00f3n Sobrino, onde se incl\u00fae a sinalizaci\u00f3n sensorial para persoas con discapacidades visuais e a priorizaci\u00f3n e continuidade dos tr\u00e1nsitos peon\u00eds sobre os veh\u00edculos.<\/p>\n<p style=\"text-align: justify\">Pretendese adecuar un tramo urbano moi importante para a vila da Guarda, coa colocaci\u00f3n de pavimentos de bot\u00f3ns, eliminaci\u00f3n de vados en mal estado, eliminaci\u00f3n de resaltes, reduci\u00f3n de desniveis, instalaci\u00f3n de bolardos para a protecci\u00f3n dos pe\u00f3ns, elevaci\u00f3n de pasos de pe\u00f3ns e colocaci\u00f3n de pavimentos direccionais.<\/p>\n<p style=\"text-align: justify\">As obras te\u00f1en un prazo de execuci\u00f3n de dous meses e ser\u00e1 preciso o corte de r\u00faas en momentos puntuais para acometer certos traballos.<\/p>\n","protected":false},"excerpt":{"rendered":"<p>Nas actuaci\u00f3ns de humanizaci\u00f3n, recuperaci\u00f3n e mellora de r\u00faas, espazos e edificios p\u00fablicos que se ve\u00f1en realizando no concello da Guarda, a accesibilidade ten un peso importante hora de redactar os proxectos e executar obras. Neste senso o concello ten &hellip; <\/p>\n","protected":false},"author":2,"featured_media":20578,"comment_status":"open","ping_status":"open","sticky":false,"template":"","format":"standard","meta":[],"categories":[47],"tags":[226,1411,246,2079],"yoast_head":"<!-- This site is optimized with the Yoast SEO plugin v21.1 - https:\/\/yoast.com\/wordpress\/plugins\/seo\/ -->\n<title>O concello da Guarda contin\u00faa traballando para ser mais accesible - Concello da Guarda<\/title>\n<meta name=\"robots\" content=\"index, follow, max-snippet:-1, max-image-preview:large, max-video-preview:-1\" \/>\n<link rel=\"canonical\" href=\"https:\/\/www.aguarda.es\/en\/o-concello-da-guarda-continua-traballando-para-ser-mais-accesible\/\" \/>\n<meta property=\"og:locale\" content=\"en_US\" \/>\n<meta property=\"og:type\" content=\"article\" \/>\n<meta property=\"og:title\" content=\"O concello da Guarda contin\u00faa traballando para ser mais accesible - Concello da Guarda\" \/>\n<meta property=\"og:description\" content=\"Nas actuaci\u00f3ns de humanizaci\u00f3n, recuperaci\u00f3n e mellora de r\u00faas, espazos e edificios p\u00fablicos que se ve\u00f1en realizando no concello da Guarda, a accesibilidade ten un peso importante hora de redactar os proxectos e executar obras. Neste senso o concello ten &hellip;\" \/>\n<meta property=\"og:url\" content=\"https:\/\/www.aguarda.es\/en\/o-concello-da-guarda-continua-traballando-para-ser-mais-accesible\/\" \/>\n<meta property=\"og:site_name\" content=\"Concello da Guarda\" \/>\n<meta property=\"article:publisher\" content=\"https:\/\/www.facebook.com\/ConcellodaGuarda\" \/>\n<meta property=\"article:published_time\" content=\"2020-02-13T12:46:32+00:00\" \/>\n<meta property=\"og:image\" content=\"https:\/\/www.aguarda.es\/wp-content\/uploads\/2020\/02\/NP-13022020-O-concello-da-Guarda-contin\u00faa-traballando-para-ser-mais-accesible.jpg\" \/>\n\t<meta property=\"og:image:width\" content=\"800\" \/>\n\t<meta property=\"og:image:height\" content=\"800\" \/>\n\t<meta property=\"og:image:type\" content=\"image\/jpeg\" \/>\n<meta name=\"author\" content=\"prensa\" \/>\n<meta name=\"twitter:card\" content=\"summary_large_image\" \/>\n<meta name=\"twitter:creator\" content=\"@AGuarda_es\" \/>\n<meta name=\"twitter:site\" content=\"@AGuarda_es\" \/>\n<meta name=\"twitter:label1\" content=\"Written by\" \/>\n\t<meta name=\"twitter:data1\" content=\"prensa\" \/>\n\t<meta name=\"twitter:label2\" content=\"Est. reading time\" \/>\n\t<meta name=\"twitter:data2\" content=\"2 minutes\" \/>\n<script type=\"application\/ld+json\" class=\"yoast-schema-graph\">{\"@context\":\"https:\/\/schema.org\",\"@graph\":[{\"@type\":\"WebPage\",\"@id\":\"https:\/\/www.aguarda.es\/en\/o-concello-da-guarda-continua-traballando-para-ser-mais-accesible\/\",\"url\":\"https:\/\/www.aguarda.es\/en\/o-concello-da-guarda-continua-traballando-para-ser-mais-accesible\/\",\"name\":\"O concello da Guarda contin\u00faa traballando para ser mais accesible - Concello da Guarda\",\"isPartOf\":{\"@id\":\"https:\/\/www.aguarda.es\/en\/#website\"},\"datePublished\":\"2020-02-13T12:46:32+00:00\",\"dateModified\":\"2020-02-13T12:46:32+00:00\",\"author\":{\"@id\":\"https:\/\/www.aguarda.es\/en\/#\/schema\/person\/c463ca3006858ffb349d11179d044f21\"},\"breadcrumb\":{\"@id\":\"https:\/\/www.aguarda.es\/en\/o-concello-da-guarda-continua-traballando-para-ser-mais-accesible\/#breadcrumb\"},\"inLanguage\":\"en-US\",\"potentialAction\":[{\"@type\":\"ReadAction\",\"target\":[\"https:\/\/www.aguarda.es\/en\/o-concello-da-guarda-continua-traballando-para-ser-mais-accesible\/\"]}]},{\"@type\":\"BreadcrumbList\",\"@id\":\"https:\/\/www.aguarda.es\/en\/o-concello-da-guarda-continua-traballando-para-ser-mais-accesible\/#breadcrumb\",\"itemListElement\":[{\"@type\":\"ListItem\",\"position\":1,\"name\":\"Portada\",\"item\":\"https:\/\/www.aguarda.es\/en\/\"},{\"@type\":\"ListItem\",\"position\":2,\"name\":\"O concello da Guarda contin\u00faa traballando para ser mais accesible\"}]},{\"@type\":\"WebSite\",\"@id\":\"https:\/\/www.aguarda.es\/en\/#website\",\"url\":\"https:\/\/www.aguarda.es\/en\/\",\"name\":\"Concello da Guarda\",\"description\":\"P\u00e1xina web do concello da Guarda\",\"potentialAction\":[{\"@type\":\"SearchAction\",\"target\":{\"@type\":\"EntryPoint\",\"urlTemplate\":\"https:\/\/www.aguarda.es\/en\/?s={search_term_string}\"},\"query-input\":\"required name=search_term_string\"}],\"inLanguage\":\"en-US\"},{\"@type\":\"Person\",\"@id\":\"https:\/\/www.aguarda.es\/en\/#\/schema\/person\/c463ca3006858ffb349d11179d044f21\",\"name\":\"prensa\",\"image\":{\"@type\":\"ImageObject\",\"inLanguage\":\"en-US\",\"@id\":\"https:\/\/www.aguarda.es\/en\/#\/schema\/person\/image\/\",\"url\":\"https:\/\/secure.gravatar.com\/avatar\/5f90ef536b0f98306edf5c7a1135ffa1?s=96&d=mm&r=g\",\"contentUrl\":\"https:\/\/secure.gravatar.com\/avatar\/5f90ef536b0f98306edf5c7a1135ffa1?s=96&d=mm&r=g\",\"caption\":\"prensa\"},\"url\":\"https:\/\/www.aguarda.es\/en\/author\/prensa\/\"}]}<\/script>\n<!-- \/ Yoast SEO plugin. -->","yoast_head_json":{"title":"O concello da Guarda contin\u00faa traballando para ser mais accesible - Concello da Guarda","robots":{"index":"index","follow":"follow","max-snippet":"max-snippet:-1","max-image-preview":"max-image-preview:large","max-video-preview":"max-video-preview:-1"},"canonical":"https:\/\/www.aguarda.es\/en\/o-concello-da-guarda-continua-traballando-para-ser-mais-accesible\/","og_locale":"en_US","og_type":"article","og_title":"O concello da Guarda contin\u00faa traballando para ser mais accesible - Concello da Guarda","og_description":"Nas actuaci\u00f3ns de humanizaci\u00f3n, recuperaci\u00f3n e mellora de r\u00faas, espazos e edificios p\u00fablicos que se ve\u00f1en realizando no concello da Guarda, a accesibilidade ten un peso importante hora de redactar os proxectos e executar obras. Neste senso o concello ten &hellip;","og_url":"https:\/\/www.aguarda.es\/en\/o-concello-da-guarda-continua-traballando-para-ser-mais-accesible\/","og_site_name":"Concello da Guarda","article_publisher":"https:\/\/www.facebook.com\/ConcellodaGuarda","article_published_time":"2020-02-13T12:46:32+00:00","og_image":[{"width":800,"height":800,"url":"https:\/\/www.aguarda.es\/wp-content\/uploads\/2020\/02\/NP-13022020-O-concello-da-Guarda-contin\u00faa-traballando-para-ser-mais-accesible.jpg","type":"image\/jpeg"}],"author":"prensa","twitter_card":"summary_large_image","twitter_creator":"@AGuarda_es","twitter_site":"@AGuarda_es","twitter_misc":{"Written by":"prensa","Est. reading time":"2 minutes"},"schema":{"@context":"https:\/\/schema.org","@graph":[{"@type":"WebPage","@id":"https:\/\/www.aguarda.es\/en\/o-concello-da-guarda-continua-traballando-para-ser-mais-accesible\/","url":"https:\/\/www.aguarda.es\/en\/o-concello-da-guarda-continua-traballando-para-ser-mais-accesible\/","name":"O concello da Guarda contin\u00faa traballando para ser mais accesible - Concello da Guarda","isPartOf":{"@id":"https:\/\/www.aguarda.es\/en\/#website"},"datePublished":"2020-02-13T12:46:32+00:00","dateModified":"2020-02-13T12:46:32+00:00","author":{"@id":"https:\/\/www.aguarda.es\/en\/#\/schema\/person\/c463ca3006858ffb349d11179d044f21"},"breadcrumb":{"@id":"https:\/\/www.aguarda.es\/en\/o-concello-da-guarda-continua-traballando-para-ser-mais-accesible\/#breadcrumb"},"inLanguage":"en-US","potentialAction":[{"@type":"ReadAction","target":["https:\/\/www.aguarda.es\/en\/o-concello-da-guarda-continua-traballando-para-ser-mais-accesible\/"]}]},{"@type":"BreadcrumbList","@id":"https:\/\/www.aguarda.es\/en\/o-concello-da-guarda-continua-traballando-para-ser-mais-accesible\/#breadcrumb","itemListElement":[{"@type":"ListItem","position":1,"name":"Portada","item":"https:\/\/www.aguarda.es\/en\/"},{"@type":"ListItem","position":2,"name":"O concello da Guarda contin\u00faa traballando para ser mais accesible"}]},{"@type":"WebSite","@id":"https:\/\/www.aguarda.es\/en\/#website","url":"https:\/\/www.aguarda.es\/en\/","name":"Concello da Guarda","description":"P\u00e1xina web do concello da Guarda","potentialAction":[{"@type":"SearchAction","target":{"@type":"EntryPoint","urlTemplate":"https:\/\/www.aguarda.es\/en\/?s={search_term_string}"},"query-input":"required name=search_term_string"}],"inLanguage":"en-US"},{"@type":"Person","@id":"https:\/\/www.aguarda.es\/en\/#\/schema\/person\/c463ca3006858ffb349d11179d044f21","name":"prensa","image":{"@type":"ImageObject","inLanguage":"en-US","@id":"https:\/\/www.aguarda.es\/en\/#\/schema\/person\/image\/","url":"https:\/\/secure.gravatar.com\/avatar\/5f90ef536b0f98306edf5c7a1135ffa1?s=96&d=mm&r=g","contentUrl":"https:\/\/secure.gravatar.com\/avatar\/5f90ef536b0f98306edf5c7a1135ffa1?s=96&d=mm&r=g","caption":"prensa"},"url":"https:\/\/www.aguarda.es\/en\/author\/prensa\/"}]}},"_links":{"self":[{"href":"https:\/\/www.aguarda.es\/en\/wp-json\/wp\/v2\/posts\/20577"}],"collection":[{"href":"https:\/\/www.aguarda.es\/en\/wp-json\/wp\/v2\/posts"}],"about":[{"href":"https:\/\/www.aguarda.es\/en\/wp-json\/wp\/v2\/types\/post"}],"author":[{"embeddable":true,"href":"https:\/\/www.aguarda.es\/en\/wp-json\/wp\/v2\/users\/2"}],"replies":[{"embeddable":true,"href":"https:\/\/www.aguarda.es\/en\/wp-json\/wp\/v2\/comments?post=20577"}],"version-history":[{"count":1,"href":"https:\/\/www.aguarda.es\/en\/wp-json\/wp\/v2\/posts\/20577\/revisions"}],"predecessor-version":[{"id":20580,"href":"https:\/\/www.aguarda.es\/en\/wp-json\/wp\/v2\/posts\/20577\/revisions\/20580"}],"wp:featuredmedia":[{"embeddable":true,"href":"https:\/\/www.aguarda.es\/en\/wp-json\/wp\/v2\/media\/20578"}],"wp:attachment":[{"href":"https:\/\/www.aguarda.es\/en\/wp-json\/wp\/v2\/media?parent=20577"}],"wp:term":[{"taxonomy":"category","embeddable":true,"href":"https:\/\/www.aguarda.es\/en\/wp-json\/wp\/v2\/categories?post=20577"},{"taxonomy":"post_tag","embeddable":true,"href":"https:\/\/www.aguarda.es\/en\/wp-json\/wp\/v2\/tags?post=20577"}],"curies":[{"name":"wp","href":"https:\/\/api.w.org\/{rel}","templated":true}]}}