{"id":20581,"date":"2020-02-14T11:34:25","date_gmt":"2020-02-14T11:34:25","guid":{"rendered":"https:\/\/www.aguarda.es\/?p=20581"},"modified":"2020-02-14T11:34:25","modified_gmt":"2020-02-14T11:34:25","slug":"exposicion-do-censo-electoral-que-se-utilizara-nas-eleccions-autonomicas-do-vindeiro-5-de-abril","status":"publish","type":"post","link":"https:\/\/www.aguarda.es\/en\/exposicion-do-censo-electoral-que-se-utilizara-nas-eleccions-autonomicas-do-vindeiro-5-de-abril\/","title":{"rendered":"Exposici\u00f3n do Censo Electoral que se utilizar\u00e1 nas Elecci\u00f3ns Auton\u00f3micas do vindeiro 5 de abril"},"content":{"rendered":"<p style=\"text-align: justify\">Entre os d\u00edas 17 e 24 de febreiro, ambos inclusive, poder\u00e1n consultarse na oficina do padr\u00f3n municipal as listas do Censo Electoral que se utilizaran nas Elecci\u00f3ns \u00f3 Parlamento de Galicia do vindeiro 5 de abril.<\/p>\n<p style=\"text-align: justify\">O horario de consulta ser\u00e1 entre as 9.00 horas e as 14.00 horas, de luns a venres, consulta que deber\u00e1 facerse de xeito individual, previa identificaci\u00f3n da persoa (mediante D.N.I., pasaporte ou permiso de conducir).<\/p>\n<p style=\"text-align: justify\">\u00c9 conveniente que aquelas persoas que houberan cambiado de domicilio, ou que cumpriran 18 anos recentemente comproben a s\u00faa correcta inscrici\u00f3n no censo.<\/p>\n","protected":false},"excerpt":{"rendered":"<p>Entre os d\u00edas 17 e 24 de febreiro, ambos inclusive, poder\u00e1n consultarse na oficina do padr\u00f3n municipal as listas do Censo Electoral que se utilizaran nas Elecci\u00f3ns \u00f3 Parlamento de Galicia do vindeiro 5 de abril. O horario de consulta &hellip; <\/p>\n","protected":false},"author":2,"featured_media":20582,"comment_status":"open","ping_status":"open","sticky":false,"template":"","format":"standard","meta":[],"categories":[33],"tags":[226,1959,874],"yoast_head":"<!-- This site is optimized with the Yoast SEO plugin v21.1 - https:\/\/yoast.com\/wordpress\/plugins\/seo\/ -->\n<title>Exposici\u00f3n do Censo Electoral que se utilizar\u00e1 nas Elecci\u00f3ns Auton\u00f3micas do vindeiro 5 de abril - Concello da Guarda<\/title>\n<meta name=\"robots\" content=\"index, follow, max-snippet:-1, max-image-preview:large, max-video-preview:-1\" \/>\n<link rel=\"canonical\" href=\"https:\/\/www.aguarda.es\/en\/exposicion-do-censo-electoral-que-se-utilizara-nas-eleccions-autonomicas-do-vindeiro-5-de-abril\/\" \/>\n<meta property=\"og:locale\" content=\"en_US\" \/>\n<meta property=\"og:type\" content=\"article\" \/>\n<meta property=\"og:title\" content=\"Exposici\u00f3n do Censo Electoral que se utilizar\u00e1 nas Elecci\u00f3ns Auton\u00f3micas do vindeiro 5 de abril - Concello da Guarda\" \/>\n<meta property=\"og:description\" content=\"Entre os d\u00edas 17 e 24 de febreiro, ambos inclusive, poder\u00e1n consultarse na oficina do padr\u00f3n municipal as listas do Censo Electoral que se utilizaran nas Elecci\u00f3ns \u00f3 Parlamento de Galicia do vindeiro 5 de abril. O horario de consulta &hellip;\" \/>\n<meta property=\"og:url\" content=\"https:\/\/www.aguarda.es\/en\/exposicion-do-censo-electoral-que-se-utilizara-nas-eleccions-autonomicas-do-vindeiro-5-de-abril\/\" \/>\n<meta property=\"og:site_name\" content=\"Concello da Guarda\" \/>\n<meta property=\"article:publisher\" content=\"https:\/\/www.facebook.com\/ConcellodaGuarda\" \/>\n<meta property=\"article:published_time\" content=\"2020-02-14T11:34:25+00:00\" \/>\n<meta property=\"og:image\" content=\"https:\/\/www.aguarda.es\/wp-content\/uploads\/2020\/02\/NP-14022020-Exposici\u00f3n-do-Censo-Electoral-que-se-utilizar\u00e1-nas-Elecci\u00f3ns-Auton\u00f3micas-do-vindeiro-5-de-abril-1.jpg\" \/>\n\t<meta property=\"og:image:width\" content=\"800\" \/>\n\t<meta property=\"og:image:height\" content=\"600\" \/>\n\t<meta property=\"og:image:type\" content=\"image\/jpeg\" \/>\n<meta name=\"author\" content=\"prensa\" \/>\n<meta name=\"twitter:card\" content=\"summary_large_image\" \/>\n<meta name=\"twitter:creator\" content=\"@AGuarda_es\" \/>\n<meta name=\"twitter:site\" content=\"@AGuarda_es\" \/>\n<meta name=\"twitter:label1\" content=\"Written by\" \/>\n\t<meta name=\"twitter:data1\" content=\"prensa\" \/>\n<script type=\"application\/ld+json\" class=\"yoast-schema-graph\">{\"@context\":\"https:\/\/schema.org\",\"@graph\":[{\"@type\":\"WebPage\",\"@id\":\"https:\/\/www.aguarda.es\/en\/exposicion-do-censo-electoral-que-se-utilizara-nas-eleccions-autonomicas-do-vindeiro-5-de-abril\/\",\"url\":\"https:\/\/www.aguarda.es\/en\/exposicion-do-censo-electoral-que-se-utilizara-nas-eleccions-autonomicas-do-vindeiro-5-de-abril\/\",\"name\":\"Exposici\u00f3n do Censo Electoral que se utilizar\u00e1 nas Elecci\u00f3ns Auton\u00f3micas do vindeiro 5 de abril - Concello da Guarda\",\"isPartOf\":{\"@id\":\"https:\/\/www.aguarda.es\/en\/#website\"},\"datePublished\":\"2020-02-14T11:34:25+00:00\",\"dateModified\":\"2020-02-14T11:34:25+00:00\",\"author\":{\"@id\":\"https:\/\/www.aguarda.es\/en\/#\/schema\/person\/c463ca3006858ffb349d11179d044f21\"},\"breadcrumb\":{\"@id\":\"https:\/\/www.aguarda.es\/en\/exposicion-do-censo-electoral-que-se-utilizara-nas-eleccions-autonomicas-do-vindeiro-5-de-abril\/#breadcrumb\"},\"inLanguage\":\"en-US\",\"potentialAction\":[{\"@type\":\"ReadAction\",\"target\":[\"https:\/\/www.aguarda.es\/en\/exposicion-do-censo-electoral-que-se-utilizara-nas-eleccions-autonomicas-do-vindeiro-5-de-abril\/\"]}]},{\"@type\":\"BreadcrumbList\",\"@id\":\"https:\/\/www.aguarda.es\/en\/exposicion-do-censo-electoral-que-se-utilizara-nas-eleccions-autonomicas-do-vindeiro-5-de-abril\/#breadcrumb\",\"itemListElement\":[{\"@type\":\"ListItem\",\"position\":1,\"name\":\"Portada\",\"item\":\"https:\/\/www.aguarda.es\/en\/\"},{\"@type\":\"ListItem\",\"position\":2,\"name\":\"Exposici\u00f3n do Censo Electoral que se utilizar\u00e1 nas Elecci\u00f3ns Auton\u00f3micas do vindeiro 5 de abril\"}]},{\"@type\":\"WebSite\",\"@id\":\"https:\/\/www.aguarda.es\/en\/#website\",\"url\":\"https:\/\/www.aguarda.es\/en\/\",\"name\":\"Concello da Guarda\",\"description\":\"P\u00e1xina web do concello da Guarda\",\"potentialAction\":[{\"@type\":\"SearchAction\",\"target\":{\"@type\":\"EntryPoint\",\"urlTemplate\":\"https:\/\/www.aguarda.es\/en\/?s={search_term_string}\"},\"query-input\":\"required name=search_term_string\"}],\"inLanguage\":\"en-US\"},{\"@type\":\"Person\",\"@id\":\"https:\/\/www.aguarda.es\/en\/#\/schema\/person\/c463ca3006858ffb349d11179d044f21\",\"name\":\"prensa\",\"image\":{\"@type\":\"ImageObject\",\"inLanguage\":\"en-US\",\"@id\":\"https:\/\/www.aguarda.es\/en\/#\/schema\/person\/image\/\",\"url\":\"https:\/\/secure.gravatar.com\/avatar\/5f90ef536b0f98306edf5c7a1135ffa1?s=96&d=mm&r=g\",\"contentUrl\":\"https:\/\/secure.gravatar.com\/avatar\/5f90ef536b0f98306edf5c7a1135ffa1?s=96&d=mm&r=g\",\"caption\":\"prensa\"},\"url\":\"https:\/\/www.aguarda.es\/en\/author\/prensa\/\"}]}<\/script>\n<!-- \/ Yoast SEO plugin. -->","yoast_head_json":{"title":"Exposici\u00f3n do Censo Electoral que se utilizar\u00e1 nas Elecci\u00f3ns Auton\u00f3micas do vindeiro 5 de abril - Concello da Guarda","robots":{"index":"index","follow":"follow","max-snippet":"max-snippet:-1","max-image-preview":"max-image-preview:large","max-video-preview":"max-video-preview:-1"},"canonical":"https:\/\/www.aguarda.es\/en\/exposicion-do-censo-electoral-que-se-utilizara-nas-eleccions-autonomicas-do-vindeiro-5-de-abril\/","og_locale":"en_US","og_type":"article","og_title":"Exposici\u00f3n do Censo Electoral que se utilizar\u00e1 nas Elecci\u00f3ns Auton\u00f3micas do vindeiro 5 de abril - Concello da Guarda","og_description":"Entre os d\u00edas 17 e 24 de febreiro, ambos inclusive, poder\u00e1n consultarse na oficina do padr\u00f3n municipal as listas do Censo Electoral que se utilizaran nas Elecci\u00f3ns \u00f3 Parlamento de Galicia do vindeiro 5 de abril. O horario de consulta &hellip;","og_url":"https:\/\/www.aguarda.es\/en\/exposicion-do-censo-electoral-que-se-utilizara-nas-eleccions-autonomicas-do-vindeiro-5-de-abril\/","og_site_name":"Concello da Guarda","article_publisher":"https:\/\/www.facebook.com\/ConcellodaGuarda","article_published_time":"2020-02-14T11:34:25+00:00","og_image":[{"width":800,"height":600,"url":"https:\/\/www.aguarda.es\/wp-content\/uploads\/2020\/02\/NP-14022020-Exposici\u00f3n-do-Censo-Electoral-que-se-utilizar\u00e1-nas-Elecci\u00f3ns-Auton\u00f3micas-do-vindeiro-5-de-abril-1.jpg","type":"image\/jpeg"}],"author":"prensa","twitter_card":"summary_large_image","twitter_creator":"@AGuarda_es","twitter_site":"@AGuarda_es","twitter_misc":{"Written by":"prensa"},"schema":{"@context":"https:\/\/schema.org","@graph":[{"@type":"WebPage","@id":"https:\/\/www.aguarda.es\/en\/exposicion-do-censo-electoral-que-se-utilizara-nas-eleccions-autonomicas-do-vindeiro-5-de-abril\/","url":"https:\/\/www.aguarda.es\/en\/exposicion-do-censo-electoral-que-se-utilizara-nas-eleccions-autonomicas-do-vindeiro-5-de-abril\/","name":"Exposici\u00f3n do Censo Electoral que se utilizar\u00e1 nas Elecci\u00f3ns Auton\u00f3micas do vindeiro 5 de abril - Concello da Guarda","isPartOf":{"@id":"https:\/\/www.aguarda.es\/en\/#website"},"datePublished":"2020-02-14T11:34:25+00:00","dateModified":"2020-02-14T11:34:25+00:00","author":{"@id":"https:\/\/www.aguarda.es\/en\/#\/schema\/person\/c463ca3006858ffb349d11179d044f21"},"breadcrumb":{"@id":"https:\/\/www.aguarda.es\/en\/exposicion-do-censo-electoral-que-se-utilizara-nas-eleccions-autonomicas-do-vindeiro-5-de-abril\/#breadcrumb"},"inLanguage":"en-US","potentialAction":[{"@type":"ReadAction","target":["https:\/\/www.aguarda.es\/en\/exposicion-do-censo-electoral-que-se-utilizara-nas-eleccions-autonomicas-do-vindeiro-5-de-abril\/"]}]},{"@type":"BreadcrumbList","@id":"https:\/\/www.aguarda.es\/en\/exposicion-do-censo-electoral-que-se-utilizara-nas-eleccions-autonomicas-do-vindeiro-5-de-abril\/#breadcrumb","itemListElement":[{"@type":"ListItem","position":1,"name":"Portada","item":"https:\/\/www.aguarda.es\/en\/"},{"@type":"ListItem","position":2,"name":"Exposici\u00f3n do Censo Electoral que se utilizar\u00e1 nas Elecci\u00f3ns Auton\u00f3micas do vindeiro 5 de abril"}]},{"@type":"WebSite","@id":"https:\/\/www.aguarda.es\/en\/#website","url":"https:\/\/www.aguarda.es\/en\/","name":"Concello da Guarda","description":"P\u00e1xina web do concello da Guarda","potentialAction":[{"@type":"SearchAction","target":{"@type":"EntryPoint","urlTemplate":"https:\/\/www.aguarda.es\/en\/?s={search_term_string}"},"query-input":"required name=search_term_string"}],"inLanguage":"en-US"},{"@type":"Person","@id":"https:\/\/www.aguarda.es\/en\/#\/schema\/person\/c463ca3006858ffb349d11179d044f21","name":"prensa","image":{"@type":"ImageObject","inLanguage":"en-US","@id":"https:\/\/www.aguarda.es\/en\/#\/schema\/person\/image\/","url":"https:\/\/secure.gravatar.com\/avatar\/5f90ef536b0f98306edf5c7a1135ffa1?s=96&d=mm&r=g","contentUrl":"https:\/\/secure.gravatar.com\/avatar\/5f90ef536b0f98306edf5c7a1135ffa1?s=96&d=mm&r=g","caption":"prensa"},"url":"https:\/\/www.aguarda.es\/en\/author\/prensa\/"}]}},"_links":{"self":[{"href":"https:\/\/www.aguarda.es\/en\/wp-json\/wp\/v2\/posts\/20581"}],"collection":[{"href":"https:\/\/www.aguarda.es\/en\/wp-json\/wp\/v2\/posts"}],"about":[{"href":"https:\/\/www.aguarda.es\/en\/wp-json\/wp\/v2\/types\/post"}],"author":[{"embeddable":true,"href":"https:\/\/www.aguarda.es\/en\/wp-json\/wp\/v2\/users\/2"}],"replies":[{"embeddable":true,"href":"https:\/\/www.aguarda.es\/en\/wp-json\/wp\/v2\/comments?post=20581"}],"version-history":[{"count":1,"href":"https:\/\/www.aguarda.es\/en\/wp-json\/wp\/v2\/posts\/20581\/revisions"}],"predecessor-version":[{"id":20584,"href":"https:\/\/www.aguarda.es\/en\/wp-json\/wp\/v2\/posts\/20581\/revisions\/20584"}],"wp:featuredmedia":[{"embeddable":true,"href":"https:\/\/www.aguarda.es\/en\/wp-json\/wp\/v2\/media\/20582"}],"wp:attachment":[{"href":"https:\/\/www.aguarda.es\/en\/wp-json\/wp\/v2\/media?parent=20581"}],"wp:term":[{"taxonomy":"category","embeddable":true,"href":"https:\/\/www.aguarda.es\/en\/wp-json\/wp\/v2\/categories?post=20581"},{"taxonomy":"post_tag","embeddable":true,"href":"https:\/\/www.aguarda.es\/en\/wp-json\/wp\/v2\/tags?post=20581"}],"curies":[{"name":"wp","href":"https:\/\/api.w.org\/{rel}","templated":true}]}}