{"id":20585,"date":"2020-02-14T12:24:13","date_gmt":"2020-02-14T12:24:13","guid":{"rendered":"https:\/\/www.aguarda.es\/?p=20585"},"modified":"2020-02-14T12:24:13","modified_gmt":"2020-02-14T12:24:13","slug":"o-comercio-da-guarda-estuda-as-oportunidades-do-camino-portugues-da-costa","status":"publish","type":"post","link":"https:\/\/www.aguarda.es\/en\/o-comercio-da-guarda-estuda-as-oportunidades-do-camino-portugues-da-costa\/","title":{"rendered":"O comercio da Guarda estuda as oportunidades do  Cami\u00f1o Portugu\u00e9s da Costa"},"content":{"rendered":"<p style=\"text-align: justify\">O pasado m\u00e9rcores d\u00eda 12 de febreiro convocouse unha reuni\u00f3n adicada ao comercio onde se traballou sobre Cami\u00f1o Portugu\u00e9s da Costa e as oportunidades de negocio en vista do seu crecemento ano a ano e a pr\u00f3xima celebraci\u00f3n do Ano Xacobeo en 2021, unha xuntanza que estivo promovida pola Conceller\u00eda de Turismo e a Conceller\u00eda de Desenvolvemento Local.<\/p>\n<p style=\"text-align: justify\">Esta reuni\u00f3n ideouse como unha xornada informativa do Cami\u00f1o Portugu\u00e9s da Costa, da s\u00faa evoluci\u00f3n e impacto dende a aprobaci\u00f3n parlamentaria al\u00e1 polo 2009. Dende o 2010, coa apertura do albergue municipal e o pintado da sinalizaci\u00f3n, o n\u00famero de peregrinos foi aumentando de ano a ano. Destaca o incremento nun 70% dos peregrinos aloxados no albergue dende a s\u00faa oficializaci\u00f3n en 2016 ata o 2019.<\/p>\n<p style=\"text-align: justify\">Para dar un servizo de calidade aos peregrinos que visitan A Guarda \u00e9 importante que todos os servizos, o comercio e a hostalar\u00eda co\u00f1ezan as necesidades espec\u00edficas dos peregrinos e se traballe dun xeito unificado.<\/p>\n<p style=\"text-align: justify\">A Oficina de Turismo na Praza do Rel\u00f3 ademais de atender aos peregrinos, est\u00e1 dispo\u00f1ible para clarexar calquera d\u00fabida como que \u00e9 un credencial, cales establecementos poden selar, onde se pode mercar o credencial, horarios do transbordador, e, en xeral, toda que la informaci\u00f3n que se precise a nivel tur\u00edstico e t\u00e9cnico.<\/p>\n<p style=\"text-align: justify\">A finalidade desta reuni\u00f3n foi a de mellorar a atenci\u00f3n ofertada aos peregrinos e que se estableza unha comunicaci\u00f3n eficaz entre a Oficina de Turismo e os establecementos comerciais, para que os peregrinos poidan estar informados adecuadamente e tam\u00e9n que o comercio te\u00f1a en conta esta nova oportunidade comercial, cun nicho de mercado novo e con moitas posibilidades, cunhas demandas concretas e que precisa dunha atenci\u00f3n especializada.<\/p>\n<p style=\"text-align: justify\">Unhas das acci\u00f3ns proposta foi a posta en marcha dun bolet\u00edn de informaci\u00f3n pr\u00e1ctica para os peregrinos. Os establecementos interesados poder\u00e1n inclu\u00edr os servizos e atenci\u00f3ns dirixidas aos peregrinos no mesmo. Para isto \u00e9 preciso que os establecementos remitan un mail a turismo@aguarda.es ou ben que contacten no 986614546.<\/p>\n<p style=\"text-align: justify\">Outra das acci\u00f3ns obxecto de estudo \u00e9 a identificaci\u00f3n dos establecementos que te\u00f1an unha atenci\u00f3n espec\u00edfica ao peregrino mediante un distintivo visible no exterior do mesmo.<\/p>\n<p style=\"text-align: justify\">Para calquera d\u00fabida ou consulta poden contactar no tel 986 61 45 46, por WhatsApp no 620 795 901 ou ben en turismo@aguarda.es<\/p>\n","protected":false},"excerpt":{"rendered":"<p>O pasado m\u00e9rcores d\u00eda 12 de febreiro convocouse unha reuni\u00f3n adicada ao comercio onde se traballou sobre Cami\u00f1o Portugu\u00e9s da Costa e as oportunidades de negocio en vista do seu crecemento ano a ano e a pr\u00f3xima celebraci\u00f3n do Ano &hellip; <\/p>\n","protected":false},"author":2,"featured_media":20586,"comment_status":"open","ping_status":"open","sticky":false,"template":"","format":"standard","meta":[],"categories":[36,56],"tags":[226,687,2052,820,232],"yoast_head":"<!-- This site is optimized with the Yoast SEO plugin v21.1 - https:\/\/yoast.com\/wordpress\/plugins\/seo\/ -->\n<title>O comercio da Guarda estuda as oportunidades do Cami\u00f1o Portugu\u00e9s da Costa - Concello da Guarda<\/title>\n<meta name=\"robots\" content=\"index, follow, max-snippet:-1, max-image-preview:large, max-video-preview:-1\" \/>\n<link rel=\"canonical\" href=\"https:\/\/www.aguarda.es\/en\/o-comercio-da-guarda-estuda-as-oportunidades-do-camino-portugues-da-costa\/\" \/>\n<meta property=\"og:locale\" content=\"en_US\" \/>\n<meta property=\"og:type\" content=\"article\" \/>\n<meta property=\"og:title\" content=\"O comercio da Guarda estuda as oportunidades do Cami\u00f1o Portugu\u00e9s da Costa - Concello da Guarda\" \/>\n<meta property=\"og:description\" content=\"O pasado m\u00e9rcores d\u00eda 12 de febreiro convocouse unha reuni\u00f3n adicada ao comercio onde se traballou sobre Cami\u00f1o Portugu\u00e9s da Costa e as oportunidades de negocio en vista do seu crecemento ano a ano e a pr\u00f3xima celebraci\u00f3n do Ano &hellip;\" \/>\n<meta property=\"og:url\" content=\"https:\/\/www.aguarda.es\/en\/o-comercio-da-guarda-estuda-as-oportunidades-do-camino-portugues-da-costa\/\" \/>\n<meta property=\"og:site_name\" content=\"Concello da Guarda\" \/>\n<meta property=\"article:publisher\" content=\"https:\/\/www.facebook.com\/ConcellodaGuarda\" \/>\n<meta property=\"article:published_time\" content=\"2020-02-14T12:24:13+00:00\" \/>\n<meta property=\"og:image\" content=\"https:\/\/www.aguarda.es\/wp-content\/uploads\/2020\/02\/NP-14022020-O-comercio-da-Guarda-estuda-as-oportunidades-do-Cami\u00f1o-Portugu\u00e9s-da-Costa.jpg\" \/>\n\t<meta property=\"og:image:width\" content=\"800\" \/>\n\t<meta property=\"og:image:height\" content=\"800\" \/>\n\t<meta property=\"og:image:type\" content=\"image\/jpeg\" \/>\n<meta name=\"author\" content=\"prensa\" \/>\n<meta name=\"twitter:card\" content=\"summary_large_image\" \/>\n<meta name=\"twitter:creator\" content=\"@AGuarda_es\" \/>\n<meta name=\"twitter:site\" content=\"@AGuarda_es\" \/>\n<meta name=\"twitter:label1\" content=\"Written by\" \/>\n\t<meta name=\"twitter:data1\" content=\"prensa\" \/>\n\t<meta name=\"twitter:label2\" content=\"Est. reading time\" \/>\n\t<meta name=\"twitter:data2\" content=\"2 minutes\" \/>\n<script type=\"application\/ld+json\" class=\"yoast-schema-graph\">{\"@context\":\"https:\/\/schema.org\",\"@graph\":[{\"@type\":\"WebPage\",\"@id\":\"https:\/\/www.aguarda.es\/en\/o-comercio-da-guarda-estuda-as-oportunidades-do-camino-portugues-da-costa\/\",\"url\":\"https:\/\/www.aguarda.es\/en\/o-comercio-da-guarda-estuda-as-oportunidades-do-camino-portugues-da-costa\/\",\"name\":\"O comercio da Guarda estuda as oportunidades do Cami\u00f1o Portugu\u00e9s da Costa - Concello da Guarda\",\"isPartOf\":{\"@id\":\"https:\/\/www.aguarda.es\/en\/#website\"},\"datePublished\":\"2020-02-14T12:24:13+00:00\",\"dateModified\":\"2020-02-14T12:24:13+00:00\",\"author\":{\"@id\":\"https:\/\/www.aguarda.es\/en\/#\/schema\/person\/c463ca3006858ffb349d11179d044f21\"},\"breadcrumb\":{\"@id\":\"https:\/\/www.aguarda.es\/en\/o-comercio-da-guarda-estuda-as-oportunidades-do-camino-portugues-da-costa\/#breadcrumb\"},\"inLanguage\":\"en-US\",\"potentialAction\":[{\"@type\":\"ReadAction\",\"target\":[\"https:\/\/www.aguarda.es\/en\/o-comercio-da-guarda-estuda-as-oportunidades-do-camino-portugues-da-costa\/\"]}]},{\"@type\":\"BreadcrumbList\",\"@id\":\"https:\/\/www.aguarda.es\/en\/o-comercio-da-guarda-estuda-as-oportunidades-do-camino-portugues-da-costa\/#breadcrumb\",\"itemListElement\":[{\"@type\":\"ListItem\",\"position\":1,\"name\":\"Portada\",\"item\":\"https:\/\/www.aguarda.es\/en\/\"},{\"@type\":\"ListItem\",\"position\":2,\"name\":\"O comercio da Guarda estuda as oportunidades do Cami\u00f1o Portugu\u00e9s da Costa\"}]},{\"@type\":\"WebSite\",\"@id\":\"https:\/\/www.aguarda.es\/en\/#website\",\"url\":\"https:\/\/www.aguarda.es\/en\/\",\"name\":\"Concello da Guarda\",\"description\":\"P\u00e1xina web do concello da Guarda\",\"potentialAction\":[{\"@type\":\"SearchAction\",\"target\":{\"@type\":\"EntryPoint\",\"urlTemplate\":\"https:\/\/www.aguarda.es\/en\/?s={search_term_string}\"},\"query-input\":\"required name=search_term_string\"}],\"inLanguage\":\"en-US\"},{\"@type\":\"Person\",\"@id\":\"https:\/\/www.aguarda.es\/en\/#\/schema\/person\/c463ca3006858ffb349d11179d044f21\",\"name\":\"prensa\",\"image\":{\"@type\":\"ImageObject\",\"inLanguage\":\"en-US\",\"@id\":\"https:\/\/www.aguarda.es\/en\/#\/schema\/person\/image\/\",\"url\":\"https:\/\/secure.gravatar.com\/avatar\/5f90ef536b0f98306edf5c7a1135ffa1?s=96&d=mm&r=g\",\"contentUrl\":\"https:\/\/secure.gravatar.com\/avatar\/5f90ef536b0f98306edf5c7a1135ffa1?s=96&d=mm&r=g\",\"caption\":\"prensa\"},\"url\":\"https:\/\/www.aguarda.es\/en\/author\/prensa\/\"}]}<\/script>\n<!-- \/ Yoast SEO plugin. -->","yoast_head_json":{"title":"O comercio da Guarda estuda as oportunidades do Cami\u00f1o Portugu\u00e9s da Costa - Concello da Guarda","robots":{"index":"index","follow":"follow","max-snippet":"max-snippet:-1","max-image-preview":"max-image-preview:large","max-video-preview":"max-video-preview:-1"},"canonical":"https:\/\/www.aguarda.es\/en\/o-comercio-da-guarda-estuda-as-oportunidades-do-camino-portugues-da-costa\/","og_locale":"en_US","og_type":"article","og_title":"O comercio da Guarda estuda as oportunidades do Cami\u00f1o Portugu\u00e9s da Costa - Concello da Guarda","og_description":"O pasado m\u00e9rcores d\u00eda 12 de febreiro convocouse unha reuni\u00f3n adicada ao comercio onde se traballou sobre Cami\u00f1o Portugu\u00e9s da Costa e as oportunidades de negocio en vista do seu crecemento ano a ano e a pr\u00f3xima celebraci\u00f3n do Ano &hellip;","og_url":"https:\/\/www.aguarda.es\/en\/o-comercio-da-guarda-estuda-as-oportunidades-do-camino-portugues-da-costa\/","og_site_name":"Concello da Guarda","article_publisher":"https:\/\/www.facebook.com\/ConcellodaGuarda","article_published_time":"2020-02-14T12:24:13+00:00","og_image":[{"width":800,"height":800,"url":"https:\/\/www.aguarda.es\/wp-content\/uploads\/2020\/02\/NP-14022020-O-comercio-da-Guarda-estuda-as-oportunidades-do-Cami\u00f1o-Portugu\u00e9s-da-Costa.jpg","type":"image\/jpeg"}],"author":"prensa","twitter_card":"summary_large_image","twitter_creator":"@AGuarda_es","twitter_site":"@AGuarda_es","twitter_misc":{"Written by":"prensa","Est. reading time":"2 minutes"},"schema":{"@context":"https:\/\/schema.org","@graph":[{"@type":"WebPage","@id":"https:\/\/www.aguarda.es\/en\/o-comercio-da-guarda-estuda-as-oportunidades-do-camino-portugues-da-costa\/","url":"https:\/\/www.aguarda.es\/en\/o-comercio-da-guarda-estuda-as-oportunidades-do-camino-portugues-da-costa\/","name":"O comercio da Guarda estuda as oportunidades do Cami\u00f1o Portugu\u00e9s da Costa - Concello da Guarda","isPartOf":{"@id":"https:\/\/www.aguarda.es\/en\/#website"},"datePublished":"2020-02-14T12:24:13+00:00","dateModified":"2020-02-14T12:24:13+00:00","author":{"@id":"https:\/\/www.aguarda.es\/en\/#\/schema\/person\/c463ca3006858ffb349d11179d044f21"},"breadcrumb":{"@id":"https:\/\/www.aguarda.es\/en\/o-comercio-da-guarda-estuda-as-oportunidades-do-camino-portugues-da-costa\/#breadcrumb"},"inLanguage":"en-US","potentialAction":[{"@type":"ReadAction","target":["https:\/\/www.aguarda.es\/en\/o-comercio-da-guarda-estuda-as-oportunidades-do-camino-portugues-da-costa\/"]}]},{"@type":"BreadcrumbList","@id":"https:\/\/www.aguarda.es\/en\/o-comercio-da-guarda-estuda-as-oportunidades-do-camino-portugues-da-costa\/#breadcrumb","itemListElement":[{"@type":"ListItem","position":1,"name":"Portada","item":"https:\/\/www.aguarda.es\/en\/"},{"@type":"ListItem","position":2,"name":"O comercio da Guarda estuda as oportunidades do Cami\u00f1o Portugu\u00e9s da Costa"}]},{"@type":"WebSite","@id":"https:\/\/www.aguarda.es\/en\/#website","url":"https:\/\/www.aguarda.es\/en\/","name":"Concello da Guarda","description":"P\u00e1xina web do concello da Guarda","potentialAction":[{"@type":"SearchAction","target":{"@type":"EntryPoint","urlTemplate":"https:\/\/www.aguarda.es\/en\/?s={search_term_string}"},"query-input":"required name=search_term_string"}],"inLanguage":"en-US"},{"@type":"Person","@id":"https:\/\/www.aguarda.es\/en\/#\/schema\/person\/c463ca3006858ffb349d11179d044f21","name":"prensa","image":{"@type":"ImageObject","inLanguage":"en-US","@id":"https:\/\/www.aguarda.es\/en\/#\/schema\/person\/image\/","url":"https:\/\/secure.gravatar.com\/avatar\/5f90ef536b0f98306edf5c7a1135ffa1?s=96&d=mm&r=g","contentUrl":"https:\/\/secure.gravatar.com\/avatar\/5f90ef536b0f98306edf5c7a1135ffa1?s=96&d=mm&r=g","caption":"prensa"},"url":"https:\/\/www.aguarda.es\/en\/author\/prensa\/"}]}},"_links":{"self":[{"href":"https:\/\/www.aguarda.es\/en\/wp-json\/wp\/v2\/posts\/20585"}],"collection":[{"href":"https:\/\/www.aguarda.es\/en\/wp-json\/wp\/v2\/posts"}],"about":[{"href":"https:\/\/www.aguarda.es\/en\/wp-json\/wp\/v2\/types\/post"}],"author":[{"embeddable":true,"href":"https:\/\/www.aguarda.es\/en\/wp-json\/wp\/v2\/users\/2"}],"replies":[{"embeddable":true,"href":"https:\/\/www.aguarda.es\/en\/wp-json\/wp\/v2\/comments?post=20585"}],"version-history":[{"count":1,"href":"https:\/\/www.aguarda.es\/en\/wp-json\/wp\/v2\/posts\/20585\/revisions"}],"predecessor-version":[{"id":20588,"href":"https:\/\/www.aguarda.es\/en\/wp-json\/wp\/v2\/posts\/20585\/revisions\/20588"}],"wp:featuredmedia":[{"embeddable":true,"href":"https:\/\/www.aguarda.es\/en\/wp-json\/wp\/v2\/media\/20586"}],"wp:attachment":[{"href":"https:\/\/www.aguarda.es\/en\/wp-json\/wp\/v2\/media?parent=20585"}],"wp:term":[{"taxonomy":"category","embeddable":true,"href":"https:\/\/www.aguarda.es\/en\/wp-json\/wp\/v2\/categories?post=20585"},{"taxonomy":"post_tag","embeddable":true,"href":"https:\/\/www.aguarda.es\/en\/wp-json\/wp\/v2\/tags?post=20585"}],"curies":[{"name":"wp","href":"https:\/\/api.w.org\/{rel}","templated":true}]}}