{"id":20589,"date":"2020-02-14T15:13:03","date_gmt":"2020-02-14T15:13:03","guid":{"rendered":"https:\/\/www.aguarda.es\/?p=20589"},"modified":"2020-02-14T15:13:03","modified_gmt":"2020-02-14T15:13:03","slug":"chega-a-pontevedra-trail-league-a-nova-aposta-deportiva-da-deputacion-de-pontevedra","status":"publish","type":"post","link":"https:\/\/www.aguarda.es\/en\/chega-a-pontevedra-trail-league-a-nova-aposta-deportiva-da-deputacion-de-pontevedra\/","title":{"rendered":"Chega a -Pontevedra trail league-, a nova aposta deportiva da Deputaci\u00f3n de Pontevedra"},"content":{"rendered":"<p style=\"text-align: justify\">A iniciativa une o Trail Adventure Mu\u00ed\u00f1os do Fol\u00f3n, o Trail do Rom\u00e1nico e o Trail do Trega, &#8220;unha grande idea coa que promovemos a provincia de Pontevedra como un destino sustentable&#8221;<\/p>\n<p style=\"text-align: justify\">A presidenta da Deputaci\u00f3n de Pontevedra, Carmela Silva, presentou hoxe a primeira edici\u00f3n da Pontevedra Trail League, iniciativa deportiva que conta coa colaboraci\u00f3n da instituci\u00f3n provincial e que xuntar\u00e1 a tres probas de referencia na provincia como son o Trail Adventure Mu\u00ed\u00f1os do Fol\u00f3n, o Trail do Rom\u00e1nico e o Trail do Trega. No acto estivo acompa\u00f1ada por Anxela Fern\u00e1ndez, alcaldesa do Rosal; M\u00f3nica Gonz\u00e1lez, concelleira de Deportes de Silleda; Montse Magallanes, concelleira de Deportes da Guarda; Gorka G\u00f3mez, deputado de Deportes, e Justi Peixoto, organizador da proba.<\/p>\n<p style=\"text-align: justify\">En rolda de prensa, Silva resaltou que \u201cna Deputaci\u00f3n de Pontevedra apostamos por este tipo de actividades deportivas que axudan a promocionar o noso territorio ao mesmo tempo que se desenvolven dun xeito sustentable\u201d. Amais, referiuse \u00e1 primeira edici\u00f3n desta iniciativa como &#8220;unha gran idea que cumpre coa Axenda 2030 e que vai da man da nosa campa\u00f1a tur\u00edstica, que pon en valor o noso patrimonio natural, amais o facemos desde un punto de vista non pasivo, promovendo a actividade nel\u201d.<\/p>\n<p style=\"text-align: justify\">A primeira proba da Pontevedra Trail League ser\u00e1 no Rosal o 8 de marzo. O Trail Adventure Mui\u00f1os do Fol\u00f3n ser\u00e1 unha carreira de 21 quil\u00f3metros para o que tan s\u00f3 quedan ao redor de 60 prazas. A alcaldesa do Rosal, Anxela Fern\u00e1ndez, apuntou que \u201ccomo a proba ter\u00e1 lugar o 8 de marzo, nunha data tan sinalada para todas e todos n\u00f3s, tentaremos facer de xeito paralelo un reco\u00f1ecemento \u00e1 muller no deporte\u201d.<\/p>\n<p style=\"text-align: justify\">Tras o seu paso polo Rosal o circu\u00edto deportivo chegar\u00e1 a Silleda o 19 de xullo co Trail do Rom\u00e1nico, unha proba de 24 quil\u00f3metros para a que o prazo de inscrici\u00f3n abrirase no mes de abril, a\u00ednda que a inscrici\u00f3n conxunta para as tres probas xa pode formalizarse. A concelleira de Deportes da vila do Deza, M\u00f3nica Gonz\u00e1lez, afirmou que \u201c\u00e9 unha das probas deportivas das que m\u00e1is orgullosos e orgullosas estamos en Silleda porque \u00e9 unha carreira que vai m\u00e1is al\u00f3 do deportivo e que serve para po\u00f1er en valor o noso patrimonio natural, hist\u00f3rico e art\u00edstico\u201d.<\/p>\n<p style=\"text-align: justify\">Por \u00faltimo, a Pontevedra Trail League pecharase na Guarda co Trail do Trega o 22 de novembro. Para esta proba, de 18 quil\u00f3metros, as inscrici\u00f3ns individuais estar\u00e1n dispo\u00f1ibles a partir do mes de xullo. Montse Magallanes, concelleira da Guarda, explicou que \u201cxuntar estes tres eventos deportivos \u00e9 unha idea fant\u00e1stica e polo tanto gustar\u00edame transmitir o noso agradecemento \u00e1 empresa organizadora e \u00e1 propia Deputaci\u00f3n de Pontevedra\u201d.<\/p>\n<p style=\"text-align: justify\">No acto de presentaci\u00f3n, Justi Peixoto, organizador da proba, detallou os pormenores da primeira edici\u00f3n desta iniciativa deportiva e anunciou que \u201ca partir da primeira proba a l\u00edder e o l\u00edder da xeral levar\u00e1n un maillot identificativo\u201d e que \u201cparalelamente as principais probas organizaremos unha andaina para que as persoas acompa\u00f1antes das e dos participantes e aquelas persoas que non poidan levar a cabo a proba correndo poidan gozar das paisaxes polas que pasan as tres carreiras\u201d.<\/p>\n<p style=\"text-align: justify\">Carmela Silva rematou sinalando que \u201cPontevedra ten a capacidade de acoller grandes eventos deportivos e como aqu\u00ed somos ambiciosos e ambiciosas te\u00f1o que dicir que estou segura de que dentro dun tempo falaremos deste programa deportivo como unha referencia nacional e internacional que estea a altura de iconas do trail como Colorado, Isla Bonita, Zegama ou Chamonix\u201d.<\/p>\n","protected":false},"excerpt":{"rendered":"<p>A iniciativa une o Trail Adventure Mu\u00ed\u00f1os do Fol\u00f3n, o Trail do Rom\u00e1nico e o Trail do Trega, &#8220;unha grande idea coa que promovemos a provincia de Pontevedra como un destino sustentable&#8221; A presidenta da Deputaci\u00f3n de Pontevedra, Carmela Silva, &hellip; <\/p>\n","protected":false},"author":2,"featured_media":20590,"comment_status":"open","ping_status":"open","sticky":false,"template":"","format":"standard","meta":[],"categories":[35],"tags":[226,276,1470,702],"yoast_head":"<!-- This site is optimized with the Yoast SEO plugin v21.1 - https:\/\/yoast.com\/wordpress\/plugins\/seo\/ -->\n<title>Chega a -Pontevedra trail league-, a nova aposta deportiva da Deputaci\u00f3n de Pontevedra - Concello da Guarda<\/title>\n<meta name=\"robots\" content=\"index, follow, max-snippet:-1, max-image-preview:large, max-video-preview:-1\" \/>\n<link rel=\"canonical\" href=\"https:\/\/www.aguarda.es\/en\/chega-a-pontevedra-trail-league-a-nova-aposta-deportiva-da-deputacion-de-pontevedra\/\" \/>\n<meta property=\"og:locale\" content=\"en_US\" \/>\n<meta property=\"og:type\" content=\"article\" \/>\n<meta property=\"og:title\" content=\"Chega a -Pontevedra trail league-, a nova aposta deportiva da Deputaci\u00f3n de Pontevedra - Concello da Guarda\" \/>\n<meta property=\"og:description\" content=\"A iniciativa une o Trail Adventure Mu\u00ed\u00f1os do Fol\u00f3n, o Trail do Rom\u00e1nico e o Trail do Trega, &#8220;unha grande idea coa que promovemos a provincia de Pontevedra como un destino sustentable&#8221; A presidenta da Deputaci\u00f3n de Pontevedra, Carmela Silva, &hellip;\" \/>\n<meta property=\"og:url\" content=\"https:\/\/www.aguarda.es\/en\/chega-a-pontevedra-trail-league-a-nova-aposta-deportiva-da-deputacion-de-pontevedra\/\" \/>\n<meta property=\"og:site_name\" content=\"Concello da Guarda\" \/>\n<meta property=\"article:publisher\" content=\"https:\/\/www.facebook.com\/ConcellodaGuarda\" \/>\n<meta property=\"article:published_time\" content=\"2020-02-14T15:13:03+00:00\" \/>\n<meta property=\"og:image\" content=\"https:\/\/www.aguarda.es\/wp-content\/uploads\/2020\/02\/P2A0853.jpg\" \/>\n\t<meta property=\"og:image:width\" content=\"800\" \/>\n\t<meta property=\"og:image:height\" content=\"484\" \/>\n\t<meta property=\"og:image:type\" content=\"image\/jpeg\" \/>\n<meta name=\"author\" content=\"prensa\" \/>\n<meta name=\"twitter:card\" content=\"summary_large_image\" \/>\n<meta name=\"twitter:creator\" content=\"@AGuarda_es\" \/>\n<meta name=\"twitter:site\" content=\"@AGuarda_es\" \/>\n<meta name=\"twitter:label1\" content=\"Written by\" \/>\n\t<meta name=\"twitter:data1\" content=\"prensa\" \/>\n\t<meta name=\"twitter:label2\" content=\"Est. reading time\" \/>\n\t<meta name=\"twitter:data2\" content=\"3 minutes\" \/>\n<script type=\"application\/ld+json\" class=\"yoast-schema-graph\">{\"@context\":\"https:\/\/schema.org\",\"@graph\":[{\"@type\":\"WebPage\",\"@id\":\"https:\/\/www.aguarda.es\/en\/chega-a-pontevedra-trail-league-a-nova-aposta-deportiva-da-deputacion-de-pontevedra\/\",\"url\":\"https:\/\/www.aguarda.es\/en\/chega-a-pontevedra-trail-league-a-nova-aposta-deportiva-da-deputacion-de-pontevedra\/\",\"name\":\"Chega a -Pontevedra trail league-, a nova aposta deportiva da Deputaci\u00f3n de Pontevedra - Concello da Guarda\",\"isPartOf\":{\"@id\":\"https:\/\/www.aguarda.es\/en\/#website\"},\"datePublished\":\"2020-02-14T15:13:03+00:00\",\"dateModified\":\"2020-02-14T15:13:03+00:00\",\"author\":{\"@id\":\"https:\/\/www.aguarda.es\/en\/#\/schema\/person\/c463ca3006858ffb349d11179d044f21\"},\"breadcrumb\":{\"@id\":\"https:\/\/www.aguarda.es\/en\/chega-a-pontevedra-trail-league-a-nova-aposta-deportiva-da-deputacion-de-pontevedra\/#breadcrumb\"},\"inLanguage\":\"en-US\",\"potentialAction\":[{\"@type\":\"ReadAction\",\"target\":[\"https:\/\/www.aguarda.es\/en\/chega-a-pontevedra-trail-league-a-nova-aposta-deportiva-da-deputacion-de-pontevedra\/\"]}]},{\"@type\":\"BreadcrumbList\",\"@id\":\"https:\/\/www.aguarda.es\/en\/chega-a-pontevedra-trail-league-a-nova-aposta-deportiva-da-deputacion-de-pontevedra\/#breadcrumb\",\"itemListElement\":[{\"@type\":\"ListItem\",\"position\":1,\"name\":\"Portada\",\"item\":\"https:\/\/www.aguarda.es\/en\/\"},{\"@type\":\"ListItem\",\"position\":2,\"name\":\"Chega a -Pontevedra trail league-, a nova aposta deportiva da Deputaci\u00f3n de Pontevedra\"}]},{\"@type\":\"WebSite\",\"@id\":\"https:\/\/www.aguarda.es\/en\/#website\",\"url\":\"https:\/\/www.aguarda.es\/en\/\",\"name\":\"Concello da Guarda\",\"description\":\"P\u00e1xina web do concello da Guarda\",\"potentialAction\":[{\"@type\":\"SearchAction\",\"target\":{\"@type\":\"EntryPoint\",\"urlTemplate\":\"https:\/\/www.aguarda.es\/en\/?s={search_term_string}\"},\"query-input\":\"required name=search_term_string\"}],\"inLanguage\":\"en-US\"},{\"@type\":\"Person\",\"@id\":\"https:\/\/www.aguarda.es\/en\/#\/schema\/person\/c463ca3006858ffb349d11179d044f21\",\"name\":\"prensa\",\"image\":{\"@type\":\"ImageObject\",\"inLanguage\":\"en-US\",\"@id\":\"https:\/\/www.aguarda.es\/en\/#\/schema\/person\/image\/\",\"url\":\"https:\/\/secure.gravatar.com\/avatar\/5f90ef536b0f98306edf5c7a1135ffa1?s=96&d=mm&r=g\",\"contentUrl\":\"https:\/\/secure.gravatar.com\/avatar\/5f90ef536b0f98306edf5c7a1135ffa1?s=96&d=mm&r=g\",\"caption\":\"prensa\"},\"url\":\"https:\/\/www.aguarda.es\/en\/author\/prensa\/\"}]}<\/script>\n<!-- \/ Yoast SEO plugin. -->","yoast_head_json":{"title":"Chega a -Pontevedra trail league-, a nova aposta deportiva da Deputaci\u00f3n de Pontevedra - Concello da Guarda","robots":{"index":"index","follow":"follow","max-snippet":"max-snippet:-1","max-image-preview":"max-image-preview:large","max-video-preview":"max-video-preview:-1"},"canonical":"https:\/\/www.aguarda.es\/en\/chega-a-pontevedra-trail-league-a-nova-aposta-deportiva-da-deputacion-de-pontevedra\/","og_locale":"en_US","og_type":"article","og_title":"Chega a -Pontevedra trail league-, a nova aposta deportiva da Deputaci\u00f3n de Pontevedra - Concello da Guarda","og_description":"A iniciativa une o Trail Adventure Mu\u00ed\u00f1os do Fol\u00f3n, o Trail do Rom\u00e1nico e o Trail do Trega, &#8220;unha grande idea coa que promovemos a provincia de Pontevedra como un destino sustentable&#8221; A presidenta da Deputaci\u00f3n de Pontevedra, Carmela Silva, &hellip;","og_url":"https:\/\/www.aguarda.es\/en\/chega-a-pontevedra-trail-league-a-nova-aposta-deportiva-da-deputacion-de-pontevedra\/","og_site_name":"Concello da Guarda","article_publisher":"https:\/\/www.facebook.com\/ConcellodaGuarda","article_published_time":"2020-02-14T15:13:03+00:00","og_image":[{"width":800,"height":484,"url":"https:\/\/www.aguarda.es\/wp-content\/uploads\/2020\/02\/P2A0853.jpg","type":"image\/jpeg"}],"author":"prensa","twitter_card":"summary_large_image","twitter_creator":"@AGuarda_es","twitter_site":"@AGuarda_es","twitter_misc":{"Written by":"prensa","Est. reading time":"3 minutes"},"schema":{"@context":"https:\/\/schema.org","@graph":[{"@type":"WebPage","@id":"https:\/\/www.aguarda.es\/en\/chega-a-pontevedra-trail-league-a-nova-aposta-deportiva-da-deputacion-de-pontevedra\/","url":"https:\/\/www.aguarda.es\/en\/chega-a-pontevedra-trail-league-a-nova-aposta-deportiva-da-deputacion-de-pontevedra\/","name":"Chega a -Pontevedra trail league-, a nova aposta deportiva da Deputaci\u00f3n de Pontevedra - Concello da Guarda","isPartOf":{"@id":"https:\/\/www.aguarda.es\/en\/#website"},"datePublished":"2020-02-14T15:13:03+00:00","dateModified":"2020-02-14T15:13:03+00:00","author":{"@id":"https:\/\/www.aguarda.es\/en\/#\/schema\/person\/c463ca3006858ffb349d11179d044f21"},"breadcrumb":{"@id":"https:\/\/www.aguarda.es\/en\/chega-a-pontevedra-trail-league-a-nova-aposta-deportiva-da-deputacion-de-pontevedra\/#breadcrumb"},"inLanguage":"en-US","potentialAction":[{"@type":"ReadAction","target":["https:\/\/www.aguarda.es\/en\/chega-a-pontevedra-trail-league-a-nova-aposta-deportiva-da-deputacion-de-pontevedra\/"]}]},{"@type":"BreadcrumbList","@id":"https:\/\/www.aguarda.es\/en\/chega-a-pontevedra-trail-league-a-nova-aposta-deportiva-da-deputacion-de-pontevedra\/#breadcrumb","itemListElement":[{"@type":"ListItem","position":1,"name":"Portada","item":"https:\/\/www.aguarda.es\/en\/"},{"@type":"ListItem","position":2,"name":"Chega a -Pontevedra trail league-, a nova aposta deportiva da Deputaci\u00f3n de Pontevedra"}]},{"@type":"WebSite","@id":"https:\/\/www.aguarda.es\/en\/#website","url":"https:\/\/www.aguarda.es\/en\/","name":"Concello da Guarda","description":"P\u00e1xina web do concello da Guarda","potentialAction":[{"@type":"SearchAction","target":{"@type":"EntryPoint","urlTemplate":"https:\/\/www.aguarda.es\/en\/?s={search_term_string}"},"query-input":"required name=search_term_string"}],"inLanguage":"en-US"},{"@type":"Person","@id":"https:\/\/www.aguarda.es\/en\/#\/schema\/person\/c463ca3006858ffb349d11179d044f21","name":"prensa","image":{"@type":"ImageObject","inLanguage":"en-US","@id":"https:\/\/www.aguarda.es\/en\/#\/schema\/person\/image\/","url":"https:\/\/secure.gravatar.com\/avatar\/5f90ef536b0f98306edf5c7a1135ffa1?s=96&d=mm&r=g","contentUrl":"https:\/\/secure.gravatar.com\/avatar\/5f90ef536b0f98306edf5c7a1135ffa1?s=96&d=mm&r=g","caption":"prensa"},"url":"https:\/\/www.aguarda.es\/en\/author\/prensa\/"}]}},"_links":{"self":[{"href":"https:\/\/www.aguarda.es\/en\/wp-json\/wp\/v2\/posts\/20589"}],"collection":[{"href":"https:\/\/www.aguarda.es\/en\/wp-json\/wp\/v2\/posts"}],"about":[{"href":"https:\/\/www.aguarda.es\/en\/wp-json\/wp\/v2\/types\/post"}],"author":[{"embeddable":true,"href":"https:\/\/www.aguarda.es\/en\/wp-json\/wp\/v2\/users\/2"}],"replies":[{"embeddable":true,"href":"https:\/\/www.aguarda.es\/en\/wp-json\/wp\/v2\/comments?post=20589"}],"version-history":[{"count":1,"href":"https:\/\/www.aguarda.es\/en\/wp-json\/wp\/v2\/posts\/20589\/revisions"}],"predecessor-version":[{"id":20592,"href":"https:\/\/www.aguarda.es\/en\/wp-json\/wp\/v2\/posts\/20589\/revisions\/20592"}],"wp:featuredmedia":[{"embeddable":true,"href":"https:\/\/www.aguarda.es\/en\/wp-json\/wp\/v2\/media\/20590"}],"wp:attachment":[{"href":"https:\/\/www.aguarda.es\/en\/wp-json\/wp\/v2\/media?parent=20589"}],"wp:term":[{"taxonomy":"category","embeddable":true,"href":"https:\/\/www.aguarda.es\/en\/wp-json\/wp\/v2\/categories?post=20589"},{"taxonomy":"post_tag","embeddable":true,"href":"https:\/\/www.aguarda.es\/en\/wp-json\/wp\/v2\/tags?post=20589"}],"curies":[{"name":"wp","href":"https:\/\/api.w.org\/{rel}","templated":true}]}}