{"id":20593,"date":"2020-02-15T09:05:22","date_gmt":"2020-02-15T09:05:22","guid":{"rendered":"https:\/\/www.aguarda.es\/?p=20593"},"modified":"2020-02-15T09:05:22","modified_gmt":"2020-02-15T09:05:22","slug":"a-guarda-reconece-os-meritos-dos-seus-deportistas-na-xiii-gala-do-deporte","status":"publish","type":"post","link":"https:\/\/www.aguarda.es\/en\/a-guarda-reconece-os-meritos-dos-seus-deportistas-na-xiii-gala-do-deporte\/","title":{"rendered":"A Guarda reco\u00f1ece os m\u00e9ritos dos seus deportistas na XIII Gala do Deporte"},"content":{"rendered":"<p style=\"text-align: justify\">O Centro Cultural da Guarda acolleu o pasado venres d\u00eda 14 de febreiro de 2020 a XIII edici\u00f3n da Gala do Deporte, un evento que estivo presentado polo xornalista Terio Carrera.<\/p>\n<p style=\"text-align: justify\">Neste evento reco\u00f1ec\u00e9ronse os diferentes logros e m\u00e9ritos deportivos acadados durante o pasado ano polos deportistas, os clubs e as entidades deportivas da Guarda, po\u00f1endo as\u00ed en valor o traballo, esforzo e compromiso das numerosas persoas que forman parte do \u00e1mbito deportivo local.<\/p>\n<p style=\"text-align: justify\">A XII Gala do Deporte arrancou co Clube Flic flac de Vigo, que realizou unha exhibici\u00f3n de ximnasia acrob\u00e1tica.<\/p>\n<p style=\"text-align: justify\">O acto contou coa asistencia do Alcalde da Guarda, Antonio Lomba; a Concelleira de Deportes, Montserrat Magallanes; o Deputado provincial de Deportes, Gorka G\u00f3mez; o Secretario Xeral para o Deporte da Xunta de Galicia, Jos\u00e9 Ram\u00f3n Lete Lasa; as\u00ed coma unha representaci\u00f3n da corporaci\u00f3n municipal, colectivos, asociaci\u00f3ns e veci\u00f1os da vila.<\/p>\n<p style=\"text-align: justify\">O adestrador do Mecalia Atl. Guard\u00e9s, J. Ignacio Prades, fixo de padri\u00f1o desta multitudinaria XIII Gala do Deporte da Guarda, na que se proxectou un v\u00eddeo-resumo do deporte na vila, destacando as principais modalidades deportivas.<\/p>\n<p style=\"text-align: justify\">Terio Carrera anunciou as primeiras distinci\u00f3ns da noite para a modalidade de Nataci\u00f3n con diplomas para Rosal\u00eda Soler Lomba, Campioa galega en 50m libres junior e campioa galega en 50m e 100m de costas e 50m bolboreta absoluta e a Iago Soler Lomba, Campi\u00f3n galego en 100m de costas, 100m libres, 4x100m estilos e 4x100m libres alev\u00edn.<\/p>\n<p style=\"text-align: justify\">En Deporte Adaptado entreg\u00e1ronse diplomas ao equipo de nataci\u00f3n 4&#215;50 de San Xerome, formado por Celia L\u00f3pez Camacho, Maite Barros, Mar\u00eda F. Garc\u00eda e Nuria Pereira, Campioas galegas 4&#215;50 Com +15F e ao Equipo de baloncesto feminino San Xerome, campioas da Liga FGDA.<\/p>\n<p style=\"text-align: justify\">Na modalidade de Judo foron reco\u00f1ecidos os deportistas Tecla Mar\u00eda Cadilla Acevedo, Campioa galega absoluta -63kg; Ver\u00f3nica P\u00e9rez Pacheco, Campioa galega cadete e j\u00fanior -52kg e 3\u00aa S\u00faper Copa de Espa\u00f1a J\u00fanior; Iago \u00c1lvarez Lomba, Campi\u00f3n galego cadete -73kg e ao Equipo Feminino do Judo Baixo Mi\u00f1o, Campioas da Liga Galega de Clubs.<\/p>\n<p style=\"text-align: justify\">Na mellor iniciativa deportiva reco\u00f1eceuse o labor realizado na Baixo Mi\u00f1o Enduro Experience.<\/p>\n<p style=\"text-align: justify\">En Atletismo Escolar os diplomas recaeron en \u00c1lex Sierpes Pereira, Campi\u00f3n Galego sub 12 en marcha en ruta, campo a trav\u00e9s, 1000m pista cuberta, 2000m, 1km ruta e no Campionato de Galicia Menores e Marcela Morgado Rodr\u00edguez, 2\u00aa nos Campionatos Galegos sub 16 en 1000m e 1km ruta e 3\u00aa no Campionato Galego de campo a trav\u00e9s.<\/p>\n<p style=\"text-align: justify\">Na modalidade de Atletismo na categor\u00eda de adultos reco\u00f1eceuse con diplomas aos deportistas Milu Rodr\u00edguez Baz, Campioa galega 3000m marcha W-40 e 5000 marcha en pista W-40; a Eduardo Garc\u00eda Fern\u00e1ndez, Sub-campi\u00f3n galego M-40 en 800m; a Sergio Rodr\u00edguez Teixeira, Campi\u00f3n galego absoluto en 400m pista cuberta e a Antol\u00edn Mart\u00ednez Mart\u00ednez, 3\u00ba no Campionato galego de Trail Longo.<\/p>\n<p style=\"text-align: justify\">Neste intre da Gala se quixo reco\u00f1ecer \u00e1s persoas que co seu bo facer traballan en favorecer e axudar na pr\u00e1ctica deportiva, cos premios Dedicaci\u00f3n ao Deporte, que recaeron en Daniela Savic, Mariano Hern\u00e1n Carbone, Beatriz Est\u00e9vez \u00c1lvarez e Fabio Lima Correa, todos eles pola s\u00faa labor no balonm\u00e1n base.<\/p>\n<p style=\"text-align: justify\">En Triathlon se lle fixo entrega dun diploma a Roberto Mart\u00ednez Trigo, 9\u00ba no Campionato do Mundo de triatl\u00f3n de longa distancia 35-39.<\/p>\n<p style=\"text-align: justify\">Na modalidade de Atletismo e mushing, Jos\u00e9 Carlos Ferreira Gonz\u00e1lez foi galardoado polo seu palmar\u00e9s coma Campi\u00f3n galego M-45 en 3000m pista cuberta, 5km ruta e 10km ruta e 3\u00ba no Campionato de Espa\u00f1a veter\u00e1n de Canicross.<\/p>\n<p style=\"text-align: justify\">O clube Uni\u00f3n Deportiva Guardesa F.F. recib\u00eda tam\u00e9n o seu diploma despois de acadar o t\u00edtulo de Campioas da Liga Feminina F-7.<\/p>\n<p style=\"text-align: justify\">Na categor\u00eda de Hockey se quixo reco\u00f1ecer a varios integrantes do conxunto local A Guarda Hockey Li\u00f1a coma Sheila Silva Besada, Tom\u00e1s Guti\u00e9rrez Maj\u00f3 e Alejandra Lorenzo Mart\u00edn, participantes coa Selecci\u00f3n Galega de H\u00f3ckey no Torneo de Tecnificaci\u00f3n de Selecci\u00f3ns e a Miguel Fern\u00e1ndez Lomba, polos 10 anos da fundaci\u00f3n de A Guarda H\u00f3ckey Li\u00f1a e membro do corpo t\u00e9cnico da Selecci\u00f3n Galega de H\u00f3ckey.<\/p>\n<p style=\"text-align: justify\">En remo entreg\u00e1ronse diplomas a \u00d3scar Alonso Alonso, Campi\u00f3n de Espa\u00f1a absoluto de remoerg\u00f3metro e a Nieves Silva Mart\u00ednez, Campioa galega infantil de remoerg\u00f3metro.<\/p>\n<p style=\"text-align: justify\">A atleta guardesa Elsa Pena Vicente recib\u00eda tam\u00e9n o seu diploma despois de proclamarse Campioa galega sub 18 de 3000m lisos e subcampioa de Europa j\u00fanior de Triathlon Indoor.<\/p>\n<p style=\"text-align: justify\">Para pechar esta XIII edici\u00f3n da Gala do Deporte na Guarda o alcalde da Vila, Antonio Lomba destacou que \u201cOs veci\u00f1os e veci\u00f1as da Guarda, sent\u00edmonos orgullosos dos nosos deportistas e dos nosos clubs, de v\u00f3s; da nosa gran familia do deporte que tantas alegr\u00edas nos d\u00e1 e nos nos convirte nun referente en moitas disciplinas.<\/p>\n<p style=\"text-align: justify\">Trasladovos, unha vez m\u00e1is, as mi\u00f1as felicitaci\u00f3ns e o meu orgullo, como alcalde e veci\u00f1o guard\u00e9s, por todos os vosos \u00e9xitos.\u201d<\/p>\n<p style=\"text-align: justify\">Finalizaba a XIII Gala do Deporte, como ven sendo habitual, coa foto de familia cos premiados, membros do xurado e autoridades.<\/p>\n","protected":false},"excerpt":{"rendered":"<p>O Centro Cultural da Guarda acolleu o pasado venres d\u00eda 14 de febreiro de 2020 a XIII edici\u00f3n da Gala do Deporte, un evento que estivo presentado polo xornalista Terio Carrera. Neste evento reco\u00f1ec\u00e9ronse os diferentes logros e m\u00e9ritos deportivos &hellip; <\/p>\n","protected":false},"author":2,"featured_media":20594,"comment_status":"open","ping_status":"open","sticky":false,"template":"","format":"standard","meta":[],"categories":[35],"tags":[2077,226,276,1633],"yoast_head":"<!-- This site is optimized with the Yoast SEO plugin v21.1 - https:\/\/yoast.com\/wordpress\/plugins\/seo\/ -->\n<title>A Guarda reco\u00f1ece os m\u00e9ritos dos seus deportistas na XIII Gala do Deporte - Concello da Guarda<\/title>\n<meta name=\"robots\" content=\"index, follow, max-snippet:-1, max-image-preview:large, max-video-preview:-1\" \/>\n<link rel=\"canonical\" href=\"https:\/\/www.aguarda.es\/en\/a-guarda-reconece-os-meritos-dos-seus-deportistas-na-xiii-gala-do-deporte\/\" \/>\n<meta property=\"og:locale\" content=\"en_US\" \/>\n<meta property=\"og:type\" content=\"article\" \/>\n<meta property=\"og:title\" content=\"A Guarda reco\u00f1ece os m\u00e9ritos dos seus deportistas na XIII Gala do Deporte - Concello da Guarda\" \/>\n<meta property=\"og:description\" content=\"O Centro Cultural da Guarda acolleu o pasado venres d\u00eda 14 de febreiro de 2020 a XIII edici\u00f3n da Gala do Deporte, un evento que estivo presentado polo xornalista Terio Carrera. Neste evento reco\u00f1ec\u00e9ronse os diferentes logros e m\u00e9ritos deportivos &hellip;\" \/>\n<meta property=\"og:url\" content=\"https:\/\/www.aguarda.es\/en\/a-guarda-reconece-os-meritos-dos-seus-deportistas-na-xiii-gala-do-deporte\/\" \/>\n<meta property=\"og:site_name\" content=\"Concello da Guarda\" \/>\n<meta property=\"article:publisher\" content=\"https:\/\/www.facebook.com\/ConcellodaGuarda\" \/>\n<meta property=\"article:published_time\" content=\"2020-02-15T09:05:22+00:00\" \/>\n<meta property=\"og:image\" content=\"https:\/\/www.aguarda.es\/wp-content\/uploads\/2020\/02\/NP-14022020-GALA-DO-DEPORTE.jpg\" \/>\n\t<meta property=\"og:image:width\" content=\"800\" \/>\n\t<meta property=\"og:image:height\" content=\"800\" \/>\n\t<meta property=\"og:image:type\" content=\"image\/jpeg\" \/>\n<meta name=\"author\" content=\"prensa\" \/>\n<meta name=\"twitter:card\" content=\"summary_large_image\" \/>\n<meta name=\"twitter:creator\" content=\"@AGuarda_es\" \/>\n<meta name=\"twitter:site\" content=\"@AGuarda_es\" \/>\n<meta name=\"twitter:label1\" content=\"Written by\" \/>\n\t<meta name=\"twitter:data1\" content=\"prensa\" \/>\n\t<meta name=\"twitter:label2\" content=\"Est. reading time\" \/>\n\t<meta name=\"twitter:data2\" content=\"5 minutes\" \/>\n<script type=\"application\/ld+json\" class=\"yoast-schema-graph\">{\"@context\":\"https:\/\/schema.org\",\"@graph\":[{\"@type\":\"WebPage\",\"@id\":\"https:\/\/www.aguarda.es\/en\/a-guarda-reconece-os-meritos-dos-seus-deportistas-na-xiii-gala-do-deporte\/\",\"url\":\"https:\/\/www.aguarda.es\/en\/a-guarda-reconece-os-meritos-dos-seus-deportistas-na-xiii-gala-do-deporte\/\",\"name\":\"A Guarda reco\u00f1ece os m\u00e9ritos dos seus deportistas na XIII Gala do Deporte - Concello da Guarda\",\"isPartOf\":{\"@id\":\"https:\/\/www.aguarda.es\/en\/#website\"},\"datePublished\":\"2020-02-15T09:05:22+00:00\",\"dateModified\":\"2020-02-15T09:05:22+00:00\",\"author\":{\"@id\":\"https:\/\/www.aguarda.es\/en\/#\/schema\/person\/c463ca3006858ffb349d11179d044f21\"},\"breadcrumb\":{\"@id\":\"https:\/\/www.aguarda.es\/en\/a-guarda-reconece-os-meritos-dos-seus-deportistas-na-xiii-gala-do-deporte\/#breadcrumb\"},\"inLanguage\":\"en-US\",\"potentialAction\":[{\"@type\":\"ReadAction\",\"target\":[\"https:\/\/www.aguarda.es\/en\/a-guarda-reconece-os-meritos-dos-seus-deportistas-na-xiii-gala-do-deporte\/\"]}]},{\"@type\":\"BreadcrumbList\",\"@id\":\"https:\/\/www.aguarda.es\/en\/a-guarda-reconece-os-meritos-dos-seus-deportistas-na-xiii-gala-do-deporte\/#breadcrumb\",\"itemListElement\":[{\"@type\":\"ListItem\",\"position\":1,\"name\":\"Portada\",\"item\":\"https:\/\/www.aguarda.es\/en\/\"},{\"@type\":\"ListItem\",\"position\":2,\"name\":\"A Guarda reco\u00f1ece os m\u00e9ritos dos seus deportistas na XIII Gala do Deporte\"}]},{\"@type\":\"WebSite\",\"@id\":\"https:\/\/www.aguarda.es\/en\/#website\",\"url\":\"https:\/\/www.aguarda.es\/en\/\",\"name\":\"Concello da Guarda\",\"description\":\"P\u00e1xina web do concello da Guarda\",\"potentialAction\":[{\"@type\":\"SearchAction\",\"target\":{\"@type\":\"EntryPoint\",\"urlTemplate\":\"https:\/\/www.aguarda.es\/en\/?s={search_term_string}\"},\"query-input\":\"required name=search_term_string\"}],\"inLanguage\":\"en-US\"},{\"@type\":\"Person\",\"@id\":\"https:\/\/www.aguarda.es\/en\/#\/schema\/person\/c463ca3006858ffb349d11179d044f21\",\"name\":\"prensa\",\"image\":{\"@type\":\"ImageObject\",\"inLanguage\":\"en-US\",\"@id\":\"https:\/\/www.aguarda.es\/en\/#\/schema\/person\/image\/\",\"url\":\"https:\/\/secure.gravatar.com\/avatar\/5f90ef536b0f98306edf5c7a1135ffa1?s=96&d=mm&r=g\",\"contentUrl\":\"https:\/\/secure.gravatar.com\/avatar\/5f90ef536b0f98306edf5c7a1135ffa1?s=96&d=mm&r=g\",\"caption\":\"prensa\"},\"url\":\"https:\/\/www.aguarda.es\/en\/author\/prensa\/\"}]}<\/script>\n<!-- \/ Yoast SEO plugin. -->","yoast_head_json":{"title":"A Guarda reco\u00f1ece os m\u00e9ritos dos seus deportistas na XIII Gala do Deporte - Concello da Guarda","robots":{"index":"index","follow":"follow","max-snippet":"max-snippet:-1","max-image-preview":"max-image-preview:large","max-video-preview":"max-video-preview:-1"},"canonical":"https:\/\/www.aguarda.es\/en\/a-guarda-reconece-os-meritos-dos-seus-deportistas-na-xiii-gala-do-deporte\/","og_locale":"en_US","og_type":"article","og_title":"A Guarda reco\u00f1ece os m\u00e9ritos dos seus deportistas na XIII Gala do Deporte - Concello da Guarda","og_description":"O Centro Cultural da Guarda acolleu o pasado venres d\u00eda 14 de febreiro de 2020 a XIII edici\u00f3n da Gala do Deporte, un evento que estivo presentado polo xornalista Terio Carrera. Neste evento reco\u00f1ec\u00e9ronse os diferentes logros e m\u00e9ritos deportivos &hellip;","og_url":"https:\/\/www.aguarda.es\/en\/a-guarda-reconece-os-meritos-dos-seus-deportistas-na-xiii-gala-do-deporte\/","og_site_name":"Concello da Guarda","article_publisher":"https:\/\/www.facebook.com\/ConcellodaGuarda","article_published_time":"2020-02-15T09:05:22+00:00","og_image":[{"width":800,"height":800,"url":"https:\/\/www.aguarda.es\/wp-content\/uploads\/2020\/02\/NP-14022020-GALA-DO-DEPORTE.jpg","type":"image\/jpeg"}],"author":"prensa","twitter_card":"summary_large_image","twitter_creator":"@AGuarda_es","twitter_site":"@AGuarda_es","twitter_misc":{"Written by":"prensa","Est. reading time":"5 minutes"},"schema":{"@context":"https:\/\/schema.org","@graph":[{"@type":"WebPage","@id":"https:\/\/www.aguarda.es\/en\/a-guarda-reconece-os-meritos-dos-seus-deportistas-na-xiii-gala-do-deporte\/","url":"https:\/\/www.aguarda.es\/en\/a-guarda-reconece-os-meritos-dos-seus-deportistas-na-xiii-gala-do-deporte\/","name":"A Guarda reco\u00f1ece os m\u00e9ritos dos seus deportistas na XIII Gala do Deporte - Concello da Guarda","isPartOf":{"@id":"https:\/\/www.aguarda.es\/en\/#website"},"datePublished":"2020-02-15T09:05:22+00:00","dateModified":"2020-02-15T09:05:22+00:00","author":{"@id":"https:\/\/www.aguarda.es\/en\/#\/schema\/person\/c463ca3006858ffb349d11179d044f21"},"breadcrumb":{"@id":"https:\/\/www.aguarda.es\/en\/a-guarda-reconece-os-meritos-dos-seus-deportistas-na-xiii-gala-do-deporte\/#breadcrumb"},"inLanguage":"en-US","potentialAction":[{"@type":"ReadAction","target":["https:\/\/www.aguarda.es\/en\/a-guarda-reconece-os-meritos-dos-seus-deportistas-na-xiii-gala-do-deporte\/"]}]},{"@type":"BreadcrumbList","@id":"https:\/\/www.aguarda.es\/en\/a-guarda-reconece-os-meritos-dos-seus-deportistas-na-xiii-gala-do-deporte\/#breadcrumb","itemListElement":[{"@type":"ListItem","position":1,"name":"Portada","item":"https:\/\/www.aguarda.es\/en\/"},{"@type":"ListItem","position":2,"name":"A Guarda reco\u00f1ece os m\u00e9ritos dos seus deportistas na XIII Gala do Deporte"}]},{"@type":"WebSite","@id":"https:\/\/www.aguarda.es\/en\/#website","url":"https:\/\/www.aguarda.es\/en\/","name":"Concello da Guarda","description":"P\u00e1xina web do concello da Guarda","potentialAction":[{"@type":"SearchAction","target":{"@type":"EntryPoint","urlTemplate":"https:\/\/www.aguarda.es\/en\/?s={search_term_string}"},"query-input":"required name=search_term_string"}],"inLanguage":"en-US"},{"@type":"Person","@id":"https:\/\/www.aguarda.es\/en\/#\/schema\/person\/c463ca3006858ffb349d11179d044f21","name":"prensa","image":{"@type":"ImageObject","inLanguage":"en-US","@id":"https:\/\/www.aguarda.es\/en\/#\/schema\/person\/image\/","url":"https:\/\/secure.gravatar.com\/avatar\/5f90ef536b0f98306edf5c7a1135ffa1?s=96&d=mm&r=g","contentUrl":"https:\/\/secure.gravatar.com\/avatar\/5f90ef536b0f98306edf5c7a1135ffa1?s=96&d=mm&r=g","caption":"prensa"},"url":"https:\/\/www.aguarda.es\/en\/author\/prensa\/"}]}},"_links":{"self":[{"href":"https:\/\/www.aguarda.es\/en\/wp-json\/wp\/v2\/posts\/20593"}],"collection":[{"href":"https:\/\/www.aguarda.es\/en\/wp-json\/wp\/v2\/posts"}],"about":[{"href":"https:\/\/www.aguarda.es\/en\/wp-json\/wp\/v2\/types\/post"}],"author":[{"embeddable":true,"href":"https:\/\/www.aguarda.es\/en\/wp-json\/wp\/v2\/users\/2"}],"replies":[{"embeddable":true,"href":"https:\/\/www.aguarda.es\/en\/wp-json\/wp\/v2\/comments?post=20593"}],"version-history":[{"count":1,"href":"https:\/\/www.aguarda.es\/en\/wp-json\/wp\/v2\/posts\/20593\/revisions"}],"predecessor-version":[{"id":20596,"href":"https:\/\/www.aguarda.es\/en\/wp-json\/wp\/v2\/posts\/20593\/revisions\/20596"}],"wp:featuredmedia":[{"embeddable":true,"href":"https:\/\/www.aguarda.es\/en\/wp-json\/wp\/v2\/media\/20594"}],"wp:attachment":[{"href":"https:\/\/www.aguarda.es\/en\/wp-json\/wp\/v2\/media?parent=20593"}],"wp:term":[{"taxonomy":"category","embeddable":true,"href":"https:\/\/www.aguarda.es\/en\/wp-json\/wp\/v2\/categories?post=20593"},{"taxonomy":"post_tag","embeddable":true,"href":"https:\/\/www.aguarda.es\/en\/wp-json\/wp\/v2\/tags?post=20593"}],"curies":[{"name":"wp","href":"https:\/\/api.w.org\/{rel}","templated":true}]}}