{"id":20676,"date":"2020-03-03T09:21:25","date_gmt":"2020-03-03T09:21:25","guid":{"rendered":"https:\/\/www.aguarda.es\/?p=20676"},"modified":"2020-03-03T09:21:25","modified_gmt":"2020-03-03T09:21:25","slug":"citas-para-a-renovacion-do-dni-na-guarda-nos-meses-de-abril-maio-e-xuno","status":"publish","type":"post","link":"https:\/\/www.aguarda.es\/en\/citas-para-a-renovacion-do-dni-na-guarda-nos-meses-de-abril-maio-e-xuno\/","title":{"rendered":"Citas para a renovaci\u00f3n do DNI na Guarda nos meses de abril maio e xu\u00f1o"},"content":{"rendered":"<p style=\"text-align: justify\">O vindeiro m\u00e9rcores d\u00eda 11 de marzo de 2020 xa se poder\u00e1n solicitar as citas para a visita das unidades m\u00f3biles no concello para a renovaci\u00f3n do Documento Nacional de Identidade (DNI) correspondentes aos meses de abril, maio e xu\u00f1o de 2020.<\/p>\n<p style=\"text-align: justify\">A apertura do prazo para a solicitude de novas citas nos meses de abril, maio e xu\u00f1o ofertadas pola unidade m\u00f3bil do Corpo Nacional de Polic\u00eda de Vigo comezar\u00e1n o m\u00e9rcores d\u00eda 11 de marzo de xeito presencial de 8:00h a 14:00h na Casa dos Alonsos e a partires do xoves 12 de marzo de xeito telef\u00f3nico no 986 61 0000 nas extensi\u00f3ns 1 e 2.<\/p>\n<p style=\"text-align: justify\">Ata ent\u00f3n, aquelas persoas que de xeito urxente necesiten realizar a renovaci\u00f3n do seu DNI, poder\u00e1n acudir \u00e1s oficinas de expedici\u00f3n de Tui (na r\u00faa P\u00e1rroco Rodr\u00edguez V\u00e1zquez, 3) ou Vigo (r\u00faa \u00c1lvaro Cunqueiro, 6) previa solicitude de cita no tel\u00e9fono 060 ou ben a trav\u00e9s da p\u00e1xina web <a href=\"http:\/\/www.citapreviadni.es\">www.citapreviadni.es<\/a>.<\/p>\n","protected":false},"excerpt":{"rendered":"<p>O vindeiro m\u00e9rcores d\u00eda 11 de marzo de 2020 xa se poder\u00e1n solicitar as citas para a visita das unidades m\u00f3biles no concello para a renovaci\u00f3n do Documento Nacional de Identidade (DNI) correspondentes aos meses de abril, maio e xu\u00f1o &hellip; <\/p>\n","protected":false},"author":2,"featured_media":20677,"comment_status":"open","ping_status":"open","sticky":false,"template":"","format":"standard","meta":[],"categories":[33],"tags":[226,1403,553,554],"yoast_head":"<!-- This site is optimized with the Yoast SEO plugin v21.1 - https:\/\/yoast.com\/wordpress\/plugins\/seo\/ -->\n<title>Citas para a renovaci\u00f3n do DNI na Guarda nos meses de abril maio e xu\u00f1o - Concello da Guarda<\/title>\n<meta name=\"robots\" content=\"index, follow, max-snippet:-1, max-image-preview:large, max-video-preview:-1\" \/>\n<link rel=\"canonical\" href=\"https:\/\/www.aguarda.es\/en\/citas-para-a-renovacion-do-dni-na-guarda-nos-meses-de-abril-maio-e-xuno\/\" \/>\n<meta property=\"og:locale\" content=\"en_US\" \/>\n<meta property=\"og:type\" content=\"article\" \/>\n<meta property=\"og:title\" content=\"Citas para a renovaci\u00f3n do DNI na Guarda nos meses de abril maio e xu\u00f1o - Concello da Guarda\" \/>\n<meta property=\"og:description\" content=\"O vindeiro m\u00e9rcores d\u00eda 11 de marzo de 2020 xa se poder\u00e1n solicitar as citas para a visita das unidades m\u00f3biles no concello para a renovaci\u00f3n do Documento Nacional de Identidade (DNI) correspondentes aos meses de abril, maio e xu\u00f1o &hellip;\" \/>\n<meta property=\"og:url\" content=\"https:\/\/www.aguarda.es\/en\/citas-para-a-renovacion-do-dni-na-guarda-nos-meses-de-abril-maio-e-xuno\/\" \/>\n<meta property=\"og:site_name\" content=\"Concello da Guarda\" \/>\n<meta property=\"article:publisher\" content=\"https:\/\/www.facebook.com\/ConcellodaGuarda\" \/>\n<meta property=\"article:published_time\" content=\"2020-03-03T09:21:25+00:00\" \/>\n<meta property=\"og:image\" content=\"https:\/\/www.aguarda.es\/wp-content\/uploads\/2020\/03\/NP-03032020-Citas-para-a-renovaci\u00f3n-do-DNI-na-Guarda-nos-meses-de-abril-maio-e-xu\u00f1o.jpg\" \/>\n\t<meta property=\"og:image:width\" content=\"592\" \/>\n\t<meta property=\"og:image:height\" content=\"356\" \/>\n\t<meta property=\"og:image:type\" content=\"image\/jpeg\" \/>\n<meta name=\"author\" content=\"prensa\" \/>\n<meta name=\"twitter:card\" content=\"summary_large_image\" \/>\n<meta name=\"twitter:creator\" content=\"@AGuarda_es\" \/>\n<meta name=\"twitter:site\" content=\"@AGuarda_es\" \/>\n<meta name=\"twitter:label1\" content=\"Written by\" \/>\n\t<meta name=\"twitter:data1\" content=\"prensa\" \/>\n\t<meta name=\"twitter:label2\" content=\"Est. reading time\" \/>\n\t<meta name=\"twitter:data2\" content=\"1 minute\" \/>\n<script type=\"application\/ld+json\" class=\"yoast-schema-graph\">{\"@context\":\"https:\/\/schema.org\",\"@graph\":[{\"@type\":\"WebPage\",\"@id\":\"https:\/\/www.aguarda.es\/en\/citas-para-a-renovacion-do-dni-na-guarda-nos-meses-de-abril-maio-e-xuno\/\",\"url\":\"https:\/\/www.aguarda.es\/en\/citas-para-a-renovacion-do-dni-na-guarda-nos-meses-de-abril-maio-e-xuno\/\",\"name\":\"Citas para a renovaci\u00f3n do DNI na Guarda nos meses de abril maio e xu\u00f1o - Concello da Guarda\",\"isPartOf\":{\"@id\":\"https:\/\/www.aguarda.es\/en\/#website\"},\"datePublished\":\"2020-03-03T09:21:25+00:00\",\"dateModified\":\"2020-03-03T09:21:25+00:00\",\"author\":{\"@id\":\"https:\/\/www.aguarda.es\/en\/#\/schema\/person\/c463ca3006858ffb349d11179d044f21\"},\"breadcrumb\":{\"@id\":\"https:\/\/www.aguarda.es\/en\/citas-para-a-renovacion-do-dni-na-guarda-nos-meses-de-abril-maio-e-xuno\/#breadcrumb\"},\"inLanguage\":\"en-US\",\"potentialAction\":[{\"@type\":\"ReadAction\",\"target\":[\"https:\/\/www.aguarda.es\/en\/citas-para-a-renovacion-do-dni-na-guarda-nos-meses-de-abril-maio-e-xuno\/\"]}]},{\"@type\":\"BreadcrumbList\",\"@id\":\"https:\/\/www.aguarda.es\/en\/citas-para-a-renovacion-do-dni-na-guarda-nos-meses-de-abril-maio-e-xuno\/#breadcrumb\",\"itemListElement\":[{\"@type\":\"ListItem\",\"position\":1,\"name\":\"Portada\",\"item\":\"https:\/\/www.aguarda.es\/en\/\"},{\"@type\":\"ListItem\",\"position\":2,\"name\":\"Citas para a renovaci\u00f3n do DNI na Guarda nos meses de abril maio e xu\u00f1o\"}]},{\"@type\":\"WebSite\",\"@id\":\"https:\/\/www.aguarda.es\/en\/#website\",\"url\":\"https:\/\/www.aguarda.es\/en\/\",\"name\":\"Concello da Guarda\",\"description\":\"P\u00e1xina web do concello da Guarda\",\"potentialAction\":[{\"@type\":\"SearchAction\",\"target\":{\"@type\":\"EntryPoint\",\"urlTemplate\":\"https:\/\/www.aguarda.es\/en\/?s={search_term_string}\"},\"query-input\":\"required name=search_term_string\"}],\"inLanguage\":\"en-US\"},{\"@type\":\"Person\",\"@id\":\"https:\/\/www.aguarda.es\/en\/#\/schema\/person\/c463ca3006858ffb349d11179d044f21\",\"name\":\"prensa\",\"image\":{\"@type\":\"ImageObject\",\"inLanguage\":\"en-US\",\"@id\":\"https:\/\/www.aguarda.es\/en\/#\/schema\/person\/image\/\",\"url\":\"https:\/\/secure.gravatar.com\/avatar\/5f90ef536b0f98306edf5c7a1135ffa1?s=96&d=mm&r=g\",\"contentUrl\":\"https:\/\/secure.gravatar.com\/avatar\/5f90ef536b0f98306edf5c7a1135ffa1?s=96&d=mm&r=g\",\"caption\":\"prensa\"},\"url\":\"https:\/\/www.aguarda.es\/en\/author\/prensa\/\"}]}<\/script>\n<!-- \/ Yoast SEO plugin. -->","yoast_head_json":{"title":"Citas para a renovaci\u00f3n do DNI na Guarda nos meses de abril maio e xu\u00f1o - Concello da Guarda","robots":{"index":"index","follow":"follow","max-snippet":"max-snippet:-1","max-image-preview":"max-image-preview:large","max-video-preview":"max-video-preview:-1"},"canonical":"https:\/\/www.aguarda.es\/en\/citas-para-a-renovacion-do-dni-na-guarda-nos-meses-de-abril-maio-e-xuno\/","og_locale":"en_US","og_type":"article","og_title":"Citas para a renovaci\u00f3n do DNI na Guarda nos meses de abril maio e xu\u00f1o - Concello da Guarda","og_description":"O vindeiro m\u00e9rcores d\u00eda 11 de marzo de 2020 xa se poder\u00e1n solicitar as citas para a visita das unidades m\u00f3biles no concello para a renovaci\u00f3n do Documento Nacional de Identidade (DNI) correspondentes aos meses de abril, maio e xu\u00f1o &hellip;","og_url":"https:\/\/www.aguarda.es\/en\/citas-para-a-renovacion-do-dni-na-guarda-nos-meses-de-abril-maio-e-xuno\/","og_site_name":"Concello da Guarda","article_publisher":"https:\/\/www.facebook.com\/ConcellodaGuarda","article_published_time":"2020-03-03T09:21:25+00:00","og_image":[{"width":592,"height":356,"url":"https:\/\/www.aguarda.es\/wp-content\/uploads\/2020\/03\/NP-03032020-Citas-para-a-renovaci\u00f3n-do-DNI-na-Guarda-nos-meses-de-abril-maio-e-xu\u00f1o.jpg","type":"image\/jpeg"}],"author":"prensa","twitter_card":"summary_large_image","twitter_creator":"@AGuarda_es","twitter_site":"@AGuarda_es","twitter_misc":{"Written by":"prensa","Est. reading time":"1 minute"},"schema":{"@context":"https:\/\/schema.org","@graph":[{"@type":"WebPage","@id":"https:\/\/www.aguarda.es\/en\/citas-para-a-renovacion-do-dni-na-guarda-nos-meses-de-abril-maio-e-xuno\/","url":"https:\/\/www.aguarda.es\/en\/citas-para-a-renovacion-do-dni-na-guarda-nos-meses-de-abril-maio-e-xuno\/","name":"Citas para a renovaci\u00f3n do DNI na Guarda nos meses de abril maio e xu\u00f1o - Concello da Guarda","isPartOf":{"@id":"https:\/\/www.aguarda.es\/en\/#website"},"datePublished":"2020-03-03T09:21:25+00:00","dateModified":"2020-03-03T09:21:25+00:00","author":{"@id":"https:\/\/www.aguarda.es\/en\/#\/schema\/person\/c463ca3006858ffb349d11179d044f21"},"breadcrumb":{"@id":"https:\/\/www.aguarda.es\/en\/citas-para-a-renovacion-do-dni-na-guarda-nos-meses-de-abril-maio-e-xuno\/#breadcrumb"},"inLanguage":"en-US","potentialAction":[{"@type":"ReadAction","target":["https:\/\/www.aguarda.es\/en\/citas-para-a-renovacion-do-dni-na-guarda-nos-meses-de-abril-maio-e-xuno\/"]}]},{"@type":"BreadcrumbList","@id":"https:\/\/www.aguarda.es\/en\/citas-para-a-renovacion-do-dni-na-guarda-nos-meses-de-abril-maio-e-xuno\/#breadcrumb","itemListElement":[{"@type":"ListItem","position":1,"name":"Portada","item":"https:\/\/www.aguarda.es\/en\/"},{"@type":"ListItem","position":2,"name":"Citas para a renovaci\u00f3n do DNI na Guarda nos meses de abril maio e xu\u00f1o"}]},{"@type":"WebSite","@id":"https:\/\/www.aguarda.es\/en\/#website","url":"https:\/\/www.aguarda.es\/en\/","name":"Concello da Guarda","description":"P\u00e1xina web do concello da Guarda","potentialAction":[{"@type":"SearchAction","target":{"@type":"EntryPoint","urlTemplate":"https:\/\/www.aguarda.es\/en\/?s={search_term_string}"},"query-input":"required name=search_term_string"}],"inLanguage":"en-US"},{"@type":"Person","@id":"https:\/\/www.aguarda.es\/en\/#\/schema\/person\/c463ca3006858ffb349d11179d044f21","name":"prensa","image":{"@type":"ImageObject","inLanguage":"en-US","@id":"https:\/\/www.aguarda.es\/en\/#\/schema\/person\/image\/","url":"https:\/\/secure.gravatar.com\/avatar\/5f90ef536b0f98306edf5c7a1135ffa1?s=96&d=mm&r=g","contentUrl":"https:\/\/secure.gravatar.com\/avatar\/5f90ef536b0f98306edf5c7a1135ffa1?s=96&d=mm&r=g","caption":"prensa"},"url":"https:\/\/www.aguarda.es\/en\/author\/prensa\/"}]}},"_links":{"self":[{"href":"https:\/\/www.aguarda.es\/en\/wp-json\/wp\/v2\/posts\/20676"}],"collection":[{"href":"https:\/\/www.aguarda.es\/en\/wp-json\/wp\/v2\/posts"}],"about":[{"href":"https:\/\/www.aguarda.es\/en\/wp-json\/wp\/v2\/types\/post"}],"author":[{"embeddable":true,"href":"https:\/\/www.aguarda.es\/en\/wp-json\/wp\/v2\/users\/2"}],"replies":[{"embeddable":true,"href":"https:\/\/www.aguarda.es\/en\/wp-json\/wp\/v2\/comments?post=20676"}],"version-history":[{"count":1,"href":"https:\/\/www.aguarda.es\/en\/wp-json\/wp\/v2\/posts\/20676\/revisions"}],"predecessor-version":[{"id":20679,"href":"https:\/\/www.aguarda.es\/en\/wp-json\/wp\/v2\/posts\/20676\/revisions\/20679"}],"wp:featuredmedia":[{"embeddable":true,"href":"https:\/\/www.aguarda.es\/en\/wp-json\/wp\/v2\/media\/20677"}],"wp:attachment":[{"href":"https:\/\/www.aguarda.es\/en\/wp-json\/wp\/v2\/media?parent=20676"}],"wp:term":[{"taxonomy":"category","embeddable":true,"href":"https:\/\/www.aguarda.es\/en\/wp-json\/wp\/v2\/categories?post=20676"},{"taxonomy":"post_tag","embeddable":true,"href":"https:\/\/www.aguarda.es\/en\/wp-json\/wp\/v2\/tags?post=20676"}],"curies":[{"name":"wp","href":"https:\/\/api.w.org\/{rel}","templated":true}]}}