{"id":20698,"date":"2020-03-06T08:42:52","date_gmt":"2020-03-06T08:42:52","guid":{"rendered":"https:\/\/www.aguarda.es\/?p=20698"},"modified":"2020-03-06T08:42:52","modified_gmt":"2020-03-06T08:42:52","slug":"a-guarda-prepara-as-primeiras-xornadas-sobre-saude-e-benestar","status":"publish","type":"post","link":"https:\/\/www.aguarda.es\/en\/a-guarda-prepara-as-primeiras-xornadas-sobre-saude-e-benestar\/","title":{"rendered":"A Guarda prepara as primeiras Xornadas sobre sa\u00fade e benestar"},"content":{"rendered":"<p>[vc_row][vc_column][vc_column_text]<\/p>\n<p style=\"text-align: justify\">O Concello da Guarda comeza cos preparativos dunha nova actividade dirixida ao p\u00fablico xeral e que este ano versar\u00e1 sobre a Sa\u00fade e o Benestar.<\/p>\n<p style=\"text-align: justify\">A proposta \u201cI Xornadas sobre sa\u00fade e Benestar\u201d permitir\u00e1n, de xeito participativo, implicar \u00e1 poboaci\u00f3n da vila no co\u00f1ecemento e ampliaci\u00f3n de informaci\u00f3n sobre diversos temas de sa\u00fade do d\u00eda a d\u00eda.<\/p>\n<p style=\"text-align: justify\">Grazas \u00e1 participaci\u00f3n de empresas e profesionais sanitarios, as xornadas contar\u00e1n con charlas, conferencias e debates abertos, nos que se tratar\u00e1 e falar\u00e1 sobre temas de inter\u00e9s xeral vencellados \u00e1 sa\u00fade e \u00f3 benestar.<\/p>\n<p style=\"text-align: justify\">Dende o Concello da Guarda se lanza un convite a todos os empresarios e profesionais da sa\u00fade e do benestar, nunha convocatoria aberta a participar nesta novidosa actividade, que permitir\u00e1, por unha banda, potenciar e promocionar as empresas adicadas \u00e1 sa\u00fade e ao benestar da vila e, por outra banda, manter encontros con profesionais sanitarios de diversas ramas.<\/p>\n<p style=\"text-align: justify\">As empresas e profesionais sanitarios poden realizar a s\u00faa inscrici\u00f3n no seguinte formulario <a href=\"https:\/\/forms.gle\/hmV3tmL4pjv8RUMM9\">https:\/\/forms.gle\/hmV3tmL4pjv8RUMM9<\/a> ou ben contactando coa OMIX da Guarda no telefono 986 61 0000 ext.7 ou no enderezo electr\u00f3nico informacion@aguarda.es<\/p>\n<p>[\/vc_column_text][\/vc_column][\/vc_row][vc_row][vc_column][vc_raw_html]JTNDaWZyYW1lJTIwc3JjJTNEJTIyaHR0cHMlM0ElMkYlMkZkb2NzLmdvb2dsZS5jb20lMkZmb3JtcyUyRmQlMkZlJTJGMUZBSXBRTFNmb1pGWTVwWkNpakVfYXhzY25LN3VfY3I3bmUzSTVYSjFSS3AxV0JpTEZRZ0Y1VFElMkZ2aWV3Zm9ybSUzRmVtYmVkZGVkJTNEdHJ1ZSUyMiUyMHdpZHRoJTNEJTIyNjQwJTIyJTIwaGVpZ2h0JTNEJTIyMTY3MyUyMiUyMGZyYW1lYm9yZGVyJTNEJTIyMCUyMiUyMG1hcmdpbmhlaWdodCUzRCUyMjAlMjIlMjBtYXJnaW53aWR0aCUzRCUyMjAlMjIlM0VDYXJnYW5kbyVFMiU4MCVBNiUzQyUyRmlmcmFtZSUzRQ==[\/vc_raw_html][\/vc_column][\/vc_row]<\/p>\n","protected":false},"excerpt":{"rendered":"<p>[vc_row][vc_column][vc_column_text] O Concello da Guarda comeza cos preparativos dunha nova actividade dirixida ao p\u00fablico xeral e que este ano versar\u00e1 sobre a Sa\u00fade e o Benestar. A proposta \u201cI Xornadas sobre sa\u00fade e Benestar\u201d permitir\u00e1n, de xeito participativo, implicar \u00e1 &hellip; <\/p>\n","protected":false},"author":2,"featured_media":20699,"comment_status":"open","ping_status":"open","sticky":false,"template":"","format":"standard","meta":[],"categories":[36,33],"tags":[226,2095,2094],"yoast_head":"<!-- This site is optimized with the Yoast SEO plugin v21.1 - https:\/\/yoast.com\/wordpress\/plugins\/seo\/ -->\n<title>A Guarda prepara as primeiras Xornadas sobre sa\u00fade e benestar - Concello da Guarda<\/title>\n<meta name=\"robots\" content=\"index, follow, max-snippet:-1, max-image-preview:large, max-video-preview:-1\" \/>\n<link rel=\"canonical\" href=\"https:\/\/www.aguarda.es\/en\/a-guarda-prepara-as-primeiras-xornadas-sobre-saude-e-benestar\/\" \/>\n<meta property=\"og:locale\" content=\"en_US\" \/>\n<meta property=\"og:type\" content=\"article\" \/>\n<meta property=\"og:title\" content=\"A Guarda prepara as primeiras Xornadas sobre sa\u00fade e benestar - Concello da Guarda\" \/>\n<meta property=\"og:description\" content=\"[vc_row][vc_column][vc_column_text] O Concello da Guarda comeza cos preparativos dunha nova actividade dirixida ao p\u00fablico xeral e que este ano versar\u00e1 sobre a Sa\u00fade e o Benestar. A proposta \u201cI Xornadas sobre sa\u00fade e Benestar\u201d permitir\u00e1n, de xeito participativo, implicar \u00e1 &hellip;\" \/>\n<meta property=\"og:url\" content=\"https:\/\/www.aguarda.es\/en\/a-guarda-prepara-as-primeiras-xornadas-sobre-saude-e-benestar\/\" \/>\n<meta property=\"og:site_name\" content=\"Concello da Guarda\" \/>\n<meta property=\"article:publisher\" content=\"https:\/\/www.facebook.com\/ConcellodaGuarda\" \/>\n<meta property=\"article:published_time\" content=\"2020-03-06T08:42:52+00:00\" \/>\n<meta property=\"og:image\" content=\"https:\/\/www.aguarda.es\/wp-content\/uploads\/2020\/03\/NP-06032020-A-Guarda-prepara-as-primeiras-Xornadas-sobre-sa\u00fade-e-benestar.jpg\" \/>\n\t<meta property=\"og:image:width\" content=\"800\" \/>\n\t<meta property=\"og:image:height\" content=\"800\" \/>\n\t<meta property=\"og:image:type\" content=\"image\/jpeg\" \/>\n<meta name=\"author\" content=\"prensa\" \/>\n<meta name=\"twitter:card\" content=\"summary_large_image\" \/>\n<meta name=\"twitter:creator\" content=\"@AGuarda_es\" \/>\n<meta name=\"twitter:site\" content=\"@AGuarda_es\" \/>\n<meta name=\"twitter:label1\" content=\"Written by\" \/>\n\t<meta name=\"twitter:data1\" content=\"prensa\" \/>\n\t<meta name=\"twitter:label2\" content=\"Est. reading time\" \/>\n\t<meta name=\"twitter:data2\" content=\"1 minute\" \/>\n<script type=\"application\/ld+json\" class=\"yoast-schema-graph\">{\"@context\":\"https:\/\/schema.org\",\"@graph\":[{\"@type\":\"WebPage\",\"@id\":\"https:\/\/www.aguarda.es\/en\/a-guarda-prepara-as-primeiras-xornadas-sobre-saude-e-benestar\/\",\"url\":\"https:\/\/www.aguarda.es\/en\/a-guarda-prepara-as-primeiras-xornadas-sobre-saude-e-benestar\/\",\"name\":\"A Guarda prepara as primeiras Xornadas sobre sa\u00fade e benestar - Concello da Guarda\",\"isPartOf\":{\"@id\":\"https:\/\/www.aguarda.es\/en\/#website\"},\"datePublished\":\"2020-03-06T08:42:52+00:00\",\"dateModified\":\"2020-03-06T08:42:52+00:00\",\"author\":{\"@id\":\"https:\/\/www.aguarda.es\/en\/#\/schema\/person\/c463ca3006858ffb349d11179d044f21\"},\"breadcrumb\":{\"@id\":\"https:\/\/www.aguarda.es\/en\/a-guarda-prepara-as-primeiras-xornadas-sobre-saude-e-benestar\/#breadcrumb\"},\"inLanguage\":\"en-US\",\"potentialAction\":[{\"@type\":\"ReadAction\",\"target\":[\"https:\/\/www.aguarda.es\/en\/a-guarda-prepara-as-primeiras-xornadas-sobre-saude-e-benestar\/\"]}]},{\"@type\":\"BreadcrumbList\",\"@id\":\"https:\/\/www.aguarda.es\/en\/a-guarda-prepara-as-primeiras-xornadas-sobre-saude-e-benestar\/#breadcrumb\",\"itemListElement\":[{\"@type\":\"ListItem\",\"position\":1,\"name\":\"Portada\",\"item\":\"https:\/\/www.aguarda.es\/en\/\"},{\"@type\":\"ListItem\",\"position\":2,\"name\":\"A Guarda prepara as primeiras Xornadas sobre sa\u00fade e benestar\"}]},{\"@type\":\"WebSite\",\"@id\":\"https:\/\/www.aguarda.es\/en\/#website\",\"url\":\"https:\/\/www.aguarda.es\/en\/\",\"name\":\"Concello da Guarda\",\"description\":\"P\u00e1xina web do concello da Guarda\",\"potentialAction\":[{\"@type\":\"SearchAction\",\"target\":{\"@type\":\"EntryPoint\",\"urlTemplate\":\"https:\/\/www.aguarda.es\/en\/?s={search_term_string}\"},\"query-input\":\"required name=search_term_string\"}],\"inLanguage\":\"en-US\"},{\"@type\":\"Person\",\"@id\":\"https:\/\/www.aguarda.es\/en\/#\/schema\/person\/c463ca3006858ffb349d11179d044f21\",\"name\":\"prensa\",\"image\":{\"@type\":\"ImageObject\",\"inLanguage\":\"en-US\",\"@id\":\"https:\/\/www.aguarda.es\/en\/#\/schema\/person\/image\/\",\"url\":\"https:\/\/secure.gravatar.com\/avatar\/5f90ef536b0f98306edf5c7a1135ffa1?s=96&d=mm&r=g\",\"contentUrl\":\"https:\/\/secure.gravatar.com\/avatar\/5f90ef536b0f98306edf5c7a1135ffa1?s=96&d=mm&r=g\",\"caption\":\"prensa\"},\"url\":\"https:\/\/www.aguarda.es\/en\/author\/prensa\/\"}]}<\/script>\n<!-- \/ Yoast SEO plugin. -->","yoast_head_json":{"title":"A Guarda prepara as primeiras Xornadas sobre sa\u00fade e benestar - Concello da Guarda","robots":{"index":"index","follow":"follow","max-snippet":"max-snippet:-1","max-image-preview":"max-image-preview:large","max-video-preview":"max-video-preview:-1"},"canonical":"https:\/\/www.aguarda.es\/en\/a-guarda-prepara-as-primeiras-xornadas-sobre-saude-e-benestar\/","og_locale":"en_US","og_type":"article","og_title":"A Guarda prepara as primeiras Xornadas sobre sa\u00fade e benestar - Concello da Guarda","og_description":"[vc_row][vc_column][vc_column_text] O Concello da Guarda comeza cos preparativos dunha nova actividade dirixida ao p\u00fablico xeral e que este ano versar\u00e1 sobre a Sa\u00fade e o Benestar. A proposta \u201cI Xornadas sobre sa\u00fade e Benestar\u201d permitir\u00e1n, de xeito participativo, implicar \u00e1 &hellip;","og_url":"https:\/\/www.aguarda.es\/en\/a-guarda-prepara-as-primeiras-xornadas-sobre-saude-e-benestar\/","og_site_name":"Concello da Guarda","article_publisher":"https:\/\/www.facebook.com\/ConcellodaGuarda","article_published_time":"2020-03-06T08:42:52+00:00","og_image":[{"width":800,"height":800,"url":"https:\/\/www.aguarda.es\/wp-content\/uploads\/2020\/03\/NP-06032020-A-Guarda-prepara-as-primeiras-Xornadas-sobre-sa\u00fade-e-benestar.jpg","type":"image\/jpeg"}],"author":"prensa","twitter_card":"summary_large_image","twitter_creator":"@AGuarda_es","twitter_site":"@AGuarda_es","twitter_misc":{"Written by":"prensa","Est. reading time":"1 minute"},"schema":{"@context":"https:\/\/schema.org","@graph":[{"@type":"WebPage","@id":"https:\/\/www.aguarda.es\/en\/a-guarda-prepara-as-primeiras-xornadas-sobre-saude-e-benestar\/","url":"https:\/\/www.aguarda.es\/en\/a-guarda-prepara-as-primeiras-xornadas-sobre-saude-e-benestar\/","name":"A Guarda prepara as primeiras Xornadas sobre sa\u00fade e benestar - Concello da Guarda","isPartOf":{"@id":"https:\/\/www.aguarda.es\/en\/#website"},"datePublished":"2020-03-06T08:42:52+00:00","dateModified":"2020-03-06T08:42:52+00:00","author":{"@id":"https:\/\/www.aguarda.es\/en\/#\/schema\/person\/c463ca3006858ffb349d11179d044f21"},"breadcrumb":{"@id":"https:\/\/www.aguarda.es\/en\/a-guarda-prepara-as-primeiras-xornadas-sobre-saude-e-benestar\/#breadcrumb"},"inLanguage":"en-US","potentialAction":[{"@type":"ReadAction","target":["https:\/\/www.aguarda.es\/en\/a-guarda-prepara-as-primeiras-xornadas-sobre-saude-e-benestar\/"]}]},{"@type":"BreadcrumbList","@id":"https:\/\/www.aguarda.es\/en\/a-guarda-prepara-as-primeiras-xornadas-sobre-saude-e-benestar\/#breadcrumb","itemListElement":[{"@type":"ListItem","position":1,"name":"Portada","item":"https:\/\/www.aguarda.es\/en\/"},{"@type":"ListItem","position":2,"name":"A Guarda prepara as primeiras Xornadas sobre sa\u00fade e benestar"}]},{"@type":"WebSite","@id":"https:\/\/www.aguarda.es\/en\/#website","url":"https:\/\/www.aguarda.es\/en\/","name":"Concello da Guarda","description":"P\u00e1xina web do concello da Guarda","potentialAction":[{"@type":"SearchAction","target":{"@type":"EntryPoint","urlTemplate":"https:\/\/www.aguarda.es\/en\/?s={search_term_string}"},"query-input":"required name=search_term_string"}],"inLanguage":"en-US"},{"@type":"Person","@id":"https:\/\/www.aguarda.es\/en\/#\/schema\/person\/c463ca3006858ffb349d11179d044f21","name":"prensa","image":{"@type":"ImageObject","inLanguage":"en-US","@id":"https:\/\/www.aguarda.es\/en\/#\/schema\/person\/image\/","url":"https:\/\/secure.gravatar.com\/avatar\/5f90ef536b0f98306edf5c7a1135ffa1?s=96&d=mm&r=g","contentUrl":"https:\/\/secure.gravatar.com\/avatar\/5f90ef536b0f98306edf5c7a1135ffa1?s=96&d=mm&r=g","caption":"prensa"},"url":"https:\/\/www.aguarda.es\/en\/author\/prensa\/"}]}},"_links":{"self":[{"href":"https:\/\/www.aguarda.es\/en\/wp-json\/wp\/v2\/posts\/20698"}],"collection":[{"href":"https:\/\/www.aguarda.es\/en\/wp-json\/wp\/v2\/posts"}],"about":[{"href":"https:\/\/www.aguarda.es\/en\/wp-json\/wp\/v2\/types\/post"}],"author":[{"embeddable":true,"href":"https:\/\/www.aguarda.es\/en\/wp-json\/wp\/v2\/users\/2"}],"replies":[{"embeddable":true,"href":"https:\/\/www.aguarda.es\/en\/wp-json\/wp\/v2\/comments?post=20698"}],"version-history":[{"count":1,"href":"https:\/\/www.aguarda.es\/en\/wp-json\/wp\/v2\/posts\/20698\/revisions"}],"predecessor-version":[{"id":20701,"href":"https:\/\/www.aguarda.es\/en\/wp-json\/wp\/v2\/posts\/20698\/revisions\/20701"}],"wp:featuredmedia":[{"embeddable":true,"href":"https:\/\/www.aguarda.es\/en\/wp-json\/wp\/v2\/media\/20699"}],"wp:attachment":[{"href":"https:\/\/www.aguarda.es\/en\/wp-json\/wp\/v2\/media?parent=20698"}],"wp:term":[{"taxonomy":"category","embeddable":true,"href":"https:\/\/www.aguarda.es\/en\/wp-json\/wp\/v2\/categories?post=20698"},{"taxonomy":"post_tag","embeddable":true,"href":"https:\/\/www.aguarda.es\/en\/wp-json\/wp\/v2\/tags?post=20698"}],"curies":[{"name":"wp","href":"https:\/\/api.w.org\/{rel}","templated":true}]}}