{"id":20723,"date":"2020-03-10T16:04:01","date_gmt":"2020-03-10T16:04:01","guid":{"rendered":"https:\/\/www.aguarda.es\/?p=20723"},"modified":"2020-03-10T16:04:01","modified_gmt":"2020-03-10T16:04:01","slug":"a-guarda-aforrara-un-30-do-consumo-no-alumeado-publico","status":"publish","type":"post","link":"https:\/\/www.aguarda.es\/en\/a-guarda-aforrara-un-30-do-consumo-no-alumeado-publico\/","title":{"rendered":"A Guarda aforrar\u00e1 un 30% do consumo no alumeado p\u00fablico"},"content":{"rendered":"<p style=\"text-align: justify\">\u2022 O Pleno da Guarda aproba por unanimidade o proxecto para a renovaci\u00f3n do alumeado p\u00fablico para acceder a unha subvenci\u00f3n do IDAE<\/p>\n<p style=\"text-align: justify\">Na sesi\u00f3n extraordinaria do Pleno celebrada na xornada deste martes d\u00eda 10 de marzo de 2020 aprobouse por unanimidade o proxecto para a renovaci\u00f3n do alumeado p\u00fablico do Concello da Guarda, un proxecto para o modernizar \u00e1s instalaci\u00f3ns iluminaci\u00f3n e sinalizaci\u00f3n exterior por importe de 862.497,91 euros (IVE engadido).<\/p>\n<p style=\"text-align: justify\">Esta actuaci\u00f3n, que permitir\u00e1 que a totalidade da vila estea alumeada con dispositivos LED de baixo consumo, \u00e9 posible gracias as xesti\u00f3ns do equipo de goberno, que conseguiu acceder a unha subvenci\u00f3n do \u201cInstituto para la Diversificaci\u00f3n y Ahorro de la Energ\u00eda\u201d (IDAE) para proxectos singulares de entidades locais que favorezan o paso a unha econom\u00eda baixa en carbono. A axuda europea procede do programa operativo FEDER de crecemento sostible 2014-2020.<\/p>\n<p style=\"text-align: justify\">Do total do custe do proxecto un 80%, ser\u00e1 aportado polo IDAE e o 20% restante polo Concello da Guarda.<br \/>\nCoa aprobaci\u00f3n plenaria de hoxe iniciase un procedemento aberto para a contrataci\u00f3n administrativa destas obras que supor\u00e1n reducir o consumo do alumeado p\u00fablico na Guarda en, alomenos, un 30%, e que permitir\u00e1 regular os niveis de iluminaci\u00f3n segundo diferentes horarios nocturnos e tipos de v\u00edas, axust\u00e1ndose \u00e1s necesidades dos cidad\u00e1ns.<\/p>\n<p style=\"text-align: justify\">Esta actuaci\u00f3n representa un beneficio tanto dende punto de vista do aforro econ\u00f3mico como medioambiental, gracias a reduci\u00f3n no consumo enerx\u00e9tico que representa. O equipo de goberno guard\u00e9s manifesta as\u00ed a s\u00faa aposta polo aforro enerx\u00e9tico e a s\u00faa implicaci\u00f3n e responsabilidade en medidas orientadas a frear o cambio clim\u00e1tico.<\/p>\n<p style=\"text-align: justify\">Este proxecto complem\u00e9ntase con outro subvencionado a trav\u00e9s da Deputaci\u00f3n de Pontevedra, valorado en 100.000 \u20ac, que contempla o cambio de luminarias a LED en diversas r\u00faas da Guarda, no Monte Santa Trega e no Castelo de Santa Cruz.<\/p>\n","protected":false},"excerpt":{"rendered":"<p>\u2022 O Pleno da Guarda aproba por unanimidade o proxecto para a renovaci\u00f3n do alumeado p\u00fablico para acceder a unha subvenci\u00f3n do IDAE Na sesi\u00f3n extraordinaria do Pleno celebrada na xornada deste martes d\u00eda 10 de marzo de 2020 aprobouse &hellip; <\/p>\n","protected":false},"author":2,"featured_media":20724,"comment_status":"open","ping_status":"open","sticky":false,"template":"","format":"standard","meta":[],"categories":[33],"tags":[226,1573,1809,549],"yoast_head":"<!-- This site is optimized with the Yoast SEO plugin v21.1 - https:\/\/yoast.com\/wordpress\/plugins\/seo\/ -->\n<title>A Guarda aforrar\u00e1 un 30% do consumo no alumeado p\u00fablico - Concello da Guarda<\/title>\n<meta name=\"robots\" content=\"index, follow, max-snippet:-1, max-image-preview:large, max-video-preview:-1\" \/>\n<link rel=\"canonical\" href=\"https:\/\/www.aguarda.es\/en\/a-guarda-aforrara-un-30-do-consumo-no-alumeado-publico\/\" \/>\n<meta property=\"og:locale\" content=\"en_US\" \/>\n<meta property=\"og:type\" content=\"article\" \/>\n<meta property=\"og:title\" content=\"A Guarda aforrar\u00e1 un 30% do consumo no alumeado p\u00fablico - Concello da Guarda\" \/>\n<meta property=\"og:description\" content=\"\u2022 O Pleno da Guarda aproba por unanimidade o proxecto para a renovaci\u00f3n do alumeado p\u00fablico para acceder a unha subvenci\u00f3n do IDAE Na sesi\u00f3n extraordinaria do Pleno celebrada na xornada deste martes d\u00eda 10 de marzo de 2020 aprobouse &hellip;\" \/>\n<meta property=\"og:url\" content=\"https:\/\/www.aguarda.es\/en\/a-guarda-aforrara-un-30-do-consumo-no-alumeado-publico\/\" \/>\n<meta property=\"og:site_name\" content=\"Concello da Guarda\" \/>\n<meta property=\"article:publisher\" content=\"https:\/\/www.facebook.com\/ConcellodaGuarda\" \/>\n<meta property=\"article:published_time\" content=\"2020-03-10T16:04:01+00:00\" \/>\n<meta property=\"og:image\" content=\"https:\/\/www.aguarda.es\/wp-content\/uploads\/2020\/03\/NP-21022019-Mellora-da-iluminaci\u00f3n-da-R\u00faa-Pontevedra-na-Guarda-2.jpg\" \/>\n\t<meta property=\"og:image:width\" content=\"800\" \/>\n\t<meta property=\"og:image:height\" content=\"571\" \/>\n\t<meta property=\"og:image:type\" content=\"image\/jpeg\" \/>\n<meta name=\"author\" content=\"prensa\" \/>\n<meta name=\"twitter:card\" content=\"summary_large_image\" \/>\n<meta name=\"twitter:creator\" content=\"@AGuarda_es\" \/>\n<meta name=\"twitter:site\" content=\"@AGuarda_es\" \/>\n<meta name=\"twitter:label1\" content=\"Written by\" \/>\n\t<meta name=\"twitter:data1\" content=\"prensa\" \/>\n\t<meta name=\"twitter:label2\" content=\"Est. reading time\" \/>\n\t<meta name=\"twitter:data2\" content=\"2 minutes\" \/>\n<script type=\"application\/ld+json\" class=\"yoast-schema-graph\">{\"@context\":\"https:\/\/schema.org\",\"@graph\":[{\"@type\":\"WebPage\",\"@id\":\"https:\/\/www.aguarda.es\/en\/a-guarda-aforrara-un-30-do-consumo-no-alumeado-publico\/\",\"url\":\"https:\/\/www.aguarda.es\/en\/a-guarda-aforrara-un-30-do-consumo-no-alumeado-publico\/\",\"name\":\"A Guarda aforrar\u00e1 un 30% do consumo no alumeado p\u00fablico - Concello da Guarda\",\"isPartOf\":{\"@id\":\"https:\/\/www.aguarda.es\/en\/#website\"},\"datePublished\":\"2020-03-10T16:04:01+00:00\",\"dateModified\":\"2020-03-10T16:04:01+00:00\",\"author\":{\"@id\":\"https:\/\/www.aguarda.es\/en\/#\/schema\/person\/c463ca3006858ffb349d11179d044f21\"},\"breadcrumb\":{\"@id\":\"https:\/\/www.aguarda.es\/en\/a-guarda-aforrara-un-30-do-consumo-no-alumeado-publico\/#breadcrumb\"},\"inLanguage\":\"en-US\",\"potentialAction\":[{\"@type\":\"ReadAction\",\"target\":[\"https:\/\/www.aguarda.es\/en\/a-guarda-aforrara-un-30-do-consumo-no-alumeado-publico\/\"]}]},{\"@type\":\"BreadcrumbList\",\"@id\":\"https:\/\/www.aguarda.es\/en\/a-guarda-aforrara-un-30-do-consumo-no-alumeado-publico\/#breadcrumb\",\"itemListElement\":[{\"@type\":\"ListItem\",\"position\":1,\"name\":\"Portada\",\"item\":\"https:\/\/www.aguarda.es\/en\/\"},{\"@type\":\"ListItem\",\"position\":2,\"name\":\"A Guarda aforrar\u00e1 un 30% do consumo no alumeado p\u00fablico\"}]},{\"@type\":\"WebSite\",\"@id\":\"https:\/\/www.aguarda.es\/en\/#website\",\"url\":\"https:\/\/www.aguarda.es\/en\/\",\"name\":\"Concello da Guarda\",\"description\":\"P\u00e1xina web do concello da Guarda\",\"potentialAction\":[{\"@type\":\"SearchAction\",\"target\":{\"@type\":\"EntryPoint\",\"urlTemplate\":\"https:\/\/www.aguarda.es\/en\/?s={search_term_string}\"},\"query-input\":\"required name=search_term_string\"}],\"inLanguage\":\"en-US\"},{\"@type\":\"Person\",\"@id\":\"https:\/\/www.aguarda.es\/en\/#\/schema\/person\/c463ca3006858ffb349d11179d044f21\",\"name\":\"prensa\",\"image\":{\"@type\":\"ImageObject\",\"inLanguage\":\"en-US\",\"@id\":\"https:\/\/www.aguarda.es\/en\/#\/schema\/person\/image\/\",\"url\":\"https:\/\/secure.gravatar.com\/avatar\/5f90ef536b0f98306edf5c7a1135ffa1?s=96&d=mm&r=g\",\"contentUrl\":\"https:\/\/secure.gravatar.com\/avatar\/5f90ef536b0f98306edf5c7a1135ffa1?s=96&d=mm&r=g\",\"caption\":\"prensa\"},\"url\":\"https:\/\/www.aguarda.es\/en\/author\/prensa\/\"}]}<\/script>\n<!-- \/ Yoast SEO plugin. -->","yoast_head_json":{"title":"A Guarda aforrar\u00e1 un 30% do consumo no alumeado p\u00fablico - Concello da Guarda","robots":{"index":"index","follow":"follow","max-snippet":"max-snippet:-1","max-image-preview":"max-image-preview:large","max-video-preview":"max-video-preview:-1"},"canonical":"https:\/\/www.aguarda.es\/en\/a-guarda-aforrara-un-30-do-consumo-no-alumeado-publico\/","og_locale":"en_US","og_type":"article","og_title":"A Guarda aforrar\u00e1 un 30% do consumo no alumeado p\u00fablico - Concello da Guarda","og_description":"\u2022 O Pleno da Guarda aproba por unanimidade o proxecto para a renovaci\u00f3n do alumeado p\u00fablico para acceder a unha subvenci\u00f3n do IDAE Na sesi\u00f3n extraordinaria do Pleno celebrada na xornada deste martes d\u00eda 10 de marzo de 2020 aprobouse &hellip;","og_url":"https:\/\/www.aguarda.es\/en\/a-guarda-aforrara-un-30-do-consumo-no-alumeado-publico\/","og_site_name":"Concello da Guarda","article_publisher":"https:\/\/www.facebook.com\/ConcellodaGuarda","article_published_time":"2020-03-10T16:04:01+00:00","og_image":[{"width":800,"height":571,"url":"https:\/\/www.aguarda.es\/wp-content\/uploads\/2020\/03\/NP-21022019-Mellora-da-iluminaci\u00f3n-da-R\u00faa-Pontevedra-na-Guarda-2.jpg","type":"image\/jpeg"}],"author":"prensa","twitter_card":"summary_large_image","twitter_creator":"@AGuarda_es","twitter_site":"@AGuarda_es","twitter_misc":{"Written by":"prensa","Est. reading time":"2 minutes"},"schema":{"@context":"https:\/\/schema.org","@graph":[{"@type":"WebPage","@id":"https:\/\/www.aguarda.es\/en\/a-guarda-aforrara-un-30-do-consumo-no-alumeado-publico\/","url":"https:\/\/www.aguarda.es\/en\/a-guarda-aforrara-un-30-do-consumo-no-alumeado-publico\/","name":"A Guarda aforrar\u00e1 un 30% do consumo no alumeado p\u00fablico - Concello da Guarda","isPartOf":{"@id":"https:\/\/www.aguarda.es\/en\/#website"},"datePublished":"2020-03-10T16:04:01+00:00","dateModified":"2020-03-10T16:04:01+00:00","author":{"@id":"https:\/\/www.aguarda.es\/en\/#\/schema\/person\/c463ca3006858ffb349d11179d044f21"},"breadcrumb":{"@id":"https:\/\/www.aguarda.es\/en\/a-guarda-aforrara-un-30-do-consumo-no-alumeado-publico\/#breadcrumb"},"inLanguage":"en-US","potentialAction":[{"@type":"ReadAction","target":["https:\/\/www.aguarda.es\/en\/a-guarda-aforrara-un-30-do-consumo-no-alumeado-publico\/"]}]},{"@type":"BreadcrumbList","@id":"https:\/\/www.aguarda.es\/en\/a-guarda-aforrara-un-30-do-consumo-no-alumeado-publico\/#breadcrumb","itemListElement":[{"@type":"ListItem","position":1,"name":"Portada","item":"https:\/\/www.aguarda.es\/en\/"},{"@type":"ListItem","position":2,"name":"A Guarda aforrar\u00e1 un 30% do consumo no alumeado p\u00fablico"}]},{"@type":"WebSite","@id":"https:\/\/www.aguarda.es\/en\/#website","url":"https:\/\/www.aguarda.es\/en\/","name":"Concello da Guarda","description":"P\u00e1xina web do concello da Guarda","potentialAction":[{"@type":"SearchAction","target":{"@type":"EntryPoint","urlTemplate":"https:\/\/www.aguarda.es\/en\/?s={search_term_string}"},"query-input":"required name=search_term_string"}],"inLanguage":"en-US"},{"@type":"Person","@id":"https:\/\/www.aguarda.es\/en\/#\/schema\/person\/c463ca3006858ffb349d11179d044f21","name":"prensa","image":{"@type":"ImageObject","inLanguage":"en-US","@id":"https:\/\/www.aguarda.es\/en\/#\/schema\/person\/image\/","url":"https:\/\/secure.gravatar.com\/avatar\/5f90ef536b0f98306edf5c7a1135ffa1?s=96&d=mm&r=g","contentUrl":"https:\/\/secure.gravatar.com\/avatar\/5f90ef536b0f98306edf5c7a1135ffa1?s=96&d=mm&r=g","caption":"prensa"},"url":"https:\/\/www.aguarda.es\/en\/author\/prensa\/"}]}},"_links":{"self":[{"href":"https:\/\/www.aguarda.es\/en\/wp-json\/wp\/v2\/posts\/20723"}],"collection":[{"href":"https:\/\/www.aguarda.es\/en\/wp-json\/wp\/v2\/posts"}],"about":[{"href":"https:\/\/www.aguarda.es\/en\/wp-json\/wp\/v2\/types\/post"}],"author":[{"embeddable":true,"href":"https:\/\/www.aguarda.es\/en\/wp-json\/wp\/v2\/users\/2"}],"replies":[{"embeddable":true,"href":"https:\/\/www.aguarda.es\/en\/wp-json\/wp\/v2\/comments?post=20723"}],"version-history":[{"count":1,"href":"https:\/\/www.aguarda.es\/en\/wp-json\/wp\/v2\/posts\/20723\/revisions"}],"predecessor-version":[{"id":20726,"href":"https:\/\/www.aguarda.es\/en\/wp-json\/wp\/v2\/posts\/20723\/revisions\/20726"}],"wp:featuredmedia":[{"embeddable":true,"href":"https:\/\/www.aguarda.es\/en\/wp-json\/wp\/v2\/media\/20724"}],"wp:attachment":[{"href":"https:\/\/www.aguarda.es\/en\/wp-json\/wp\/v2\/media?parent=20723"}],"wp:term":[{"taxonomy":"category","embeddable":true,"href":"https:\/\/www.aguarda.es\/en\/wp-json\/wp\/v2\/categories?post=20723"},{"taxonomy":"post_tag","embeddable":true,"href":"https:\/\/www.aguarda.es\/en\/wp-json\/wp\/v2\/tags?post=20723"}],"curies":[{"name":"wp","href":"https:\/\/api.w.org\/{rel}","templated":true}]}}