{"id":20809,"date":"2020-03-18T21:54:01","date_gmt":"2020-03-18T21:54:01","guid":{"rendered":"https:\/\/www.aguarda.es\/?p=20809"},"modified":"2020-03-18T21:54:01","modified_gmt":"2020-03-18T21:54:01","slug":"o-concello-da-guarda-informa-sobre-o-dni-o-selado-do-paro-e-os-certificados-de-empresa","status":"publish","type":"post","link":"https:\/\/www.aguarda.es\/en\/o-concello-da-guarda-informa-sobre-o-dni-o-selado-do-paro-e-os-certificados-de-empresa\/","title":{"rendered":"O Concello da Guarda informa sobre o DNI, o selado do paro e os certificados de empresa"},"content":{"rendered":"<p style=\"text-align: justify\">Prorr\u00f3gase durante un ano a validez dos DNI que caduquen a partir da declaraci\u00f3n de alarma (14\/03\/2020). Por este motivo non daremos vez para a renovaci\u00f3n do DNI ata que remate a crise.<\/p>\n<p style=\"text-align: justify\">Non ser\u00e1 necesario renovar a damanda de emprego ata o 30 de abril. Por este motivo non haber\u00e1 acceso ao punto de emprego do concello da Guarda ata o remate da crise. Asimesmo o consello de ministros tou a decisi\u00f3n de prorrogar as prestaci\u00f3ns por desemprego de maneira autom\u00e1tica mentras dure a crise sanitaria.<\/p>\n<p style=\"text-align: justify\">Todas aquelas persoas que te\u00f1en que traballar durante o estado de alarma deben levar no seu poder un certificado da empresa para facilitar o traballo \u00e1 Garda Civil<\/p>\n<p style=\"text-align: justify\">O Concello da Guarda ofrece un servizo de \u201cAuxilio aos grupos de risco\u201d a traves dos Servizos Sociais, Protecci\u00f3n Civil e a Polic\u00eda Local. Este servizo ofr\u00e9cese en colaboraci\u00f3n con Avela\u00ed\u00f1a, Conrazones, San Vicente de Paul, Cruz Vermella e San Xerome. O obxectivo e protexer aos grupos de risco de contaxios e atender as persoas desfavorecidas.<\/p>\n<p style=\"text-align: justify\">M\u00e1is informaci\u00f3n en <a href=\"https:\/\/www.aguarda.es\">www.aguarda.es<\/a><\/p>\n<p style=\"text-align: center\"><em><strong>Isto par\u00e1molo se quedas na casa, gracias pola t\u00faa colaboraci\u00f3n<\/strong><\/em><\/p>\n","protected":false},"excerpt":{"rendered":"<p>Prorr\u00f3gase durante un ano a validez dos DNI que caduquen a partir da declaraci\u00f3n de alarma (14\/03\/2020). Por este motivo non daremos vez para a renovaci\u00f3n do DNI ata que remate a crise. Non ser\u00e1 necesario renovar a damanda de &hellip; <\/p>\n","protected":false},"author":2,"featured_media":20810,"comment_status":"open","ping_status":"open","sticky":false,"template":"","format":"standard","meta":[],"categories":[33],"tags":[226,2107,2099,2102,553,990],"yoast_head":"<!-- This site is optimized with the Yoast SEO plugin v21.1 - https:\/\/yoast.com\/wordpress\/plugins\/seo\/ -->\n<title>O Concello da Guarda informa sobre o DNI, o selado do paro e os certificados de empresa - Concello da Guarda<\/title>\n<meta name=\"robots\" content=\"index, follow, max-snippet:-1, max-image-preview:large, max-video-preview:-1\" \/>\n<link rel=\"canonical\" href=\"https:\/\/www.aguarda.es\/en\/o-concello-da-guarda-informa-sobre-o-dni-o-selado-do-paro-e-os-certificados-de-empresa\/\" \/>\n<meta property=\"og:locale\" content=\"en_US\" \/>\n<meta property=\"og:type\" content=\"article\" \/>\n<meta property=\"og:title\" content=\"O Concello da Guarda informa sobre o DNI, o selado do paro e os certificados de empresa - Concello da Guarda\" \/>\n<meta property=\"og:description\" content=\"Prorr\u00f3gase durante un ano a validez dos DNI que caduquen a partir da declaraci\u00f3n de alarma (14\/03\/2020). Por este motivo non daremos vez para a renovaci\u00f3n do DNI ata que remate a crise. Non ser\u00e1 necesario renovar a damanda de &hellip;\" \/>\n<meta property=\"og:url\" content=\"https:\/\/www.aguarda.es\/en\/o-concello-da-guarda-informa-sobre-o-dni-o-selado-do-paro-e-os-certificados-de-empresa\/\" \/>\n<meta property=\"og:site_name\" content=\"Concello da Guarda\" \/>\n<meta property=\"article:publisher\" content=\"https:\/\/www.facebook.com\/ConcellodaGuarda\" \/>\n<meta property=\"article:published_time\" content=\"2020-03-18T21:54:01+00:00\" \/>\n<meta property=\"og:image\" content=\"https:\/\/www.aguarda.es\/wp-content\/uploads\/2020\/03\/NP-18032020-O-Concello-da-Guarda-informa-sobre-o-DNI-o-selado-do-paro-eos-certificados-de-empresa.jpg\" \/>\n\t<meta property=\"og:image:width\" content=\"800\" \/>\n\t<meta property=\"og:image:height\" content=\"800\" \/>\n\t<meta property=\"og:image:type\" content=\"image\/jpeg\" \/>\n<meta name=\"author\" content=\"prensa\" \/>\n<meta name=\"twitter:card\" content=\"summary_large_image\" \/>\n<meta name=\"twitter:creator\" content=\"@AGuarda_es\" \/>\n<meta name=\"twitter:site\" content=\"@AGuarda_es\" \/>\n<meta name=\"twitter:label1\" content=\"Written by\" \/>\n\t<meta name=\"twitter:data1\" content=\"prensa\" \/>\n\t<meta name=\"twitter:label2\" content=\"Est. reading time\" \/>\n\t<meta name=\"twitter:data2\" content=\"1 minute\" \/>\n<script type=\"application\/ld+json\" class=\"yoast-schema-graph\">{\"@context\":\"https:\/\/schema.org\",\"@graph\":[{\"@type\":\"WebPage\",\"@id\":\"https:\/\/www.aguarda.es\/en\/o-concello-da-guarda-informa-sobre-o-dni-o-selado-do-paro-e-os-certificados-de-empresa\/\",\"url\":\"https:\/\/www.aguarda.es\/en\/o-concello-da-guarda-informa-sobre-o-dni-o-selado-do-paro-e-os-certificados-de-empresa\/\",\"name\":\"O Concello da Guarda informa sobre o DNI, o selado do paro e os certificados de empresa - Concello da Guarda\",\"isPartOf\":{\"@id\":\"https:\/\/www.aguarda.es\/en\/#website\"},\"datePublished\":\"2020-03-18T21:54:01+00:00\",\"dateModified\":\"2020-03-18T21:54:01+00:00\",\"author\":{\"@id\":\"https:\/\/www.aguarda.es\/en\/#\/schema\/person\/c463ca3006858ffb349d11179d044f21\"},\"breadcrumb\":{\"@id\":\"https:\/\/www.aguarda.es\/en\/o-concello-da-guarda-informa-sobre-o-dni-o-selado-do-paro-e-os-certificados-de-empresa\/#breadcrumb\"},\"inLanguage\":\"en-US\",\"potentialAction\":[{\"@type\":\"ReadAction\",\"target\":[\"https:\/\/www.aguarda.es\/en\/o-concello-da-guarda-informa-sobre-o-dni-o-selado-do-paro-e-os-certificados-de-empresa\/\"]}]},{\"@type\":\"BreadcrumbList\",\"@id\":\"https:\/\/www.aguarda.es\/en\/o-concello-da-guarda-informa-sobre-o-dni-o-selado-do-paro-e-os-certificados-de-empresa\/#breadcrumb\",\"itemListElement\":[{\"@type\":\"ListItem\",\"position\":1,\"name\":\"Portada\",\"item\":\"https:\/\/www.aguarda.es\/en\/\"},{\"@type\":\"ListItem\",\"position\":2,\"name\":\"O Concello da Guarda informa sobre o DNI, o selado do paro e os certificados de empresa\"}]},{\"@type\":\"WebSite\",\"@id\":\"https:\/\/www.aguarda.es\/en\/#website\",\"url\":\"https:\/\/www.aguarda.es\/en\/\",\"name\":\"Concello da Guarda\",\"description\":\"P\u00e1xina web do concello da Guarda\",\"potentialAction\":[{\"@type\":\"SearchAction\",\"target\":{\"@type\":\"EntryPoint\",\"urlTemplate\":\"https:\/\/www.aguarda.es\/en\/?s={search_term_string}\"},\"query-input\":\"required name=search_term_string\"}],\"inLanguage\":\"en-US\"},{\"@type\":\"Person\",\"@id\":\"https:\/\/www.aguarda.es\/en\/#\/schema\/person\/c463ca3006858ffb349d11179d044f21\",\"name\":\"prensa\",\"image\":{\"@type\":\"ImageObject\",\"inLanguage\":\"en-US\",\"@id\":\"https:\/\/www.aguarda.es\/en\/#\/schema\/person\/image\/\",\"url\":\"https:\/\/secure.gravatar.com\/avatar\/5f90ef536b0f98306edf5c7a1135ffa1?s=96&d=mm&r=g\",\"contentUrl\":\"https:\/\/secure.gravatar.com\/avatar\/5f90ef536b0f98306edf5c7a1135ffa1?s=96&d=mm&r=g\",\"caption\":\"prensa\"},\"url\":\"https:\/\/www.aguarda.es\/en\/author\/prensa\/\"}]}<\/script>\n<!-- \/ Yoast SEO plugin. -->","yoast_head_json":{"title":"O Concello da Guarda informa sobre o DNI, o selado do paro e os certificados de empresa - Concello da Guarda","robots":{"index":"index","follow":"follow","max-snippet":"max-snippet:-1","max-image-preview":"max-image-preview:large","max-video-preview":"max-video-preview:-1"},"canonical":"https:\/\/www.aguarda.es\/en\/o-concello-da-guarda-informa-sobre-o-dni-o-selado-do-paro-e-os-certificados-de-empresa\/","og_locale":"en_US","og_type":"article","og_title":"O Concello da Guarda informa sobre o DNI, o selado do paro e os certificados de empresa - Concello da Guarda","og_description":"Prorr\u00f3gase durante un ano a validez dos DNI que caduquen a partir da declaraci\u00f3n de alarma (14\/03\/2020). Por este motivo non daremos vez para a renovaci\u00f3n do DNI ata que remate a crise. Non ser\u00e1 necesario renovar a damanda de &hellip;","og_url":"https:\/\/www.aguarda.es\/en\/o-concello-da-guarda-informa-sobre-o-dni-o-selado-do-paro-e-os-certificados-de-empresa\/","og_site_name":"Concello da Guarda","article_publisher":"https:\/\/www.facebook.com\/ConcellodaGuarda","article_published_time":"2020-03-18T21:54:01+00:00","og_image":[{"width":800,"height":800,"url":"https:\/\/www.aguarda.es\/wp-content\/uploads\/2020\/03\/NP-18032020-O-Concello-da-Guarda-informa-sobre-o-DNI-o-selado-do-paro-eos-certificados-de-empresa.jpg","type":"image\/jpeg"}],"author":"prensa","twitter_card":"summary_large_image","twitter_creator":"@AGuarda_es","twitter_site":"@AGuarda_es","twitter_misc":{"Written by":"prensa","Est. reading time":"1 minute"},"schema":{"@context":"https:\/\/schema.org","@graph":[{"@type":"WebPage","@id":"https:\/\/www.aguarda.es\/en\/o-concello-da-guarda-informa-sobre-o-dni-o-selado-do-paro-e-os-certificados-de-empresa\/","url":"https:\/\/www.aguarda.es\/en\/o-concello-da-guarda-informa-sobre-o-dni-o-selado-do-paro-e-os-certificados-de-empresa\/","name":"O Concello da Guarda informa sobre o DNI, o selado do paro e os certificados de empresa - Concello da Guarda","isPartOf":{"@id":"https:\/\/www.aguarda.es\/en\/#website"},"datePublished":"2020-03-18T21:54:01+00:00","dateModified":"2020-03-18T21:54:01+00:00","author":{"@id":"https:\/\/www.aguarda.es\/en\/#\/schema\/person\/c463ca3006858ffb349d11179d044f21"},"breadcrumb":{"@id":"https:\/\/www.aguarda.es\/en\/o-concello-da-guarda-informa-sobre-o-dni-o-selado-do-paro-e-os-certificados-de-empresa\/#breadcrumb"},"inLanguage":"en-US","potentialAction":[{"@type":"ReadAction","target":["https:\/\/www.aguarda.es\/en\/o-concello-da-guarda-informa-sobre-o-dni-o-selado-do-paro-e-os-certificados-de-empresa\/"]}]},{"@type":"BreadcrumbList","@id":"https:\/\/www.aguarda.es\/en\/o-concello-da-guarda-informa-sobre-o-dni-o-selado-do-paro-e-os-certificados-de-empresa\/#breadcrumb","itemListElement":[{"@type":"ListItem","position":1,"name":"Portada","item":"https:\/\/www.aguarda.es\/en\/"},{"@type":"ListItem","position":2,"name":"O Concello da Guarda informa sobre o DNI, o selado do paro e os certificados de empresa"}]},{"@type":"WebSite","@id":"https:\/\/www.aguarda.es\/en\/#website","url":"https:\/\/www.aguarda.es\/en\/","name":"Concello da Guarda","description":"P\u00e1xina web do concello da Guarda","potentialAction":[{"@type":"SearchAction","target":{"@type":"EntryPoint","urlTemplate":"https:\/\/www.aguarda.es\/en\/?s={search_term_string}"},"query-input":"required name=search_term_string"}],"inLanguage":"en-US"},{"@type":"Person","@id":"https:\/\/www.aguarda.es\/en\/#\/schema\/person\/c463ca3006858ffb349d11179d044f21","name":"prensa","image":{"@type":"ImageObject","inLanguage":"en-US","@id":"https:\/\/www.aguarda.es\/en\/#\/schema\/person\/image\/","url":"https:\/\/secure.gravatar.com\/avatar\/5f90ef536b0f98306edf5c7a1135ffa1?s=96&d=mm&r=g","contentUrl":"https:\/\/secure.gravatar.com\/avatar\/5f90ef536b0f98306edf5c7a1135ffa1?s=96&d=mm&r=g","caption":"prensa"},"url":"https:\/\/www.aguarda.es\/en\/author\/prensa\/"}]}},"_links":{"self":[{"href":"https:\/\/www.aguarda.es\/en\/wp-json\/wp\/v2\/posts\/20809"}],"collection":[{"href":"https:\/\/www.aguarda.es\/en\/wp-json\/wp\/v2\/posts"}],"about":[{"href":"https:\/\/www.aguarda.es\/en\/wp-json\/wp\/v2\/types\/post"}],"author":[{"embeddable":true,"href":"https:\/\/www.aguarda.es\/en\/wp-json\/wp\/v2\/users\/2"}],"replies":[{"embeddable":true,"href":"https:\/\/www.aguarda.es\/en\/wp-json\/wp\/v2\/comments?post=20809"}],"version-history":[{"count":1,"href":"https:\/\/www.aguarda.es\/en\/wp-json\/wp\/v2\/posts\/20809\/revisions"}],"predecessor-version":[{"id":20812,"href":"https:\/\/www.aguarda.es\/en\/wp-json\/wp\/v2\/posts\/20809\/revisions\/20812"}],"wp:featuredmedia":[{"embeddable":true,"href":"https:\/\/www.aguarda.es\/en\/wp-json\/wp\/v2\/media\/20810"}],"wp:attachment":[{"href":"https:\/\/www.aguarda.es\/en\/wp-json\/wp\/v2\/media?parent=20809"}],"wp:term":[{"taxonomy":"category","embeddable":true,"href":"https:\/\/www.aguarda.es\/en\/wp-json\/wp\/v2\/categories?post=20809"},{"taxonomy":"post_tag","embeddable":true,"href":"https:\/\/www.aguarda.es\/en\/wp-json\/wp\/v2\/tags?post=20809"}],"curies":[{"name":"wp","href":"https:\/\/api.w.org\/{rel}","templated":true}]}}