{"id":20990,"date":"2020-04-06T09:30:45","date_gmt":"2020-04-06T09:30:45","guid":{"rendered":"https:\/\/www.aguarda.es\/?p=20990"},"modified":"2020-04-06T09:30:45","modified_gmt":"2020-04-06T09:30:45","slug":"plan-de-formacion-de-xuventude-e-voluntariado-durante-a-emerxencia-sanitaria-do-covid-19","status":"publish","type":"post","link":"https:\/\/www.aguarda.es\/en\/plan-de-formacion-de-xuventude-e-voluntariado-durante-a-emerxencia-sanitaria-do-covid-19\/","title":{"rendered":"Plan de formaci\u00f3n de xuventude e voluntariado durante a emerxencia sanitaria do COVID-19"},"content":{"rendered":"<p style=\"text-align: justify\">\u2022 Estar\u00e1 formado por 18 cursos en li\u00f1a, cun total de 1250 prazas, orientados \u00e1 formaci\u00f3n b\u00e1sica e especializada<\/p>\n<p style=\"text-align: justify\">A Xunta impulsa un plan de formaci\u00f3n para a mocidade e as persoas voluntarias de Galicia coa finalidade de ofrecer opci\u00f3ns en materia de voluntariado e de educaci\u00f3n non formal durante esta situaci\u00f3n de emerxencia sanitaria provocada polo COVID-19.<\/p>\n<p style=\"text-align: justify\">O plan est\u00e1 conformado por 18 cursos en li\u00f1a, cun total de 1250 prazas, orientados \u00e1 formaci\u00f3n b\u00e1sica en materia de voluntariado, as\u00ed como \u00e1 formaci\u00f3n especializada e espec\u00edfica en lingua de signos, coidado ambiental (facendo especial fincap\u00e9 no \u00e1mbito da reciclaxe na casa), novas tecnolox\u00edas ou voluntariado en situaci\u00f3ns de emerxencia.<\/p>\n<p style=\"text-align: justify\">No \u00e1mbito da xuventude, as acci\u00f3ns formativas centraranse no eido dixital, a comunicaci\u00f3n, o tempo libre e t\u00e9cnicas de mellora emocional. Poder\u00e1n inscribirse a estes cursos persoas mozas de entre 16 e 35 anos.<\/p>\n<p style=\"text-align: justify\">Os formularios de inscrici\u00f3n estar\u00e1n dispo\u00f1ibles na p\u00e1xina web de Voluntariado a partir do vindeiro m\u00e9rcores 8 de abril. O prazo de inscrici\u00f3n permanecer\u00e1 aberto ata o 13 de abril, salvo esgotamento de prazas. Se nalg\u00fan curso houbese prazas m\u00e1is al\u00e1 do 13 de abril, a inscrici\u00f3n permanecer\u00eda aberta ata dous d\u00edas antes de que comece dito curso.<\/p>\n<p style=\"text-align: justify\"><strong>Cursos ofertados<\/strong><\/p>\n<p style=\"text-align: justify\">Desta maneira, po\u00f1eranse en marcha un total de 11 cursos de formaci\u00f3n dirixidos \u00e1 xuventude: Fotograf\u00eda dixital; Oratoria: formaci\u00f3n en comunicaci\u00f3n; Xesti\u00f3n do estr\u00e9s; Crea a t\u00faa p\u00e1xina web; Influencers dixitais; Xesti\u00f3n do tempo para o estudo; Educaci\u00f3n en valores no tempo libre; Orientaci\u00f3n vocacional; Escape Room educativo anal\u00f3xico e dixital; Obradoiro de gravaci\u00f3n de v\u00eddeo e Futuro en igualdade.<\/p>\n<p style=\"text-align: left\">Pola s\u00faa banda, os sete cursos que se desenvolver\u00e1n no \u00e1mbito do voluntariado son: Acci\u00f3n voluntaria en situaci\u00f3ns de emerxencia, Lingua de signos, Novas tecnolox\u00edas como ferramentas para persoas voluntarias; Voluntariado e transformaci\u00f3n social; Aprendizaxe reflexiva a trav\u00e9s da acci\u00f3n voluntaria; Curso b\u00e1sico de voluntariado; e Educaci\u00f3n e voluntariado ambiental.<\/p>\n<p style=\"text-align: left\">Podes ampliar informaci\u00f3n na Omix da Guarda no 986610000 ou no enderezo electr\u00f3nico informacion@aguarda.es<\/p>\n<p style=\"text-align: center\"><img decoding=\"async\" loading=\"lazy\" class=\"aligncenter size-full wp-image-20993\" src=\"https:\/\/www.aguarda.es\/wp-content\/uploads\/2020\/04\/OMIX-copia.jpg\" alt=\"\" width=\"800\" height=\"800\" srcset=\"https:\/\/www.aguarda.es\/wp-content\/uploads\/2020\/04\/OMIX-copia.jpg 800w, https:\/\/www.aguarda.es\/wp-content\/uploads\/2020\/04\/OMIX-copia-150x150.jpg 150w, https:\/\/www.aguarda.es\/wp-content\/uploads\/2020\/04\/OMIX-copia-300x300.jpg 300w, https:\/\/www.aguarda.es\/wp-content\/uploads\/2020\/04\/OMIX-copia-768x768.jpg 768w, https:\/\/www.aguarda.es\/wp-content\/uploads\/2020\/04\/OMIX-copia-100x100.jpg 100w\" sizes=\"(max-width: 800px) 100vw, 800px\" \/><\/p>\n","protected":false},"excerpt":{"rendered":"<p>\u2022 Estar\u00e1 formado por 18 cursos en li\u00f1a, cun total de 1250 prazas, orientados \u00e1 formaci\u00f3n b\u00e1sica e especializada A Xunta impulsa un plan de formaci\u00f3n para a mocidade e as persoas voluntarias de Galicia coa finalidade de ofrecer opci\u00f3ns &hellip; <\/p>\n","protected":false},"author":2,"featured_media":20991,"comment_status":"open","ping_status":"open","sticky":false,"template":"","format":"standard","meta":[],"categories":[48],"tags":[226,2099,2102,747,696,286],"yoast_head":"<!-- This site is optimized with the Yoast SEO plugin v21.1 - https:\/\/yoast.com\/wordpress\/plugins\/seo\/ -->\n<title>Plan de formaci\u00f3n de xuventude e voluntariado durante a emerxencia sanitaria do COVID-19 - Concello da Guarda<\/title>\n<meta name=\"robots\" content=\"index, follow, max-snippet:-1, max-image-preview:large, max-video-preview:-1\" \/>\n<link rel=\"canonical\" href=\"https:\/\/www.aguarda.es\/en\/plan-de-formacion-de-xuventude-e-voluntariado-durante-a-emerxencia-sanitaria-do-covid-19\/\" \/>\n<meta property=\"og:locale\" content=\"en_US\" \/>\n<meta property=\"og:type\" content=\"article\" \/>\n<meta property=\"og:title\" content=\"Plan de formaci\u00f3n de xuventude e voluntariado durante a emerxencia sanitaria do COVID-19 - Concello da Guarda\" \/>\n<meta property=\"og:description\" content=\"\u2022 Estar\u00e1 formado por 18 cursos en li\u00f1a, cun total de 1250 prazas, orientados \u00e1 formaci\u00f3n b\u00e1sica e especializada A Xunta impulsa un plan de formaci\u00f3n para a mocidade e as persoas voluntarias de Galicia coa finalidade de ofrecer opci\u00f3ns &hellip;\" \/>\n<meta property=\"og:url\" content=\"https:\/\/www.aguarda.es\/en\/plan-de-formacion-de-xuventude-e-voluntariado-durante-a-emerxencia-sanitaria-do-covid-19\/\" \/>\n<meta property=\"og:site_name\" content=\"Concello da Guarda\" \/>\n<meta property=\"article:publisher\" content=\"https:\/\/www.facebook.com\/ConcellodaGuarda\" \/>\n<meta property=\"article:published_time\" content=\"2020-04-06T09:30:45+00:00\" \/>\n<meta property=\"og:image\" content=\"https:\/\/www.aguarda.es\/wp-content\/uploads\/2020\/04\/NP-06042020-Plan-de-formaci\u00f3n-de-xuventude-e-voluntariado-durante-a-emerxencia-sanitaria-do-COVID-19.jpg\" \/>\n\t<meta property=\"og:image:width\" content=\"800\" \/>\n\t<meta property=\"og:image:height\" content=\"515\" \/>\n\t<meta property=\"og:image:type\" content=\"image\/jpeg\" \/>\n<meta name=\"author\" content=\"prensa\" \/>\n<meta name=\"twitter:card\" content=\"summary_large_image\" \/>\n<meta name=\"twitter:creator\" content=\"@AGuarda_es\" \/>\n<meta name=\"twitter:site\" content=\"@AGuarda_es\" \/>\n<meta name=\"twitter:label1\" content=\"Written by\" \/>\n\t<meta name=\"twitter:data1\" content=\"prensa\" \/>\n\t<meta name=\"twitter:label2\" content=\"Est. reading time\" \/>\n\t<meta name=\"twitter:data2\" content=\"2 minutes\" \/>\n<script type=\"application\/ld+json\" class=\"yoast-schema-graph\">{\"@context\":\"https:\/\/schema.org\",\"@graph\":[{\"@type\":\"WebPage\",\"@id\":\"https:\/\/www.aguarda.es\/en\/plan-de-formacion-de-xuventude-e-voluntariado-durante-a-emerxencia-sanitaria-do-covid-19\/\",\"url\":\"https:\/\/www.aguarda.es\/en\/plan-de-formacion-de-xuventude-e-voluntariado-durante-a-emerxencia-sanitaria-do-covid-19\/\",\"name\":\"Plan de formaci\u00f3n de xuventude e voluntariado durante a emerxencia sanitaria do COVID-19 - Concello da Guarda\",\"isPartOf\":{\"@id\":\"https:\/\/www.aguarda.es\/en\/#website\"},\"datePublished\":\"2020-04-06T09:30:45+00:00\",\"dateModified\":\"2020-04-06T09:30:45+00:00\",\"author\":{\"@id\":\"https:\/\/www.aguarda.es\/en\/#\/schema\/person\/c463ca3006858ffb349d11179d044f21\"},\"breadcrumb\":{\"@id\":\"https:\/\/www.aguarda.es\/en\/plan-de-formacion-de-xuventude-e-voluntariado-durante-a-emerxencia-sanitaria-do-covid-19\/#breadcrumb\"},\"inLanguage\":\"en-US\",\"potentialAction\":[{\"@type\":\"ReadAction\",\"target\":[\"https:\/\/www.aguarda.es\/en\/plan-de-formacion-de-xuventude-e-voluntariado-durante-a-emerxencia-sanitaria-do-covid-19\/\"]}]},{\"@type\":\"BreadcrumbList\",\"@id\":\"https:\/\/www.aguarda.es\/en\/plan-de-formacion-de-xuventude-e-voluntariado-durante-a-emerxencia-sanitaria-do-covid-19\/#breadcrumb\",\"itemListElement\":[{\"@type\":\"ListItem\",\"position\":1,\"name\":\"Portada\",\"item\":\"https:\/\/www.aguarda.es\/en\/\"},{\"@type\":\"ListItem\",\"position\":2,\"name\":\"Plan de formaci\u00f3n de xuventude e voluntariado durante a emerxencia sanitaria do COVID-19\"}]},{\"@type\":\"WebSite\",\"@id\":\"https:\/\/www.aguarda.es\/en\/#website\",\"url\":\"https:\/\/www.aguarda.es\/en\/\",\"name\":\"Concello da Guarda\",\"description\":\"P\u00e1xina web do concello da Guarda\",\"potentialAction\":[{\"@type\":\"SearchAction\",\"target\":{\"@type\":\"EntryPoint\",\"urlTemplate\":\"https:\/\/www.aguarda.es\/en\/?s={search_term_string}\"},\"query-input\":\"required name=search_term_string\"}],\"inLanguage\":\"en-US\"},{\"@type\":\"Person\",\"@id\":\"https:\/\/www.aguarda.es\/en\/#\/schema\/person\/c463ca3006858ffb349d11179d044f21\",\"name\":\"prensa\",\"image\":{\"@type\":\"ImageObject\",\"inLanguage\":\"en-US\",\"@id\":\"https:\/\/www.aguarda.es\/en\/#\/schema\/person\/image\/\",\"url\":\"https:\/\/secure.gravatar.com\/avatar\/5f90ef536b0f98306edf5c7a1135ffa1?s=96&d=mm&r=g\",\"contentUrl\":\"https:\/\/secure.gravatar.com\/avatar\/5f90ef536b0f98306edf5c7a1135ffa1?s=96&d=mm&r=g\",\"caption\":\"prensa\"},\"url\":\"https:\/\/www.aguarda.es\/en\/author\/prensa\/\"}]}<\/script>\n<!-- \/ Yoast SEO plugin. -->","yoast_head_json":{"title":"Plan de formaci\u00f3n de xuventude e voluntariado durante a emerxencia sanitaria do COVID-19 - Concello da Guarda","robots":{"index":"index","follow":"follow","max-snippet":"max-snippet:-1","max-image-preview":"max-image-preview:large","max-video-preview":"max-video-preview:-1"},"canonical":"https:\/\/www.aguarda.es\/en\/plan-de-formacion-de-xuventude-e-voluntariado-durante-a-emerxencia-sanitaria-do-covid-19\/","og_locale":"en_US","og_type":"article","og_title":"Plan de formaci\u00f3n de xuventude e voluntariado durante a emerxencia sanitaria do COVID-19 - Concello da Guarda","og_description":"\u2022 Estar\u00e1 formado por 18 cursos en li\u00f1a, cun total de 1250 prazas, orientados \u00e1 formaci\u00f3n b\u00e1sica e especializada A Xunta impulsa un plan de formaci\u00f3n para a mocidade e as persoas voluntarias de Galicia coa finalidade de ofrecer opci\u00f3ns &hellip;","og_url":"https:\/\/www.aguarda.es\/en\/plan-de-formacion-de-xuventude-e-voluntariado-durante-a-emerxencia-sanitaria-do-covid-19\/","og_site_name":"Concello da Guarda","article_publisher":"https:\/\/www.facebook.com\/ConcellodaGuarda","article_published_time":"2020-04-06T09:30:45+00:00","og_image":[{"width":800,"height":515,"url":"https:\/\/www.aguarda.es\/wp-content\/uploads\/2020\/04\/NP-06042020-Plan-de-formaci\u00f3n-de-xuventude-e-voluntariado-durante-a-emerxencia-sanitaria-do-COVID-19.jpg","type":"image\/jpeg"}],"author":"prensa","twitter_card":"summary_large_image","twitter_creator":"@AGuarda_es","twitter_site":"@AGuarda_es","twitter_misc":{"Written by":"prensa","Est. reading time":"2 minutes"},"schema":{"@context":"https:\/\/schema.org","@graph":[{"@type":"WebPage","@id":"https:\/\/www.aguarda.es\/en\/plan-de-formacion-de-xuventude-e-voluntariado-durante-a-emerxencia-sanitaria-do-covid-19\/","url":"https:\/\/www.aguarda.es\/en\/plan-de-formacion-de-xuventude-e-voluntariado-durante-a-emerxencia-sanitaria-do-covid-19\/","name":"Plan de formaci\u00f3n de xuventude e voluntariado durante a emerxencia sanitaria do COVID-19 - Concello da Guarda","isPartOf":{"@id":"https:\/\/www.aguarda.es\/en\/#website"},"datePublished":"2020-04-06T09:30:45+00:00","dateModified":"2020-04-06T09:30:45+00:00","author":{"@id":"https:\/\/www.aguarda.es\/en\/#\/schema\/person\/c463ca3006858ffb349d11179d044f21"},"breadcrumb":{"@id":"https:\/\/www.aguarda.es\/en\/plan-de-formacion-de-xuventude-e-voluntariado-durante-a-emerxencia-sanitaria-do-covid-19\/#breadcrumb"},"inLanguage":"en-US","potentialAction":[{"@type":"ReadAction","target":["https:\/\/www.aguarda.es\/en\/plan-de-formacion-de-xuventude-e-voluntariado-durante-a-emerxencia-sanitaria-do-covid-19\/"]}]},{"@type":"BreadcrumbList","@id":"https:\/\/www.aguarda.es\/en\/plan-de-formacion-de-xuventude-e-voluntariado-durante-a-emerxencia-sanitaria-do-covid-19\/#breadcrumb","itemListElement":[{"@type":"ListItem","position":1,"name":"Portada","item":"https:\/\/www.aguarda.es\/en\/"},{"@type":"ListItem","position":2,"name":"Plan de formaci\u00f3n de xuventude e voluntariado durante a emerxencia sanitaria do COVID-19"}]},{"@type":"WebSite","@id":"https:\/\/www.aguarda.es\/en\/#website","url":"https:\/\/www.aguarda.es\/en\/","name":"Concello da Guarda","description":"P\u00e1xina web do concello da Guarda","potentialAction":[{"@type":"SearchAction","target":{"@type":"EntryPoint","urlTemplate":"https:\/\/www.aguarda.es\/en\/?s={search_term_string}"},"query-input":"required name=search_term_string"}],"inLanguage":"en-US"},{"@type":"Person","@id":"https:\/\/www.aguarda.es\/en\/#\/schema\/person\/c463ca3006858ffb349d11179d044f21","name":"prensa","image":{"@type":"ImageObject","inLanguage":"en-US","@id":"https:\/\/www.aguarda.es\/en\/#\/schema\/person\/image\/","url":"https:\/\/secure.gravatar.com\/avatar\/5f90ef536b0f98306edf5c7a1135ffa1?s=96&d=mm&r=g","contentUrl":"https:\/\/secure.gravatar.com\/avatar\/5f90ef536b0f98306edf5c7a1135ffa1?s=96&d=mm&r=g","caption":"prensa"},"url":"https:\/\/www.aguarda.es\/en\/author\/prensa\/"}]}},"_links":{"self":[{"href":"https:\/\/www.aguarda.es\/en\/wp-json\/wp\/v2\/posts\/20990"}],"collection":[{"href":"https:\/\/www.aguarda.es\/en\/wp-json\/wp\/v2\/posts"}],"about":[{"href":"https:\/\/www.aguarda.es\/en\/wp-json\/wp\/v2\/types\/post"}],"author":[{"embeddable":true,"href":"https:\/\/www.aguarda.es\/en\/wp-json\/wp\/v2\/users\/2"}],"replies":[{"embeddable":true,"href":"https:\/\/www.aguarda.es\/en\/wp-json\/wp\/v2\/comments?post=20990"}],"version-history":[{"count":1,"href":"https:\/\/www.aguarda.es\/en\/wp-json\/wp\/v2\/posts\/20990\/revisions"}],"predecessor-version":[{"id":20995,"href":"https:\/\/www.aguarda.es\/en\/wp-json\/wp\/v2\/posts\/20990\/revisions\/20995"}],"wp:featuredmedia":[{"embeddable":true,"href":"https:\/\/www.aguarda.es\/en\/wp-json\/wp\/v2\/media\/20991"}],"wp:attachment":[{"href":"https:\/\/www.aguarda.es\/en\/wp-json\/wp\/v2\/media?parent=20990"}],"wp:term":[{"taxonomy":"category","embeddable":true,"href":"https:\/\/www.aguarda.es\/en\/wp-json\/wp\/v2\/categories?post=20990"},{"taxonomy":"post_tag","embeddable":true,"href":"https:\/\/www.aguarda.es\/en\/wp-json\/wp\/v2\/tags?post=20990"}],"curies":[{"name":"wp","href":"https:\/\/api.w.org\/{rel}","templated":true}]}}