{"id":2100,"date":"2016-08-03T07:26:57","date_gmt":"2016-08-03T07:26:57","guid":{"rendered":"https:\/\/www.aguarda.es\/?p=2100"},"modified":"2016-08-03T07:26:57","modified_gmt":"2016-08-03T07:26:57","slug":"prego-de-clausulas-administrativas-para-a-contratacion-das-obras-contidas-no-proxecto-instalacions-e-equipamentos-casa-do-alonsos-o-abeiro-da-subvencion-concedida-o-concello-da-guarda-pola-deputacion","status":"publish","type":"post","link":"https:\/\/www.aguarda.es\/en\/prego-de-clausulas-administrativas-para-a-contratacion-das-obras-contidas-no-proxecto-instalacions-e-equipamentos-casa-do-alonsos-o-abeiro-da-subvencion-concedida-o-concello-da-guarda-pola-deputacion\/","title":{"rendered":"Prego de cl\u00e1usulas administrativas para a contrataci\u00f3n das obras contidas no proxecto \u201cINSTALACI\u00d3NS E EQUIPAMENTOS CASA DO ALONSOS\u201d, O ABEIRO DA SUBVENCI\u00d3N CONCEDIDA \u00d3 CONCELLO DA GUARDA POLA DEPUTACI\u00d3N DE PONTEVEDRA DENTRO DO PLAN PROVINCIAL DE OBRAS E S"},"content":{"rendered":"<p><strong>PUBLICADO NO DOGA N\u00ba 146 DO 3 DE AGOSTO DO 2016<br \/>PUBLICADO NO BOP N\u00ba 142 DO 27 DE JULIO DO 2016<br \/><\/strong><\/p>\n<p><strong>\u00a0<\/strong><\/p>\n<p><strong>PREGO DE CL\u00c1USULAS ADMINISTRATIVAS PARTICULARES QUE HABER\u00c1N DE REXER PARA A CONTRATACI\u00d3N MEDIANTE PROCEDEMENTO ABERTO DAS OBRAS contidas no proxecto DE \u201cINSTALACI\u00d3NS E EQUIPAMENTOS CASA DO ALONSOS\u201d, O ABEIRO DA SUBVENCI\u00d3N CONCEDIDA \u00d3 CONCELLO DA GUARDA POLA DEPUTACI\u00d3N DE PONTEVEDRA DENTRO DO PLAN PROVINCIAL DE OBRAS E SERVIZOS 2015 (PPOS 2015)\u00a0 .<\/strong><\/p>\n<p>\u00a0<\/p>\n<p><strong>1) OBXECTO DO CONTRATO. <\/strong><\/p>\n<p>\u00a0<\/p>\n<p>O presente contrato ten por obxecto a execuci\u00f3n das obras contidas no proxecto \u201cINSTALACI\u00d3NS E EQUIPAMENTOS CASA DO ALONSOS\u201d, por importe de 163.546,59 euros, IVE, redactado polo Arquitecto T\u00e9cnico Municipal D Hermelindo Mart\u00ednez Gonz\u00e1lez, o abeiro da subvenci\u00f3n concedida \u00f3 Concello da Guarda pola Deputaci\u00f3n Provincial dentro do Plan Provincial de Obras e Servizos 2015 (PPOS 2015). O conxunto de documentos que comp\u00f3n o proxecto consid\u00e9rase que forman parte integrante deste Prego, tendo car\u00e1cter contractual.<\/p>\n<p>En caso de contradicci\u00f3n entre o Prego de Cl\u00e1usulas Administrativas Particulares e o Prego de Prescrici\u00f3ns T\u00e9cnicas prevalecer\u00e1 o primeiro.<\/p>\n<p>\u00a0<\/p>\n<p><span>C\u00f3digo nomenclatura CPV<\/span>: 45331000-6 (traballos de instalaci\u00f3n de calefacci\u00f3n, ventilaci\u00f3n e aire acondicionado); 51300000-5 (instalaci\u00f3n equipos telecomunicaci\u00f3ns);\u00a0 39717200 (suministro equipos aire acondicionado); 32000000 (Equipos de radio, televisi\u00f3n, comunicaciones y telecomunicaciones y equipos conexos).<\/p>\n<p><strong>\u00a0<\/strong><\/p>\n<p><strong>2) NECESIDADES ADMINISTRATIVAS\u00a0 A SATISFACER.<\/strong><\/p>\n<p><strong>\u00a0<\/strong><\/p>\n<p>A finalidade do contrato \u00e9 a realizaci\u00f3n de obras para mellorar as instalaci\u00f3n de climatizaci\u00f3n e os equipamentos e infraestructuras de telecomunicaci\u00f3ns da Casa dos Alonsos.<\/p>\n<p><strong>\u00a0<\/strong><\/p>\n<p><strong>3) R\u00c9XIME XUR\u00cdDICO<\/strong>.<\/p>\n<p>\u00a0<\/p>\n<p>O presente contrato de execuci\u00f3n de obras e suministro ten car\u00e1cter administrativo e se rexe polo prego de cla\u00fasulas administrativas particulares, polo prego de prescripci\u00f3ns t\u00e9cnicas e polo proxecto de e execuci\u00f3n de obras obxecto do contrato, quedando \u00a0ambas as partes sometidas expresamente \u00e1 lexislaci\u00f3n de contratos do sector publico e normas complementarias, e no seu caso da Comunidade Aut\u00f3noma de Galicia nos termos do artigo 149.1.18 da Constituci\u00f3n as\u00ed como as demais disposici\u00f3ns de desenvolvemento, en especial o Regulamento de desenvolvemento; supletoriamente aplicaranse as restantes normas de dereito administrativo e, na s\u00faa falta, as normas de dereito privado.<\/p>\n<p><strong>\u00a0<\/strong><\/p>\n<p><strong>4) \u00d3RGANO DE CONTRATACI\u00d3N.<\/strong><\/p>\n<p>O \u00f3rgano de contrataci\u00f3n na presente licitaci\u00f3n ser\u00e1 o Alcalde do Concello da Guarda.<\/p>\n<p>Direcci\u00f3n postal: Concello da Guarda, Praza do Rel\u00f3 s\/n, 36780 A Guarda\u00a0 (Pontevedra)<\/p>\n<p>Tel\u00e9fono: 986610000<\/p>\n<p>Fax: 986610283<\/p>\n<p>Correo electr\u00f3nico: <a href=\"mailto:alcaldia@aguarda.es\">alcaldia@aguarda.es<\/a><\/p>\n<p>\u00a0<\/p>\n<p>Perfil do contratante municipal: www.aguarda.es<\/p>\n<p>\u00a0<\/p>\n<p><strong>5) ORZAMENTO DO CONTRATO E TIPO DE LICITACI\u00d3N. <\/strong><\/p>\n<p>\u00a0<\/p>\n<p>Sin\u00e1lase como tipo de licitaci\u00f3n (<strong>respecto do que se admiten baixas<\/strong>).\u00a0 o importe de 163.546,59 <strong>euros, IVE engadido :<\/strong><\/p>\n<p>Orzamento de execuci\u00f3n material: 113.581,91 euros<\/p>\n<p>Orzamento base de licitaci\u00f3n (sen IVE): 135.162,47 euros<\/p>\n<p>Orzamento de licitaci\u00f3n: 163.546,59 euros, IVE engadido.<\/p>\n<p><strong>VALOR ESTIMADO: <\/strong>135.162,47 euros<\/p>\n<p>Na contrataci\u00f3n destas obras entenderase que os contratistas, ao formular as s\u00faas propostas econ\u00f3micas, inclu\u00edron dentro das mesmas o importe do Imposto sobre o Valor Engadido, sen prexu\u00edzo de que o importe deste imposto ind\u00edquese como partida independente, de conformidade co art. 87.2 do TRLCSP e modelo de oferta econ\u00f3mica do presente prego.<\/p>\n<p><strong>\u00a0<\/strong><\/p>\n<p><strong>6) FINANCIAMENTO. <\/strong><\/p>\n<p>Para atender as obrigas econ\u00f3micas que se derivan para a Administraci\u00f3n do cumprimento do contrato existe cr\u00e9dito suficiente no Orzamento municipal, con cargo \u00e1 partida 2016\/0\/933\/623\/01.<\/p>\n<p>\u00a0<\/p>\n<p>Foi concedida \u00f3 Concello da Guarda <strong>subvenci\u00f3n pola Deputaci\u00f3n Provincial <\/strong>dentro do Plan Provincial de Obras e Servizos 2015 (PPOS 2015), <strong>subvenci\u00f3n do 100% do importe total do proxecto.<\/strong><\/p>\n<p>\u00a0<\/p>\n<p><strong>7) REVISI\u00d3N DE PREZOS. <\/strong><\/p>\n<p>Atendendo \u00e1 natureza da obra, non proceder\u00e1 en ning\u00fan caso a revisi\u00f3n de prezos do presente contrato e xa que logo non se aplicar\u00e1 f\u00f3rmula algunha de revisi\u00f3n.<\/p>\n<p><strong>8) PRAZO DE EXECUCI\u00d3N. <\/strong><\/p>\n<p>5.1.- O prazo de execuci\u00f3n do contrato ser\u00e1 de <strong>CORENTA E CINCO (45) D\u00cdAS laborables<\/strong>, contados a partir do d\u00eda seguinte \u00f3 da firma do Acta de Comprobaci\u00f3n do Replanteo, salvo que exista reserva fundada que impida o seu comezo. O prazo contarase sempre en d\u00edas naturais.<\/p>\n<p>5.2.- Pr\u00f3rrogas.- O prazo contractual s\u00f3 prorrogarase cando concorran as circunstancias e requisitos esixidos pola lexislaci\u00f3n vixente.<\/p>\n<p>5.3.- Prazos parciais.- Os prazos parciais ser\u00e1n os que no seu caso, f\u00edxense na aprobaci\u00f3n do Programa de Traballo.<\/p>\n<p><strong>\u00a0<\/strong><\/p>\n<p><strong>\u00a0<\/strong><\/p>\n<p><strong>9)<\/strong><strong>PROCEDEMENTO DE CONTRATACI\u00d3N. TRAMITACI\u00d3N DO CONTRATO.<\/strong><\/p>\n<p>O contrato adxudicarase mediante procedemento aberto. <strong>A tramitaci\u00f3n do presente expediente ser\u00e1 ordinaria.<\/strong><\/p>\n<p><strong>\u00a0<\/strong><\/p>\n<p><strong>10) <\/strong><strong>CRITERIOS BASE PARA A ADXUDICACI\u00d3N<\/strong>.<\/p>\n<p><span>\u00a0<\/span><\/p>\n<p><span>\u00a0<\/span><\/p>\n<p><span>CRITERIOS AVALIABLES MEDIANTE F\u00d3RMULA<\/span> <span>( ata 30 puntos en total):<\/span><\/p>\n<p><span>\u00a0<\/span><\/p>\n<p>1.- Proposta de baixa no prezo&#8230;&#8230;&#8230;&#8230;&#8230;&#8230;&#8230;&#8230;&#8230;ata 20 puntos<strong>.<\/strong><\/p>\n<p>2.-Proposta de ampliaci\u00f3n do prazo de garant\u00eda (ata un m\u00e1ximo de 15 anos en total)&#8230;&#8230;&#8230;&#8230;&#8230;&#8230;&#8230;&#8230;&#8230;&#8230;.ata 10 puntos.<\/p>\n<p>\u00a0<\/p>\n<p>\u00a0<\/p>\n<p>\u00a0\u00a0\u00a0\u00a0\u00a0\u00a0\u00a0\u00a0\u00a0\u00a0\u00a0\u00a0\u00a0\u00a0\u00a0\u00a0\u00a0\u00a0\u00a0 A valoraci\u00f3n dos diferentes criterios se levar\u00e1 a cabo utilizando a seguinte <strong>f\u00f3rmula:<\/strong> en cada apartado, se outorgar\u00e1n 0 puntos \u00e1s ofertas que se axusten \u00f3 tipo ou o m\u00ednimo esixido nos presentes pregos. A oferta m\u00e1is vantaxosa ter\u00e1 a m\u00e1xima puntuaci\u00f3n, e as restantes puntuaci\u00f3ns se obter\u00e1n a trav\u00e9s da f\u00f3rmula polin\u00f3mica de tipo li\u00f1al recta que se recolle a continuaci\u00f3n:<\/p>\n<p><strong>F\u00f3rmula: <\/strong><strong>\u00a0P = p*[ X\/Y]<\/strong><\/p>\n<p><strong>P<\/strong> \u00e9 a puntaci\u00f3n obtida<\/p>\n<p><strong>p <\/strong>\u00e9 a puntuaci\u00f3n m\u00e1xima en xogo que se pode obter<\/p>\n<p><strong>X<\/strong> \u00e9 o valor que se obt\u00e9n da diferencia entre a oferta a considerar e o valor tipo<\/p>\n<p><strong>Y<\/strong> \u00e9 o valor que se obt\u00e9n do diferencial entre a mellor oferta presentada e o valor tipo<\/p>\n<p><strong>\u00a0<\/strong><\/p>\n<p><strong>Criterios de desempate:<\/strong><\/p>\n<p>\u00a0<\/p>\n<p>No caso de que dous ou m\u00e1is proposici\u00f3ns se encontren igualadas resultar\u00e1 adxudicataria aquela que obte\u00f1a unha maior puntuaci\u00f3n no criterio de adxudicaci\u00f3n que te\u00f1a maior peso na ponderaci\u00f3n dos mesmos. E no caso de que continuara a igualdade, polo orden de importancia que se lle atribu\u00edra a cada criterio.<\/p>\n<p><strong>CRITERIOS PARA A CONSIDERACI\u00d3N DE QUE A PROPOSICI\u00d3N CONT\u00c9N <\/strong><strong>VALORES ANORMAIS OU DESPROPORCIONADOS<\/strong><\/p>\n<p>Considerarase que a proposici\u00f3n cont\u00e9n valoresanormais ou desproporcionados cando a adxudicaci\u00f3n deba facerse tendo en conta m\u00e1is dun criterio de adxudicaci\u00f3n,sempre que o prezo proposto sexa inferior nun 10% \u00e1 media do total dos propostos.<\/p>\n<p>Cando aplicando estas criterios se identifique unha proposici\u00f3n que poida ser considerada desproporcionada ou anormal notificar\u00e1selle ao licitador e conceder\u00e1selle audiencia por un prazo m\u00e1ximo de tres d\u00edas para que xustifique a valoraci\u00f3n da s\u00faa proposici\u00f3n e precise as condici\u00f3ns da mesma de acordo co establecido no artigo 152 do TRCSP.<\/p>\n<p>\u00c1 vista da xustificaci\u00f3n presentada e do informe do servizo xestor, o \u00f3rgano de contrataci\u00f3n levar\u00e1 a cabo a aceptaci\u00f3n ou rexeitamento da citada proposici\u00f3n por non poder ser cumprida como consecuencia da inclusi\u00f3n de valores anormais ou desproporcionados. Neste \u00faltimo caso, o \u00f3rgano de contrataci\u00f3n ter\u00e1 que excluila da clasificaci\u00f3n.<\/p>\n<p>\u00a0<\/p>\n<p><strong>\u00a0<\/strong><\/p>\n<p><strong>11) CAPACIDADE PARA CONTRATAR. SOLVENCIA.<\/strong><\/p>\n<p>\u00a0\u00a0\u00a0\u00a0\u00a0\u00a0\u00a0\u00a0\u00a0\u00a0\u00a0\u00a0\u00a0\u00a0\u00a0<\/p>\n<p><strong><span>CAPACIDADE PARA CONTRATAR<\/span><\/strong><\/p>\n<p>\u00a0<\/p>\n<p>Soamente poder\u00e1n contratar co sector p\u00fablico as persoas naturais ou xur\u00eddicas, espa\u00f1olas ou estranxeiras, que se indican no art. 54 e ss. do TRLCSP, que te\u00f1an plena capacidade de obrar.<\/p>\n<p>Os candidatos ou licitadores non deber\u00e1n estar\u00a0 incursos en ningunha prohibici\u00f3n de contratar previstas no art. 60 do TRLCSP.<\/p>\n<p>\u00a0<\/p>\n<p>As persoas f\u00edsicas ou xur\u00eddicas de Estados non pertencentes \u00e1 Uni\u00f3n Europea estar\u00e1n ao que sinala o art. 55 e as empresas comunitarias ao que indica o art. 58 do TRLCSP.<\/p>\n<p>\u00a0<\/p>\n<p><strong><span>SOLVENCIA<\/span><\/strong><\/p>\n<p><strong><span>\u00a0<\/span><\/strong><\/p>\n<p>Adem\u00e1is dos requisitos apuntados, os licitadores deber\u00e1n acreditar a s\u00faa solvencia, ben a trav\u00e9s da acreditaci\u00f3n dunha clasificaci\u00f3n adecuada ao obxecto do contrato e dando cumprimento \u00f3 disposto no artigo 79.bis do TRLCSP, ben a trav\u00e9s, no caso da solvencia econ\u00f3mica e financeira, do seguinte medio ( art. 75 do TRLCSP):<\/p>\n<p>&#8211;\u00a0\u00a0\u00a0\u00a0\u00a0\u00a0\u00a0\u00a0\u00a0 Acreditaci\u00f3n do volume anual de negocios do licitador no \u00e1mbito a que se refira o contrato,por importe igual ou superior \u00f3 tipo de licitaci\u00f3n do contrato.<\/p>\n<p><strong>A<\/strong> acreditaci\u00f3n documental da suficiencia da solvencia econ\u00f3mica e financieira do empresario se efectuar\u00e1 mediante a aportaci\u00f3n dos certificados e documentos que para cada caso se determinen reglamentariamente. En todo caso, a inscripci\u00f3n no\u00a0 Rexistro Oficial de Licitadores e Empresas Clasificadas das Administraci\u00f3ns P\u00fablicas acreditar\u00e1 frente a todos os \u00f3rganos de contrataci\u00f3n do sector p\u00fablico, a tenor do nel reflectido e salvo proba en contrario, as condiciones de solvencia econ\u00f3mica e financieira do empresario.<\/p>\n<p><strong><span>\u00a0<\/span><\/strong><\/p>\n<p>\u00a0Polo que respecta <em>\u00e1 <\/em>solvencia t\u00e9cnica (artigo 76 do TRLCSP) deber\u00e1n acreditala a trav\u00e9s do seguinte medio:<\/p>\n<p>&#8211;\u00a0\u00a0\u00a0\u00a0\u00a0\u00a0\u00a0\u00a0\u00a0 Relaci\u00f3n das obras executadas no curso dos dez \u00faltimos anos, avalada por certificados de boa execuci\u00f3n para las obras m\u00e1s importantes, que indicar\u00e1n o \u00a0importe, as datas e o lugar de execuci\u00f3n das mesmas.<\/p>\n<p>\u00a0<\/p>\n<p>Aos efectos previstos no apartado anterior, os certificados de clasificaci\u00f3n ou documentos similares que sexan expedidos por Estados membros da Uni\u00f3n Europea a favor dos seus propios empresarios constituir\u00e1n unha presunci\u00f3n de aptitude nos termos apuntados no artigo 84.1 da TRLCSP.<\/p>\n<p>Tales medios de acreditaci\u00f3n poder\u00e1n ser substituidos polos que consten no certificado de\u00a0 inscrici\u00f3n no Rexistro de Contratistas da Comunidade Aut\u00f3noma de Galicia ou da Estatal, que o licitador achegue, ou pola acreditaci\u00f3n dunha clasificaci\u00f3n suficiente.<\/p>\n<p>\u00a0Non poder\u00e1n concorrer \u00e1 licitaci\u00f3n aquelas empresas que participasen na elaboraci\u00f3n<\/p>\n<p>das especificaci\u00f3ns t\u00e9cnicas \u00e1 que se refire o presente contrato, sempre que dita participaci\u00f3n poida provocar restrici\u00f3ns \u00e1 libre concorrencia ou supor un trato privilexiado con respecto ao resto das empresas licitadoras. (art. 56.1 TRLCSP).<\/p>\n<p>\u00a0<\/p>\n<p>\u00a0Os que contraten coa Administraci\u00f3n, poder\u00e1n facelo por si, ou mediante a representaci\u00f3n de persoas debidamente facultadas para iso. (art. 21 RG).<\/p>\n<p><strong>\u00a0<\/strong><\/p>\n<p><strong>CLASIFICACI\u00d3N.<\/strong><\/p>\n<p>O licitador poder\u00e1 substituir a documentaci\u00f3n acreditativa da solvencia econ\u00f3mica e t\u00e9cnica pola aportaci\u00f3n da certificaci\u00f3n expedida polo \u00f3rgano competente das seguintes clasificaci\u00f3ns empresariais:<\/p>\n<p><strong>\u00a0GRUPO I; Subgrupo 7; Categor\u00eda 2<\/strong><\/p>\n<p><strong>GRUPO J; Subgrupo 2; Categor\u00eda 2<\/strong><\/p>\n<p><strong>\u00a0<\/strong><\/p>\n<p><strong>12) UNI\u00d3NS TEMPORAIS DE EMPRESAS. <\/strong><\/p>\n<p>\u00a0<\/p>\n<p>A Administraci\u00f3n poder\u00e1 contratar con uni\u00f3ns de Empresarios que se constit\u00faan temporalmente ao efecto, de conformidade co establecido no artigo 59 do TRLCSP.<\/p>\n<p>A estes efectos cada unha das empresas que a comp\u00f3n deber\u00e1n indicar nomes e circunstancias dos que a constit\u00faan e a participaci\u00f3n de cada un, as\u00ed como que asumen o compromiso de constitu\u00edrse formalmente en uni\u00f3n temporal en caso de resultar adxudicatarios do contrato.<\/p>\n<p>As\u00ed mesmo deber\u00e1n presentar cada unha delas a documentaci\u00f3n esixida na cl\u00e1usula 9 e acreditar a s\u00faa capacidade e solvencia nos termos do presente prego, acumul\u00e1ndose a efectos da determinaci\u00f3n da solvencia da uni\u00f3n temporal as caracter\u00edsticas acreditadas para cada un dos integrantes da mesma. E no caso de que se esixa clasificaci\u00f3n estarase ao disposto no artigo 67 do TRLCSP.<\/p>\n<p>No suposto de resultar adxudicataria, a Uni\u00f3ns Temporais deber\u00e1 formalizar a mesma, en escritura p\u00fablica, as\u00ed como presentar o C.I.F. da Uni\u00f3ns Temporais, todo iso dentro do prazo de quince d\u00edas seguintes ao da data en que reciba a notificaci\u00f3n de adxudicaci\u00f3n, e a duraci\u00f3n da mesma ser\u00e1 coincidente coa do contrato ata a s\u00faa extinci\u00f3n.<\/p>\n<p>Os empresarios que concorran agrupados en Uni\u00f3ns Temporais quedar\u00e1n obrigados solidariamente ante a Administraci\u00f3n.<\/p>\n<p><strong>\u00a0<\/strong><\/p>\n<p><strong>13) PROPOSICI\u00d3NS. LUGAR E PRAZO DE PRESENTACI\u00d3N.<\/strong><\/p>\n<p>\u00a0<\/p>\n<p>As proposici\u00f3ns presentaranse no rexistro xeral deste Concello de luns a venres, de 9 a 14 horas, e os s\u00e1bados de 10 a 13 horas, durante o prazo de 15 d\u00edas naturais a contar dende o d\u00eda seguinte \u00f3 da publicaci\u00f3n do \u00faltimo anuncio no BOP e no DOGA (art. 159 TRLCSP). Se o \u00faltimo d\u00eda de presentaci\u00f3n de ofertas fora inh\u00e1bil, se prorrogar\u00e1 ata o d\u00eda h\u00e1bil seguinte.<\/p>\n<p>\u00a0<\/p>\n<p>Poderanse presentar proposici\u00f3ns por correo ou por Portelo \u00danico da Xunta de Galicia, tendo o interesado que acreditar co resgardo correspondente a data do env\u00edo na OFICINA DE CORREOS ou do Portelo \u00danico Xunta de Galicia e anunciando o mesmo d\u00eda,\u00a0 \u00f3 \u00d3rgano de contrataci\u00f3n, ben por FAX, correo electr\u00f3nico ou por telegrama, a remisi\u00f3n da proposici\u00f3n. Sen o cumprimento destes requisitos non ser\u00e1 admitida a proposici\u00f3n no caso de que fose recibida fora do prazo previsto.<\/p>\n<p>\u00a0<\/p>\n<p>Direcci\u00f3n postal: Concello da Guarda, Praza do Rel\u00f3 s\/n, 36780 A Guarda\u00a0 (Pontevedra)<\/p>\n<p>Tel\u00e9fono: 986610000<\/p>\n<p>Fax: 986610283<\/p>\n<p>Correo electr\u00f3nico: <a href=\"mailto:alcaldia@aguarda.es\">alcaldia@aguarda.es<\/a><\/p>\n<p>\u00a0<\/p>\n<p>\u00a0<\/p>\n<p>Perfil do contratante municipal: www.aguarda.es<\/p>\n<p>\u00a0<\/p>\n<p>\u00a0<\/p>\n<p>Sen o cumprimento destes requisitos non ser\u00e1 admitida a proposici\u00f3n no caso de que fose recibida fora do prazo previsto.<\/p>\n<p>\u00a0<\/p>\n<p>\u00a0\u00a0\u00a0\u00a0\u00a0\u00a0\u00a0\u00a0\u00a0\u00a0\u00a0 A).- <strong><span>Sobre A,<\/span><\/strong> denominado <strong>DOCUMENTOS XERAIS PARA O PROCEDEMENTO ABERTO PARA A ADXUDICACI\u00d3N DO CONTRATO DE <\/strong>\u201cINSTALACI\u00d3NS E EQUIPAMENTOS CASA DO ALONSOS\u201d, conter\u00e1 a seguinte documentaci\u00f3n:<\/p>\n<p>\u00a0<\/p>\n<p><strong>\u00a0\u00a0\u00a0\u00a0\u00a0\u00a0\u00a0\u00a0\u00a0\u00a0\u00a0\u00a0\u00a0\u00a0\u00a0 <\/strong>Unha relaci\u00f3n de todos os documentos inclu\u00eddos neste sobre.<\/p>\n<p>\u00a0<\/p>\n<p>&#8211;\u00a0\u00a0\u00a0\u00a0\u00a0\u00a0\u00a0\u00a0\u00a0 Declaraci\u00f3n responsable subscrita pola persoa que firme a proposici\u00f3n, de acordo co modelo que figura como <strong>ANEXO I\u00a0 dos presentes pregos<\/strong>.<\/p>\n<p>As empresas estranxeiras achegar\u00e1n unha declaraci\u00f3n de sometemento \u00e1 xurisdici\u00f3n dos xulgados e tribunais espa\u00f1ois de calquera orde para t\u00f3dalas incidencias que de modo directo ou indirecto poidan xurdir do contrato, con renuncia se \u00e9 o caso, ao foro xurisdicional estranxeiro que puidera corresponderlle ao licitador. En todo caso, as empresas estranxeiras achegar\u00e1n os seus documentos debidamente traducidos de forma oficial ao galego ou castel\u00e1n.<\/p>\n<p>\u00a0<\/p>\n<p>&#8211;\u00a0\u00a0\u00a0\u00a0\u00a0\u00a0\u00a0\u00a0\u00a0\u00a0\u00a0\u00a0\u00a0\u00a0\u00a0\u00a0\u00a0\u00a0\u00a0 \u00a0Ser\u00e1 opcional para os licitadores a presentaci\u00f3n dunha declaraci\u00f3n en relaci\u00f3n coa confidencialidade da documentaci\u00f3n aportada. No caso de ser achegada, a declaraci\u00f3n deber\u00e1 indicar qu\u00e9 debe considerarse como confidencial pola s\u00faa vinculaci\u00f3n con segredos t\u00e9cnicos ou comerciais.<\/p>\n<p>\u00a0<\/p>\n<p><strong>B).- Sobre B,<\/strong> denominado proposici\u00f3n econ\u00f3mica, axustado \u00f3 modelo indicado no presente PREGO , ser\u00e1 presentado pechado, podendo estar lacrado ou precintado, e ter\u00e1 a seguinte inscrici\u00f3n: <strong>PROPOSICI\u00d3N ECON\u00d3MICA PARA OPTAR O <\/strong><strong>PROCEDEMENTO ABERTO PARA A ADXUDICACI\u00d3N DO CONTRATO DE <\/strong>\u201cINSTALACI\u00d3NS E EQUIPAMENTOS CASA DO ALONSOS\u201d, cada licitador unicamente poder\u00e1 presentar unha proposici\u00f3n.Non podendo tampouco presentar ningunha proposta de uni\u00f3n temporal, si o contratista o fixo individualmente, nin figurar en m\u00e1is dunha uni\u00f3n temporal das que se presenten.<\/p>\n<p><strong>&#8211; \u00cdndice de<\/strong> documentos que integran o sobre.<\/p>\n<p>Farase constar, dentro do sobre e na primeira p\u00e1xina, en folla independente, un \u00edndice dos documentos que o integran, enunciado numericamente.<\/p>\n<p><strong>\u00a0<\/strong><\/p>\n<p>\u00a0<\/p>\n<p><strong>MODELO DE PROPOSICI\u00d3N ECON\u00d3MICA:<\/strong><\/p>\n<p>\u00a0<\/p>\n<p>D&#8230;&#8230;&#8230;&#8230;&#8230;&#8230;&#8230;&#8230;&#8230;&#8230;&#8230;&#8230;&#8230;.. maior de idade con DNI&#8230;&#8230;&#8230;&#8230;&#8230;&#8230;&#8230; e enderezo en&#8230;&#8230;&#8230;&#8230;&#8230;&#8230;&#8230;&#8230;&#8230;&#8230;&#8230; en nome propio ou en representaci\u00f3n de&#8230;&#8230;&#8230;&#8230;..(conforme acredito con poder bastanteado), vista a contrataci\u00f3n POR PROCEDEMENTO ABERTO,\u00a0 das obras de \u201cINSTALACI\u00d3NS E EQUIPAMENTOS CASA DO ALONSOS\u201d, comprometese a executalas polo seguinte prezo:<\/p>\n<p>\u00a0<\/p>\n<p>Prezo anual sen IVE: \u2026\u2026\u2026. euros.<\/p>\n<p>IVE aplicable: \u2026\u2026\u2026..<\/p>\n<p>Prezo total (IVE engadido): \u2026\u2026\u2026\u2026.. euros<\/p>\n<p>\u00a0<\/p>\n<p>\u00a0<\/p>\n<p>\u00a0<\/p>\n<p>\u00a0<\/p>\n<p>SINATURA DO PROPO\u00d1ENTE E DATA.<\/p>\n<p>\u00a0<\/p>\n<p>B).- <strong>Sobre C,<\/strong> denominado proposici\u00f3n t\u00e9cnica, axustado \u00f3 modelo indicado no presente PREGO , ser\u00e1 presentado pechado, podendo estar lacrado ou precintado, e ter\u00e1 a seguinte inscrici\u00f3n: PROPOSICI\u00d3N T\u00c9CNICA PARA OPTAR O <strong>PROCEDEMENTO ABERTO PARA A ADXUDICACI\u00d3N DO CONTRATO DE <\/strong>\u201cINSTALACI\u00d3NS E EQUIPAMENTOS CASA DO ALONSOS\u201d, \u00a0cada licitador unicamente poder\u00e1 presentar unha proposici\u00f3n.Non podendo tampouco presentar ningunha proposta de uni\u00f3n temporal, si o contratista o fixo individualmente, nin figurar en m\u00e1is dunha uni\u00f3n temporal das que se presenten.<\/p>\n<p><strong>\u00a0<\/strong><\/p>\n<p><strong>\u00a0<\/strong><\/p>\n<p><strong>\u201cMODELO DE PROPOSICI\u00d3N T\u00c9CNICA:<\/strong><\/p>\n<p>\u00a0<\/p>\n<p>D&#8230;&#8230;&#8230;&#8230;&#8230;&#8230;&#8230;&#8230;&#8230;&#8230;&#8230;&#8230;&#8230;.. maior de idade con DNI&#8230;&#8230;&#8230;&#8230;&#8230;&#8230;&#8230; e enderezo en&#8230;&#8230;&#8230;&#8230;&#8230;&#8230;&#8230;&#8230;&#8230;&#8230;&#8230; en nome propio ou en representaci\u00f3n de&#8230;&#8230;&#8230;&#8230;..(conforme acredito con poder bastanteado), recibida invitaci\u00f3n para participar na contrataci\u00f3n POR PROCEDEMENTO ABERTO,\u00a0 das obras de \u201cINSTALACI\u00d3NS E EQUIPAMENTOS CASA DO ALONSOS\u201d<strong>,<\/strong> comprometese a executalas nas seguintes condici\u00f3ns:<\/p>\n<p><strong>\u00a0<\/strong><\/p>\n<p><strong>\u00a0\u00a0\u00a0\u00a0\u00a0\u00a0\u00a0\u00a0\u00a0\u00a0\u00a0 CRITERIOS OBXECTIVOS DE ADXUDICACI\u00d3N <\/strong>:<\/p>\n<p>q\u00a0 Aumento prazo de garant\u00eda:<\/p>\n<p>\u00a0<\/p>\n<p>SINATURA DO PROPO\u00d1ENTE E DATA.\u201d<\/p>\n<p>\u00a0<\/p>\n<p><strong>14) \u00a0MESA DE CONTRATACI\u00d3N. APERTURA DE PLICAS. REXEITAMENTO. RENUNCIA.<\/strong><\/p>\n<p><strong>\u00a0<\/strong><\/p>\n<p><strong>Mesa de contrataci\u00f3n.<\/strong><\/p>\n<p><strong>\u00a0<\/strong><\/p>\n<p>A mesa de contrataci\u00f3n estar\u00e1 integrada do xeito seguinte:<\/p>\n<p>\u00a0<\/p>\n<p>Presidente: Alcalde-Presidente do Concello ou Concelleiro en quen delegue.<\/p>\n<p>\u00a0<\/p>\n<p>Vocais:<\/p>\n<p>&#8211;\u00a0\u00a0\u00a0\u00a0\u00a0\u00a0\u00a0 Concelleiro responsable do servizo.<\/p>\n<p>&#8211;\u00a0\u00a0\u00a0\u00a0\u00a0\u00a0\u00a0 O arquitecto T\u00e9cnico Municipal.<\/p>\n<p>&#8211;\u00a0\u00a0\u00a0\u00a0\u00a0\u00a0\u00a0 A Interventora do Concello, ou quen legalmente a substit\u00faa.<\/p>\n<p>&#8211;\u00a0\u00a0\u00a0\u00a0\u00a0\u00a0\u00a0 A Secretaria do Concello, ou quen legalmente a substit\u00faa.<\/p>\n<p>\u00a0<\/p>\n<p>Actuar\u00e1 como secretario un funcionario do Concello.<\/p>\n<p><strong>\u00a0<\/strong><\/p>\n<p><strong>\u00a0<\/strong><\/p>\n<p><strong>APERTURA DAS OFERTAS.REXEITAMENTO. RENUNCIA.<\/strong><\/p>\n<p><strong>\u00a0<\/strong><\/p>\n<p><strong>Apertura das ofertas.<\/strong><\/p>\n<p><strong>\u00a0<\/strong><\/p>\n<p>A cualificaci\u00f3n da documentaci\u00f3n xeral pola Mesa de contrataci\u00f3n ter\u00e1 lugar no Concello de a Guarda \u00e1s dez horas do terceiro h\u00e1bil seguinte \u00f3 que termine o prazo para a presentaci\u00f3n de proposici\u00f3ns. A estes efectos, se tal d\u00eda fora s\u00e1bado, o acto ter\u00e1 lugar o d\u00eda h\u00e1bil seguinte. No caso da existencia de deficiencias subsanables (emendables-reparables) na documentaci\u00f3n xeral,\u00a0 se outorgar\u00e1 \u00f3s licitadores un prazo de dous d\u00eda h\u00e1biles para proceder \u00e1 s\u00faa subsanaci\u00f3n.<\/p>\n<p>\u00a0<\/p>\n<p>\u00c1s dez horas do sexto d\u00eda h\u00e1bil seguinte \u00e1 finalizaci\u00f3n do prazo de presentaci\u00f3n de ofertas, se proceder\u00e1 pola Mesa de contrataci\u00f3n en acto p\u00fablico \u00e1 apertura das ofertas econ\u00f3micas e t\u00e9cnicas presentadas. A estes efectos, se tal d\u00eda fora s\u00e1bado, o acto ter\u00e1 lugar o d\u00eda h\u00e1bil seguinte.Caber\u00e1 solicitar pola mesa de contrataci\u00f3n, cantos informes t\u00e9cnicos se consideren precisos e se relacionen co obxecto de contrato.<\/p>\n<p><strong>\u00a0<\/strong><\/p>\n<p><strong>Rexeitamento de proposici\u00f3ns. <\/strong><\/p>\n<p><strong>\u00a0<\/strong><\/p>\n<p>Se algunha proposici\u00f3n non gardase concordancia coa documentaci\u00f3n examinada e admitida, excedese do orzamento base de licitaci\u00f3n, variase substancialmente o modelo establecido, ou comportase erro manifesto no importe da proposici\u00f3n, ou existise reco\u00f1ecemento por parte do licitador de que adoece de erro ou inconsistencia que a fagan inviable, ser\u00e1 refugada polo \u00f3rgano de contrataci\u00f3n, en resoluci\u00f3n motivada.<\/p>\n<p>\u00a0<\/p>\n<p>A Administraci\u00f3n ter\u00e1 alternativamente a facultade de adxudicar o contrato \u00e1 proposici\u00f3n m\u00e1is vantaxosa, mediante a aplicaci\u00f3n dos criterios establecidos no presente Prego, sen atender necesariamente ao valor econ\u00f3mico da mesma, ou declarar deserta a licitaci\u00f3n, motivando en todo caso a s\u00faa resoluci\u00f3n con referencia aos criterios de adxudicaci\u00f3n que figuran no presente Prego.<\/p>\n<p><strong>\u00a0<\/strong><\/p>\n<p><strong>Renuncia: <\/strong><\/p>\n<p>A presentaci\u00f3n da oferta vincula ao contratista coa Administraci\u00f3n de tal modo que a renuncia \u00e1 adxudicaci\u00f3n do contrato \u00f3 \u00e1 execuci\u00f3n da obra, realizada en calquera fase de tramitaci\u00f3n do expediente faculta \u00e1 Corporaci\u00f3n a que proceda \u00e1 incautaci\u00f3n da garant\u00eda, sen prexu\u00edzo da esixencia de indemnizaci\u00f3n polos danos e prexu\u00edzos causados \u00e1 Administraci\u00f3n contratante e demais consecuencias previstas no TRLCSP.<\/p>\n<p><strong>\u00a0<\/strong><\/p>\n<p><strong>\u00a0<\/strong><\/p>\n<p><strong>\u00a0<\/strong><\/p>\n<p><strong>\u00a0<\/strong><\/p>\n<p><strong>15) Adxudicaci\u00f3n.<\/strong><\/p>\n<p><strong><span>\u00a0<\/span><\/strong><\/p>\n<p><strong><span>REQUIRIMENTO PREVIO \u00c1 ADXUDICACI\u00d3N DO CONTRATO<\/span><\/strong><\/p>\n<p>\u00a0<\/p>\n<p>O \u00f3rgano de contrataci\u00f3n requirir\u00e1 \u00e1 empresa coa oferta economicamente m\u00e1is vantaxosa para que, dentro do prazo de 10 d\u00edas h\u00e1biles, contados desde o seguinte a aquel en que tivera recibido o requirimento, presente a seguinte documentaci\u00f3n:<\/p>\n<p><strong>&#8211; DOCUMENTACI\u00d3N ACREDITATIVA DO CUMPRIMENTO DOS REQUISITOS<\/strong><\/p>\n<p><strong>PREVIOS:<\/strong><\/p>\n<p>De conformidade co disposto no artigo 146-TRLCSP (modificado pola Lei 14\/2003, do 27 de setembro de apio ao emprendedor) deber\u00e1 presentar:<\/p>\n<p><strong>\u00a0<\/strong><\/p>\n<p><strong>A).- Documentaci\u00f3n acreditativa da capacidade de obrar:<\/strong><\/p>\n<p>\u2022 Empresario individual: copia compulsada do DNI, Pasaporte, autorizaci\u00f3n de<\/p>\n<p>residencia e traballo no seu caso, ou calquera outro documento equivalente para<\/p>\n<p>estranxeiros.<\/p>\n<p>\u2022 Persoas xur\u00eddicas:<\/p>\n<p>\u00a0Copia da tarxeta do C\u00f3digo de Identificaci\u00f3n Fiscal (CIF), debidamente compulsada.<\/p>\n<p>Escritura de constituci\u00f3n ou modificaci\u00f3n no seu caso, inscrita no Rexistro Mercantil, cando este requisito fose esixible conforme \u00e1 lexislaci\u00f3n mercantil que lIe sexa aplicable. De non ser esixible, achegarase escritura ou documento de constituci\u00f3n, de modificaci\u00f3n, estatutos ou acto fundacional,no que conste as normas polas que se regula a s\u00faa actividade, inscritos, no seu caso no correspondente Rexistro Oficial.<\/p>\n<p>\u00a0<\/p>\n<p>\u2022 <strong>Empresas comunitarias<\/strong>: A capacidade de obrar das empresas non espa\u00f1olas de Estados membros da Comunidade Europea ou signatarios do Acordo sobre o Espazo<\/p>\n<p>15 Econ\u00f3mico Europeo acreditarase mediante a inscrici\u00f3n no Rexistro procedente de<\/p>\n<p>acordo coa lexislaci\u00f3n do Estado onde estean establecidas ou mediante a presentaci\u00f3n das certificaci\u00f3ns que se indican no apartado 2 do anexo I do RXLCAP<\/p>\n<p>(artigo 9-RXLCAP).<\/p>\n<p>Resto de <strong>empresas estranxeiras<\/strong>: Os empresarios estranxeiros non comunitarios deber\u00e1n acreditar a s\u00faa capacidade de obrar con informe expedido pola Misi\u00f3n Diplom\u00e1tica Permanente ou Oficina Consular de Espa\u00f1a no lugar do domicilio da empresa, no que se faga constar previa acreditaci\u00f3n por parte da empresa, que figura inscrita no rexistro local profesional, comercial ou an\u00e1logo, ou no seu defecto, que act\u00faan habitualmente no tr\u00e1fico local no \u00e1mbito das actividades \u00e1s que se estende o obxecto do contrato.Ademais deber\u00e1n xustificar mediante informe da respectiva Misi\u00f3n Diplom\u00e1tica Permanente de Espa\u00f1a ou da Secretar\u00eda Xeral de Comercio Exterior do Ministerio de Econom\u00eda e Facenda sobre a condici\u00f3n de estado signatario do Acordo sobre Contrataci\u00f3n P\u00fablica da Organizaci\u00f3n Mundial de Comercio, nos casos previstos no RXLCAP.<\/p>\n<p>\u2022 Disposici\u00f3n com\u00fan a empresas estranxeiras (comunitarias e non comunitarias):<\/p>\n<p>declaraci\u00f3n de sometemento \u00e1 xurisdici\u00f3n de tribunais e xulgados espa\u00f1ois. As empresas estranxeiras deber\u00e1 presentar unha declaraci\u00f3n de sometemento \u00e1 xurisdici\u00f3n dos tribunais e xulgados espa\u00f1ois de calquera orde, para t\u00f3dalas incidencias que de modo directo ou indirecto puideran xurdir do contrato, con renuncia no seu caso, ao foro xurisdicional estranxeiro que puidera corresponder ao licitante (artigo 146.1.d -TRLCSP).<\/p>\n<p>\u2022 <strong>Uni\u00f3ns Temporais de Empresas<\/strong>: no caso de concorreren \u00e1 licitaci\u00f3n varias empresas<\/p>\n<p>constitu\u00edndo unha uni\u00f3n temporal, cada unha de elas deber\u00e1 acreditar a s\u00faa personalidade e capacidade indicando os nomes e circunstancias dos empresarios que subscriben a proposici\u00f3n, participaci\u00f3n de cada unha de elas designando a persoa ou entidade que durante a vixencia do contrato ha de desempe\u00f1ar a representaci\u00f3n da UTE ante a Administraci\u00f3n, e compromiso de constituirse formalmente en UTE en caso de resultar adxudicatarias, de conformidade co artigo 59-TRLCSP.<\/p>\n<p><strong>\u00a0<\/strong><\/p>\n<p><strong>B) Documentos acreditativos da representaci\u00f3n: <\/strong>se o asinante da proposici\u00f3n<\/p>\n<p>act\u00faa en calidade de representante do licitador deber\u00e1 achegar:<\/p>\n<p>&#8211; Copia compulsada notarial ou administrativamente do documento que acredite a personalidade deste representante (DNI, Pasaporte, autorizaci\u00f3n de residencia e traballo no seu caso, ou calquera outro documento equivalente para estranxeiros).<\/p>\n<p>&#8211; Copia compulsada notarial ou administrativamente da escritura de poder de representaci\u00f3n, ou no seu caso, das escrituras notariais de constituci\u00f3ns ou modificaci\u00f3n\u00a0 estatutarias ou elevaci\u00f3n dea cordos sociais, onde conste que est\u00e1 habilitado para concorrer \u00e1 celebraci\u00f3n de contratos coas Administraci\u00f3ns P\u00fablicas.<\/p>\n<p><strong>\u00a0<\/strong><\/p>\n<p><strong>C} Documentaci\u00f3n acreditativa da solvencia:<\/strong><\/p>\n<p>&#8211; Documentaci\u00f3n acreditativa da solvencia econ\u00f3mica e financeira de acordo co disposto na cl\u00e1usula 11 deste prego.<\/p>\n<p>&#8211; Documentaci\u00f3n acreditativa da solvencia t\u00e9cnica de acordo co disposto na cl\u00e1usula 11 deste prego.<\/p>\n<p><strong>\u00a0<\/strong><\/p>\n<p><strong>D} Alta no Imposto de Actividades Econ\u00f3micas (IAE):<\/strong><\/p>\n<p>Orixinal ou copia compulsada da alta no Imposto de Actividades Econ\u00f3micas no ep\u00edgrafe correspondente ao obxecto do contrato, referida ao exercicio corrente, ou o \u00faltimo recibo acompa\u00f1ado dunha declaraci\u00f3n responsable de non terse dado de baixa na matr\u00edcula do<\/p>\n<p>citado imposto.<\/p>\n<p><strong>\u00a0<\/strong><\/p>\n<p><strong>E} REXISTRO DE CONTRATISTAS<\/strong><\/p>\n<p>De acordo co disposto no artigo 83-TRLCSP, a documentaci\u00f3n relacionada anteriormente poder\u00e1 substitu\u00edrse pola presentaci\u00f3n do certificado de inscrici\u00f3n no Rexistro Oficial de Licitadores e Empresas Clasificadas do Estado ou do Rexistro Xeral de Contratistas da Comunidade Aut\u00f3noma de Galicia regulado por Decreto 262\/2001, do 20 de setembro (D.O.G. n.o 200 do 16 de outubro de 2001), sempre e cando o dito certificado incl\u00faa os anteditos datos, e debendo acompa\u00f1ar \u00e1 dita certificaci\u00f3n unha declaraci\u00f3n responsable na que o licitador manifeste que as circunstancias contidas na certificaci\u00f3n presentada non variaron (art.146.3-TRLCSP).<\/p>\n<p>En todo caso, os licitadores que presenten esta certificaci\u00f3n deber\u00e1n presentar ademais do certificado, unha fotocopia compulsada do DNI da persoa que presenta a oferta.<\/p>\n<p><strong>\u00a0<\/strong><\/p>\n<p><strong>&#8211; DOCUMENTACI\u00d3N NECESARIA PARA A ADXUDICACI\u00d3N DO CONTRATO<\/strong><\/p>\n<p><strong>\u00a0<\/strong><\/p>\n<p>De conformidade co disposto no artigo 151.2-TRLCSP deber\u00e1 presentar:<\/p>\n<p>\u2022 Xustificante de estar ao corrente no cumprimento das s\u00faas obrigas tributarias (estatais e coa Comunidade Aut\u00f3noma) e coa Seguridade Social.<\/p>\n<p>\u2022 Xustificante de ter constitu\u00edda garant\u00eda definitiva por importe do 5% do importe de licitaci\u00f3n, por calquera dos medios a que se refire o artigo 96-TRLCSP.<\/p>\n<p>\u2022 Xustificante de ter aboado os gastos do anuncio de licitaci\u00f3n.<\/p>\n<p>\u00a0<\/p>\n<p>O \u00f3rgano de contrataci\u00f3n requirir\u00e1 o licitador que houbese presentado a oferta econ\u00f3micamente m\u00e1is ventaxosa para que, dentro do prazo de dez d\u00edas h\u00e1biles, a contar dende o seguinte a aqu\u00e9l no que houbera recibido o requirimento, presente a documentaci\u00f3n anteriormente citada Os correspondentes certificados poder\u00e1n ser expedidos por medios electr\u00f3nicos, inform\u00e1ticos ou telem\u00e1ticos.<\/p>\n<p>\u00a0<\/p>\n<p>De non cumprimentarse adecuadamente o requerimento no prazo sinalado, se entender\u00e1 que o licitador retirou a sua oferta, proced\u00e9ndose nese caso a recabar a mesma documentaci\u00f3n o licitador seguinte, pola orde na que quedaran clasificadas as ofertas.<\/p>\n<p>\u00a0<\/p>\n<p>O \u00f3rgano de contrataci\u00f3n deber\u00e1 adxudicar o contrato dentro dos\u00a0 cinco d\u00edas h\u00e1biles seguintes \u00e1 recepci\u00f3n da documentaci\u00f3n.<\/p>\n<p>\u00a0<\/p>\n<p>A adxudicaci\u00f3n concretar\u00e1 e fixar\u00e1 os t\u00e9rminos definitivos do contrato.\u00a0\u00a0\u00a0\u00a0\u00a0\u00a0\u00a0\u00a0\u00a0\u00a0\u00a0\u00a0\u00a0<\/p>\n<p><strong>\u00a0<\/strong><\/p>\n<p><strong>16) <\/strong><strong>GARANT\u00cdAS.<\/strong><\/p>\n<p><strong>\u00a0<\/strong><\/p>\n<p><strong>GARANT\u00cdA PROVISIONAL.-<\/strong> Non se esixe<\/p>\n<p><strong>GARANT\u00cdA DEFINITIVA.- <\/strong>O adxudicatario como requisito previo e necesario para a formalizaci\u00f3n do contrato, deber\u00e1 constitu\u00edr a garant\u00eda definitiva \u00e1 que se refire o artigo 95 do TRLCSP, por importe equivalente ao 5 por 100 do importe da adxudicaci\u00f3n, exclu\u00eddo o Imposto sobre o Valor Engadido, por medio de calquera das formas previstas no art. 96 e segundo o estipulado no artigo 97 do TRLCSP en canto ao r\u00e9xime das garant\u00edas prestadas por terceiros.<\/p>\n<p>\u00a0<\/p>\n<p>\u00a0<\/p>\n<p><strong>\u00a0<\/strong><\/p>\n<p><strong>17) FORMALIZACI\u00d3N DO CONTRATO. <\/strong><\/p>\n<p>Na notificaci\u00f3n \u00f3 adxudicatario e no perfil do contratante se indicar\u00e1 o prazo no que debe procederse a sua formalizaci\u00f3n conforme o artigo 156, constitu\u00edndo t\u00edtulo suficiente para acceder a calquera rexistro p\u00fablico. Non obstante,\u00a0 o contratista poder\u00e1 solicitar que o contrato se eleve a escritura p\u00fablica, correndo do seu cargo os correspondentes gastos (art. 156.1 TRLCSP).<\/p>\n<p>\u00a0<\/p>\n<p>Cando por causas imputables ao contratista non se formalizara o contrato dentro do plazo indicado, a Administraci\u00f3n poder\u00e1 acordar a s\u00faa resoluci\u00f3n, sendo de aplicaci\u00f3n o previsto no artigo 211.3.a). Se as causas da non formalizaci\u00f3n fosen imputables \u00e1 Administraci\u00f3n, indemnizarase ao contratista dos danos e prexu\u00edzos que lle ocasionara a demora, con independencia de que poida solicitar a resoluci\u00f3n do contrato ao amparo da letra d) do art. 223 TRLCSP.<\/p>\n<p><strong>\u00a0<\/strong><\/p>\n<p><strong>\u00a0<\/strong><\/p>\n<p><strong>18) EXECUCI\u00d3N DO CONTRATO. ACTA DE COMPROBACI\u00d3N DO REPLANTEO. <\/strong><\/p>\n<p>\u00a0<\/p>\n<p>18.1.- Dentro do mes seguinte \u00e1 formalizaci\u00f3n do contrato efectuarase a comprobaci\u00f3n do replanteo, na data en que a Administraci\u00f3n sinale, quedando obrigado o contratista, previa notificaci\u00f3n, a acudir ao mesmo e subscribir a correspondente Acta, de conformidade co artigo 229 do TRLCSP.<\/p>\n<p>18.2.-O acta deber\u00e1 expedirse por triplicado, debendo reflectirse na mesma os datos que se sinalan no artigo 139 do Real Decreto 1098\/2001, e produc\u00edndose os efectos sinalados no mencionado artigo e no seguinte. En concreto, cando o resultado da comprobaci\u00f3n do replanteo demostre a posesi\u00f3n e disposici\u00f3n real dos terreos, a s\u00faa \u00a0idoneidade e viabilidade do proxecto, a xu\u00edzo do facultativo Director das obras, e sen reserva por parte do contratista, darase por aquel a autorizaci\u00f3n para inicialas, fac\u00e9ndose constar este estremo expl\u00edcitamente no Acta estendida, de cuia autorizaci\u00f3n quedar\u00e1 notificado o contratista polo feito de suscribila, e empez\u00e1ndose a contar o prazo de execuci\u00f3n das obras dende o d\u00eda seguinte o da firma do acta.<\/p>\n<p>Un exemplar do acta se remitir\u00e1 \u00f3 \u00f3rgano de contrataci\u00f3n, outro se entregar\u00e1 \u00f3 contratista e un terceiro \u00e1 direcci\u00f3n da obra.<\/p>\n<p>\u00a0<\/p>\n<p>18.3.- Se o contratista non acudir, sen causa xustificada, ao acto de Comprobaci\u00f3n de replanteo a s\u00faa ausencia considerarase como incumprimento do contrato coas consecuencias e efectos previstos no artigo 237 do TRLCSP.<\/p>\n<p>\u00a0<\/p>\n<p>18.4. \u2013No\u00a0 caso de que o expediente de contrataci\u00f3n fora declarado de tramitaci\u00f3n urxente, a comprobaci\u00f3n do replanteo se realizar\u00e1 a partir do momento no que o \u00a0adxudicatario haxa constituido a garant\u00eda definitiva.<\/p>\n<p><strong>\u00a0<\/strong><\/p>\n<p><strong>19).- COMEZO DAS OBRAS E PREAVISO \u00c1 AUTORIDADE LABORAL. <\/strong><\/p>\n<p>O contratista deber\u00e1 iniciar as obras dentro dos quince d\u00edas seguintes ao da firma do Acta de Comprobaci\u00f3n de replanteo.<\/p>\n<p>O Director da obra directamente ou por medio do coordinador de Seguridade e Sa\u00fade deber\u00e1 efectuar o correspondente aviso previo \u00e1 autoridade laboral antes do comezo das obras (art. 18 do Decreto 1627\/97), documento cuxa presentaci\u00f3n debe exhibir o facultativo ao contratista.<\/p>\n<p>\u00a0<\/p>\n<p>Cando o resultado da comprobaci\u00f3n do replanteo demostre a posesi\u00f3n e disposici\u00f3n real dos terreos, a s\u00faa idoneidade e viabilidade do proxecto, a xu\u00edzo do facultativo Director das obras, e sen reserva por parte do contratista, darase por aquel a autorizaci\u00f3n para inicialas, fac\u00e9ndose constar este extremo explicitamente no Acta estendida, de cuxa autorizaci\u00f3n quedar\u00e1 notificado o contratista polo feito de subscribila, e empez\u00e1ndose a contar o prazo de execuci\u00f3n das obras desde o d\u00eda seguinte ao da firma do acta.<\/p>\n<p><strong>\u00a0<\/strong><\/p>\n<p><strong>\u00a0<\/strong><\/p>\n<p><strong>20).- PROGRAMA DE TRABALLO, PLAN DE SEGURIDADE E SA\u00daDE E RELACI\u00d3N DE SUBCONTRATISTAS E SUBMINISTRADORES.<\/strong><\/p>\n<p>\u00a0<\/p>\n<p>Dentro dos 15 d\u00edas naturais seguintes ao da firma do Acta de Comprobaci\u00f3n de Replanteo, e sempre antes do inicio das obras, o contratista presentar\u00e1 o Programa de Traballo e o Plan de Seguridade e Sa\u00fade, e relaci\u00f3n de subcontratistas e subministradores, co importe de obra a realizar, e neste caso, aos efectos do sinalado no presente Prego.<\/p>\n<p>A aprobaci\u00f3n do Plan de Seguridade e Sa\u00fade corresponder\u00e1 ao Presidente da Corporaci\u00f3n previo informe do coordinador de seguridade e sa\u00fade (que a falta de nomeamento concreto ser\u00e1 o\u00a0 T\u00e9cnico-Director de obra).<\/p>\n<p>Atendendo \u00e1 natureza da obra, o Presidente da Corporaci\u00f3n, a proposta do T\u00e9cnico Director poder\u00e1 eximir ao contratista da presentaci\u00f3n do programa de traballo.<\/p>\n<p>En ning\u00fan caso dispensarase a presentaci\u00f3n de programa de traballo para as obras plurianuais.<\/p>\n<p><strong>\u00a0<\/strong><\/p>\n<p><strong>21) CARTEIS E SINAIS. <\/strong><\/p>\n<p>Na data en que comecen os traballos, o contratista queda obrigado a colocar \u00e1 s\u00faa costa un cartel relacionado coa obra, coas caracter\u00edsticas e formato que sinale a Administraci\u00f3n. O devandito cartel deber\u00e1 manterse na obra ata que se devolva a garant\u00eda definitiva, sendo responsable o contratista durante devandito prazo de que o cartel permaneza instalado en perfectas condici\u00f3ns.<\/p>\n<p>Transcorridos seis meses a contar desde a recepci\u00f3n da obra e en todo caso antes da devoluci\u00f3n da garant\u00eda deber\u00e1 proceder \u00e1 retirada do cartel \u00e1 s\u00faa costa.<\/p>\n<p>As\u00ed mesmo, o contratista est\u00e1 obrigado a instalar \u00e1 s\u00faa costa os sinais indicativos de obras, perigo, precauci\u00f3n, desviaci\u00f3n, etc., de conformidade co disposto no C\u00f3digo da Circulaci\u00f3n e normativa de Prevenci\u00f3n de Riscos Laborais, e a adoptar todas as precauci\u00f3ns precisas desde o comezo das obras ata a s\u00faa total terminaci\u00f3n, sendo persoalmente responsable dos accidentes motivados por incumprimento desta Cl\u00e1usula.<\/p>\n<p><strong><span>O contratista ven obrigado a po\u00f1er , desde o inicio das obras ata a s\u00faa total terminaci\u00f3n, un cartel informativo indicando que se trata dunha obra subvencionada pola Deputaci\u00f3n <\/span><\/strong><\/p>\n<p><strong>\u00a0<\/strong><\/p>\n<p><strong>22) OCUPACI\u00d3N DE TERREOS. <\/strong><\/p>\n<p>O contratista non pode ocupar os terreos afectados pola obra ata recibir a orde correspondente da direcci\u00f3n.<\/p>\n<p><strong>\u00a0<\/strong><\/p>\n<p><strong>23) DESENVOLVMENTO DOS TRABALLOS. <\/strong><\/p>\n<p>23.1.- O contratista deber\u00e1 executar as obras con materiais e medios de primeira calidade e nas condici\u00f3ns esixidas no Proxecto aprobado e toda a documentaci\u00f3n que a integra, as\u00ed como de conformidade coa instrucci\u00f3ns ou regulamentos t\u00e9cnicos nacionais obrigatorios, a condici\u00f3n de que sexan compatibles co Dereito comunitario nos termos establecidos no artigo 117 do TRLCSP.<\/p>\n<p>As\u00ed mesmo, deber\u00e1 utilizar os elementos persoais e auxiliares m\u00e1is cualificados nas condici\u00f3ns esixidas pola boa pr\u00e1ctica da construcci\u00f3n.<\/p>\n<p>23.2.- Recepci\u00f3n e recusaci\u00f3n de materiais.- O contratista s\u00f3 pode empregar os materiais na obra previo exame e aceptaci\u00f3n polo T\u00e9cnico-Director, nos termos e formas que este sinale, para o correcto cumprimento das condici\u00f3ns convidas. Se o T\u00e9cnico-Director non aceptase os materiais sometidos ao seu exame deber\u00e1 comunicalo por escrito ao contratista, sinalando as causas que motiven tal decisi\u00f3n.<\/p>\n<p>23.3.- Obras defectuosas ou mal executadas.- Ata que te\u00f1a lugar a aprobaci\u00f3n da devoluci\u00f3n da garant\u00eda definitiva o contratista responder\u00e1 da execuci\u00f3n da obra contratada e das faltas que nela houber, sen que sexa eximente, nin lle de dereito alg\u00fan, a circunstancia de que os representantes da Administraci\u00f3n examinen ou reco\u00f1ecido, durante a s\u00faa construcci\u00f3n, as partes e unidades da obra ou os materiais empregados, nin que sexan inclu\u00eddos estes e aqueles en as medici\u00f3ns e certificaci\u00f3ns parciais.<\/p>\n<p>23.4.- Demolici\u00f3n e reconstrucci\u00f3n das obras defectuosas ou mal executadas.- Se se advirte vicios ou defectos na construcci\u00f3n, ou se te\u00f1en fundadas raz\u00f3ns para crer que existen vicios ocultos na obra executada, o T\u00e9cnico-Director ordenar\u00e1 durante o curso da execuci\u00f3n, e sempre antes da aprobaci\u00f3n da devoluci\u00f3n da garant\u00eda definitiva, a demolici\u00f3n e reconstrucci\u00f3n das unidades de obra en que se dean aquelas circunstancias, ou as acci\u00f3ns precisas para comprobar a existencia de tales defectos ocultos.<\/p>\n<p>23.5.- Responsabilidade por vicios ocultos.- Se a obra arru\u00ednase con posterioridade \u00e1 expiraci\u00f3n do prazo de garant\u00eda por vicios ocultos da construcci\u00f3n, debido a incumprimento do contrato por parte do contratista, responder\u00e1 este de os danos e prexu\u00edzos que se manifesten durante o termo de quince anos a contar desde a recepci\u00f3n.<\/p>\n<p>Transcorrido este prazo sen que se manifestou ning\u00fan dano ou prexu\u00edzo, quedar\u00e1 totalmente extinguida a responsabilidade do contratista, de conformidade co artigo 236 do TRLCSP.<\/p>\n<p>\u00a0<\/p>\n<p><strong>24) DIRECCI\u00d3N E INSPECCI\u00d3N DAS OBRAS.<\/strong><\/p>\n<p>\u00a0<\/p>\n<p>A direcci\u00f3n e inspecci\u00f3n das obras corresponde ao T\u00e9cnico-Director das mesmas (Director de Obra e no seu caso Director de Execuci\u00f3n da obra, de acordo co disposto nos arts. 12 e 13 da Lei 38\/99 de 5 de novembro de Ordenaci\u00f3n da Edificaci\u00f3n), o cal ditar\u00e1 as instrucci\u00f3ns necesarias ao contratista para a normal e eficaz realizaci\u00f3n daquelas e sinalar\u00e1 o ritmo de execuci\u00f3n conveniente, mediante as anotaci\u00f3ns correspondentes no Libro de Ordenes. No entanto, a Presidencia da Corporaci\u00f3n poder\u00e1 inspeccionar as obras cando o estime oportuno ou encomendar devanditas funci\u00f3ns aos t\u00e9cnicos da Corporaci\u00f3n.<\/p>\n<p>A direcci\u00f3n facultativa da obra (ou direcci\u00f3n da obra) se levar\u00e1 a cabo polo t\u00e9cnico municipal redactor do proxecto. Incluir\u00e1 as atribuci\u00f3ns sinaladas no artigo 12 da Lei 38\/1999, de Ordenaci\u00f3n da Edificaci\u00f3n (LOE).<\/p>\n<p>Asimesmo, \u00f3 ser promotora a Administraci\u00f3n, o Director facultativo tam\u00e9n asumir\u00e1 a direcci\u00f3n de execuci\u00f3n da obra<\/p>\n<p><strong>\u00a0<\/strong><\/p>\n<p><strong>25) LEXISLACI\u00d3N LABORAL E SEGUIRIDADE SOCIAL.<\/strong><\/p>\n<p>O contratista deber\u00e1 observar as disposici\u00f3ns vixentes en materia laboral e de Seguridade Social.<\/p>\n<p><strong>\u00a0<\/strong><\/p>\n<p><strong>26) PREVENCI\u00d3N DE RISCOS LABORAIS.<\/strong><\/p>\n<p>O contratista deber\u00e1 observar as disposici\u00f3ns vixentes en materia de seguridade e hixiene no traballo e prevenci\u00f3n de Riscos Laborais.<\/p>\n<p><strong>\u00a0<\/strong><\/p>\n<p><strong>27) RESPONSABILIDADE. DANOS.<\/strong><\/p>\n<p>Ser\u00e1 de conta do contratista a responsabilidade derivada de todos os danos, prexu\u00edzos e acci\u00f3ns de calquera natureza que sexan ocasionados a terceiras persoas polo seu persoal, a s\u00faa maquinaria ou como consecuencia dos traballos realizados. Esta responsabilidade non se extinguir\u00e1 ata que expire o prazo de garant\u00eda da obra.<\/p>\n<p>Cando tales danos e prexu\u00edzos sexan ocasionados como consecuencia inmediata e directa dunha orde da Administraci\u00f3n, ser\u00e1 esta responsable dentro dos l\u00edmites establecidos na Lei.<\/p>\n<p>As\u00ed mesmo, o contratista responder\u00e1 civil e, no seu caso, penalmente dos danos causados \u00e1 Administraci\u00f3n Contratante \u00f3 a terceiros como consecuencia dos vicios ocultos das obras.<\/p>\n<p>A cantidade en que se concreten tales danos ser\u00e1 inmediatamente esixida pola v\u00eda de prema administrativa.<\/p>\n<p>\u00a0<\/p>\n<p><strong>28) GASTOS DE TRANSPORTE E ALMACENAXE.<\/strong><\/p>\n<p>O contratista estar\u00e1 obrigado a sufragar os gastos de transporte de materiais ata o lugar sinalado e no prazo convido e, no seu caso, os gastos de almacenaxe e dep\u00f3sito.<\/p>\n<p>\u00a0<\/p>\n<p><strong>29) CUSTODIA E CONSERVACI\u00d3N.<\/strong><\/p>\n<p>O contratista deber\u00e1 responder da custodia e conservaci\u00f3n dos materiais e instalaci\u00f3ns, sen que te\u00f1a dereito a indemnizaci\u00f3n por causa de avar\u00eda, perdas ou prexu\u00edzos nos bens, ata a aprobaci\u00f3n da devoluci\u00f3n da garant\u00eda definitiva.<\/p>\n<p>\u00a0<\/p>\n<p><strong>30) GASTOS DE ANUNCIOS, TRIBUTOS E VARIOS.<\/strong><\/p>\n<p>O adxudicatario vir\u00e1 obrigado a pagar todos os gastos, de publicaci\u00f3n de anuncios de licitaci\u00f3n en diarios oficiais e medios de comunicaci\u00f3n. As\u00ed mesmo, deber\u00e1 pagar todos os Impostos, Contribuci\u00f3ns, Taxas e Prezos P\u00fablicos que pesen sobre o contrato ou, no seu caso, sobre o obxecto do contrato, as\u00ed como obter a licenza de obras ou Imposto sobre Construcci\u00f3ns, Obras e Instalaci\u00f3ns, se procedese, e o abono do Tributo correspondente.<\/p>\n<p>Ser\u00e1n por conta do adxudicatario e sen que supo\u00f1a custo alg\u00fan para a administraci\u00f3n, a realizaci\u00f3n daqueles proxectos de instalaci\u00f3ns e equipos que no seu caso se prevexan no proxecto (electricidade, centros de transformaci\u00f3n, aparellos elevadores, climatizaci\u00f3n, etc.), que sexan necesarios para a aprobaci\u00f3n polos organismos competentes da administraci\u00f3n, as\u00ed como a tramitaci\u00f3n ante devanditos organismos e pago das taxas correspondentes.<\/p>\n<p>\u00a0<\/p>\n<p><strong>31) CONTROL DE CALIDADE.<\/strong><\/p>\n<p>A Direcci\u00f3n ordenar\u00e1 que se verifiquen os ensaios e an\u00e1lises de materiais e unidades de obra que en cada caso resulten pertinentes e os gastos que se orixinen ser\u00e1n de conta do contratista ata un importe m\u00e1ximo do 1% do orzamento de execuci\u00f3n material da obra.<\/p>\n<p>\u00a0<\/p>\n<p>A mesma Direcci\u00f3n fixar\u00e1 o n\u00famero, forma e dimensi\u00f3ns e demais caracter\u00edsticas que deben reunir as mostras e probetas para ensaio e an\u00e1lise, caso de que non exista disposici\u00f3n xeral ao efecto, nin estableza tales datos o Prego de prescrici\u00f3ns t\u00e9cnicas particulares.<\/p>\n<p>Este control \u00e9 independente do control interno que realice o adxudicatario, cuxo estricto cumprimento esixir\u00e1 a Administraci\u00f3n a trav\u00e9s da direcci\u00f3n facultativa, tanto no que se refire ao programa de control, ensaios , como a cantidades destinadas a esta finalidade.<\/p>\n<p>\u00a0<\/p>\n<p><strong>32) DEREITOS DO ADXUDICATARIO. <\/strong><\/p>\n<p>32.1.- Dereito ao abono da obra que realmente execute con arranxo \u00e1s cl\u00e1usulas do presente Prego, e de conformidade co programa de traballo previsto para cada anualidade. Devandito abono deber\u00e1 efectuarse dentro do prazo m\u00e1ximo de 60 d\u00edas a contar desde a expedici\u00f3n da certificaci\u00f3n e rexistro da correspondente factura.<\/p>\n<p>32.2.- Se a Administraci\u00f3n demorase o pago do prezo, computado a partir do cumprimento do prazo de 60 d\u00edas a que se refire o apartado anterior, o adxudicatario ter\u00e1 dereito a partir do cumprimento de devandito prazo, a cobrar os intereses de demora e a indemnizaci\u00f3n polos custos de cobro nos termos previstos na Lei de 29 de decembro de 2004 pola que se establecen as Medidas de Loita Contra a Morosidade nas Operaci\u00f3ns Comerciais e art. 216 do TRLCSP.<\/p>\n<p>No entanto o indicado no apartado anterior, no caso de que algunha certificaci\u00f3n conte\u00f1a alg\u00fan erro ou omisi\u00f3n, e o contratista non advertise no momento de prestar conformidade \u00e1 certificaci\u00f3n, expresamente e por escrito a existencia do mesmo, o prazo para esixir o interese de demora non se iniciar\u00e1 ata que se emenden os defectos que contivese a certificaci\u00f3n, comput\u00e1ndose, xa que logo, o prazo para esixir o interese de demora a partir da expedici\u00f3n da certificaci\u00f3n emendada.<\/p>\n<p>De igual modo se a factura contivese alg\u00fan erro ou omisi\u00f3n ou esta non se presentou no Rexistro Xeral, o prazo para esixir o interese de demora non se iniciar\u00e1 ata que se emenden os defectos que contivese a factura ou ata que se presente a mesma no Rexistro Xeral.<\/p>\n<p>32.3.- Dereito \u00e1 suspensi\u00f3n do cumprimento do contrato no caso de que a demora do pago fose superior a catro meses, debendo comunicar \u00e1 Administraci\u00f3n cun mes de antelaci\u00f3n tal circunstancia, a efectos do reco\u00f1ecemento dos dereitos que poidan derivarse de devandita suspensi\u00f3n, nos termos establecidos no TRLCSP.<\/p>\n<p>32.4.- Dereito a resolver o contrato e ao resarcimento dos prexu\u00edzos que como consecuencia diso orix\u00ednenselle, se a demora da Administraci\u00f3n fose superior a oito meses.<\/p>\n<p>32.5.- Dereito a transmitir os dereitos de cobro, nos termos do artigo 218 do TRLCSP e nas condici\u00f3ns sinaladas na cl\u00e1usula 29.5 do presente prego.<\/p>\n<p>\u00a0<\/p>\n<p><strong>33) ABONO DA OBRA EXECUTADA. <\/strong><\/p>\n<p>33.1. Medici\u00f3ns.- O T\u00e9cnico Director realizar\u00e1 mensualmente e na forma que estableza o Prego de Prescrici\u00f3ns T\u00e9cnicas, a medici\u00f3n das unidades de obra executadas durante o per\u00edodo de tempo anterior.<\/p>\n<p>O contratista poder\u00e1 presenciar a realizaci\u00f3n de tales medici\u00f3ns.<\/p>\n<p>\u00a0<\/p>\n<p>Para as obras ou partes de obra cuxas dimensi\u00f3ns e caracter\u00edsticas haxan de quedar posterior e definitivamente ocultas, o contratista est\u00e1 obrigado a avisar \u00e1 direcci\u00f3n coa suficiente antelaci\u00f3n, a fin de que esta poida realizar as correspondentes medici\u00f3ns e toma de datos, levantando os planos que as definan, cuxa conformidade subscribir\u00e1 o contratista.<\/p>\n<p>A falta de aviso anticipado, cuxa existencia corresponde probar ao contratista, queda este obrigado a aceptar as decisi\u00f3ns da Administraci\u00f3n sobre o particular.<\/p>\n<p>33.2.- Relaci\u00f3ns valoradas.- O T\u00e9cnico Director tomando como base as medici\u00f3ns das unidades de obra executada a que se refire o apartado anterior e os prezos contratados, redactar\u00e1 mensualmente a correspondente relaci\u00f3n valorada \u00e1 orixe.<\/p>\n<p>33.3.- Certificaci\u00f3ns.- As certificaci\u00f3ns expediranse tomando como base a relaci\u00f3n valorada e tramitaranse polo T\u00e9cnico Director nos dous d\u00edas seguintes do per\u00edodo que correspondan previa a audiencia ao contratista aos efectos da s\u00faa conformidade ou reparos.<\/p>\n<p>No suposto de obras plurianuais as certificaci\u00f3ns deber\u00e1n axustarse \u00e1s anualidades previstas sen que nunha \u00fanica certificaci\u00f3n p\u00f3idase reflectir importes correspondentes a distintas anualidades.<\/p>\n<p>33.4.- Pagos.<\/p>\n<p>Os pagos verificaranse contra certificaci\u00f3ns mensuais acompa\u00f1adas de relaci\u00f3n valorada expedidas polo T\u00e9cnico Director da obra e aprobadas pola Presidencia ou \u00f3rgano competente da Corporaci\u00f3n. As\u00ed mesmo, o contratista deber\u00e1 presentar factura por igual importe que o da certificaci\u00f3n.<\/p>\n<p>Ter\u00e1n o car\u00e1cter de pago a conta, suxeitas \u00e1s rectificaci\u00f3ns e variaci\u00f3ns que se produzan na medici\u00f3n final e sen supor en forma algunha aprobaci\u00f3n e recepci\u00f3n das obras que comprenden<\/p>\n<p>\u00a0<\/p>\n<p><strong>34) PR\u00d3RROGAS. <\/strong><\/p>\n<p>Se o atraso na execuci\u00f3n das obras fose producido por motivos non imputables ao contratista e este ofrecese cumprir o seu compromiso se se lle d\u00e1 unha pr\u00f3rroga do tempo que se lle sinalou o \u00f3rgano de contrataci\u00f3n poder\u00e1 concedela por un prazo que ser\u00e1 polo menos igual ao tempo perdido, a non ser que o contratista pedise outro menor.<\/p>\n<p><strong>\u00a0<\/strong><\/p>\n<p><strong>35) PRAZO DE EXECUCI\u00d3N DO CONTRATO E PENALIDADES ADMINISTRATIVAS.<\/strong><\/p>\n<p>O contratista est\u00e1 obrigado a cumprir o contrato dentro do prazo total fixado para a realizaci\u00f3n do mesmo, as\u00ed como, dos prazos parciais sinalados para a s\u00faa execuci\u00f3n sucesiva.<\/p>\n<p>A constituci\u00f3n en moura do contratista non precisar\u00e1 intimaci\u00f3n previa por parte da Administraci\u00f3n.<\/p>\n<p>Cando o contratista por causas imputables ao mesmo, houber incorrido en demora respecto ao cumprimento do prazo total, a Administraci\u00f3n poder\u00e1 optar indistintamente pola resoluci\u00f3n do contrato ou pola imposici\u00f3n das penalidades diarias na proporci\u00f3n de 0,20 euros por cada 1000 euros do prezo do contrato.<\/p>\n<p>No caso de que o adxudicatario houber ofertado reducci\u00f3n de prazo de execuci\u00f3n e a demora fose imputable ao contratista as penalidades diarias indicadas no par\u00e1grafo anterior ser\u00e1n as seguintes:<\/p>\n<p>\u00a0<\/p>\n<p>\u00a0<\/p>\n<div>\n<table border=\"0\" cellspacing=\"0\" cellpadding=\"0\">\n<tbody>\n<tr>\n<td width=\"293\">\n<p>REDUCCI\u00d3N (% sobre o prazo de execuci\u00f3n)<\/p>\n<\/td>\n<td width=\"239\">\n<p>Penalidades<\/p>\n<\/td>\n<\/tr>\n<tr>\n<td width=\"293\">\n<p>Ata un 5%<\/p>\n<\/td>\n<td width=\"239\">\n<p>0,50 por cada 1.000 euros<\/p>\n<\/td>\n<\/tr>\n<tr>\n<td width=\"293\">\n<p>Ata un 10%<\/p>\n<\/td>\n<td width=\"239\">\n<p>0,55 por cada 1.000 euros<\/p>\n<\/td>\n<\/tr>\n<tr>\n<td width=\"293\">\n<p>Ata un 15%<\/p>\n<\/td>\n<td width=\"239\">\n<p>0,60 por cada 1.000 euros<\/p>\n<\/td>\n<\/tr>\n<tr>\n<td width=\"293\">\n<p>Ata un 20%<\/p>\n<\/td>\n<td width=\"239\">\n<p>0,65 por cada 1.000 euros<\/p>\n<\/td>\n<\/tr>\n<tr>\n<td width=\"293\">\n<p>Ata un 25%<\/p>\n<\/td>\n<td width=\"239\">\n<p>0,70 por cada 1.000 euros<\/p>\n<\/td>\n<\/tr>\n<tr>\n<td width=\"293\">\n<p>Ata un 30%<\/p>\n<\/td>\n<td width=\"239\">\n<p>0,75 por cada 1.000 euros<\/p>\n<\/td>\n<\/tr>\n<tr>\n<td width=\"293\">\n<p>Ata un 35%<\/p>\n<\/td>\n<td width=\"239\">\n<p>0,80 por cada 1.000 euros<\/p>\n<\/td>\n<\/tr>\n<tr>\n<td width=\"293\">\n<p>Ata un 40%<\/p>\n<\/td>\n<td width=\"239\">\n<p>0,85 por cada 1.000 euros<\/p>\n<\/td>\n<\/tr>\n<tr>\n<td width=\"293\">\n<p>Ata un 45%<\/p>\n<\/td>\n<td width=\"239\">\n<p>0,90 por cada 1.000 euros<\/p>\n<\/td>\n<\/tr>\n<tr>\n<td width=\"293\">\n<p>Ata un 50%<\/p>\n<\/td>\n<td width=\"239\">\n<p>0,95 por cada 1.000 euros<\/p>\n<\/td>\n<\/tr>\n<tr>\n<td width=\"293\">\n<p>Ata un 55% ou m\u00e1is<\/p>\n<\/td>\n<td width=\"239\">\n<p>1 por cada 1.000 euros<\/p>\n<\/td>\n<\/tr>\n<\/tbody>\n<\/table><\/div>\n<p>\u00a0<\/p>\n<p>A Administraci\u00f3n ter\u00e1 a mesma facultade a que se refire o apartado anterior respecto ao incumprimento por parte do contratista dos prazos parciais, ou cando a demora no cumprimento daqueles faga presumir razoablemente a imposibilidade do cumprimento do prazo total.<\/p>\n<p>Cada vez, que as penalidades por demora alcancen un m\u00faltiplo do 5 por 100 do prezo do contrato, o \u00f3rgano de contrataci\u00f3n estar\u00e1 facultado para proceder \u00e1 resoluci\u00f3n do mesmo ou acordar a continuidade da s\u00faa execuci\u00f3n con imposici\u00f3n de novas penalidades.<\/p>\n<p>\u00a0<\/p>\n<p><strong>36) MODIFICACI\u00d3N DE OBRAS. <\/strong><\/p>\n<p>\u00a0<\/p>\n<p>36.1.- En ning\u00fan caso o T\u00e9cnico Director das obras ou o adxudicatario poder\u00e1n introducir ou executar modificaci\u00f3ns nas obras comprendidas no contrato sen a debida aprobaci\u00f3n t\u00e9cnica da modificaci\u00f3n e a aprobaci\u00f3n econ\u00f3mica do Orzamento reformado resultante, no seu caso, como consecuencia dela. A mencionada aprobaci\u00f3n corresponder\u00e1 ao \u00f3rgano de contrataci\u00f3n, previa a redacci\u00f3n do proxecto, audiencia ao contratista, fiscalizaci\u00f3n do gasto e existencia de cr\u00e9dito.<\/p>\n<p>No entanto o disposto no apartado anterior s\u00f3 poder\u00e1n introducirse variaci\u00f3ns sen previa aprobaci\u00f3n cando consistan na alteraci\u00f3n no n\u00famero de unidades realmente executadas sobre as previstas nas medici\u00f3ns do proxecto, sempre que non representen un incremento do gasto superior ao 10 por 100 do prezo primitivo do contrato (art. 234 do TRLCSP).<\/p>\n<p>As variaci\u00f3ns mencionadas no par\u00e1grafo anterior, respectando en todo caso, o l\u00edmite previsto no mesmo iranse incorporando \u00e1s relaci\u00f3ns valoradas mensuais e poder\u00e1n ser recollidas e abonadas nas certificaci\u00f3ns mensuais, ou con cargo ao cr\u00e9dito adicional do 10 por 100 a que se refire\u00a0 a Lei Xeral Presupuestaria. No entanto, cando con posterioridade \u00e1s mesmas houber necesidade de introducir no proxecto modificaci\u00f3ns das previstas no art. 234 do TRLCSP haber\u00e1n de ser recollidas tales variaci\u00f3ns na proposta a elaborar sen necesidade de esperar para facelo \u00e1 certificaci\u00f3n final citada.<\/p>\n<p>36.2.- Ser\u00e1n obrigatorias para o contratista as modificaci\u00f3ns no contrato de obras que, con arranxo ao establecido no art. 234 do TRLCSP, produzan aumento, reducci\u00f3n ou supresi\u00f3n das unidades de obra ou substituci\u00f3n dunha clase de f\u00e1brica por outra, sempre que esta sexa unha das comprendidas no contrato. En caso de supresi\u00f3n ou reducci\u00f3n de obras, o contratista non ter\u00e1 dereito a reclamar indemnizaci\u00f3n algunha, sen prexu\u00edzo do que se establece no art. 234 do TRLCSP.<\/p>\n<p>36.3.- Cando as modificaci\u00f3ns supo\u00f1an a introducci\u00f3n de unidades de obra non comprendidas no proxecto ou cuxas caracter\u00edsticas difiran substancialmente delas, os prezos de aplicaci\u00f3n das mesmas ser\u00e1n fixados pola Administraci\u00f3n \u00e1 vista da proposta do Director facultativo das obras e das observaci\u00f3ns do contratista a esta proposta en tr\u00e1mite de audiencia, por prazo m\u00ednimo de 3 d\u00edas h\u00e1biles. Se este non aceptase os prezos fixados, o \u00f3rgano de contrataci\u00f3n poder\u00e1 contratalas con outro empresario nos mesmos prezos que fixase ou executalas directamente. A contrataci\u00f3n con outro empresario poder\u00e1 realizarse polo procedemento negociado sen publicidade sempre que a s\u00faa importe non exceda do 20% do prezo primitivo do contrato.<\/p>\n<p>36.4.- Cando como consecuencia da modificaci\u00f3n do contrato aumente o prezo do mesmo, reaxustarase a garant\u00eda que se cuantificar\u00e1 no 5% do incremento experimentado no prezo de adxudicaci\u00f3n (IVE exclu\u00eddo) . Esta garant\u00eda deber\u00e1 constitu\u00edrse dentro do prazo m\u00e1ximo de 15 d\u00edas naturais a contar desde a notificaci\u00f3n de aprobaci\u00f3n da modificaci\u00f3n. A non constituci\u00f3n da garant\u00eda dentro de devandito prazo dar\u00e1 lugar \u00e1 resoluci\u00f3n do contrato.<\/p>\n<p>Nas obras contratadas polos Concellos e inclu\u00eddas en Plans Provinciais estarase, ademais, ao disposto nas normas reguladoras do plan ou instrucci\u00f3ns redactadas pola Deputaci\u00f3n.<\/p>\n<p>\u00a0<\/p>\n<p><strong>37) CESI\u00d3N DE CONTRATO E SUBCONTRATACI\u00d3N DE OBRAS.<\/strong><\/p>\n<p><strong>\u00a0<\/strong><\/p>\n<p><strong>a) Cesi\u00f3n de contrato <\/strong><\/p>\n<p>Os adxudicatarios non poder\u00e1n ceder os dereitos dimanantes dun contrato de obras sen obter previamente a autorizaci\u00f3n do \u00f3rgano competente da Corporaci\u00f3n, cos requisitos e condici\u00f3ns establecidos no artigos 226 do TRLCSP.<\/p>\n<p>O cesionario deber\u00e1 constitu\u00edr a garant\u00eda dentro do prazo m\u00e1ximo de 15 d\u00edas naturais a contar desde a autorizaci\u00f3n expresa polo \u00f3rgano de contrataci\u00f3n da cesi\u00f3n. A non constituci\u00f3n da garant\u00eda dentro de devandito prazo dar\u00e1 lugar \u00e1 resoluci\u00f3n do contrato.<\/p>\n<p><strong>b) Subcontrataci\u00f3n <\/strong><\/p>\n<p>Os adxudicatarios non poder\u00e1n concertar con terceiros a realizaci\u00f3n parcial das obras sen obter previamente a autorizaci\u00f3n do \u00f3rgano competente da Corporaci\u00f3n, cos requisitos e condici\u00f3ns establecidos no artigos 227 e 228 do TRlCSP. En todo caso as prestaci\u00f3ns parciais que o adxudicatario subcontrate con terceiros non poder\u00e1n exceder do 60% do importe de adxudicaci\u00f3n.<\/p>\n<p>As\u00ed mesmo o contratista e subcontratistas deber\u00e1n observar os requisitos e condici\u00f3ns establecidas na Lei 32\/2006 de 18 de outubro, Reguladora da Subcontrataci\u00f3n o o Sector da Construcci\u00f3n e Real Decreto 1109\/2007 de 24 de Agosto por por o que se desenvolve a Lei 32\/2006, de 18 de outubro, reguladora da subcontrataci\u00f3n no Sector da Construcci\u00f3n.<\/p>\n<p>O contratista est\u00e1 obrigado a abonar o prezo pactado aos subcontratistas ou subministradores, dentro dos prazos e con arranxo \u00e1s condici\u00f3ns establecidas no art. 228 do TRLCSP.<\/p>\n<p>\u00a0<\/p>\n<p><strong>38) RECEPCI\u00d3N DE OBRAS E CERTIFICACI\u00d3N FINAL. <\/strong><\/p>\n<p>\u00a0<\/p>\n<p>O contratista comunicar\u00e1 por escrito ao Facultativo Director da obra a data prevista para a s\u00faa terminaci\u00f3n, cunha antelaci\u00f3n m\u00ednima de 45 d\u00edas h\u00e1biles.<\/p>\n<p>A recepci\u00f3n das obras realizarase como m\u00e1ximo dentro do mes seguinte \u00e1 terminaci\u00f3n das obras. Todo iso de conformidade co artigo 235 do TRLCSP.<\/p>\n<p>O contratista ten obrigaci\u00f3n de asistir \u00e1 recepci\u00f3n da obra. Se por causas que lle sexan imputables non cumpre esta obrigaci\u00f3n o representante da Administraci\u00f3n remitiralle un exemplar para que no prazo de dez d\u00edas formule as alegaci\u00f3ns que considere oportunas, sobre as que resolver\u00e1 o \u00f3rgano de contrataci\u00f3n.<\/p>\n<p>Do resultado da recepci\u00f3n levantarase un acta que subscribir\u00e1n todos os asistentes, retirando un exemplar orixinal cada un deles.<\/p>\n<p>Cando as obras non se achen en estado de ser recibidas farase constar as\u00ed no acta e o director das mesmas sinalar\u00e1 os defectos observados e detallar\u00e1 as instrucci\u00f3ns precisas fixando un prazo para remediar aqueles. Se transcorrido devandito prazo o contratista non o efectuei, poder\u00e1 conced\u00e9rselle outro novo prazo improrrogable ou declarar resolto o contrato.<\/p>\n<p>Dentro do prazo de 3 meses contados a partir da recepci\u00f3n, o \u00f3rgano de contrataci\u00f3n deber\u00e1 aprobar a certificaci\u00f3n final das obras executadas, que ser\u00e1 abonada ao contratista a conta da liquidaci\u00f3n do contrato.<\/p>\n<p>\u00a0<\/p>\n<p><strong>39) PRAZO DE GARANT\u00cdA. <\/strong><\/p>\n<p>O <strong>prazo de garant\u00eda ter\u00e1 unha duraci\u00f3n de dous anos<\/strong> a contar desde a recepci\u00f3n das obras.<\/p>\n<p>Durante o prazo de garant\u00eda o contratista estar\u00e1 obrigado \u00e1 garda e conservaci\u00f3n das obras, seguindo, no seu caso, as instrucci\u00f3ns que reciba do T\u00e9cnico-Director, sendo responsable dos danos intr\u00ednsecos que nela se produzan.<\/p>\n<p>Se as obras deterior\u00e1sense por incumprimento desta obrigaci\u00f3n, os traballos necesarios para a s\u00faa reparaci\u00f3n executaranse pola Administraci\u00f3n contratante, a costa do contratista.<\/p>\n<p>\u00a0<\/p>\n<p><strong>40) LIQUIDACI\u00d3N E DEVOLUCI\u00d3N DA GARANT\u00cdA DEFINITIVA.<\/strong><\/p>\n<p>Dentro do prazo de 15 d\u00edas anteriores ao cumprimento do prazo de garant\u00eda, o Director facultativo da obra, de oficio ou a instancia do contratista, redactar\u00e1 un informe sobre o estado das obras. Se este fose favorable, o contratista quedar\u00e1 relevado de toda responsabilidade, salvo o disposto no art. 236 do TRLCSP (Responsabilidade por vicios ocultos), proced\u00e9ndose \u00e1 devoluci\u00f3n ou cancelaci\u00f3n da garant\u00eda e \u00e1 liquidaci\u00f3n, no seu caso, das obrigaci\u00f3ns pendentes aplic\u00e1ndose ao pago destas \u00faltimas o disposto no art. 216 do TRLCSP.<\/p>\n<p>No caso de que o informe non fose favorable e os defectos observados deb\u00e9sense a deficiencias na execuci\u00f3n da obra e non ao uso do constru\u00eddo, durante o prazo de garant\u00eda o Director facultativo proceder\u00e1 a ditar as oportunas instrucci\u00f3ns ao contratista para a debida reparaci\u00f3n do constru\u00eddo, conced\u00e9ndolle un prazo para iso durante o cal continuar\u00e1 encargado da conservaci\u00f3n das obras, sen dereito a percibir cantidade algunha por ampliaci\u00f3n do prazo de garant\u00eda.<\/p>\n<p>\u00a0<\/p>\n<p><strong>\u00a0<\/strong><\/p>\n<p><strong>41) CAUSAS DE RESOLUCI\u00d3N. <\/strong><\/p>\n<p>Ser\u00e1n as previstas nos artigos 223 e 237 do TRLCSP, cos efectos previstos no artigo 225 e 239.<\/p>\n<p>\u00a0<\/p>\n<p><strong>42) XURISDICCI\u00d3N.<\/strong><\/p>\n<p>As cuesti\u00f3ns litixiosas xurdidas sobre interpretaci\u00f3n, modificaci\u00f3n, resoluci\u00f3n e efectos deste contrato ser\u00e1n resoltos polo \u00f3rgano de contrataci\u00f3n, cuxos acordos por\u00e1n fin \u00e1 v\u00eda administrativa e contra os mesmos haber\u00e1 lugar a recurso Contencioso-Administrativo, conforme ao disposto pola Lei Reguladora de devandita Xurisdicci\u00f3n, previa interposici\u00f3n, no seu caso, do recurso de reposici\u00f3n potestativo e sen prexu\u00edzo da interposici\u00f3n de calquera outro recurso que os interesados estimen procedente. Nos supostos a que se refire o artigo 40 do TRLCSP os interesados deber\u00e1n interpor o recurso especial en materia de contrataci\u00f3n.<\/p>\n<p>\u00a0<\/p>\n<p>A GUARDA, XU\u00d1O DE\u00a0 2016<\/p>\n<p>\u00a0<\/p>\n<p>\u00a0<\/p>\n<p>\u00a0<\/p>\n<p>\u00a0<\/p>\n<p>\u00a0<\/p>\n<p>\u00a0<\/p>\n<p><strong>ANEXO I.- DECLARACI\u00d3N RESPONSABLE (SOBRE A).<\/strong><\/p>\n<p><strong>\u00a0<\/strong><\/p>\n<p>\u00a0<\/p>\n<p><strong>MODELO DE DECLARACI\u00d3N RESPONSABLE PARA PERSONAS F\u00cdSICAS<\/strong><\/p>\n<p>\u00a0<\/p>\n<p>D&#8230;&#8230;&#8230;&#8230;&#8230;&#8230;&#8230;&#8230;&#8230;&#8230;&#8230;&#8230;&#8230;.., con DNI n\u00ba&#8230;&#8230;&#8230;&#8230;&#8230;&#8230;, en nome propio, e domicilio a efecto de notificaci\u00f3ns en&#8230;&#8230;&#8230;&#8230;&#8230;&#8230;&#8230;&#8230;&#8230;&#8230;&#8230;&#8230;&#8230;&#8230;&#8230;&#8230;&#8230;&#8230;&#8230;&#8230;&#8230;.,a efectos de contratar co Concello da Guarda<\/p>\n<p>\u00a0<\/p>\n<p>DECLARO, baixo a mi\u00f1a responsabilidade:<\/p>\n<p>\u00a0<\/p>\n<p>1\u00ba.-Que dispo\u00f1o de capacidade de obrar e xur\u00eddica, da habilitaci\u00f3n profesional,<\/p>\n<p>clasificaci\u00f3n e\/ou solvencia esixida para executar o contrato de &#8230;&#8230;&#8230;&#8230;&#8230;&#8230;&#8230;&#8230;&#8230;&#8230;&#8230;&#8230;&#8230;&#8230;&#8230;&#8230;<\/p>\n<p>2\u00ba. \u2013 Que non estou incurso en ningunha das prohibici\u00f3ns para contratar coa Administraci\u00f3n establecidas no artigo 60 do Texto Refundido da Lei de contratos del Sector P\u00fablico.<\/p>\n<p>\u00a0<\/p>\n<p>3\u00ba.-Que estou \u00f3 corriente nas mi\u00f1as obrigas tributarias e coa Seguridade Social.<\/p>\n<p>\u00a0<\/p>\n<p>4\u00ba.-Que a oferta que presento garantiza, respecto dos traballadores e procesos productivos empregados na elaboraci\u00f3n dos productos e\/ou servizos, as\u00ed como na\u00a0 execuci\u00f3n do contrato, o cumprimento das obrigas medioambientais, sociais e laborais derivadas dos\u00a0 convenios colectivos aplicables, o\u00a0 Dereito espa\u00f1ol e da UE, as\u00ed como das disposici\u00f3ns de Dereito internacional sobre estas materias suscritas pola Uni\u00f3n Europea.<\/p>\n<p>\u00a0<\/p>\n<p>5\u00ba.- Que o correo electr\u00f3nico para recibir todas as comunicaci\u00f3ns relacionadas co presente expediente \u00e9&#8230;&#8230;&#8230;&#8230;&#8230;.<\/p>\n<p>\u00a0<\/p>\n<p>O que declaro \u00f3s efectos do previsto no artigo 146 do TRLCSP, compromet\u00e9ndome a presentar a xustificaci\u00f3n acreditativa de tales requisitos\u00a0 no\u00a0 prazo que sexa requerido pola unidade de Tramitaci\u00f3n, no caso de que vaia a resultar adxudicatario do contrato&#8230;&#8230;&#8230;&#8230;&#8230;&#8230;&#8230;.., indicando que pos\u00fao todos estos requisitos no momento de presentaci\u00f3n da presente declaraci\u00f3n responsable e autorizando expresamente \u00f3 Concello da Guarda\u00a0 \u00e1 s\u00faa\u00a0 verificaci\u00f3n directa.<\/p>\n<p>\u00a0<\/p>\n<p>En &#8230;.., a<\/p>\n<p>&#8230;.<\/p>\n<p>de &#8230;&#8230;&#8230;&#8230;&#8230; de &#8230;&#8230;&#8230;..<\/p>\n<p>Fdo: &#8230;&#8230;&#8230;&#8230;&#8230;&#8230;&#8230;&#8230;&#8230;&#8230;&#8230;&#8230;&#8230;&#8230;&#8230;..<\/p>\n<p>\u00a0<\/p>\n<p>\u00a0<\/p>\n<p><strong>\u00a0<\/strong><\/p>\n<p><strong>\u00a0<\/strong><\/p>\n<p><strong>\u00a0<\/strong><\/p>\n<p><strong>MODELO DE DECLARACI\u00d3N RESPONSABLE PARA PERSOAS XUR\u00cdDICAS.<\/strong><\/p>\n<p>\u00a0<\/p>\n<p>D&#8230;&#8230;&#8230;&#8230;&#8230;&#8230;&#8230;&#8230;&#8230;&#8230;&#8230;&#8230;&#8230;.., con DNI n\u00ba&#8230;&#8230;&#8230;&#8230;&#8230;&#8230;, en nome da\u00a0 sociedade&#8230;&#8230;&#8230;&#8230;&#8230;&#8230;&#8230;&#8230;&#8230;&#8230;&#8230;&#8230;&#8230;&#8230;&#8230;&#8230;&#8230;&#8230;&#8230;&#8230;&#8230;&#8230;., con NIF n\u00ba&#8230;&#8230;&#8230;&#8230;&#8230;&#8230;&#8230;, de acordo coa escritura de poder &#8230;&#8230;&#8230;&#8230;&#8230;&#8230;&#8230;&#8230;&#8230;&#8230;&#8230;&#8230;&#8230;&#8230;&#8230;&#8230;&#8230;&#8230;&#8230;&#8230;&#8230;&#8230;&#8230;&#8230;&#8230;&#8230;&#8230;&#8230;(ou documento que o habilite para actuar en nome da persoa xur\u00eddica \u00e1 que representa),a efectos de contratar co Concello da Guarda<\/p>\n<p>\u00a0<\/p>\n<p>DECLARO, baixo a mi\u00f1a responsabilidade<\/p>\n<p>\u00a0<\/p>\n<p>1\u00ba. Que a empresa \u00e1 que represento disp\u00f3n de capacidade de obrar e xur\u00eddica e da habilitaci\u00f3n profesional, necesaria para concertar co Concello da Guarda a\u00a0 execuci\u00f3n do contrato de\u00a0 &#8230;&#8230;&#8230;&#8230;&#8230;&#8230;&#8230;&#8230;&#8230;&#8230;&#8230;&#8230;&#8230;&#8230;&#8230;&#8230;. O obxecto social da\u00a0 empresa comprende a actividad obxecto\u00a0 deste contrato, de acordo co recollido no artigo \u2026\u2026\u2026..dos seus estatutos sociales, estatutos que se atopan correctamente inscritos nos Rexistros correspondientes.<\/p>\n<p>\u00a0<\/p>\n<p>2\u00ba.-(Alternativamente)<\/p>\n<p>\u00a0<\/p>\n<p>Que dita empresa disp\u00f3n da clasificaci\u00f3n \/ solvencia requerida para dita contrataci\u00f3n.\/<\/p>\n<p>Que dita empresa disp\u00f3n dos requisitos m\u00ednimos de clasificaci\u00f3n \/ solvencia establecidos para concorrir a dita contrataci\u00f3n, complement\u00e1ndoa polo medio seguinte (marcar oque proceda):<\/p>\n<p>\u00a0<\/p>\n<p>a.Formando unha uni\u00f3n temporal de empresas para concorrir \u00e1 licitaci\u00f3n coa mercantil&#8230;&#8230;&#8230;&#8230;&#8230;&#8230;&#8230;&#8230;&#8230;&#8230;&#8230;&#8230;., adquirindo o compromiso expreso de\u00a0 constituir dita UTE no caso de resultar a nosa oferta adxudicataria do contrato\u00a0 (neste caso, a declaraci\u00f3n deber\u00e1 ser suscrita por cada unha das\u00a0 empresas que integrar\u00e1n a futura UTE).<\/p>\n<p>\u00a0<\/p>\n<p>b.Dispo\u00f1endo de medios externos para executar as prestaci\u00f3ns seguintes&#8230;..<\/p>\n<p>\u00a0<\/p>\n<p>\u00a0<\/p>\n<p>Ditos medios externos consisten en&#8230;&#8230; e ser\u00e1n aportados por &#8230;&#8230;&#8230; A\u00a0 tal efecto se formalizou con dita empresa un &#8230;&#8230;&#8230;<\/p>\n<p>\u00a0<\/p>\n<p>3\u00ba.(Alternativamente)<\/p>\n<p>Que a esta licitaci\u00f3n NON concorre ningunha outra empresa do grupo empresarial\u00a0 \u00f3 que pertence a que represento \/<\/p>\n<p>Que a esta licitaci\u00f3n presentar\u00e1n ofertas as seguintes empresas integradas no mesmo grupo empresarial do que forma parte a que represento:<\/p>\n<p>&#8230;&#8230;&#8230;&#8230;&#8230;<\/p>\n<p>&#8230;&#8230;&#8230;.<\/p>\n<p>\u00a0<\/p>\n<p>(<em>Debe entenderse por sociedades dun mesmo grupo empresarial aquelas que se atopan nalg\u00fan dos supostos contemplados no artigo 42.1 do C\u00f3digo de Comercio).<\/em><\/p>\n<p>\u00a0<\/p>\n<p>4\u00ba.- Que nin eu persoalmente nin ning\u00fan dos administradores da persoa\u00a0 xur\u00eddica en cuio nome act\u00fao estamos incursos en ningunha das prohibici\u00f3ns para contratar coa Administraci\u00f3n establecidas no artigo 60\u00a0 do Texto Refundido da Lei de Contratos do Sector P\u00fablico.<\/p>\n<p>\u00a0<\/p>\n<p>5\u00ba.-Que a empresa \u00e1 que represento est\u00e1 \u00f3 corrente de todas as s\u00faas obrigas tributarias e coa Seguridade\u00a0 Social.<\/p>\n<p>\u00a0<\/p>\n<p>6\u00ba.- Que a empresa \u00e1 que represento NON \/ SI (m\u00e1rquese o que proceda) ten un n\u00famero de 50 ou m\u00e1is traballadores, (en caso de superar esa cifra) sendo o n\u00famero de traballadores\u00a0 con discapacidade na empresa de&#8230;&#8230;&#8230;.., o que sup\u00f3n un \u2026&#8230;..% de traballadores pertencentes a este colectivo, (alternativamente, seg\u00fan o caso), significando que se supliron a esixencia legal de dispo\u00f1er na plantilla con m\u00e1is do 2% de traballadores con discapacidade polas medidas alternativas legalmente previstas seguintes:&#8230;&#8230;&#8230;&#8230;&#8230;&#8230;&#8230;.<\/p>\n<p>\u00a0<\/p>\n<p>\u00a0<\/p>\n<p>7\u00ba.-Que a oferta que presento garantiza, respecto dos traballadores e\u00a0 procesos productivos empregados na elaboraci\u00f3n dos productos e\/ou servizos, as\u00ed como na execuci\u00f3n do contrato, o cumprimento das obrigas medioambientais, sociais e laborais derivadas dos convenios colectivos aplicables, o Dereito espa\u00f1ol e da\u00a0 UE, as\u00ed como das disposici\u00f3ns de Dereito internacional sobre estas materias suscritas pola Uni\u00f3n Europea.<\/p>\n<p>\u00a0<\/p>\n<p>8\u00ba.- Que o correo electr\u00f3nico para recibir todas as comunicaci\u00f3ns relacionadas co presente expediente \u00e9&#8230;&#8230;&#8230;&#8230;&#8230;.<\/p>\n<p>O que declaro \u00f3s efectos do previsto no artigo 146 do TRLCSP, compromet\u00e9ndome a presentar a xustificaci\u00f3n acreditativa de tales requisitos\u00a0 no\u00a0 prazo que sexa requerido pola unidade de Tramitaci\u00f3n, no caso de que vaia a resultar adxudicatario do contrato&#8230;&#8230;&#8230;&#8230;&#8230;&#8230;&#8230;.., indicando que pos\u00fao todos estos requisitos no momento de presentaci\u00f3n da presente declaraci\u00f3n responsable e autorizando expresamente \u00f3 Concello da Guarda\u00a0 \u00e1 s\u00faa\u00a0 verificaci\u00f3n directa.<\/p>\n<p>\u00a0<\/p>\n<p>En &#8230;., a..de &#8230;&#8230;&#8230;&#8230;&#8230; de &#8230;&#8230;&#8230;..<\/p>\n<p>Asdo: &#8230;&#8230;&#8230;&#8230;&#8230;&#8230;&#8230;&#8230;&#8230;&#8230;&#8230;&#8230;&#8230;&#8230;&#8230;..<\/p>\n<p>\u00a0<\/p>\n<p><strong>\u00a0<\/strong><\/p>\n<p>PREGO TECNICAS (en el proyecto) \u00a0 \u00a0 \u00a0 \u00a0\u00a0 <a href=\"https:\/\/www.aguarda.es\/docs\/tramites_impresos\/perfilcontratante\/15-003_INSTALACIONS_EQUIPAMENTOS_CASA_ALONSOS.pdf\" target=\"_blank\">[VER PROXECTO]<\/a><\/p>\n<p><strong>\u00a0<\/strong><\/p>\n<p>\u00a0<\/p>\n","protected":false},"excerpt":{"rendered":"<p>PUBLICADO NO DOGA N\u00ba 146 DO 3 DE AGOSTO DO 2016PUBLICADO NO BOP N\u00ba 142 DO 27 DE JULIO DO 2016 \u00a0 PREGO DE CL\u00c1USULAS ADMINISTRATIVAS PARTICULARES QUE HABER\u00c1N DE REXER PARA A CONTRATACI\u00d3N MEDIANTE PROCEDEMENTO ABERTO DAS OBRAS contidas &hellip; <\/p>\n","protected":false},"author":1,"featured_media":0,"comment_status":"open","ping_status":"open","sticky":false,"template":"","format":"standard","meta":[],"categories":[32],"tags":[],"yoast_head":"<!-- This site is optimized with the Yoast SEO plugin v21.1 - https:\/\/yoast.com\/wordpress\/plugins\/seo\/ -->\n<title>Prego de cl\u00e1usulas administrativas para a contrataci\u00f3n das obras contidas no proxecto \u201cINSTALACI\u00d3NS E EQUIPAMENTOS CASA DO ALONSOS\u201d, O ABEIRO DA SUBVENCI\u00d3N CONCEDIDA \u00d3 CONCELLO DA GUARDA POLA DEPUTACI\u00d3N DE PONTEVEDRA DENTRO DO PLAN PROVINCIAL DE OBRAS E S - Concello da Guarda<\/title>\n<meta name=\"robots\" content=\"index, follow, max-snippet:-1, max-image-preview:large, max-video-preview:-1\" \/>\n<link rel=\"canonical\" href=\"https:\/\/www.aguarda.es\/en\/prego-de-clausulas-administrativas-para-a-contratacion-das-obras-contidas-no-proxecto-instalacions-e-equipamentos-casa-do-alonsos-o-abeiro-da-subvencion-concedida-o-concello-da-guarda-pola-deputacion\/\" \/>\n<meta property=\"og:locale\" content=\"en_US\" \/>\n<meta property=\"og:type\" content=\"article\" \/>\n<meta property=\"og:title\" content=\"Prego de cl\u00e1usulas administrativas para a contrataci\u00f3n das obras contidas no proxecto \u201cINSTALACI\u00d3NS E EQUIPAMENTOS CASA DO ALONSOS\u201d, O ABEIRO DA SUBVENCI\u00d3N CONCEDIDA \u00d3 CONCELLO DA GUARDA POLA DEPUTACI\u00d3N DE PONTEVEDRA DENTRO DO PLAN PROVINCIAL DE OBRAS E S - Concello da Guarda\" \/>\n<meta property=\"og:description\" content=\"PUBLICADO NO DOGA N\u00ba 146 DO 3 DE AGOSTO DO 2016PUBLICADO NO BOP N\u00ba 142 DO 27 DE JULIO DO 2016 \u00a0 PREGO DE CL\u00c1USULAS ADMINISTRATIVAS PARTICULARES QUE HABER\u00c1N DE REXER PARA A CONTRATACI\u00d3N MEDIANTE PROCEDEMENTO ABERTO DAS OBRAS contidas &hellip;\" \/>\n<meta property=\"og:url\" content=\"https:\/\/www.aguarda.es\/en\/prego-de-clausulas-administrativas-para-a-contratacion-das-obras-contidas-no-proxecto-instalacions-e-equipamentos-casa-do-alonsos-o-abeiro-da-subvencion-concedida-o-concello-da-guarda-pola-deputacion\/\" \/>\n<meta property=\"og:site_name\" content=\"Concello da Guarda\" \/>\n<meta property=\"article:publisher\" content=\"https:\/\/www.facebook.com\/ConcellodaGuarda\" \/>\n<meta property=\"article:published_time\" content=\"2016-08-03T07:26:57+00:00\" \/>\n<meta property=\"og:image\" content=\"https:\/\/www.aguarda.es\/wp-content\/uploads\/2017\/06\/escudo-full-2.jpg\" \/>\n\t<meta property=\"og:image:width\" content=\"1135\" \/>\n\t<meta property=\"og:image:height\" content=\"712\" \/>\n\t<meta property=\"og:image:type\" content=\"image\/jpeg\" \/>\n<meta name=\"author\" content=\"Concello\" \/>\n<meta name=\"twitter:card\" content=\"summary_large_image\" \/>\n<meta name=\"twitter:creator\" content=\"@AGuarda_es\" \/>\n<meta name=\"twitter:site\" content=\"@AGuarda_es\" \/>\n<meta name=\"twitter:label1\" content=\"Written by\" \/>\n\t<meta name=\"twitter:data1\" content=\"Concello\" \/>\n\t<meta name=\"twitter:label2\" content=\"Est. reading time\" \/>\n\t<meta name=\"twitter:data2\" content=\"49 minutes\" \/>\n<script type=\"application\/ld+json\" class=\"yoast-schema-graph\">{\"@context\":\"https:\/\/schema.org\",\"@graph\":[{\"@type\":\"WebPage\",\"@id\":\"https:\/\/www.aguarda.es\/en\/prego-de-clausulas-administrativas-para-a-contratacion-das-obras-contidas-no-proxecto-instalacions-e-equipamentos-casa-do-alonsos-o-abeiro-da-subvencion-concedida-o-concello-da-guarda-pola-deputacion\/\",\"url\":\"https:\/\/www.aguarda.es\/en\/prego-de-clausulas-administrativas-para-a-contratacion-das-obras-contidas-no-proxecto-instalacions-e-equipamentos-casa-do-alonsos-o-abeiro-da-subvencion-concedida-o-concello-da-guarda-pola-deputacion\/\",\"name\":\"Prego de cl\u00e1usulas administrativas para a contrataci\u00f3n das obras contidas no proxecto \u201cINSTALACI\u00d3NS E EQUIPAMENTOS CASA DO ALONSOS\u201d, O ABEIRO DA SUBVENCI\u00d3N CONCEDIDA \u00d3 CONCELLO DA GUARDA POLA DEPUTACI\u00d3N DE PONTEVEDRA DENTRO DO PLAN PROVINCIAL DE OBRAS E S - Concello da Guarda\",\"isPartOf\":{\"@id\":\"https:\/\/www.aguarda.es\/en\/#website\"},\"datePublished\":\"2016-08-03T07:26:57+00:00\",\"dateModified\":\"2016-08-03T07:26:57+00:00\",\"author\":{\"@id\":\"https:\/\/www.aguarda.es\/en\/#\/schema\/person\/ac30f4d74843174f0af56c730f74dd57\"},\"breadcrumb\":{\"@id\":\"https:\/\/www.aguarda.es\/en\/prego-de-clausulas-administrativas-para-a-contratacion-das-obras-contidas-no-proxecto-instalacions-e-equipamentos-casa-do-alonsos-o-abeiro-da-subvencion-concedida-o-concello-da-guarda-pola-deputacion\/#breadcrumb\"},\"inLanguage\":\"en-US\",\"potentialAction\":[{\"@type\":\"ReadAction\",\"target\":[\"https:\/\/www.aguarda.es\/en\/prego-de-clausulas-administrativas-para-a-contratacion-das-obras-contidas-no-proxecto-instalacions-e-equipamentos-casa-do-alonsos-o-abeiro-da-subvencion-concedida-o-concello-da-guarda-pola-deputacion\/\"]}]},{\"@type\":\"BreadcrumbList\",\"@id\":\"https:\/\/www.aguarda.es\/en\/prego-de-clausulas-administrativas-para-a-contratacion-das-obras-contidas-no-proxecto-instalacions-e-equipamentos-casa-do-alonsos-o-abeiro-da-subvencion-concedida-o-concello-da-guarda-pola-deputacion\/#breadcrumb\",\"itemListElement\":[{\"@type\":\"ListItem\",\"position\":1,\"name\":\"Portada\",\"item\":\"https:\/\/www.aguarda.es\/en\/\"},{\"@type\":\"ListItem\",\"position\":2,\"name\":\"Prego de cl\u00e1usulas administrativas para a contrataci\u00f3n das obras contidas no proxecto \u201cINSTALACI\u00d3NS E EQUIPAMENTOS CASA DO ALONSOS\u201d, O ABEIRO DA SUBVENCI\u00d3N CONCEDIDA \u00d3 CONCELLO DA GUARDA POLA DEPUTACI\u00d3N DE PONTEVEDRA DENTRO DO PLAN PROVINCIAL DE OBRAS E S\"}]},{\"@type\":\"WebSite\",\"@id\":\"https:\/\/www.aguarda.es\/en\/#website\",\"url\":\"https:\/\/www.aguarda.es\/en\/\",\"name\":\"Concello da Guarda\",\"description\":\"P\u00e1xina web do concello da Guarda\",\"potentialAction\":[{\"@type\":\"SearchAction\",\"target\":{\"@type\":\"EntryPoint\",\"urlTemplate\":\"https:\/\/www.aguarda.es\/en\/?s={search_term_string}\"},\"query-input\":\"required name=search_term_string\"}],\"inLanguage\":\"en-US\"},{\"@type\":\"Person\",\"@id\":\"https:\/\/www.aguarda.es\/en\/#\/schema\/person\/ac30f4d74843174f0af56c730f74dd57\",\"name\":\"Concello\",\"image\":{\"@type\":\"ImageObject\",\"inLanguage\":\"en-US\",\"@id\":\"https:\/\/www.aguarda.es\/en\/#\/schema\/person\/image\/\",\"url\":\"https:\/\/secure.gravatar.com\/avatar\/7eda12a04da40b2ef77eb62e68f07027?s=96&d=mm&r=g\",\"contentUrl\":\"https:\/\/secure.gravatar.com\/avatar\/7eda12a04da40b2ef77eb62e68f07027?s=96&d=mm&r=g\",\"caption\":\"Concello\"},\"url\":\"https:\/\/www.aguarda.es\/en\/author\/admin\/\"}]}<\/script>\n<!-- \/ Yoast SEO plugin. -->","yoast_head_json":{"title":"Prego de cl\u00e1usulas administrativas para a contrataci\u00f3n das obras contidas no proxecto \u201cINSTALACI\u00d3NS E EQUIPAMENTOS CASA DO ALONSOS\u201d, O ABEIRO DA SUBVENCI\u00d3N CONCEDIDA \u00d3 CONCELLO DA GUARDA POLA DEPUTACI\u00d3N DE PONTEVEDRA DENTRO DO PLAN PROVINCIAL DE OBRAS E S - Concello da Guarda","robots":{"index":"index","follow":"follow","max-snippet":"max-snippet:-1","max-image-preview":"max-image-preview:large","max-video-preview":"max-video-preview:-1"},"canonical":"https:\/\/www.aguarda.es\/en\/prego-de-clausulas-administrativas-para-a-contratacion-das-obras-contidas-no-proxecto-instalacions-e-equipamentos-casa-do-alonsos-o-abeiro-da-subvencion-concedida-o-concello-da-guarda-pola-deputacion\/","og_locale":"en_US","og_type":"article","og_title":"Prego de cl\u00e1usulas administrativas para a contrataci\u00f3n das obras contidas no proxecto \u201cINSTALACI\u00d3NS E EQUIPAMENTOS CASA DO ALONSOS\u201d, O ABEIRO DA SUBVENCI\u00d3N CONCEDIDA \u00d3 CONCELLO DA GUARDA POLA DEPUTACI\u00d3N DE PONTEVEDRA DENTRO DO PLAN PROVINCIAL DE OBRAS E S - Concello da Guarda","og_description":"PUBLICADO NO DOGA N\u00ba 146 DO 3 DE AGOSTO DO 2016PUBLICADO NO BOP N\u00ba 142 DO 27 DE JULIO DO 2016 \u00a0 PREGO DE CL\u00c1USULAS ADMINISTRATIVAS PARTICULARES QUE HABER\u00c1N DE REXER PARA A CONTRATACI\u00d3N MEDIANTE PROCEDEMENTO ABERTO DAS OBRAS contidas &hellip;","og_url":"https:\/\/www.aguarda.es\/en\/prego-de-clausulas-administrativas-para-a-contratacion-das-obras-contidas-no-proxecto-instalacions-e-equipamentos-casa-do-alonsos-o-abeiro-da-subvencion-concedida-o-concello-da-guarda-pola-deputacion\/","og_site_name":"Concello da Guarda","article_publisher":"https:\/\/www.facebook.com\/ConcellodaGuarda","article_published_time":"2016-08-03T07:26:57+00:00","og_image":[{"width":1135,"height":712,"url":"https:\/\/www.aguarda.es\/wp-content\/uploads\/2017\/06\/escudo-full-2.jpg","type":"image\/jpeg"}],"author":"Concello","twitter_card":"summary_large_image","twitter_creator":"@AGuarda_es","twitter_site":"@AGuarda_es","twitter_misc":{"Written by":"Concello","Est. reading time":"49 minutes"},"schema":{"@context":"https:\/\/schema.org","@graph":[{"@type":"WebPage","@id":"https:\/\/www.aguarda.es\/en\/prego-de-clausulas-administrativas-para-a-contratacion-das-obras-contidas-no-proxecto-instalacions-e-equipamentos-casa-do-alonsos-o-abeiro-da-subvencion-concedida-o-concello-da-guarda-pola-deputacion\/","url":"https:\/\/www.aguarda.es\/en\/prego-de-clausulas-administrativas-para-a-contratacion-das-obras-contidas-no-proxecto-instalacions-e-equipamentos-casa-do-alonsos-o-abeiro-da-subvencion-concedida-o-concello-da-guarda-pola-deputacion\/","name":"Prego de cl\u00e1usulas administrativas para a contrataci\u00f3n das obras contidas no proxecto \u201cINSTALACI\u00d3NS E EQUIPAMENTOS CASA DO ALONSOS\u201d, O ABEIRO DA SUBVENCI\u00d3N CONCEDIDA \u00d3 CONCELLO DA GUARDA POLA DEPUTACI\u00d3N DE PONTEVEDRA DENTRO DO PLAN PROVINCIAL DE OBRAS E S - Concello da Guarda","isPartOf":{"@id":"https:\/\/www.aguarda.es\/en\/#website"},"datePublished":"2016-08-03T07:26:57+00:00","dateModified":"2016-08-03T07:26:57+00:00","author":{"@id":"https:\/\/www.aguarda.es\/en\/#\/schema\/person\/ac30f4d74843174f0af56c730f74dd57"},"breadcrumb":{"@id":"https:\/\/www.aguarda.es\/en\/prego-de-clausulas-administrativas-para-a-contratacion-das-obras-contidas-no-proxecto-instalacions-e-equipamentos-casa-do-alonsos-o-abeiro-da-subvencion-concedida-o-concello-da-guarda-pola-deputacion\/#breadcrumb"},"inLanguage":"en-US","potentialAction":[{"@type":"ReadAction","target":["https:\/\/www.aguarda.es\/en\/prego-de-clausulas-administrativas-para-a-contratacion-das-obras-contidas-no-proxecto-instalacions-e-equipamentos-casa-do-alonsos-o-abeiro-da-subvencion-concedida-o-concello-da-guarda-pola-deputacion\/"]}]},{"@type":"BreadcrumbList","@id":"https:\/\/www.aguarda.es\/en\/prego-de-clausulas-administrativas-para-a-contratacion-das-obras-contidas-no-proxecto-instalacions-e-equipamentos-casa-do-alonsos-o-abeiro-da-subvencion-concedida-o-concello-da-guarda-pola-deputacion\/#breadcrumb","itemListElement":[{"@type":"ListItem","position":1,"name":"Portada","item":"https:\/\/www.aguarda.es\/en\/"},{"@type":"ListItem","position":2,"name":"Prego de cl\u00e1usulas administrativas para a contrataci\u00f3n das obras contidas no proxecto \u201cINSTALACI\u00d3NS E EQUIPAMENTOS CASA DO ALONSOS\u201d, O ABEIRO DA SUBVENCI\u00d3N CONCEDIDA \u00d3 CONCELLO DA GUARDA POLA DEPUTACI\u00d3N DE PONTEVEDRA DENTRO DO PLAN PROVINCIAL DE OBRAS E S"}]},{"@type":"WebSite","@id":"https:\/\/www.aguarda.es\/en\/#website","url":"https:\/\/www.aguarda.es\/en\/","name":"Concello da Guarda","description":"P\u00e1xina web do concello da Guarda","potentialAction":[{"@type":"SearchAction","target":{"@type":"EntryPoint","urlTemplate":"https:\/\/www.aguarda.es\/en\/?s={search_term_string}"},"query-input":"required name=search_term_string"}],"inLanguage":"en-US"},{"@type":"Person","@id":"https:\/\/www.aguarda.es\/en\/#\/schema\/person\/ac30f4d74843174f0af56c730f74dd57","name":"Concello","image":{"@type":"ImageObject","inLanguage":"en-US","@id":"https:\/\/www.aguarda.es\/en\/#\/schema\/person\/image\/","url":"https:\/\/secure.gravatar.com\/avatar\/7eda12a04da40b2ef77eb62e68f07027?s=96&d=mm&r=g","contentUrl":"https:\/\/secure.gravatar.com\/avatar\/7eda12a04da40b2ef77eb62e68f07027?s=96&d=mm&r=g","caption":"Concello"},"url":"https:\/\/www.aguarda.es\/en\/author\/admin\/"}]}},"_links":{"self":[{"href":"https:\/\/www.aguarda.es\/en\/wp-json\/wp\/v2\/posts\/2100"}],"collection":[{"href":"https:\/\/www.aguarda.es\/en\/wp-json\/wp\/v2\/posts"}],"about":[{"href":"https:\/\/www.aguarda.es\/en\/wp-json\/wp\/v2\/types\/post"}],"author":[{"embeddable":true,"href":"https:\/\/www.aguarda.es\/en\/wp-json\/wp\/v2\/users\/1"}],"replies":[{"embeddable":true,"href":"https:\/\/www.aguarda.es\/en\/wp-json\/wp\/v2\/comments?post=2100"}],"version-history":[{"count":0,"href":"https:\/\/www.aguarda.es\/en\/wp-json\/wp\/v2\/posts\/2100\/revisions"}],"wp:attachment":[{"href":"https:\/\/www.aguarda.es\/en\/wp-json\/wp\/v2\/media?parent=2100"}],"wp:term":[{"taxonomy":"category","embeddable":true,"href":"https:\/\/www.aguarda.es\/en\/wp-json\/wp\/v2\/categories?post=2100"},{"taxonomy":"post_tag","embeddable":true,"href":"https:\/\/www.aguarda.es\/en\/wp-json\/wp\/v2\/tags?post=2100"}],"curies":[{"name":"wp","href":"https:\/\/api.w.org\/{rel}","templated":true}]}}