{"id":21039,"date":"2020-05-26T08:00:07","date_gmt":"2020-05-26T08:00:07","guid":{"rendered":"https:\/\/www.aguarda.es\/?p=21039"},"modified":"2020-05-26T09:20:06","modified_gmt":"2020-05-26T09:20:06","slug":"o-concello-da-guarda-colabora-coa-asociacion-parkinson-baixo-mino","status":"publish","type":"post","link":"https:\/\/www.aguarda.es\/en\/o-concello-da-guarda-colabora-coa-asociacion-parkinson-baixo-mino\/","title":{"rendered":"O Concello da Guarda colabora coa Asociaci\u00f3n Parkinson Baixo Mi\u00f1o"},"content":{"rendered":"<p style=\"text-align: justify\">O departamento de Servizos Sociais do Concello da Guarda, en colaboraci\u00f3n coa Asociaci\u00f3n de Parkinson do Baixo Mi\u00f1o, vai a po\u00f1er a disposici\u00f3n da poboaci\u00f3n en xeral uns cuadernillos de actividades para a estimulaci\u00f3n cognitiva para reforzar a memoria.<\/p>\n<p style=\"text-align: justify\">Ter\u00e1n unha periodicidade semanal e as persoas interesadas poder\u00e1n descargar os cuadernillos semanalmente a trav\u00e9s da publicaci\u00f3n da Asociaci\u00f3n Parkinson Baixo Mi\u00f1o en Facebook(<a href=\"https:\/\/www.facebook.com\/Asociaci%C3%B3n-Parkinson-BAIXO-MI%C3%91O-1018806551523890\/\">https:\/\/www.facebook.com\/Asociaci%C3%B3n-Parkinson-BAIXO-MI%C3%91O-1018806551523890\/<\/a>)<\/p>\n<p style=\"text-align: left\"><a href=\"https:\/\/drive.google.com\/file\/d\/1gJjiPstjud_ip0vT5xe39FUjmAjQ3ZVA\/view?fbclid=IwAR1l76SarSk6Z7U8UE_HHpXF1oEqWBB4yKfUKmtPuH6rrUQuaMydz62SsRg\">Link Cuadernillo 1<\/a><\/p>\n<p style=\"text-align: left\"><a href=\"https:\/\/drive.google.com\/file\/d\/1E6Nfs1r75IziTIbiC_jtHegBAWkWiDoi\/view?fbclid=IwAR1KnXyOlIHGDM5W0vKEYoy277-477TJrt51nDJ52dzEVoWqca0vzcFNd8E\">Link Cuadernillo 2<\/a><\/p>\n<p><a href=\"https:\/\/drive.google.com\/file\/d\/1Atvgu6S5515zV76mMkxdVo1n2eu451tX\/view?fbclid=IwAR1oc9r65TfXVFZE60QTYzxshGi19OSlzZlQ75btGlbn9bqdP74Iso5N_qc\">Link Cuadernillo 3<\/a><\/p>\n<p><a href=\"https:\/\/drive.google.com\/open?id=1S0wcLcJGbrHEUwRgBS-Pbsje8YnpMt7s\">Link Cuadernillo 4<\/a><\/p>\n<p><a href=\"https:\/\/l.facebook.com\/l.php?u=https%3A%2F%2Fdrive.google.com%2Fopen%3Fid%3D1LugLMMShPvHPCI8_7C1tS7XKZYBy1Xnl%26fbclid%3DIwAR1QkCcg0zkOZbBLU65ralAWBUvAfp1qgVhyFtzCf2NP5EfNc1dcYFSMzUI&amp;h=AT0AFOkASzxRCiTnm1zL-gpkYaZiwGr7S_ABuGN2ZfWW6ZPZhAnq1bXdmOuvWp1qBIQXQDXYS3RldW2krQtVj9K17A2kqBkHNABQ7s-kF0PmkfWBQdntTN-vVL1iZcGRcyf1Y2bBX2cpN-XY48u6Trfq-gBSt80UJV833GNzj9uaWEvpfKMr4VFiFGvtmheRQg9aQ5AMReus4ivaM3zH0XAI6qt5OgTS1EV6kzBKhcqwETUOtLvQ7H6Ss7PjEr7_GXdNqgy51KpWOjZ5AruDELZT05fDkq6_WUnB79yNYPct3BIxTBxXxntGI2Ia9GZjDiHVaU2p2hrFdC1jFUnjlr-eXsuJtUy6fDyhNxJ08rutoFQjN2GhxLgapUuu9R6gIQNuOVRvEWgI8-KqlsuUh04yf4U7VCcbpiUnbH7r31r6Ap4UrpXlZBwKwYfItx9JBZRCjQ7x0hN2VsEk4GbpQPFo_FT7j7zwjZhJ0FJ4igdsoupi085Dtb0Qjo8dbQnoM1bNQNaj_ymMCgKrVU--ohCLqwxZtRECrTrpNHk4x3UdMqOM623AWFEAiGpbJEmv8rrnOZ39gMp8I-oXcPP779pmz_-5dRlgKsOPX6-WNfJZzjs464hTNMKl-5OLmr7-kxM92Q\">Link Cuadernillo 5<\/a><\/p>\n<p><a href=\"https:\/\/drive.google.com\/file\/d\/1Q_ByFoiGuj-7HkNEljR0cOW-iSXO4MwR\/view?fbclid=IwAR3WIX_RDgh8OgqswijW8OgpsyKgxyPPDiAsRVCFvwYARzRtPS0c5l_cpTQ\">Link Cuadernillo 6<\/a><\/p>\n<p><a href=\"https:\/\/drive.google.com\/file\/d\/1ait5Cw79r_LATPRefkR-YTydSykS3_G5\/view?fbclid=IwAR19biPkcN4ZZ3h7ZalAAJRPZ5qxz3DAn0Adm5SvFHESYLeuXddJjlQTi3o\">Link Cuadernillo 7<\/a><\/p>\n<p><a href=\"https:\/\/l.facebook.com\/l.php?u=https%3A%2F%2Fdrive.google.com%2Fopen%3Fid%3D1gvDA34rFP1wdAeUgsSunOxfoUm1e3lDL%26fbclid%3DIwAR3kwzpeVA1KtAEzz7k-mr-Aov-i8wsqB9pbSbmNsIZzRoGu7mXpBJoS670&amp;h=AT1yACYF7RLDB7vClSTh4AYlPdwW88S6weWSSg3XlG81sHqw6Jmco14iQi6msRfPZhbeSMRKpMLQn2ecIerSnb0rJZLoDkeBAjmt1ldD-AU-wr5H48B_gRRLEjt1mQgXZfKVBfPkHul1ROBXyUQLoLc6SEOgkBlt6zvznIOO5WFrhG9n-fzcbN0vCrMUufN2FaT2lqIqc-FeSsRJguXkql1k_S3IQl-VKj8PbZpZ5yqNjMnOsaF6XpXWN_4XI7CRZhvQG-u1xVQw-yiRIajOBm-7KRpsm0n7Sj07sfhs7OU28xss4ElRDMVMmQZTdopMf_fktkNBgX-Z8S3MXmXes3G32roqP8zlDiIjnipHO02vVI4nh1ipIiq3mJpzPfOACJ0Xxze_I8moIni0AUKbHUMvczImXBCJ45-16Px78bzmqPb-NmPM99gOz1mm00x82KlgpjlwvHhqU155kBTAsWRoPe81syMBmJlx0wd79oCJM_8ndSEBTfWZXmi6mLo9XTg8aGLuHs7Rc6I5vhxr3xMWI8jmsAp4EtiAjOu6V84yVIzXDybKJa2SOrf1CBZmd-27KPl_lH9FMYItgFxCKr3YAjINR86-6bfGs8fAxGEeKQbrg6owPiANpJrIiCiYeEIEBw\">Link Cuadernillo 8<\/a><\/p>\n<p style=\"text-align: left\">Tam\u00e9n aquelas persoas que o desexen, poden recibilos nos seus domicilios previo contacto e solicitude cos Servizos Sociais do Concello da Guarda no 986 61 45 07 ou coa Asociaci\u00f3n Parkinson Baixo Mi\u00f1o nos tel\u00e9fonos 627 438 882 \/ 690 006 266.<\/p>\n","protected":false},"excerpt":{"rendered":"<p>O departamento de Servizos Sociais do Concello da Guarda, en colaboraci\u00f3n coa Asociaci\u00f3n de Parkinson do Baixo Mi\u00f1o, vai a po\u00f1er a disposici\u00f3n da poboaci\u00f3n en xeral uns cuadernillos de actividades para a estimulaci\u00f3n cognitiva para reforzar a memoria. Ter\u00e1n &hellip; <\/p>\n","protected":false},"author":2,"featured_media":21042,"comment_status":"open","ping_status":"open","sticky":false,"template":"","format":"standard","meta":[],"categories":[33],"tags":[226,1994,307],"yoast_head":"<!-- This site is optimized with the Yoast SEO plugin v21.1 - https:\/\/yoast.com\/wordpress\/plugins\/seo\/ -->\n<title>O Concello da Guarda colabora coa Asociaci\u00f3n Parkinson Baixo Mi\u00f1o - Concello da Guarda<\/title>\n<meta name=\"robots\" content=\"index, follow, max-snippet:-1, max-image-preview:large, max-video-preview:-1\" \/>\n<link rel=\"canonical\" href=\"https:\/\/www.aguarda.es\/en\/o-concello-da-guarda-colabora-coa-asociacion-parkinson-baixo-mino\/\" \/>\n<meta property=\"og:locale\" content=\"en_US\" \/>\n<meta property=\"og:type\" content=\"article\" \/>\n<meta property=\"og:title\" content=\"O Concello da Guarda colabora coa Asociaci\u00f3n Parkinson Baixo Mi\u00f1o - Concello da Guarda\" \/>\n<meta property=\"og:description\" content=\"O departamento de Servizos Sociais do Concello da Guarda, en colaboraci\u00f3n coa Asociaci\u00f3n de Parkinson do Baixo Mi\u00f1o, vai a po\u00f1er a disposici\u00f3n da poboaci\u00f3n en xeral uns cuadernillos de actividades para a estimulaci\u00f3n cognitiva para reforzar a memoria. Ter\u00e1n &hellip;\" \/>\n<meta property=\"og:url\" content=\"https:\/\/www.aguarda.es\/en\/o-concello-da-guarda-colabora-coa-asociacion-parkinson-baixo-mino\/\" \/>\n<meta property=\"og:site_name\" content=\"Concello da Guarda\" \/>\n<meta property=\"article:publisher\" content=\"https:\/\/www.facebook.com\/ConcellodaGuarda\" \/>\n<meta property=\"article:published_time\" content=\"2020-05-26T08:00:07+00:00\" \/>\n<meta property=\"article:modified_time\" content=\"2020-05-26T09:20:06+00:00\" \/>\n<meta property=\"og:image\" content=\"https:\/\/www.aguarda.es\/wp-content\/uploads\/2020\/04\/Sin-t\u00edtulo-1.jpg\" \/>\n\t<meta property=\"og:image:width\" content=\"800\" \/>\n\t<meta property=\"og:image:height\" content=\"800\" \/>\n\t<meta property=\"og:image:type\" content=\"image\/jpeg\" \/>\n<meta name=\"author\" content=\"prensa\" \/>\n<meta name=\"twitter:card\" content=\"summary_large_image\" \/>\n<meta name=\"twitter:creator\" content=\"@AGuarda_es\" \/>\n<meta name=\"twitter:site\" content=\"@AGuarda_es\" \/>\n<meta name=\"twitter:label1\" content=\"Written by\" \/>\n\t<meta name=\"twitter:data1\" content=\"prensa\" \/>\n\t<meta name=\"twitter:label2\" content=\"Est. reading time\" \/>\n\t<meta name=\"twitter:data2\" content=\"1 minute\" \/>\n<script type=\"application\/ld+json\" class=\"yoast-schema-graph\">{\"@context\":\"https:\/\/schema.org\",\"@graph\":[{\"@type\":\"WebPage\",\"@id\":\"https:\/\/www.aguarda.es\/en\/o-concello-da-guarda-colabora-coa-asociacion-parkinson-baixo-mino\/\",\"url\":\"https:\/\/www.aguarda.es\/en\/o-concello-da-guarda-colabora-coa-asociacion-parkinson-baixo-mino\/\",\"name\":\"O Concello da Guarda colabora coa Asociaci\u00f3n Parkinson Baixo Mi\u00f1o - Concello da Guarda\",\"isPartOf\":{\"@id\":\"https:\/\/www.aguarda.es\/en\/#website\"},\"datePublished\":\"2020-05-26T08:00:07+00:00\",\"dateModified\":\"2020-05-26T09:20:06+00:00\",\"author\":{\"@id\":\"https:\/\/www.aguarda.es\/en\/#\/schema\/person\/c463ca3006858ffb349d11179d044f21\"},\"breadcrumb\":{\"@id\":\"https:\/\/www.aguarda.es\/en\/o-concello-da-guarda-colabora-coa-asociacion-parkinson-baixo-mino\/#breadcrumb\"},\"inLanguage\":\"en-US\",\"potentialAction\":[{\"@type\":\"ReadAction\",\"target\":[\"https:\/\/www.aguarda.es\/en\/o-concello-da-guarda-colabora-coa-asociacion-parkinson-baixo-mino\/\"]}]},{\"@type\":\"BreadcrumbList\",\"@id\":\"https:\/\/www.aguarda.es\/en\/o-concello-da-guarda-colabora-coa-asociacion-parkinson-baixo-mino\/#breadcrumb\",\"itemListElement\":[{\"@type\":\"ListItem\",\"position\":1,\"name\":\"Portada\",\"item\":\"https:\/\/www.aguarda.es\/en\/\"},{\"@type\":\"ListItem\",\"position\":2,\"name\":\"O Concello da Guarda colabora coa Asociaci\u00f3n Parkinson Baixo Mi\u00f1o\"}]},{\"@type\":\"WebSite\",\"@id\":\"https:\/\/www.aguarda.es\/en\/#website\",\"url\":\"https:\/\/www.aguarda.es\/en\/\",\"name\":\"Concello da Guarda\",\"description\":\"P\u00e1xina web do concello da Guarda\",\"potentialAction\":[{\"@type\":\"SearchAction\",\"target\":{\"@type\":\"EntryPoint\",\"urlTemplate\":\"https:\/\/www.aguarda.es\/en\/?s={search_term_string}\"},\"query-input\":\"required name=search_term_string\"}],\"inLanguage\":\"en-US\"},{\"@type\":\"Person\",\"@id\":\"https:\/\/www.aguarda.es\/en\/#\/schema\/person\/c463ca3006858ffb349d11179d044f21\",\"name\":\"prensa\",\"image\":{\"@type\":\"ImageObject\",\"inLanguage\":\"en-US\",\"@id\":\"https:\/\/www.aguarda.es\/en\/#\/schema\/person\/image\/\",\"url\":\"https:\/\/secure.gravatar.com\/avatar\/5f90ef536b0f98306edf5c7a1135ffa1?s=96&d=mm&r=g\",\"contentUrl\":\"https:\/\/secure.gravatar.com\/avatar\/5f90ef536b0f98306edf5c7a1135ffa1?s=96&d=mm&r=g\",\"caption\":\"prensa\"},\"url\":\"https:\/\/www.aguarda.es\/en\/author\/prensa\/\"}]}<\/script>\n<!-- \/ Yoast SEO plugin. -->","yoast_head_json":{"title":"O Concello da Guarda colabora coa Asociaci\u00f3n Parkinson Baixo Mi\u00f1o - Concello da Guarda","robots":{"index":"index","follow":"follow","max-snippet":"max-snippet:-1","max-image-preview":"max-image-preview:large","max-video-preview":"max-video-preview:-1"},"canonical":"https:\/\/www.aguarda.es\/en\/o-concello-da-guarda-colabora-coa-asociacion-parkinson-baixo-mino\/","og_locale":"en_US","og_type":"article","og_title":"O Concello da Guarda colabora coa Asociaci\u00f3n Parkinson Baixo Mi\u00f1o - Concello da Guarda","og_description":"O departamento de Servizos Sociais do Concello da Guarda, en colaboraci\u00f3n coa Asociaci\u00f3n de Parkinson do Baixo Mi\u00f1o, vai a po\u00f1er a disposici\u00f3n da poboaci\u00f3n en xeral uns cuadernillos de actividades para a estimulaci\u00f3n cognitiva para reforzar a memoria. Ter\u00e1n &hellip;","og_url":"https:\/\/www.aguarda.es\/en\/o-concello-da-guarda-colabora-coa-asociacion-parkinson-baixo-mino\/","og_site_name":"Concello da Guarda","article_publisher":"https:\/\/www.facebook.com\/ConcellodaGuarda","article_published_time":"2020-05-26T08:00:07+00:00","article_modified_time":"2020-05-26T09:20:06+00:00","og_image":[{"width":800,"height":800,"url":"https:\/\/www.aguarda.es\/wp-content\/uploads\/2020\/04\/Sin-t\u00edtulo-1.jpg","type":"image\/jpeg"}],"author":"prensa","twitter_card":"summary_large_image","twitter_creator":"@AGuarda_es","twitter_site":"@AGuarda_es","twitter_misc":{"Written by":"prensa","Est. reading time":"1 minute"},"schema":{"@context":"https:\/\/schema.org","@graph":[{"@type":"WebPage","@id":"https:\/\/www.aguarda.es\/en\/o-concello-da-guarda-colabora-coa-asociacion-parkinson-baixo-mino\/","url":"https:\/\/www.aguarda.es\/en\/o-concello-da-guarda-colabora-coa-asociacion-parkinson-baixo-mino\/","name":"O Concello da Guarda colabora coa Asociaci\u00f3n Parkinson Baixo Mi\u00f1o - Concello da Guarda","isPartOf":{"@id":"https:\/\/www.aguarda.es\/en\/#website"},"datePublished":"2020-05-26T08:00:07+00:00","dateModified":"2020-05-26T09:20:06+00:00","author":{"@id":"https:\/\/www.aguarda.es\/en\/#\/schema\/person\/c463ca3006858ffb349d11179d044f21"},"breadcrumb":{"@id":"https:\/\/www.aguarda.es\/en\/o-concello-da-guarda-colabora-coa-asociacion-parkinson-baixo-mino\/#breadcrumb"},"inLanguage":"en-US","potentialAction":[{"@type":"ReadAction","target":["https:\/\/www.aguarda.es\/en\/o-concello-da-guarda-colabora-coa-asociacion-parkinson-baixo-mino\/"]}]},{"@type":"BreadcrumbList","@id":"https:\/\/www.aguarda.es\/en\/o-concello-da-guarda-colabora-coa-asociacion-parkinson-baixo-mino\/#breadcrumb","itemListElement":[{"@type":"ListItem","position":1,"name":"Portada","item":"https:\/\/www.aguarda.es\/en\/"},{"@type":"ListItem","position":2,"name":"O Concello da Guarda colabora coa Asociaci\u00f3n Parkinson Baixo Mi\u00f1o"}]},{"@type":"WebSite","@id":"https:\/\/www.aguarda.es\/en\/#website","url":"https:\/\/www.aguarda.es\/en\/","name":"Concello da Guarda","description":"P\u00e1xina web do concello da Guarda","potentialAction":[{"@type":"SearchAction","target":{"@type":"EntryPoint","urlTemplate":"https:\/\/www.aguarda.es\/en\/?s={search_term_string}"},"query-input":"required name=search_term_string"}],"inLanguage":"en-US"},{"@type":"Person","@id":"https:\/\/www.aguarda.es\/en\/#\/schema\/person\/c463ca3006858ffb349d11179d044f21","name":"prensa","image":{"@type":"ImageObject","inLanguage":"en-US","@id":"https:\/\/www.aguarda.es\/en\/#\/schema\/person\/image\/","url":"https:\/\/secure.gravatar.com\/avatar\/5f90ef536b0f98306edf5c7a1135ffa1?s=96&d=mm&r=g","contentUrl":"https:\/\/secure.gravatar.com\/avatar\/5f90ef536b0f98306edf5c7a1135ffa1?s=96&d=mm&r=g","caption":"prensa"},"url":"https:\/\/www.aguarda.es\/en\/author\/prensa\/"}]}},"_links":{"self":[{"href":"https:\/\/www.aguarda.es\/en\/wp-json\/wp\/v2\/posts\/21039"}],"collection":[{"href":"https:\/\/www.aguarda.es\/en\/wp-json\/wp\/v2\/posts"}],"about":[{"href":"https:\/\/www.aguarda.es\/en\/wp-json\/wp\/v2\/types\/post"}],"author":[{"embeddable":true,"href":"https:\/\/www.aguarda.es\/en\/wp-json\/wp\/v2\/users\/2"}],"replies":[{"embeddable":true,"href":"https:\/\/www.aguarda.es\/en\/wp-json\/wp\/v2\/comments?post=21039"}],"version-history":[{"count":8,"href":"https:\/\/www.aguarda.es\/en\/wp-json\/wp\/v2\/posts\/21039\/revisions"}],"predecessor-version":[{"id":21709,"href":"https:\/\/www.aguarda.es\/en\/wp-json\/wp\/v2\/posts\/21039\/revisions\/21709"}],"wp:featuredmedia":[{"embeddable":true,"href":"https:\/\/www.aguarda.es\/en\/wp-json\/wp\/v2\/media\/21042"}],"wp:attachment":[{"href":"https:\/\/www.aguarda.es\/en\/wp-json\/wp\/v2\/media?parent=21039"}],"wp:term":[{"taxonomy":"category","embeddable":true,"href":"https:\/\/www.aguarda.es\/en\/wp-json\/wp\/v2\/categories?post=21039"},{"taxonomy":"post_tag","embeddable":true,"href":"https:\/\/www.aguarda.es\/en\/wp-json\/wp\/v2\/tags?post=21039"}],"curies":[{"name":"wp","href":"https:\/\/api.w.org\/{rel}","templated":true}]}}