{"id":2134,"date":"2016-08-16T10:38:26","date_gmt":"2016-08-16T10:38:26","guid":{"rendered":"https:\/\/www.aguarda.es\/?p=2134"},"modified":"2016-08-16T10:38:26","modified_gmt":"2016-08-16T10:38:26","slug":"proseguen-os-dialogos-en-educacion-co-sexto-dos-faladoiros","status":"publish","type":"post","link":"https:\/\/www.aguarda.es\/en\/proseguen-os-dialogos-en-educacion-co-sexto-dos-faladoiros\/","title":{"rendered":"Proseguen os &#8220;Di\u00e1logos en Educaci\u00f3n&#8221; co sexto dos faladoiros"},"content":{"rendered":"<p><span><span>Tras o par\u00f3n dos pasados d\u00edas motivado pola celebraci\u00f3n na Guarda das Festas do Monte, as s\u00faas festas m\u00e1is reco\u00f1ecidas, esta semana volven as charlas de \u201cDi\u00e1logos en Educaci\u00f3n\u201d. Este ser\u00e1 o sexto dos faladoiros e celebrarase o vindeiro xoves, 18 de agosto, \u00e1s 20 horas, no patio do colexio dos PP. Xesu\u00edtas en Camposancos.<\/span><\/span><\/p>\n<p>  <!--more-->  <\/p>\n<p><span>Tras o par\u00f3n dos pasados d\u00edas motivado pola celebraci\u00f3n na Guarda das Festas do Monte, as s\u00faas festas m\u00e1is reco\u00f1ecidas, esta semana volven as charlas de \u201cDi\u00e1logos en Educaci\u00f3n\u201d. Este ser\u00e1 o sexto dos faladoiros e celebrarase o vindeiro xoves, 18 de agosto, \u00e1s 20 horas, no patio do colexio dos PP. Xesu\u00edtas en Camposancos. Esta actividade, promovida polo Concello da Guarda coa colaboraci\u00f3n da Universidade da Coru\u00f1a convida, nesta ocasi\u00f3n, ao profesor Ux\u00edo Otero Urtaza.<\/span><\/p>\n<p><span><img decoding=\"async\" loading=\"lazy\" class=\" size-full wp-image-2133\" src=\"https:\/\/www.aguarda.es\/wp-content\/uploads\/2016\/08\/2016_Dialogos%20nota%204%205.jpg\" alt=\"\" width=\"569\" height=\"427\" \/><\/span><\/p>\n<p><span>Uxio Otero Urtaza \u00e9 Catedr\u00e1tico de Teor\u00eda e Historia da Educaci\u00f3n da Universidade de Santiago de Compostela non Campus de Lugo. Doutor en Filosof\u00eda e Ciencias da Educaci\u00f3n pola Universidade de Oviedo, pos\u00fae o Primeiro Premio Nacional de Investigaci\u00f3n Educativa na s\u00faa convocatoria de 1990.<\/span><\/p>\n<p><span>Destacado especialista no estudo da Instituci\u00f3n Libre de Ense\u00f1anza, tema sobre o que publicou oito libros e m\u00e1is doutros 60 traballos, entre os que salientan as investigaci\u00f3ns sobre o pensamento educativo de Manuel Bartolom\u00e9 Coss\u00edo, disc\u00edpulo de Giner e un dos promotores das Misi\u00f3ns Pedag\u00f3xicas da Segunda Rep\u00fablica.<\/span><\/p>\n<p><span>Foi comisario da exposici\u00f3n \u201cMisiones Pedag\u00f3gicas, 1931-1936\u201d, organizada pola Sociedad Estatal de Conmemoraciones Culturales, o Ministerio de Cultura e a Fundaci\u00f3n Francisco Giner de los R\u00edos en 2006. Exposici\u00f3n que visitou de xeito itinerante as principais cidades do Estado.<\/span><\/p>\n<p><span>Ten tam\u00e9n estudos publicados sobre a formaci\u00f3n de mestres en Espa\u00f1a como \u201cA formazione dei maestri in Spagna: un approccio storico\u201d (2000) e sobre literatura infantil: \u201cChildrens Literature in wartime: the magazine \u2018los Ni\u00f1os\u2019 1870-1877\u201d (2010)<\/span><\/p>\n<p><span>Ux\u00edo Otero Urtaza foi Director da Escola de Formaci\u00f3n do Profesorado de Lugo entre 1994 e 2003 e actualmente \u00e9 Vicepresidente da \u201cSociedad Espa\u00f1ola de Historia de la Educaci\u00f3n\u201d.<\/span><\/p>\n<p><span>Este profesor da Universidade de Santiago animar\u00e1 un faladoiro titulado \u201cExperiencias de vida, educaci\u00f3n e vocaci\u00f3n docente\u201d, desde a perspectiva hist\u00f3rica da Instituci\u00f3n Libre de Ense\u00f1anza a trav\u00e9s das figuras de Francisco Giner, Manuel Bartolom\u00e9 Coss\u00edo e Rafael Dieste.<\/span><\/p>\n<p><span>\u00a0<\/span><\/p>\n<p><span>\u00a0<\/span><\/p>\n<p><span><em><span>En caso de choiva a charla se trasladar\u00e1 a Casa Aquilino<\/span><\/em><\/span><\/p>\n","protected":false},"excerpt":{"rendered":"<p>Tras o par\u00f3n dos pasados d\u00edas motivado pola celebraci\u00f3n na Guarda das Festas do Monte, as s\u00faas festas m\u00e1is reco\u00f1ecidas, esta semana volven as charlas de \u201cDi\u00e1logos en Educaci\u00f3n\u201d. Este ser\u00e1 o sexto dos faladoiros e celebrarase o vindeiro xoves, &hellip; <\/p>\n","protected":false},"author":1,"featured_media":2133,"comment_status":"open","ping_status":"open","sticky":false,"template":"","format":"standard","meta":[],"categories":[34],"tags":[],"yoast_head":"<!-- This site is optimized with the Yoast SEO plugin v21.1 - https:\/\/yoast.com\/wordpress\/plugins\/seo\/ -->\n<title>Proseguen os &quot;Di\u00e1logos en Educaci\u00f3n&quot; co sexto dos faladoiros - Concello da Guarda<\/title>\n<meta name=\"robots\" content=\"index, follow, max-snippet:-1, max-image-preview:large, max-video-preview:-1\" \/>\n<link rel=\"canonical\" href=\"https:\/\/www.aguarda.es\/en\/proseguen-os-dialogos-en-educacion-co-sexto-dos-faladoiros\/\" \/>\n<meta property=\"og:locale\" content=\"en_US\" \/>\n<meta property=\"og:type\" content=\"article\" \/>\n<meta property=\"og:title\" content=\"Proseguen os &quot;Di\u00e1logos en Educaci\u00f3n&quot; co sexto dos faladoiros - Concello da Guarda\" \/>\n<meta property=\"og:description\" content=\"Tras o par\u00f3n dos pasados d\u00edas motivado pola celebraci\u00f3n na Guarda das Festas do Monte, as s\u00faas festas m\u00e1is reco\u00f1ecidas, esta semana volven as charlas de \u201cDi\u00e1logos en Educaci\u00f3n\u201d. Este ser\u00e1 o sexto dos faladoiros e celebrarase o vindeiro xoves, &hellip;\" \/>\n<meta property=\"og:url\" content=\"https:\/\/www.aguarda.es\/en\/proseguen-os-dialogos-en-educacion-co-sexto-dos-faladoiros\/\" \/>\n<meta property=\"og:site_name\" content=\"Concello da Guarda\" \/>\n<meta property=\"article:publisher\" content=\"https:\/\/www.facebook.com\/ConcellodaGuarda\" \/>\n<meta property=\"article:published_time\" content=\"2016-08-16T10:38:26+00:00\" \/>\n<meta property=\"og:image\" content=\"https:\/\/www.aguarda.es\/wp-content\/uploads\/2016\/08\/2016_Dialogos%20nota%204%205.jpg\" \/>\n\t<meta property=\"og:image:width\" content=\"700\" \/>\n\t<meta property=\"og:image:height\" content=\"525\" \/>\n\t<meta property=\"og:image:type\" content=\"image\/jpeg\" \/>\n<meta name=\"author\" content=\"Concello\" \/>\n<meta name=\"twitter:card\" content=\"summary_large_image\" \/>\n<meta name=\"twitter:creator\" content=\"@AGuarda_es\" \/>\n<meta name=\"twitter:site\" content=\"@AGuarda_es\" \/>\n<meta name=\"twitter:label1\" content=\"Written by\" \/>\n\t<meta name=\"twitter:data1\" content=\"Concello\" \/>\n\t<meta name=\"twitter:label2\" content=\"Est. reading time\" \/>\n\t<meta name=\"twitter:data2\" content=\"2 minutes\" \/>\n<script type=\"application\/ld+json\" class=\"yoast-schema-graph\">{\"@context\":\"https:\/\/schema.org\",\"@graph\":[{\"@type\":\"WebPage\",\"@id\":\"https:\/\/www.aguarda.es\/en\/proseguen-os-dialogos-en-educacion-co-sexto-dos-faladoiros\/\",\"url\":\"https:\/\/www.aguarda.es\/en\/proseguen-os-dialogos-en-educacion-co-sexto-dos-faladoiros\/\",\"name\":\"Proseguen os \\\"Di\u00e1logos en Educaci\u00f3n\\\" co sexto dos faladoiros - Concello da Guarda\",\"isPartOf\":{\"@id\":\"https:\/\/www.aguarda.es\/en\/#website\"},\"datePublished\":\"2016-08-16T10:38:26+00:00\",\"dateModified\":\"2016-08-16T10:38:26+00:00\",\"author\":{\"@id\":\"https:\/\/www.aguarda.es\/en\/#\/schema\/person\/ac30f4d74843174f0af56c730f74dd57\"},\"breadcrumb\":{\"@id\":\"https:\/\/www.aguarda.es\/en\/proseguen-os-dialogos-en-educacion-co-sexto-dos-faladoiros\/#breadcrumb\"},\"inLanguage\":\"en-US\",\"potentialAction\":[{\"@type\":\"ReadAction\",\"target\":[\"https:\/\/www.aguarda.es\/en\/proseguen-os-dialogos-en-educacion-co-sexto-dos-faladoiros\/\"]}]},{\"@type\":\"BreadcrumbList\",\"@id\":\"https:\/\/www.aguarda.es\/en\/proseguen-os-dialogos-en-educacion-co-sexto-dos-faladoiros\/#breadcrumb\",\"itemListElement\":[{\"@type\":\"ListItem\",\"position\":1,\"name\":\"Portada\",\"item\":\"https:\/\/www.aguarda.es\/en\/\"},{\"@type\":\"ListItem\",\"position\":2,\"name\":\"Proseguen os &#8220;Di\u00e1logos en Educaci\u00f3n&#8221; co sexto dos faladoiros\"}]},{\"@type\":\"WebSite\",\"@id\":\"https:\/\/www.aguarda.es\/en\/#website\",\"url\":\"https:\/\/www.aguarda.es\/en\/\",\"name\":\"Concello da Guarda\",\"description\":\"P\u00e1xina web do concello da Guarda\",\"potentialAction\":[{\"@type\":\"SearchAction\",\"target\":{\"@type\":\"EntryPoint\",\"urlTemplate\":\"https:\/\/www.aguarda.es\/en\/?s={search_term_string}\"},\"query-input\":\"required name=search_term_string\"}],\"inLanguage\":\"en-US\"},{\"@type\":\"Person\",\"@id\":\"https:\/\/www.aguarda.es\/en\/#\/schema\/person\/ac30f4d74843174f0af56c730f74dd57\",\"name\":\"Concello\",\"image\":{\"@type\":\"ImageObject\",\"inLanguage\":\"en-US\",\"@id\":\"https:\/\/www.aguarda.es\/en\/#\/schema\/person\/image\/\",\"url\":\"https:\/\/secure.gravatar.com\/avatar\/7eda12a04da40b2ef77eb62e68f07027?s=96&d=mm&r=g\",\"contentUrl\":\"https:\/\/secure.gravatar.com\/avatar\/7eda12a04da40b2ef77eb62e68f07027?s=96&d=mm&r=g\",\"caption\":\"Concello\"},\"url\":\"https:\/\/www.aguarda.es\/en\/author\/admin\/\"}]}<\/script>\n<!-- \/ Yoast SEO plugin. -->","yoast_head_json":{"title":"Proseguen os \"Di\u00e1logos en Educaci\u00f3n\" co sexto dos faladoiros - Concello da Guarda","robots":{"index":"index","follow":"follow","max-snippet":"max-snippet:-1","max-image-preview":"max-image-preview:large","max-video-preview":"max-video-preview:-1"},"canonical":"https:\/\/www.aguarda.es\/en\/proseguen-os-dialogos-en-educacion-co-sexto-dos-faladoiros\/","og_locale":"en_US","og_type":"article","og_title":"Proseguen os \"Di\u00e1logos en Educaci\u00f3n\" co sexto dos faladoiros - Concello da Guarda","og_description":"Tras o par\u00f3n dos pasados d\u00edas motivado pola celebraci\u00f3n na Guarda das Festas do Monte, as s\u00faas festas m\u00e1is reco\u00f1ecidas, esta semana volven as charlas de \u201cDi\u00e1logos en Educaci\u00f3n\u201d. Este ser\u00e1 o sexto dos faladoiros e celebrarase o vindeiro xoves, &hellip;","og_url":"https:\/\/www.aguarda.es\/en\/proseguen-os-dialogos-en-educacion-co-sexto-dos-faladoiros\/","og_site_name":"Concello da Guarda","article_publisher":"https:\/\/www.facebook.com\/ConcellodaGuarda","article_published_time":"2016-08-16T10:38:26+00:00","og_image":[{"width":700,"height":525,"url":"https:\/\/www.aguarda.es\/wp-content\/uploads\/2016\/08\/2016_Dialogos nota 4 5.jpg","type":"image\/jpeg"}],"author":"Concello","twitter_card":"summary_large_image","twitter_creator":"@AGuarda_es","twitter_site":"@AGuarda_es","twitter_misc":{"Written by":"Concello","Est. reading time":"2 minutes"},"schema":{"@context":"https:\/\/schema.org","@graph":[{"@type":"WebPage","@id":"https:\/\/www.aguarda.es\/en\/proseguen-os-dialogos-en-educacion-co-sexto-dos-faladoiros\/","url":"https:\/\/www.aguarda.es\/en\/proseguen-os-dialogos-en-educacion-co-sexto-dos-faladoiros\/","name":"Proseguen os \"Di\u00e1logos en Educaci\u00f3n\" co sexto dos faladoiros - Concello da Guarda","isPartOf":{"@id":"https:\/\/www.aguarda.es\/en\/#website"},"datePublished":"2016-08-16T10:38:26+00:00","dateModified":"2016-08-16T10:38:26+00:00","author":{"@id":"https:\/\/www.aguarda.es\/en\/#\/schema\/person\/ac30f4d74843174f0af56c730f74dd57"},"breadcrumb":{"@id":"https:\/\/www.aguarda.es\/en\/proseguen-os-dialogos-en-educacion-co-sexto-dos-faladoiros\/#breadcrumb"},"inLanguage":"en-US","potentialAction":[{"@type":"ReadAction","target":["https:\/\/www.aguarda.es\/en\/proseguen-os-dialogos-en-educacion-co-sexto-dos-faladoiros\/"]}]},{"@type":"BreadcrumbList","@id":"https:\/\/www.aguarda.es\/en\/proseguen-os-dialogos-en-educacion-co-sexto-dos-faladoiros\/#breadcrumb","itemListElement":[{"@type":"ListItem","position":1,"name":"Portada","item":"https:\/\/www.aguarda.es\/en\/"},{"@type":"ListItem","position":2,"name":"Proseguen os &#8220;Di\u00e1logos en Educaci\u00f3n&#8221; co sexto dos faladoiros"}]},{"@type":"WebSite","@id":"https:\/\/www.aguarda.es\/en\/#website","url":"https:\/\/www.aguarda.es\/en\/","name":"Concello da Guarda","description":"P\u00e1xina web do concello da Guarda","potentialAction":[{"@type":"SearchAction","target":{"@type":"EntryPoint","urlTemplate":"https:\/\/www.aguarda.es\/en\/?s={search_term_string}"},"query-input":"required name=search_term_string"}],"inLanguage":"en-US"},{"@type":"Person","@id":"https:\/\/www.aguarda.es\/en\/#\/schema\/person\/ac30f4d74843174f0af56c730f74dd57","name":"Concello","image":{"@type":"ImageObject","inLanguage":"en-US","@id":"https:\/\/www.aguarda.es\/en\/#\/schema\/person\/image\/","url":"https:\/\/secure.gravatar.com\/avatar\/7eda12a04da40b2ef77eb62e68f07027?s=96&d=mm&r=g","contentUrl":"https:\/\/secure.gravatar.com\/avatar\/7eda12a04da40b2ef77eb62e68f07027?s=96&d=mm&r=g","caption":"Concello"},"url":"https:\/\/www.aguarda.es\/en\/author\/admin\/"}]}},"_links":{"self":[{"href":"https:\/\/www.aguarda.es\/en\/wp-json\/wp\/v2\/posts\/2134"}],"collection":[{"href":"https:\/\/www.aguarda.es\/en\/wp-json\/wp\/v2\/posts"}],"about":[{"href":"https:\/\/www.aguarda.es\/en\/wp-json\/wp\/v2\/types\/post"}],"author":[{"embeddable":true,"href":"https:\/\/www.aguarda.es\/en\/wp-json\/wp\/v2\/users\/1"}],"replies":[{"embeddable":true,"href":"https:\/\/www.aguarda.es\/en\/wp-json\/wp\/v2\/comments?post=2134"}],"version-history":[{"count":0,"href":"https:\/\/www.aguarda.es\/en\/wp-json\/wp\/v2\/posts\/2134\/revisions"}],"wp:featuredmedia":[{"embeddable":true,"href":"https:\/\/www.aguarda.es\/en\/wp-json\/wp\/v2\/media\/2133"}],"wp:attachment":[{"href":"https:\/\/www.aguarda.es\/en\/wp-json\/wp\/v2\/media?parent=2134"}],"wp:term":[{"taxonomy":"category","embeddable":true,"href":"https:\/\/www.aguarda.es\/en\/wp-json\/wp\/v2\/categories?post=2134"},{"taxonomy":"post_tag","embeddable":true,"href":"https:\/\/www.aguarda.es\/en\/wp-json\/wp\/v2\/tags?post=2134"}],"curies":[{"name":"wp","href":"https:\/\/api.w.org\/{rel}","templated":true}]}}