{"id":21468,"date":"2020-05-01T13:24:48","date_gmt":"2020-05-01T13:24:48","guid":{"rendered":"https:\/\/www.aguarda.es\/?p=21468"},"modified":"2020-05-01T13:24:48","modified_gmt":"2020-05-01T13:24:48","slug":"a-sociedad-pro-monte-santa-tecla-disolvese-por-decision-xudicial","status":"publish","type":"post","link":"https:\/\/www.aguarda.es\/en\/a-sociedad-pro-monte-santa-tecla-disolvese-por-decision-xudicial\/","title":{"rendered":"A \u201cSociedad pro-Monte Santa Tecla\u201d dis\u00f3lvese por decisi\u00f3n xudicial"},"content":{"rendered":"<p style=\"text-align: justify\">A \u201cSociedad pro-Monte Santa Tecla\u201d fundouse en 1912 coa finalidade de fomentar o turismo e po\u00f1er en valor o monte Santa Trega, impulsando sobre todo a s\u00faa paisaxe e o patrimonio arqueol\u00f3xico do xacemento castrexo. Esta Sociedade foi, sen d\u00fabida, verdadeiro motor social e cultural da Guarda durante boa parte do s\u00e9culo XX, ata que no ano 1979 os seus socios se re\u00fanen por \u00faltima vez en Asamblea Xeral.<\/p>\n<p style=\"text-align: justify\">Con posterioridade creouse o Padroado do Monte Santa Trega, un \u00f3rgano que, xunto co concello, veo a asumir os mesmos fins que tivera durante o seu funcionamento a \u201cSociedad por-Monte\u201d. Nesta situaci\u00f3n, a hist\u00f3rica Sociedade perdeu a s\u00faa raz\u00f3n de ser e deixou de ter actividade. Os anos foron pasando e dada esta falta de actividade e as nulas posibilidades de reactivaci\u00f3n, alg\u00fans membros da \u00faltima xunta directiva consideraron que a mellor sa\u00edda era a s\u00faa extinci\u00f3n. Entregando ao concello da Guarda os seus bens a fin de garantir que os mesmos seguisen sendo de desfrute de todos os veci\u00f1os e veci\u00f1as da localidade.<\/p>\n<p style=\"text-align: justify\">O proceso de extinci\u00f3n da \u201cSociedad pro-Monte Santa Tecla\u201d comezou no ano 2017 cando os membros vivos da \u00faltima xunta directiva do ano 1979 foron convocados polo presidente en funci\u00f3ns, Antonio Mart\u00ednez, a unha reuni\u00f3n extraordinaria con un \u00fanico punto na orde do d\u00eda: a disoluci\u00f3n da \u201cSociedad pro-Monte\u201d. Nesta reuni\u00f3n, que se prorrogou en d\u00faas sesi\u00f3ns m\u00e1is, en d\u00edas diferentes, non se chegou a un acordo sobre a extinci\u00f3n.<\/p>\n<p style=\"text-align: justify\">A intenci\u00f3n \u00faltima de parte dos membros da xunta directiva era aplicar o artigo 34 do seu regulamento que disp\u00f3n que no caso de disoluci\u00f3n, \u201clos fondos que hubiere se destinar\u00e1n a beneficencia p\u00fablica local, y el Museo, Biblioteca y dem\u00e1s enseres se entregar\u00e1n, previo inventario y en calidad de dep\u00f3sito, al Ayuntamiento u otra entidad de solvencia de la localidad.\u201d<\/p>\n<p style=\"text-align: justify\">Dada a situaci\u00f3n de bloqueo da extinci\u00f3n da \u201cSociedade pro-Monte\u201d, a necesidade de protexer e garantir o car\u00e1cter p\u00fablico das s\u00faas propiedades, a necesidade de mantemento dalgunhas destas propiedades con fondos municipais, e seguindo as recomendaci\u00f3ns dos servizos xur\u00eddicos da Xunta de Galicia e do propio concello da Guarda, a entidade local interpuxo unha demanda xudicial como \u00faltima sa\u00edda.<\/p>\n<p style=\"text-align: justify\">Nestes \u00faltimos d\u00edas O xulgado n\u00famero 1 de Tui ditou sentencia en primeira instancia favorable a demanda interposta polo concello da Guarda na que declara \u201ca disoluci\u00f3n da \u201cSociedad pro-Monte\u201d e a apertura da fase de liquidaci\u00f3n da mesma, previa a s\u00faa extinci\u00f3n, reco\u00f1ecendo o dereito do concello da Guarda a que se lle entreguen en calidade de depositario, os bens propiedade da citada entidade.\u201d<\/p>\n<p style=\"text-align: justify\">Entre os bens da \u201cSociedad pro-Monte\u201d, que pasar\u00e1n ao concello da Guarda en dep\u00f3sito cando remate o proceso, est\u00e1n: o Parque do Cancel\u00f3n, o Centro Cultural, a Casa da Cultura, o arquivo da Sociedade e os fondos do Museo Arqueol\u00f3xico.<\/p>\n<p style=\"text-align: justify\">Con este proceso reverten no concello por dereito un bens que xa o eran de feito, dado que a entidade local \u00e9 quen est\u00e1 xestionando, dando uso e mantendo os bens inmobles da \u201cSociedad pro-Monte\u201d para beneficio de todos os veci\u00f1os e veci\u00f1as da vila.<\/p>\n","protected":false},"excerpt":{"rendered":"<p>A \u201cSociedad pro-Monte Santa Tecla\u201d fundouse en 1912 coa finalidade de fomentar o turismo e po\u00f1er en valor o monte Santa Trega, impulsando sobre todo a s\u00faa paisaxe e o patrimonio arqueol\u00f3xico do xacemento castrexo. Esta Sociedade foi, sen d\u00fabida, &hellip; <\/p>\n","protected":false},"author":2,"featured_media":21469,"comment_status":"open","ping_status":"open","sticky":false,"template":"","format":"standard","meta":[],"categories":[34,33],"tags":[226,495,2158,2159,2160],"yoast_head":"<!-- This site is optimized with the Yoast SEO plugin v21.1 - https:\/\/yoast.com\/wordpress\/plugins\/seo\/ -->\n<title>A \u201cSociedad pro-Monte Santa Tecla\u201d dis\u00f3lvese por decisi\u00f3n xudicial - Concello da Guarda<\/title>\n<meta name=\"robots\" content=\"index, follow, max-snippet:-1, max-image-preview:large, max-video-preview:-1\" \/>\n<link rel=\"canonical\" href=\"https:\/\/www.aguarda.es\/en\/a-sociedad-pro-monte-santa-tecla-disolvese-por-decision-xudicial\/\" \/>\n<meta property=\"og:locale\" content=\"en_US\" \/>\n<meta property=\"og:type\" content=\"article\" \/>\n<meta property=\"og:title\" content=\"A \u201cSociedad pro-Monte Santa Tecla\u201d dis\u00f3lvese por decisi\u00f3n xudicial - Concello da Guarda\" \/>\n<meta property=\"og:description\" content=\"A \u201cSociedad pro-Monte Santa Tecla\u201d fundouse en 1912 coa finalidade de fomentar o turismo e po\u00f1er en valor o monte Santa Trega, impulsando sobre todo a s\u00faa paisaxe e o patrimonio arqueol\u00f3xico do xacemento castrexo. Esta Sociedade foi, sen d\u00fabida, &hellip;\" \/>\n<meta property=\"og:url\" content=\"https:\/\/www.aguarda.es\/en\/a-sociedad-pro-monte-santa-tecla-disolvese-por-decision-xudicial\/\" \/>\n<meta property=\"og:site_name\" content=\"Concello da Guarda\" \/>\n<meta property=\"article:publisher\" content=\"https:\/\/www.facebook.com\/ConcellodaGuarda\" \/>\n<meta property=\"article:published_time\" content=\"2020-05-01T13:24:48+00:00\" \/>\n<meta property=\"og:image\" content=\"https:\/\/www.aguarda.es\/wp-content\/uploads\/2020\/05\/NP-01052020-A-Sociedad-pro-Monte-Santa-Tecla-dis\u00f3lvese-por-decisi\u00f3n-xudicial.jpg\" \/>\n\t<meta property=\"og:image:width\" content=\"800\" \/>\n\t<meta property=\"og:image:height\" content=\"519\" \/>\n\t<meta property=\"og:image:type\" content=\"image\/jpeg\" \/>\n<meta name=\"author\" content=\"prensa\" \/>\n<meta name=\"twitter:card\" content=\"summary_large_image\" \/>\n<meta name=\"twitter:creator\" content=\"@AGuarda_es\" \/>\n<meta name=\"twitter:site\" content=\"@AGuarda_es\" \/>\n<meta name=\"twitter:label1\" content=\"Written by\" \/>\n\t<meta name=\"twitter:data1\" content=\"prensa\" \/>\n\t<meta name=\"twitter:label2\" content=\"Est. reading time\" \/>\n\t<meta name=\"twitter:data2\" content=\"3 minutes\" \/>\n<script type=\"application\/ld+json\" class=\"yoast-schema-graph\">{\"@context\":\"https:\/\/schema.org\",\"@graph\":[{\"@type\":\"WebPage\",\"@id\":\"https:\/\/www.aguarda.es\/en\/a-sociedad-pro-monte-santa-tecla-disolvese-por-decision-xudicial\/\",\"url\":\"https:\/\/www.aguarda.es\/en\/a-sociedad-pro-monte-santa-tecla-disolvese-por-decision-xudicial\/\",\"name\":\"A \u201cSociedad pro-Monte Santa Tecla\u201d dis\u00f3lvese por decisi\u00f3n xudicial - Concello da Guarda\",\"isPartOf\":{\"@id\":\"https:\/\/www.aguarda.es\/en\/#website\"},\"datePublished\":\"2020-05-01T13:24:48+00:00\",\"dateModified\":\"2020-05-01T13:24:48+00:00\",\"author\":{\"@id\":\"https:\/\/www.aguarda.es\/en\/#\/schema\/person\/c463ca3006858ffb349d11179d044f21\"},\"breadcrumb\":{\"@id\":\"https:\/\/www.aguarda.es\/en\/a-sociedad-pro-monte-santa-tecla-disolvese-por-decision-xudicial\/#breadcrumb\"},\"inLanguage\":\"en-US\",\"potentialAction\":[{\"@type\":\"ReadAction\",\"target\":[\"https:\/\/www.aguarda.es\/en\/a-sociedad-pro-monte-santa-tecla-disolvese-por-decision-xudicial\/\"]}]},{\"@type\":\"BreadcrumbList\",\"@id\":\"https:\/\/www.aguarda.es\/en\/a-sociedad-pro-monte-santa-tecla-disolvese-por-decision-xudicial\/#breadcrumb\",\"itemListElement\":[{\"@type\":\"ListItem\",\"position\":1,\"name\":\"Portada\",\"item\":\"https:\/\/www.aguarda.es\/en\/\"},{\"@type\":\"ListItem\",\"position\":2,\"name\":\"A \u201cSociedad pro-Monte Santa Tecla\u201d dis\u00f3lvese por decisi\u00f3n xudicial\"}]},{\"@type\":\"WebSite\",\"@id\":\"https:\/\/www.aguarda.es\/en\/#website\",\"url\":\"https:\/\/www.aguarda.es\/en\/\",\"name\":\"Concello da Guarda\",\"description\":\"P\u00e1xina web do concello da Guarda\",\"potentialAction\":[{\"@type\":\"SearchAction\",\"target\":{\"@type\":\"EntryPoint\",\"urlTemplate\":\"https:\/\/www.aguarda.es\/en\/?s={search_term_string}\"},\"query-input\":\"required name=search_term_string\"}],\"inLanguage\":\"en-US\"},{\"@type\":\"Person\",\"@id\":\"https:\/\/www.aguarda.es\/en\/#\/schema\/person\/c463ca3006858ffb349d11179d044f21\",\"name\":\"prensa\",\"image\":{\"@type\":\"ImageObject\",\"inLanguage\":\"en-US\",\"@id\":\"https:\/\/www.aguarda.es\/en\/#\/schema\/person\/image\/\",\"url\":\"https:\/\/secure.gravatar.com\/avatar\/5f90ef536b0f98306edf5c7a1135ffa1?s=96&d=mm&r=g\",\"contentUrl\":\"https:\/\/secure.gravatar.com\/avatar\/5f90ef536b0f98306edf5c7a1135ffa1?s=96&d=mm&r=g\",\"caption\":\"prensa\"},\"url\":\"https:\/\/www.aguarda.es\/en\/author\/prensa\/\"}]}<\/script>\n<!-- \/ Yoast SEO plugin. -->","yoast_head_json":{"title":"A \u201cSociedad pro-Monte Santa Tecla\u201d dis\u00f3lvese por decisi\u00f3n xudicial - Concello da Guarda","robots":{"index":"index","follow":"follow","max-snippet":"max-snippet:-1","max-image-preview":"max-image-preview:large","max-video-preview":"max-video-preview:-1"},"canonical":"https:\/\/www.aguarda.es\/en\/a-sociedad-pro-monte-santa-tecla-disolvese-por-decision-xudicial\/","og_locale":"en_US","og_type":"article","og_title":"A \u201cSociedad pro-Monte Santa Tecla\u201d dis\u00f3lvese por decisi\u00f3n xudicial - Concello da Guarda","og_description":"A \u201cSociedad pro-Monte Santa Tecla\u201d fundouse en 1912 coa finalidade de fomentar o turismo e po\u00f1er en valor o monte Santa Trega, impulsando sobre todo a s\u00faa paisaxe e o patrimonio arqueol\u00f3xico do xacemento castrexo. Esta Sociedade foi, sen d\u00fabida, &hellip;","og_url":"https:\/\/www.aguarda.es\/en\/a-sociedad-pro-monte-santa-tecla-disolvese-por-decision-xudicial\/","og_site_name":"Concello da Guarda","article_publisher":"https:\/\/www.facebook.com\/ConcellodaGuarda","article_published_time":"2020-05-01T13:24:48+00:00","og_image":[{"width":800,"height":519,"url":"https:\/\/www.aguarda.es\/wp-content\/uploads\/2020\/05\/NP-01052020-A-Sociedad-pro-Monte-Santa-Tecla-dis\u00f3lvese-por-decisi\u00f3n-xudicial.jpg","type":"image\/jpeg"}],"author":"prensa","twitter_card":"summary_large_image","twitter_creator":"@AGuarda_es","twitter_site":"@AGuarda_es","twitter_misc":{"Written by":"prensa","Est. reading time":"3 minutes"},"schema":{"@context":"https:\/\/schema.org","@graph":[{"@type":"WebPage","@id":"https:\/\/www.aguarda.es\/en\/a-sociedad-pro-monte-santa-tecla-disolvese-por-decision-xudicial\/","url":"https:\/\/www.aguarda.es\/en\/a-sociedad-pro-monte-santa-tecla-disolvese-por-decision-xudicial\/","name":"A \u201cSociedad pro-Monte Santa Tecla\u201d dis\u00f3lvese por decisi\u00f3n xudicial - Concello da Guarda","isPartOf":{"@id":"https:\/\/www.aguarda.es\/en\/#website"},"datePublished":"2020-05-01T13:24:48+00:00","dateModified":"2020-05-01T13:24:48+00:00","author":{"@id":"https:\/\/www.aguarda.es\/en\/#\/schema\/person\/c463ca3006858ffb349d11179d044f21"},"breadcrumb":{"@id":"https:\/\/www.aguarda.es\/en\/a-sociedad-pro-monte-santa-tecla-disolvese-por-decision-xudicial\/#breadcrumb"},"inLanguage":"en-US","potentialAction":[{"@type":"ReadAction","target":["https:\/\/www.aguarda.es\/en\/a-sociedad-pro-monte-santa-tecla-disolvese-por-decision-xudicial\/"]}]},{"@type":"BreadcrumbList","@id":"https:\/\/www.aguarda.es\/en\/a-sociedad-pro-monte-santa-tecla-disolvese-por-decision-xudicial\/#breadcrumb","itemListElement":[{"@type":"ListItem","position":1,"name":"Portada","item":"https:\/\/www.aguarda.es\/en\/"},{"@type":"ListItem","position":2,"name":"A \u201cSociedad pro-Monte Santa Tecla\u201d dis\u00f3lvese por decisi\u00f3n xudicial"}]},{"@type":"WebSite","@id":"https:\/\/www.aguarda.es\/en\/#website","url":"https:\/\/www.aguarda.es\/en\/","name":"Concello da Guarda","description":"P\u00e1xina web do concello da Guarda","potentialAction":[{"@type":"SearchAction","target":{"@type":"EntryPoint","urlTemplate":"https:\/\/www.aguarda.es\/en\/?s={search_term_string}"},"query-input":"required name=search_term_string"}],"inLanguage":"en-US"},{"@type":"Person","@id":"https:\/\/www.aguarda.es\/en\/#\/schema\/person\/c463ca3006858ffb349d11179d044f21","name":"prensa","image":{"@type":"ImageObject","inLanguage":"en-US","@id":"https:\/\/www.aguarda.es\/en\/#\/schema\/person\/image\/","url":"https:\/\/secure.gravatar.com\/avatar\/5f90ef536b0f98306edf5c7a1135ffa1?s=96&d=mm&r=g","contentUrl":"https:\/\/secure.gravatar.com\/avatar\/5f90ef536b0f98306edf5c7a1135ffa1?s=96&d=mm&r=g","caption":"prensa"},"url":"https:\/\/www.aguarda.es\/en\/author\/prensa\/"}]}},"_links":{"self":[{"href":"https:\/\/www.aguarda.es\/en\/wp-json\/wp\/v2\/posts\/21468"}],"collection":[{"href":"https:\/\/www.aguarda.es\/en\/wp-json\/wp\/v2\/posts"}],"about":[{"href":"https:\/\/www.aguarda.es\/en\/wp-json\/wp\/v2\/types\/post"}],"author":[{"embeddable":true,"href":"https:\/\/www.aguarda.es\/en\/wp-json\/wp\/v2\/users\/2"}],"replies":[{"embeddable":true,"href":"https:\/\/www.aguarda.es\/en\/wp-json\/wp\/v2\/comments?post=21468"}],"version-history":[{"count":1,"href":"https:\/\/www.aguarda.es\/en\/wp-json\/wp\/v2\/posts\/21468\/revisions"}],"predecessor-version":[{"id":21471,"href":"https:\/\/www.aguarda.es\/en\/wp-json\/wp\/v2\/posts\/21468\/revisions\/21471"}],"wp:featuredmedia":[{"embeddable":true,"href":"https:\/\/www.aguarda.es\/en\/wp-json\/wp\/v2\/media\/21469"}],"wp:attachment":[{"href":"https:\/\/www.aguarda.es\/en\/wp-json\/wp\/v2\/media?parent=21468"}],"wp:term":[{"taxonomy":"category","embeddable":true,"href":"https:\/\/www.aguarda.es\/en\/wp-json\/wp\/v2\/categories?post=21468"},{"taxonomy":"post_tag","embeddable":true,"href":"https:\/\/www.aguarda.es\/en\/wp-json\/wp\/v2\/tags?post=21468"}],"curies":[{"name":"wp","href":"https:\/\/api.w.org\/{rel}","templated":true}]}}