{"id":21676,"date":"2020-05-22T11:47:51","date_gmt":"2020-05-22T11:47:51","guid":{"rendered":"https:\/\/www.aguarda.es\/?p=21676"},"modified":"2020-05-22T16:00:14","modified_gmt":"2020-05-22T16:00:14","slug":"o-concello-da-guarda-esixe-a-xunta-de-galicia-que-atenda-as-demandas-do-seu-centro-de-saude","status":"publish","type":"post","link":"https:\/\/www.aguarda.es\/en\/o-concello-da-guarda-esixe-a-xunta-de-galicia-que-atenda-as-demandas-do-seu-centro-de-saude\/","title":{"rendered":"O concello da Guarda esixe \u00e1 Xunta de Galicia que atenda as demandas do seu centro de Sa\u00fade"},"content":{"rendered":"<p style=\"text-align: justify\"><em>\u2022 O persoal do Centro de Sa\u00fade da Guarda fai p\u00fablica unha carta na que describe a situaci\u00f3n de precariedade laboral que est\u00e1n sufrindo.<\/em><\/p>\n<p style=\"text-align: justify\"><em>\u2022 A reestruturaci\u00f3n do traballo no Centro provocada pola pandemia ven a agravar m\u00e1is a situaci\u00f3n, dificultando a atenci\u00f3n sanitaria adecuada por falta de medios humanos.<\/em><\/p>\n<p style=\"text-align: justify\">O servizo de sa\u00fade p\u00fablica no concello da Guarda ven sendo deficiente dende fai anos. En distintas ocasi\u00f3ns, tanto dende o concello como dende o propio Centro de Sa\u00fade, traslad\u00e1ronse demandas de mellora, aos responsables do SERGAS.<\/p>\n<p style=\"text-align: justify\">Dende finais do pasado ano 2019 ata que se declarou o estado de alarma pola alerta sanitaria provocada polo COVID-19, os veci\u00f1os e veci\u00f1as da Guarda, xunto con persoal do centro, estiveron facendo concentraci\u00f3ns todos os xoves \u00e1s 12 da ma\u00f1\u00e1, pedindo melloras que permitiran un funcionamento normal do centro e unha correcta atenci\u00f3n sanitaria aos usuarios do mesmo.<\/p>\n<p style=\"text-align: justify\">Dende que se declarou o estado da alarma ata a actualidade suspend\u00e9ronse as reivindicaci\u00f3ns de veci\u00f1os e persoal do Centro, neses momentos hab\u00eda que centrarse na alerta sanitaria que estabamos a padecer.<\/p>\n<p style=\"text-align: justify\">O que est\u00e1 sucedendo na fase de desescalada na que nos atopamos \u00e9 que a dotaci\u00f3n de recursos humanos ao centro, lonxe de mellorar, sigue sendo precaria, con indicios de empeoramento cara ao futuro inmediato.<\/p>\n<p style=\"text-align: justify\">Por este motivo, o persoal do centro de Sa\u00fade fai p\u00fablica unha carta na que describe esta situaci\u00f3n de precariedade laboral, o que dificulta a atenci\u00f3n sanitaria adecuada. A reestruturaci\u00f3n provocada pola pandemia do coronavirus ven a agravar m\u00e1is a situaci\u00f3n.<\/p>\n<p style=\"text-align: justify\">A reestruturaci\u00f3n mencionada hai que engadir os problemas que ven padecendo o Centro de Sa\u00fade dende fai anos: baixas prolongadas que se substit\u00faen de forma parcial por curtos per\u00edodos de tempo. Tardes nas que en lugar dos tres m\u00e9dicos que corresponde s\u00f3 hai un atendendo. Un servizo de urxencias cun s\u00f3 equipo en lugar de dous, o que provoca longas ausencias dos sanitarios por atenci\u00f3n domiciliaria ou traslados ao hospital. Un servizo de enfermer\u00eda que non cumpre co ratio dun enfermeiro por cada m\u00e9dico. E as\u00ed un longo etc\u00e9tera que o persoal do Centro enumera na carta e que os veci\u00f1os e veci\u00f1as da Guarda ve\u00f1en sufrindo cunha atenci\u00f3n deficiente.<\/p>\n<p style=\"text-align: justify\">Coa reestruturaci\u00f3n pola pandemia a situaci\u00f3n agravarase se non se reforza o cadro de persoal, tanto de profesionais m\u00e9dicos, como de enfermer\u00eda e administraci\u00f3n. Agora que se vai recobrando a normalidade sanitaria \u00e9 necesario seguir controlando a entrada e os aforos, e dar asistencia a toda a atenci\u00f3n ordinaria que quedou suspendida, sobre todo a de patolox\u00edas cr\u00f3nicas. Ademais coa chegada do ver\u00e1n aumentar\u00e1 o n\u00famero de persoas desprazadas \u00e1 localidade co conseguinte aumento na carga de traballo. Se o SERGAS non subsana as deficiencias na dotaci\u00f3n de persoal no Centro de Sa\u00fade da Guarda para atender a poboaci\u00f3n de forma adecuada, haber\u00e1 moitas dificultades no ver\u00e1n e sobre todo, no outono, por causa da gripe estacional.<\/p>\n<p style=\"text-align: center\"><strong>Carta do Persoal do Centro de Sa\u00fade da Guarda<\/strong><\/p>\n<p style=\"text-align: justify\"><em>&#8220;El personal del Centro de Salud de A Guarda viene por medio de este escrito denunciar la situaci\u00f3n de precariedad con la que se est\u00e1 enfrentando a la hora de afrontar los cambios impuestos por la necesaria reestructuraci\u00f3n en la forma de prestar los servicios de salud a causa de la pandemia del coronavirus.<\/em><\/p>\n<p style=\"text-align: justify\"><em>Este servicio viene, desde hace a\u00f1os, advirtiendo a la gerencia del \u00e1rea sanitaria de Vigo y a la propia conseller\u00eda de sanidad de la escasez de personal provocada por la falta de sustituci\u00f3n de las ausencias de personal sanitario producida por bajas laborales y licencias de \u00edndole diversa.<\/em><\/p>\n<p style=\"text-align: justify\"><em>La situaci\u00f3n cr\u00f3nica en el servicio es que se tenga que cubrir uno o varios cupos de enfermer\u00eda y principalmente de m\u00e9dicos entre los varios profesionales del centro, causando una sobrecarga laboral y un inadecuado servicio a la poblaci\u00f3n que ve como su atenci\u00f3n sanitaria es prestada en cada consulta por un profesional distinto lo que conlleva a un mal seguimiento de los episodios sanitarios.<\/em><\/p>\n<p style=\"text-align: justify\"><em>El servicio de urgencias deber\u00eda disponer de dos equipos (m\u00e9dico y enfermer\u00eda) por turno, de esta forma no se producir\u00edan los largos periodos de ausencia de sanitarios, cuando el \u00fanico equipo que presta servicio tiene que ausentarse a realizar atenci\u00f3n domiciliaria o traslados al hospital.<\/em><\/p>\n<p style=\"text-align: justify\"><em>Actualmente hay profesionales de baja laboral prolongada que solo han sido sustituidos de forma parcial por cortos periodos de tiempo. Tardes en que se ha contado con un solo m\u00e9dico, por ausencia de los compa\u00f1eros de turno.<\/em><\/p>\n<p style=\"text-align: justify\"><em>Hist\u00f3ricamente hace falta un profesional de enfermer\u00eda para poder cumplir con una ratio de un enfermero para cada m\u00e9dico, problema que se ve aumentado por la falta de emparejamiento fijo de personal m\u00e9dico y de enfermer\u00eda lo que acarrea la ausencia continua de un enfermero en turno de tarde y que determinados cupos tengan seg\u00fan el d\u00eda el m\u00e9dico en un turno y enfermer\u00eda en turno cambiado, ocasionando trastorno a los pacientes que tienen que acudir en determinadas ocasiones en dos turnos distintos el mismo d\u00eda para una determinada atenci\u00f3n como puede ser la realizaci\u00f3n de pruebas como electrocardiogramas, tomas de muestras para anticoagulaci\u00f3n o espirometr\u00edas.<\/em><\/p>\n<p style=\"text-align: justify\"><em>Al estallar la pandemia el centro de salud tuvo que reestructurarse para adaptarse a la nueva situaci\u00f3n que obligaba a separar la atenci\u00f3n de los posibles casos de covid-19 de los otros motivos de consulta de manera que se evitara el contagio tanto al personal sanitario como al resto de usuarios.<\/em><\/p>\n<p style=\"text-align: justify\"><em>Algunas de las medidas no fueron bien entendidas por los usuarios, pero han supuesto un gran esfuerzo por parte del personal que tuvo que repartir tareas, como el triaje de los pacientes a la entrada del centro para evitar la circulaci\u00f3n de personas que pudieran funcionar como posibles contagios, la atenci\u00f3n telef\u00f3nica de las consultas, de modo a que la poblaci\u00f3n no quedara desatendida y la atenci\u00f3n urgente.<\/em><\/p>\n<p style=\"text-align: justify\"><em>Ahora que poco a poco se va retomando la actividad normal, son necesarios adem\u00e1s de la cobertura de todas las ausencias, refuerzos de personal para dar la asistencia necesaria a toda la atenci\u00f3n a la patolog\u00eda cr\u00f3nica, que por culpa de la pandemia ha quedado paralizada, adem\u00e1s del aumento de asistencia en identificaci\u00f3n y seguimiento de casos sospechosos de enfermedad covid-19. Tenemos que seguir controlando el acceso al centro de forma escalonada para evitar que se supere el aforo y provoque aglomeraciones en salas de espera que podr\u00eda ser causa de contagios.<\/em><\/p>\n<p style=\"text-align: justify\"><em>En ese escenario nos vemos con la situaci\u00f3n de que no se mandan refuerzos tanto de enfermer\u00eda como de personal administrativo, no se sustituyen ausencias, la direcci\u00f3n obliga al personal a disfrutar de las vacaciones ordinarias entre los meses de junio y septiembre y adem\u00e1s tendremos que hacer frente al verano con la llegada de desplazados como todos los a\u00f1os, lo que aumenta la demanda de asistencia. Desde la gerencia proponen la comarcalizaci\u00f3n de pediatr\u00eda haciendo que la pediatra de Oia-O Rosal pase a consultar en el centro de salud de A Guarda, con lo que pasa a ser un m\u00e9dico m\u00e1s sin enfermera asociada, empeorando a\u00fan m\u00e1s la falta de personal. Es imposible la prestaci\u00f3n de toda la atenci\u00f3n con la escasez de personal que sufrimos.<\/em><\/p>\n<p><em>A Guarda a 21 de maio de 2020<\/em><\/p>\n<p><em>PERSOAL SANITARIO E ADMINISTRATIVO DO CENTRO SANITARIO DA GUARDA&#8221;<\/em><\/p>\n","protected":false},"excerpt":{"rendered":"<p>\u2022 O persoal do Centro de Sa\u00fade da Guarda fai p\u00fablica unha carta na que describe a situaci\u00f3n de precariedade laboral que est\u00e1n sufrindo. \u2022 A reestruturaci\u00f3n do traballo no Centro provocada pola pandemia ven a agravar m\u00e1is a situaci\u00f3n, &hellip; <\/p>\n","protected":false},"author":2,"featured_media":21679,"comment_status":"open","ping_status":"open","sticky":false,"template":"","format":"standard","meta":[],"categories":[33],"tags":[226,2180,1618,1524],"yoast_head":"<!-- This site is optimized with the Yoast SEO plugin v21.1 - https:\/\/yoast.com\/wordpress\/plugins\/seo\/ -->\n<title>O concello da Guarda esixe \u00e1 Xunta de Galicia que atenda as demandas do seu centro de Sa\u00fade - Concello da Guarda<\/title>\n<meta name=\"robots\" content=\"index, follow, max-snippet:-1, max-image-preview:large, max-video-preview:-1\" \/>\n<link rel=\"canonical\" href=\"https:\/\/www.aguarda.es\/en\/o-concello-da-guarda-esixe-a-xunta-de-galicia-que-atenda-as-demandas-do-seu-centro-de-saude\/\" \/>\n<meta property=\"og:locale\" content=\"en_US\" \/>\n<meta property=\"og:type\" content=\"article\" \/>\n<meta property=\"og:title\" content=\"O concello da Guarda esixe \u00e1 Xunta de Galicia que atenda as demandas do seu centro de Sa\u00fade - Concello da Guarda\" \/>\n<meta property=\"og:description\" content=\"\u2022 O persoal do Centro de Sa\u00fade da Guarda fai p\u00fablica unha carta na que describe a situaci\u00f3n de precariedade laboral que est\u00e1n sufrindo. \u2022 A reestruturaci\u00f3n do traballo no Centro provocada pola pandemia ven a agravar m\u00e1is a situaci\u00f3n, &hellip;\" \/>\n<meta property=\"og:url\" content=\"https:\/\/www.aguarda.es\/en\/o-concello-da-guarda-esixe-a-xunta-de-galicia-que-atenda-as-demandas-do-seu-centro-de-saude\/\" \/>\n<meta property=\"og:site_name\" content=\"Concello da Guarda\" \/>\n<meta property=\"article:publisher\" content=\"https:\/\/www.facebook.com\/ConcellodaGuarda\" \/>\n<meta property=\"article:published_time\" content=\"2020-05-22T11:47:51+00:00\" \/>\n<meta property=\"article:modified_time\" content=\"2020-05-22T16:00:14+00:00\" \/>\n<meta property=\"og:image\" content=\"https:\/\/www.aguarda.es\/wp-content\/uploads\/2020\/05\/IMG_9080-1.jpg\" \/>\n\t<meta property=\"og:image:width\" content=\"800\" \/>\n\t<meta property=\"og:image:height\" content=\"533\" \/>\n\t<meta property=\"og:image:type\" content=\"image\/jpeg\" \/>\n<meta name=\"author\" content=\"prensa\" \/>\n<meta name=\"twitter:card\" content=\"summary_large_image\" \/>\n<meta name=\"twitter:creator\" content=\"@AGuarda_es\" \/>\n<meta name=\"twitter:site\" content=\"@AGuarda_es\" \/>\n<meta name=\"twitter:label1\" content=\"Written by\" \/>\n\t<meta name=\"twitter:data1\" content=\"prensa\" \/>\n\t<meta name=\"twitter:label2\" content=\"Est. reading time\" \/>\n\t<meta name=\"twitter:data2\" content=\"7 minutes\" \/>\n<script type=\"application\/ld+json\" class=\"yoast-schema-graph\">{\"@context\":\"https:\/\/schema.org\",\"@graph\":[{\"@type\":\"WebPage\",\"@id\":\"https:\/\/www.aguarda.es\/en\/o-concello-da-guarda-esixe-a-xunta-de-galicia-que-atenda-as-demandas-do-seu-centro-de-saude\/\",\"url\":\"https:\/\/www.aguarda.es\/en\/o-concello-da-guarda-esixe-a-xunta-de-galicia-que-atenda-as-demandas-do-seu-centro-de-saude\/\",\"name\":\"O concello da Guarda esixe \u00e1 Xunta de Galicia que atenda as demandas do seu centro de Sa\u00fade - Concello da Guarda\",\"isPartOf\":{\"@id\":\"https:\/\/www.aguarda.es\/en\/#website\"},\"datePublished\":\"2020-05-22T11:47:51+00:00\",\"dateModified\":\"2020-05-22T16:00:14+00:00\",\"author\":{\"@id\":\"https:\/\/www.aguarda.es\/en\/#\/schema\/person\/c463ca3006858ffb349d11179d044f21\"},\"breadcrumb\":{\"@id\":\"https:\/\/www.aguarda.es\/en\/o-concello-da-guarda-esixe-a-xunta-de-galicia-que-atenda-as-demandas-do-seu-centro-de-saude\/#breadcrumb\"},\"inLanguage\":\"en-US\",\"potentialAction\":[{\"@type\":\"ReadAction\",\"target\":[\"https:\/\/www.aguarda.es\/en\/o-concello-da-guarda-esixe-a-xunta-de-galicia-que-atenda-as-demandas-do-seu-centro-de-saude\/\"]}]},{\"@type\":\"BreadcrumbList\",\"@id\":\"https:\/\/www.aguarda.es\/en\/o-concello-da-guarda-esixe-a-xunta-de-galicia-que-atenda-as-demandas-do-seu-centro-de-saude\/#breadcrumb\",\"itemListElement\":[{\"@type\":\"ListItem\",\"position\":1,\"name\":\"Portada\",\"item\":\"https:\/\/www.aguarda.es\/en\/\"},{\"@type\":\"ListItem\",\"position\":2,\"name\":\"O concello da Guarda esixe \u00e1 Xunta de Galicia que atenda as demandas do seu centro de Sa\u00fade\"}]},{\"@type\":\"WebSite\",\"@id\":\"https:\/\/www.aguarda.es\/en\/#website\",\"url\":\"https:\/\/www.aguarda.es\/en\/\",\"name\":\"Concello da Guarda\",\"description\":\"P\u00e1xina web do concello da Guarda\",\"potentialAction\":[{\"@type\":\"SearchAction\",\"target\":{\"@type\":\"EntryPoint\",\"urlTemplate\":\"https:\/\/www.aguarda.es\/en\/?s={search_term_string}\"},\"query-input\":\"required name=search_term_string\"}],\"inLanguage\":\"en-US\"},{\"@type\":\"Person\",\"@id\":\"https:\/\/www.aguarda.es\/en\/#\/schema\/person\/c463ca3006858ffb349d11179d044f21\",\"name\":\"prensa\",\"image\":{\"@type\":\"ImageObject\",\"inLanguage\":\"en-US\",\"@id\":\"https:\/\/www.aguarda.es\/en\/#\/schema\/person\/image\/\",\"url\":\"https:\/\/secure.gravatar.com\/avatar\/5f90ef536b0f98306edf5c7a1135ffa1?s=96&d=mm&r=g\",\"contentUrl\":\"https:\/\/secure.gravatar.com\/avatar\/5f90ef536b0f98306edf5c7a1135ffa1?s=96&d=mm&r=g\",\"caption\":\"prensa\"},\"url\":\"https:\/\/www.aguarda.es\/en\/author\/prensa\/\"}]}<\/script>\n<!-- \/ Yoast SEO plugin. -->","yoast_head_json":{"title":"O concello da Guarda esixe \u00e1 Xunta de Galicia que atenda as demandas do seu centro de Sa\u00fade - Concello da Guarda","robots":{"index":"index","follow":"follow","max-snippet":"max-snippet:-1","max-image-preview":"max-image-preview:large","max-video-preview":"max-video-preview:-1"},"canonical":"https:\/\/www.aguarda.es\/en\/o-concello-da-guarda-esixe-a-xunta-de-galicia-que-atenda-as-demandas-do-seu-centro-de-saude\/","og_locale":"en_US","og_type":"article","og_title":"O concello da Guarda esixe \u00e1 Xunta de Galicia que atenda as demandas do seu centro de Sa\u00fade - Concello da Guarda","og_description":"\u2022 O persoal do Centro de Sa\u00fade da Guarda fai p\u00fablica unha carta na que describe a situaci\u00f3n de precariedade laboral que est\u00e1n sufrindo. \u2022 A reestruturaci\u00f3n do traballo no Centro provocada pola pandemia ven a agravar m\u00e1is a situaci\u00f3n, &hellip;","og_url":"https:\/\/www.aguarda.es\/en\/o-concello-da-guarda-esixe-a-xunta-de-galicia-que-atenda-as-demandas-do-seu-centro-de-saude\/","og_site_name":"Concello da Guarda","article_publisher":"https:\/\/www.facebook.com\/ConcellodaGuarda","article_published_time":"2020-05-22T11:47:51+00:00","article_modified_time":"2020-05-22T16:00:14+00:00","og_image":[{"width":800,"height":533,"url":"https:\/\/www.aguarda.es\/wp-content\/uploads\/2020\/05\/IMG_9080-1.jpg","type":"image\/jpeg"}],"author":"prensa","twitter_card":"summary_large_image","twitter_creator":"@AGuarda_es","twitter_site":"@AGuarda_es","twitter_misc":{"Written by":"prensa","Est. reading time":"7 minutes"},"schema":{"@context":"https:\/\/schema.org","@graph":[{"@type":"WebPage","@id":"https:\/\/www.aguarda.es\/en\/o-concello-da-guarda-esixe-a-xunta-de-galicia-que-atenda-as-demandas-do-seu-centro-de-saude\/","url":"https:\/\/www.aguarda.es\/en\/o-concello-da-guarda-esixe-a-xunta-de-galicia-que-atenda-as-demandas-do-seu-centro-de-saude\/","name":"O concello da Guarda esixe \u00e1 Xunta de Galicia que atenda as demandas do seu centro de Sa\u00fade - Concello da Guarda","isPartOf":{"@id":"https:\/\/www.aguarda.es\/en\/#website"},"datePublished":"2020-05-22T11:47:51+00:00","dateModified":"2020-05-22T16:00:14+00:00","author":{"@id":"https:\/\/www.aguarda.es\/en\/#\/schema\/person\/c463ca3006858ffb349d11179d044f21"},"breadcrumb":{"@id":"https:\/\/www.aguarda.es\/en\/o-concello-da-guarda-esixe-a-xunta-de-galicia-que-atenda-as-demandas-do-seu-centro-de-saude\/#breadcrumb"},"inLanguage":"en-US","potentialAction":[{"@type":"ReadAction","target":["https:\/\/www.aguarda.es\/en\/o-concello-da-guarda-esixe-a-xunta-de-galicia-que-atenda-as-demandas-do-seu-centro-de-saude\/"]}]},{"@type":"BreadcrumbList","@id":"https:\/\/www.aguarda.es\/en\/o-concello-da-guarda-esixe-a-xunta-de-galicia-que-atenda-as-demandas-do-seu-centro-de-saude\/#breadcrumb","itemListElement":[{"@type":"ListItem","position":1,"name":"Portada","item":"https:\/\/www.aguarda.es\/en\/"},{"@type":"ListItem","position":2,"name":"O concello da Guarda esixe \u00e1 Xunta de Galicia que atenda as demandas do seu centro de Sa\u00fade"}]},{"@type":"WebSite","@id":"https:\/\/www.aguarda.es\/en\/#website","url":"https:\/\/www.aguarda.es\/en\/","name":"Concello da Guarda","description":"P\u00e1xina web do concello da Guarda","potentialAction":[{"@type":"SearchAction","target":{"@type":"EntryPoint","urlTemplate":"https:\/\/www.aguarda.es\/en\/?s={search_term_string}"},"query-input":"required name=search_term_string"}],"inLanguage":"en-US"},{"@type":"Person","@id":"https:\/\/www.aguarda.es\/en\/#\/schema\/person\/c463ca3006858ffb349d11179d044f21","name":"prensa","image":{"@type":"ImageObject","inLanguage":"en-US","@id":"https:\/\/www.aguarda.es\/en\/#\/schema\/person\/image\/","url":"https:\/\/secure.gravatar.com\/avatar\/5f90ef536b0f98306edf5c7a1135ffa1?s=96&d=mm&r=g","contentUrl":"https:\/\/secure.gravatar.com\/avatar\/5f90ef536b0f98306edf5c7a1135ffa1?s=96&d=mm&r=g","caption":"prensa"},"url":"https:\/\/www.aguarda.es\/en\/author\/prensa\/"}]}},"_links":{"self":[{"href":"https:\/\/www.aguarda.es\/en\/wp-json\/wp\/v2\/posts\/21676"}],"collection":[{"href":"https:\/\/www.aguarda.es\/en\/wp-json\/wp\/v2\/posts"}],"about":[{"href":"https:\/\/www.aguarda.es\/en\/wp-json\/wp\/v2\/types\/post"}],"author":[{"embeddable":true,"href":"https:\/\/www.aguarda.es\/en\/wp-json\/wp\/v2\/users\/2"}],"replies":[{"embeddable":true,"href":"https:\/\/www.aguarda.es\/en\/wp-json\/wp\/v2\/comments?post=21676"}],"version-history":[{"count":3,"href":"https:\/\/www.aguarda.es\/en\/wp-json\/wp\/v2\/posts\/21676\/revisions"}],"predecessor-version":[{"id":21683,"href":"https:\/\/www.aguarda.es\/en\/wp-json\/wp\/v2\/posts\/21676\/revisions\/21683"}],"wp:featuredmedia":[{"embeddable":true,"href":"https:\/\/www.aguarda.es\/en\/wp-json\/wp\/v2\/media\/21679"}],"wp:attachment":[{"href":"https:\/\/www.aguarda.es\/en\/wp-json\/wp\/v2\/media?parent=21676"}],"wp:term":[{"taxonomy":"category","embeddable":true,"href":"https:\/\/www.aguarda.es\/en\/wp-json\/wp\/v2\/categories?post=21676"},{"taxonomy":"post_tag","embeddable":true,"href":"https:\/\/www.aguarda.es\/en\/wp-json\/wp\/v2\/tags?post=21676"}],"curies":[{"name":"wp","href":"https:\/\/api.w.org\/{rel}","templated":true}]}}