{"id":2168,"date":"2016-09-02T13:30:09","date_gmt":"2016-09-02T13:30:09","guid":{"rendered":"https:\/\/www.aguarda.es\/?p=2168"},"modified":"2016-09-02T13:30:09","modified_gmt":"2016-09-02T13:30:09","slug":"o-alcalde-da-guarda-manten-unha-xuntanza-coa-conselleira-de-medio-ambiente-e-ordenacion-do-territorio","status":"publish","type":"post","link":"https:\/\/www.aguarda.es\/en\/o-alcalde-da-guarda-manten-unha-xuntanza-coa-conselleira-de-medio-ambiente-e-ordenacion-do-territorio\/","title":{"rendered":"O alcalde da Guarda mant\u00e9n unha xuntanza coa Conselleira de Medio Ambiente e Ordenaci\u00f3n do Territorio"},"content":{"rendered":"<p>O pasado xoves 1 de setembro o Alcalde da Guarda, Antonio Lomba, en compa\u00f1\u00eda da Concelleira de Cultura, Elena Baz, traslad\u00e1ronse a Santiago para ter unha xuntanza coa conselleira de Medio Ambiente e Ordenaci\u00f3n do Territorio, Beatriz Mato.<strong><span>\u00a0<\/span><\/strong><\/p>\n<p>  <!--more-->  <\/p>\n<p><strong>No transcurso da reuni\u00f3n, o alcalde demanda a construci\u00f3n dun auditorio<\/strong><\/p>\n<p dir=\"ltr\"><span><img decoding=\"async\" loading=\"lazy\" class=\" size-full wp-image-2167\" src=\"https:\/\/www.aguarda.es\/wp-content\/uploads\/2016\/09\/2016_%20Antonio%20lomba%20e%20beatriz%20mato.jpg\" alt=\"\" width=\"496\" height=\"331\" \/>O pasado xoves 1 de setembro o Alcalde da Guarda, Antonio Lomba, en compa\u00f1\u00eda da Concelleira de Cultura, Elena Baz, traslad\u00e1ronse a Santiago para ter unha xuntanza coa conselleira de Medio Ambiente e Ordenaci\u00f3n do Territorio, Beatriz Mato.<\/span><\/p>\n<p dir=\"ltr\"><span>Por parte da Conseller\u00eda o motivo de citar ao alcalde era a sinatura dun convenio de colaboraci\u00f3n para a execuci\u00f3n de melloras na depuradora da Guarda. As melloras, que o concello levaba demandando dende fai tempo, consisten en traballos de reposici\u00f3n nos sistemas de control e automatizaci\u00f3n da planta e de mantemento na propia edificaci\u00f3n. O custo desta actuaci\u00f3n ronda os 60.000 \u20ac e ser\u00e1 cofinanciado pola Uni\u00f3n Europea a trav\u00e9s polos fondos FEADER \u00a0(Fondo Europeo Agr\u00edcola de Desenvolvemento Rural).<\/span><\/p>\n<p dir=\"ltr\"><span>O alcalde e a concelleira aproveitaron a xuntanza para facerlle chegar a responsable de Ordenaci\u00f3n do Territorio unha das demandas m\u00e1is importantes que ten a Guarda, a construci\u00f3n dun auditorio.<\/span><\/p>\n<p dir=\"ltr\"><span>Para argumentar a necesidade desta infraestrutura os responsables municipais explicaron, tanto no transcurso da reuni\u00f3n como na carta entregada a Conselleira, a situaci\u00f3n que se produce na Guarda que xustifica esta demanda: a gran cantidade de asociaci\u00f3n culturais e deportivas que temos, en total 50 rexistradas. Que a pesar de ser unha Vila con m\u00e1is de 10.000 habitantes e unha densidade de poboaci\u00f3n de mais de 500 hb\/km<\/span><span>2<\/span><span> non temos un espazo pechado en condici\u00f3ns onde celebrar eventos, dado que o que usamos habitualmente, o sal\u00f3n de actos do Centro Cultural, so ten 187 butacas e un escenario de 24m<\/span><span>2<\/span><span> . Que as veces, sobre todo por motivo do tama\u00f1o do escenario, hai que trasladar alg\u00fan evento a Igrexa Parroquial. Que antes da crise a Xunta xa ti\u00f1a previsto facer un auditorio na Guarda, incluso houbo unha partida nos orzamentos da Xunta para a redacci\u00f3n do proxecto. Que na Guarda xa temos unha parcela coa cualificaci\u00f3n urban\u00edstica para constru\u00edr un auditorio e que temos unha axenda cultural que por si sola xa xustificar\u00eda este investimento.<\/span><\/p>\n<p dir=\"ltr\"><span>A Conselleira mostrouse interesada e sensible aos argumentos que lle fixeron chegar os responsables municipais, que buscan, ademais sensibilizar ao actual goberno da Xunta, dar a co\u00f1ecer esta demanda aos demais grupos pol\u00edticos.<\/span><\/p>\n<p>\u00a0<\/p>\n","protected":false},"excerpt":{"rendered":"<p>O pasado xoves 1 de setembro o Alcalde da Guarda, Antonio Lomba, en compa\u00f1\u00eda da Concelleira de Cultura, Elena Baz, traslad\u00e1ronse a Santiago para ter unha xuntanza coa conselleira de Medio Ambiente e Ordenaci\u00f3n do Territorio, Beatriz Mato.\u00a0<\/p>\n","protected":false},"author":1,"featured_media":2167,"comment_status":"open","ping_status":"open","sticky":false,"template":"","format":"standard","meta":[],"categories":[40],"tags":[],"yoast_head":"<!-- This site is optimized with the Yoast SEO plugin v21.1 - https:\/\/yoast.com\/wordpress\/plugins\/seo\/ -->\n<title>O alcalde da Guarda mant\u00e9n unha xuntanza coa Conselleira de Medio Ambiente e Ordenaci\u00f3n do Territorio - Concello da Guarda<\/title>\n<meta name=\"robots\" content=\"index, follow, max-snippet:-1, max-image-preview:large, max-video-preview:-1\" \/>\n<link rel=\"canonical\" href=\"https:\/\/www.aguarda.es\/en\/o-alcalde-da-guarda-manten-unha-xuntanza-coa-conselleira-de-medio-ambiente-e-ordenacion-do-territorio\/\" \/>\n<meta property=\"og:locale\" content=\"en_US\" \/>\n<meta property=\"og:type\" content=\"article\" \/>\n<meta property=\"og:title\" content=\"O alcalde da Guarda mant\u00e9n unha xuntanza coa Conselleira de Medio Ambiente e Ordenaci\u00f3n do Territorio - Concello da Guarda\" \/>\n<meta property=\"og:description\" content=\"O pasado xoves 1 de setembro o Alcalde da Guarda, Antonio Lomba, en compa\u00f1\u00eda da Concelleira de Cultura, Elena Baz, traslad\u00e1ronse a Santiago para ter unha xuntanza coa conselleira de Medio Ambiente e Ordenaci\u00f3n do Territorio, Beatriz Mato.\u00a0\" \/>\n<meta property=\"og:url\" content=\"https:\/\/www.aguarda.es\/en\/o-alcalde-da-guarda-manten-unha-xuntanza-coa-conselleira-de-medio-ambiente-e-ordenacion-do-territorio\/\" \/>\n<meta property=\"og:site_name\" content=\"Concello da Guarda\" \/>\n<meta property=\"article:publisher\" content=\"https:\/\/www.facebook.com\/ConcellodaGuarda\" \/>\n<meta property=\"article:published_time\" content=\"2016-09-02T13:30:09+00:00\" \/>\n<meta property=\"og:image\" content=\"https:\/\/www.aguarda.es\/wp-content\/uploads\/2016\/09\/2016_%20Antonio%20lomba%20e%20beatriz%20mato.jpg\" \/>\n\t<meta property=\"og:image:width\" content=\"700\" \/>\n\t<meta property=\"og:image:height\" content=\"467\" \/>\n\t<meta property=\"og:image:type\" content=\"image\/jpeg\" \/>\n<meta name=\"author\" content=\"Concello\" \/>\n<meta name=\"twitter:card\" content=\"summary_large_image\" \/>\n<meta name=\"twitter:creator\" content=\"@AGuarda_es\" \/>\n<meta name=\"twitter:site\" content=\"@AGuarda_es\" \/>\n<meta name=\"twitter:label1\" content=\"Written by\" \/>\n\t<meta name=\"twitter:data1\" content=\"Concello\" \/>\n\t<meta name=\"twitter:label2\" content=\"Est. reading time\" \/>\n\t<meta name=\"twitter:data2\" content=\"2 minutes\" \/>\n<script type=\"application\/ld+json\" class=\"yoast-schema-graph\">{\"@context\":\"https:\/\/schema.org\",\"@graph\":[{\"@type\":\"WebPage\",\"@id\":\"https:\/\/www.aguarda.es\/en\/o-alcalde-da-guarda-manten-unha-xuntanza-coa-conselleira-de-medio-ambiente-e-ordenacion-do-territorio\/\",\"url\":\"https:\/\/www.aguarda.es\/en\/o-alcalde-da-guarda-manten-unha-xuntanza-coa-conselleira-de-medio-ambiente-e-ordenacion-do-territorio\/\",\"name\":\"O alcalde da Guarda mant\u00e9n unha xuntanza coa Conselleira de Medio Ambiente e Ordenaci\u00f3n do Territorio - Concello da Guarda\",\"isPartOf\":{\"@id\":\"https:\/\/www.aguarda.es\/en\/#website\"},\"datePublished\":\"2016-09-02T13:30:09+00:00\",\"dateModified\":\"2016-09-02T13:30:09+00:00\",\"author\":{\"@id\":\"https:\/\/www.aguarda.es\/en\/#\/schema\/person\/ac30f4d74843174f0af56c730f74dd57\"},\"breadcrumb\":{\"@id\":\"https:\/\/www.aguarda.es\/en\/o-alcalde-da-guarda-manten-unha-xuntanza-coa-conselleira-de-medio-ambiente-e-ordenacion-do-territorio\/#breadcrumb\"},\"inLanguage\":\"en-US\",\"potentialAction\":[{\"@type\":\"ReadAction\",\"target\":[\"https:\/\/www.aguarda.es\/en\/o-alcalde-da-guarda-manten-unha-xuntanza-coa-conselleira-de-medio-ambiente-e-ordenacion-do-territorio\/\"]}]},{\"@type\":\"BreadcrumbList\",\"@id\":\"https:\/\/www.aguarda.es\/en\/o-alcalde-da-guarda-manten-unha-xuntanza-coa-conselleira-de-medio-ambiente-e-ordenacion-do-territorio\/#breadcrumb\",\"itemListElement\":[{\"@type\":\"ListItem\",\"position\":1,\"name\":\"Portada\",\"item\":\"https:\/\/www.aguarda.es\/en\/\"},{\"@type\":\"ListItem\",\"position\":2,\"name\":\"O alcalde da Guarda mant\u00e9n unha xuntanza coa Conselleira de Medio Ambiente e Ordenaci\u00f3n do Territorio\"}]},{\"@type\":\"WebSite\",\"@id\":\"https:\/\/www.aguarda.es\/en\/#website\",\"url\":\"https:\/\/www.aguarda.es\/en\/\",\"name\":\"Concello da Guarda\",\"description\":\"P\u00e1xina web do concello da Guarda\",\"potentialAction\":[{\"@type\":\"SearchAction\",\"target\":{\"@type\":\"EntryPoint\",\"urlTemplate\":\"https:\/\/www.aguarda.es\/en\/?s={search_term_string}\"},\"query-input\":\"required name=search_term_string\"}],\"inLanguage\":\"en-US\"},{\"@type\":\"Person\",\"@id\":\"https:\/\/www.aguarda.es\/en\/#\/schema\/person\/ac30f4d74843174f0af56c730f74dd57\",\"name\":\"Concello\",\"image\":{\"@type\":\"ImageObject\",\"inLanguage\":\"en-US\",\"@id\":\"https:\/\/www.aguarda.es\/en\/#\/schema\/person\/image\/\",\"url\":\"https:\/\/secure.gravatar.com\/avatar\/7eda12a04da40b2ef77eb62e68f07027?s=96&d=mm&r=g\",\"contentUrl\":\"https:\/\/secure.gravatar.com\/avatar\/7eda12a04da40b2ef77eb62e68f07027?s=96&d=mm&r=g\",\"caption\":\"Concello\"},\"url\":\"https:\/\/www.aguarda.es\/en\/author\/admin\/\"}]}<\/script>\n<!-- \/ Yoast SEO plugin. -->","yoast_head_json":{"title":"O alcalde da Guarda mant\u00e9n unha xuntanza coa Conselleira de Medio Ambiente e Ordenaci\u00f3n do Territorio - Concello da Guarda","robots":{"index":"index","follow":"follow","max-snippet":"max-snippet:-1","max-image-preview":"max-image-preview:large","max-video-preview":"max-video-preview:-1"},"canonical":"https:\/\/www.aguarda.es\/en\/o-alcalde-da-guarda-manten-unha-xuntanza-coa-conselleira-de-medio-ambiente-e-ordenacion-do-territorio\/","og_locale":"en_US","og_type":"article","og_title":"O alcalde da Guarda mant\u00e9n unha xuntanza coa Conselleira de Medio Ambiente e Ordenaci\u00f3n do Territorio - Concello da Guarda","og_description":"O pasado xoves 1 de setembro o Alcalde da Guarda, Antonio Lomba, en compa\u00f1\u00eda da Concelleira de Cultura, Elena Baz, traslad\u00e1ronse a Santiago para ter unha xuntanza coa conselleira de Medio Ambiente e Ordenaci\u00f3n do Territorio, Beatriz Mato.\u00a0","og_url":"https:\/\/www.aguarda.es\/en\/o-alcalde-da-guarda-manten-unha-xuntanza-coa-conselleira-de-medio-ambiente-e-ordenacion-do-territorio\/","og_site_name":"Concello da Guarda","article_publisher":"https:\/\/www.facebook.com\/ConcellodaGuarda","article_published_time":"2016-09-02T13:30:09+00:00","og_image":[{"width":700,"height":467,"url":"https:\/\/www.aguarda.es\/wp-content\/uploads\/2016\/09\/2016_ Antonio lomba e beatriz mato.jpg","type":"image\/jpeg"}],"author":"Concello","twitter_card":"summary_large_image","twitter_creator":"@AGuarda_es","twitter_site":"@AGuarda_es","twitter_misc":{"Written by":"Concello","Est. reading time":"2 minutes"},"schema":{"@context":"https:\/\/schema.org","@graph":[{"@type":"WebPage","@id":"https:\/\/www.aguarda.es\/en\/o-alcalde-da-guarda-manten-unha-xuntanza-coa-conselleira-de-medio-ambiente-e-ordenacion-do-territorio\/","url":"https:\/\/www.aguarda.es\/en\/o-alcalde-da-guarda-manten-unha-xuntanza-coa-conselleira-de-medio-ambiente-e-ordenacion-do-territorio\/","name":"O alcalde da Guarda mant\u00e9n unha xuntanza coa Conselleira de Medio Ambiente e Ordenaci\u00f3n do Territorio - Concello da Guarda","isPartOf":{"@id":"https:\/\/www.aguarda.es\/en\/#website"},"datePublished":"2016-09-02T13:30:09+00:00","dateModified":"2016-09-02T13:30:09+00:00","author":{"@id":"https:\/\/www.aguarda.es\/en\/#\/schema\/person\/ac30f4d74843174f0af56c730f74dd57"},"breadcrumb":{"@id":"https:\/\/www.aguarda.es\/en\/o-alcalde-da-guarda-manten-unha-xuntanza-coa-conselleira-de-medio-ambiente-e-ordenacion-do-territorio\/#breadcrumb"},"inLanguage":"en-US","potentialAction":[{"@type":"ReadAction","target":["https:\/\/www.aguarda.es\/en\/o-alcalde-da-guarda-manten-unha-xuntanza-coa-conselleira-de-medio-ambiente-e-ordenacion-do-territorio\/"]}]},{"@type":"BreadcrumbList","@id":"https:\/\/www.aguarda.es\/en\/o-alcalde-da-guarda-manten-unha-xuntanza-coa-conselleira-de-medio-ambiente-e-ordenacion-do-territorio\/#breadcrumb","itemListElement":[{"@type":"ListItem","position":1,"name":"Portada","item":"https:\/\/www.aguarda.es\/en\/"},{"@type":"ListItem","position":2,"name":"O alcalde da Guarda mant\u00e9n unha xuntanza coa Conselleira de Medio Ambiente e Ordenaci\u00f3n do Territorio"}]},{"@type":"WebSite","@id":"https:\/\/www.aguarda.es\/en\/#website","url":"https:\/\/www.aguarda.es\/en\/","name":"Concello da Guarda","description":"P\u00e1xina web do concello da Guarda","potentialAction":[{"@type":"SearchAction","target":{"@type":"EntryPoint","urlTemplate":"https:\/\/www.aguarda.es\/en\/?s={search_term_string}"},"query-input":"required name=search_term_string"}],"inLanguage":"en-US"},{"@type":"Person","@id":"https:\/\/www.aguarda.es\/en\/#\/schema\/person\/ac30f4d74843174f0af56c730f74dd57","name":"Concello","image":{"@type":"ImageObject","inLanguage":"en-US","@id":"https:\/\/www.aguarda.es\/en\/#\/schema\/person\/image\/","url":"https:\/\/secure.gravatar.com\/avatar\/7eda12a04da40b2ef77eb62e68f07027?s=96&d=mm&r=g","contentUrl":"https:\/\/secure.gravatar.com\/avatar\/7eda12a04da40b2ef77eb62e68f07027?s=96&d=mm&r=g","caption":"Concello"},"url":"https:\/\/www.aguarda.es\/en\/author\/admin\/"}]}},"_links":{"self":[{"href":"https:\/\/www.aguarda.es\/en\/wp-json\/wp\/v2\/posts\/2168"}],"collection":[{"href":"https:\/\/www.aguarda.es\/en\/wp-json\/wp\/v2\/posts"}],"about":[{"href":"https:\/\/www.aguarda.es\/en\/wp-json\/wp\/v2\/types\/post"}],"author":[{"embeddable":true,"href":"https:\/\/www.aguarda.es\/en\/wp-json\/wp\/v2\/users\/1"}],"replies":[{"embeddable":true,"href":"https:\/\/www.aguarda.es\/en\/wp-json\/wp\/v2\/comments?post=2168"}],"version-history":[{"count":0,"href":"https:\/\/www.aguarda.es\/en\/wp-json\/wp\/v2\/posts\/2168\/revisions"}],"wp:featuredmedia":[{"embeddable":true,"href":"https:\/\/www.aguarda.es\/en\/wp-json\/wp\/v2\/media\/2167"}],"wp:attachment":[{"href":"https:\/\/www.aguarda.es\/en\/wp-json\/wp\/v2\/media?parent=2168"}],"wp:term":[{"taxonomy":"category","embeddable":true,"href":"https:\/\/www.aguarda.es\/en\/wp-json\/wp\/v2\/categories?post=2168"},{"taxonomy":"post_tag","embeddable":true,"href":"https:\/\/www.aguarda.es\/en\/wp-json\/wp\/v2\/tags?post=2168"}],"curies":[{"name":"wp","href":"https:\/\/api.w.org\/{rel}","templated":true}]}}