{"id":21702,"date":"2020-05-25T09:26:17","date_gmt":"2020-05-25T09:26:17","guid":{"rendered":"https:\/\/www.aguarda.es\/?p=21702"},"modified":"2020-05-25T09:26:17","modified_gmt":"2020-05-25T09:26:17","slug":"o-concello-da-guarda-lanza-o-marketplace-mercanaguarda-para-impulsar-a-venda-online-nos-negocios-locais","status":"publish","type":"post","link":"https:\/\/www.aguarda.es\/en\/o-concello-da-guarda-lanza-o-marketplace-mercanaguarda-para-impulsar-a-venda-online-nos-negocios-locais\/","title":{"rendered":"O concello da Guarda lanza o marketplace mercanaguarda para impulsar a venda online nos negocios locais"},"content":{"rendered":"<p style=\"text-align: justify\">Mercanaguarda.com pretende funcionar como un gran mercado virtual onde estean representados aqueles comercios, negocios de restauraci\u00f3n, postos do mercado municipal e incluso aut\u00f3nomos\/as ou empresarios\/as do sector primario da localidade que desexen vender os seus produtos de forma online, non s\u00f3 a nivel local sen\u00f3n tam\u00e9n no resto de Espa\u00f1a e Portugal. Con esta medida vanse materializando algunhas das acci\u00f3ns que o Concello da Guarda ten previsto tomar para favorecer a reactivaci\u00f3n econ\u00f3mica da localidade.<\/p>\n<p style=\"text-align: justify\">Ante o peche dos comercios f\u00edsicos durante o confinamento, gran parte das empresas que ofrec\u00edan servizos e produtos tiveron que moverse ao entorno online, o que lles permitiu, grazas \u00e1 tecnolox\u00eda, seguir xerando ingresos e mantendo as\u00ed activo o fluxo da actividade comercial.<\/p>\n<p style=\"text-align: justify\">Concretamente na nosa localidade, e durante a situaci\u00f3n de confinamento, puidemos observar como o volume de paquetes que as empresas de transporte levaban aos fogares guardeses experimentaba un aumento de m\u00e1is al\u00e1 do dobre con respecto ao habitual, po\u00f1endo de manifesto que unha importante parte dese gasto non se quedar\u00eda no noso pobo.<\/p>\n<p style=\"text-align: justify\">A imposibilidade de mercar de xeito presencial provocou que utilizar o carri\u00f1o da compra a trav\u00e9s dun clic se convertera nunha opci\u00f3n globalmente aceptada polos consumidores, provocando incluso que se producira un aumento da media de idade dos compradores e de que moitas persoas que nunca antes fixeran unha compra online probaran a facelo por primeira vez.<\/p>\n<p style=\"text-align: justify\">As an\u00e1lises sobre comercio electr\u00f3nico estiman que o precipitado crecemento do e-commerce non decrecer\u00e1 a\u00ednda que se supere a crise do COVID, sen\u00f3n que seguir\u00e1 afianz\u00e1ndose a\u00ednda m\u00e1is nos pr\u00f3ximos meses e anos. Por iso consideramos vital que os negocios da nosa vila sexan quen de dar resposta \u00e1s demandas da clientela neste sentido e de adaptarse \u00e1s novas tendencias do mercado.<\/p>\n<p style=\"text-align: justify\">Por todas estas raz\u00f3ns nace <a href=\"https:\/\/mercanaguarda.com\/\">www.mercanaguarda.com<\/a>, un marketplace ou plataforma de venda online que poder\u00e1 ser utilizada por todos os negocios da localidade que vendan produtos ou servizos. Esta plataforma est\u00e1 dese\u00f1ada para que tanto compradores como vendedores podan manexala con facilidade.<\/p>\n<p style=\"text-align: justify\">A diferencia doutras plataformas similares, <a href=\"https:\/\/mercanaguarda.com\/\">Mercanaguarda<\/a> non cobrar\u00e1 comisi\u00f3ns por vendas aos negocios, ag\u00e1s as comisi\u00f3ns propias da pasarela de pago (xerais para calquera tipo de negocio online), e non existir\u00e1 l\u00edmite no n\u00famero de produtos que cada un dos vendedores poda ofertar. Tampouco existe limitaci\u00f3n en canto ao n\u00famero de negocios que se poden adherir, sempre e cando sexan negocios con sede na localidade.<\/p>\n<p style=\"text-align: justify\">Os pagos realizaranse a trav\u00e9s dunha pasarela de pago e cada negocio deber\u00e1 ter unha conta propia de Paypal para xestionar os cobros dos pedidos. Cada establecemento contar\u00e1 con varias opci\u00f3ns de env\u00edo dispo\u00f1ibles(Mensaxer\u00eda, Recollida en tenda ou levando eles mesmos a compra ao domicilio do cliente).<\/p>\n<p style=\"text-align: justify\">En canto \u00e1 parte econ\u00f3mica comentar que o Concello encargouse de asumir o custo da posta en marcha e levar\u00e1 a cabo labores de difusi\u00f3n da plataforma a trav\u00e9s de canles propias, as\u00ed como cobertura dos gastos iniciais de marketing e posicionamento. Iranse estudiando as necesidades da plataforma pero pret\u00e9ndese que a mesma funcione de forma autoxestionada e sen necesidade da intervenci\u00f3n do Concello.<\/p>\n<p style=\"text-align: justify\">Os vendedores ter\u00e1n que abonar unha \u00fanica cota inicial de 20\u20ac no momento da formalizaci\u00f3n da alta e que lles dar\u00e1 acceso ao uso da plataforma durante o primeiro ano, e de 30\u20ac\/ano durante os posteriores. Estas cotas ser\u00e1n facturadas pola empresa que dese\u00f1ou a plataforma e cubrir\u00e1n os gastos da formaci\u00f3n inicial na que se amosar\u00e1 aos vendedores como deben utilizar a plataforma, as\u00ed como os gastos de mantemento da mesma. Considerando que a creaci\u00f3n dunha tenda online rondar\u00eda dos 800 aos 1500\u20ac, e que tam\u00e9n implicar\u00eda gastos de mantemento anual, creemos que esta ferramenta pode dar similares oportunidades aos negocios locais pero a un custo simb\u00f3lico.<\/p>\n<p style=\"text-align: justify\">As persoas que desexen adherir os seus negocios \u00e1 plataforma deber\u00e1n facelo directamente premendo na pestana \u201cVendedores\u201d do men\u00fa e a continuaci\u00f3n \u201c<a href=\"https:\/\/mercanaguarda.com\/mi-cuenta\/\">Rex\u00edstrate aqu\u00ed<\/a>\u201d ou a trav\u00e9s do icono de \u201c<a href=\"https:\/\/mercanaguarda.com\/mi-cuenta\/\">Mi cuenta<\/a>\u201d. Unha vez recollidos uns primeiros datos recibir\u00e1n no seu correo electr\u00f3nico a informaci\u00f3n para continuar co proceso de alta e no que se convocar\u00e1 a unha sesi\u00f3n de formaci\u00f3n inicial para o uso da plataforma.<\/p>\n<p style=\"text-align: justify\">Calquera d\u00fabida poder\u00e1 ser enviada a trav\u00e9s do mail mercanaguarda@gmail.com<\/p>\n<p style=\"text-align: justify\">Esperamos que esta iniciativa te\u00f1a boa acollida entre os negocios locais e poda servir como unha v\u00eda m\u00e1is para aumentar as vendas do noso tecido comercial e hostaleiro.<\/p>\n<p style=\"text-align: center\"><img decoding=\"async\" loading=\"lazy\" class=\"aligncenter size-full wp-image-21703\" src=\"https:\/\/www.aguarda.es\/wp-content\/uploads\/2020\/05\/NP-25052020-O-concello-da-Guarda-lanza-o-marketplace-mercanaguarda-para-impulsar-a-venda-online-nos-negocios-locais-2.jpg\" alt=\"\" width=\"800\" height=\"800\" srcset=\"https:\/\/www.aguarda.es\/wp-content\/uploads\/2020\/05\/NP-25052020-O-concello-da-Guarda-lanza-o-marketplace-mercanaguarda-para-impulsar-a-venda-online-nos-negocios-locais-2.jpg 800w, https:\/\/www.aguarda.es\/wp-content\/uploads\/2020\/05\/NP-25052020-O-concello-da-Guarda-lanza-o-marketplace-mercanaguarda-para-impulsar-a-venda-online-nos-negocios-locais-2-150x150.jpg 150w, https:\/\/www.aguarda.es\/wp-content\/uploads\/2020\/05\/NP-25052020-O-concello-da-Guarda-lanza-o-marketplace-mercanaguarda-para-impulsar-a-venda-online-nos-negocios-locais-2-300x300.jpg 300w, https:\/\/www.aguarda.es\/wp-content\/uploads\/2020\/05\/NP-25052020-O-concello-da-Guarda-lanza-o-marketplace-mercanaguarda-para-impulsar-a-venda-online-nos-negocios-locais-2-768x768.jpg 768w, https:\/\/www.aguarda.es\/wp-content\/uploads\/2020\/05\/NP-25052020-O-concello-da-Guarda-lanza-o-marketplace-mercanaguarda-para-impulsar-a-venda-online-nos-negocios-locais-2-100x100.jpg 100w\" sizes=\"(max-width: 800px) 100vw, 800px\" \/><\/p>\n","protected":false},"excerpt":{"rendered":"<p>Mercanaguarda.com pretende funcionar como un gran mercado virtual onde estean representados aqueles comercios, negocios de restauraci\u00f3n, postos do mercado municipal e incluso aut\u00f3nomos\/as ou empresarios\/as do sector primario da localidade que desexen vender os seus produtos de forma online, non &hellip; <\/p>\n","protected":false},"author":2,"featured_media":21705,"comment_status":"open","ping_status":"open","sticky":false,"template":"","format":"standard","meta":[],"categories":[36],"tags":[226,580,2182,2052],"yoast_head":"<!-- This site is optimized with the Yoast SEO plugin v21.1 - https:\/\/yoast.com\/wordpress\/plugins\/seo\/ -->\n<title>O concello da Guarda lanza o marketplace mercanaguarda para impulsar a venda online nos negocios locais - Concello da Guarda<\/title>\n<meta name=\"robots\" content=\"index, follow, max-snippet:-1, max-image-preview:large, max-video-preview:-1\" \/>\n<link rel=\"canonical\" href=\"https:\/\/www.aguarda.es\/en\/o-concello-da-guarda-lanza-o-marketplace-mercanaguarda-para-impulsar-a-venda-online-nos-negocios-locais\/\" \/>\n<meta property=\"og:locale\" content=\"en_US\" \/>\n<meta property=\"og:type\" content=\"article\" \/>\n<meta property=\"og:title\" content=\"O concello da Guarda lanza o marketplace mercanaguarda para impulsar a venda online nos negocios locais - Concello da Guarda\" \/>\n<meta property=\"og:description\" content=\"Mercanaguarda.com pretende funcionar como un gran mercado virtual onde estean representados aqueles comercios, negocios de restauraci\u00f3n, postos do mercado municipal e incluso aut\u00f3nomos\/as ou empresarios\/as do sector primario da localidade que desexen vender os seus produtos de forma online, non &hellip;\" \/>\n<meta property=\"og:url\" content=\"https:\/\/www.aguarda.es\/en\/o-concello-da-guarda-lanza-o-marketplace-mercanaguarda-para-impulsar-a-venda-online-nos-negocios-locais\/\" \/>\n<meta property=\"og:site_name\" content=\"Concello da Guarda\" \/>\n<meta property=\"article:publisher\" content=\"https:\/\/www.facebook.com\/ConcellodaGuarda\" \/>\n<meta property=\"article:published_time\" content=\"2020-05-25T09:26:17+00:00\" \/>\n<meta property=\"og:image\" content=\"https:\/\/www.aguarda.es\/wp-content\/uploads\/2020\/05\/NP-25052020-O-concello-da-Guarda-lanza-o-marketplace-mercanaguarda-para-impulsar-a-venda-online-nos-negocios-locais-1.jpg\" \/>\n\t<meta property=\"og:image:width\" content=\"800\" \/>\n\t<meta property=\"og:image:height\" content=\"400\" \/>\n\t<meta property=\"og:image:type\" content=\"image\/jpeg\" \/>\n<meta name=\"author\" content=\"prensa\" \/>\n<meta name=\"twitter:card\" content=\"summary_large_image\" \/>\n<meta name=\"twitter:creator\" content=\"@AGuarda_es\" \/>\n<meta name=\"twitter:site\" content=\"@AGuarda_es\" \/>\n<meta name=\"twitter:label1\" content=\"Written by\" \/>\n\t<meta name=\"twitter:data1\" content=\"prensa\" \/>\n\t<meta name=\"twitter:label2\" content=\"Est. reading time\" \/>\n\t<meta name=\"twitter:data2\" content=\"4 minutes\" \/>\n<script type=\"application\/ld+json\" class=\"yoast-schema-graph\">{\"@context\":\"https:\/\/schema.org\",\"@graph\":[{\"@type\":\"WebPage\",\"@id\":\"https:\/\/www.aguarda.es\/en\/o-concello-da-guarda-lanza-o-marketplace-mercanaguarda-para-impulsar-a-venda-online-nos-negocios-locais\/\",\"url\":\"https:\/\/www.aguarda.es\/en\/o-concello-da-guarda-lanza-o-marketplace-mercanaguarda-para-impulsar-a-venda-online-nos-negocios-locais\/\",\"name\":\"O concello da Guarda lanza o marketplace mercanaguarda para impulsar a venda online nos negocios locais - Concello da Guarda\",\"isPartOf\":{\"@id\":\"https:\/\/www.aguarda.es\/en\/#website\"},\"datePublished\":\"2020-05-25T09:26:17+00:00\",\"dateModified\":\"2020-05-25T09:26:17+00:00\",\"author\":{\"@id\":\"https:\/\/www.aguarda.es\/en\/#\/schema\/person\/c463ca3006858ffb349d11179d044f21\"},\"breadcrumb\":{\"@id\":\"https:\/\/www.aguarda.es\/en\/o-concello-da-guarda-lanza-o-marketplace-mercanaguarda-para-impulsar-a-venda-online-nos-negocios-locais\/#breadcrumb\"},\"inLanguage\":\"en-US\",\"potentialAction\":[{\"@type\":\"ReadAction\",\"target\":[\"https:\/\/www.aguarda.es\/en\/o-concello-da-guarda-lanza-o-marketplace-mercanaguarda-para-impulsar-a-venda-online-nos-negocios-locais\/\"]}]},{\"@type\":\"BreadcrumbList\",\"@id\":\"https:\/\/www.aguarda.es\/en\/o-concello-da-guarda-lanza-o-marketplace-mercanaguarda-para-impulsar-a-venda-online-nos-negocios-locais\/#breadcrumb\",\"itemListElement\":[{\"@type\":\"ListItem\",\"position\":1,\"name\":\"Portada\",\"item\":\"https:\/\/www.aguarda.es\/en\/\"},{\"@type\":\"ListItem\",\"position\":2,\"name\":\"O concello da Guarda lanza o marketplace mercanaguarda para impulsar a venda online nos negocios locais\"}]},{\"@type\":\"WebSite\",\"@id\":\"https:\/\/www.aguarda.es\/en\/#website\",\"url\":\"https:\/\/www.aguarda.es\/en\/\",\"name\":\"Concello da Guarda\",\"description\":\"P\u00e1xina web do concello da Guarda\",\"potentialAction\":[{\"@type\":\"SearchAction\",\"target\":{\"@type\":\"EntryPoint\",\"urlTemplate\":\"https:\/\/www.aguarda.es\/en\/?s={search_term_string}\"},\"query-input\":\"required name=search_term_string\"}],\"inLanguage\":\"en-US\"},{\"@type\":\"Person\",\"@id\":\"https:\/\/www.aguarda.es\/en\/#\/schema\/person\/c463ca3006858ffb349d11179d044f21\",\"name\":\"prensa\",\"image\":{\"@type\":\"ImageObject\",\"inLanguage\":\"en-US\",\"@id\":\"https:\/\/www.aguarda.es\/en\/#\/schema\/person\/image\/\",\"url\":\"https:\/\/secure.gravatar.com\/avatar\/5f90ef536b0f98306edf5c7a1135ffa1?s=96&d=mm&r=g\",\"contentUrl\":\"https:\/\/secure.gravatar.com\/avatar\/5f90ef536b0f98306edf5c7a1135ffa1?s=96&d=mm&r=g\",\"caption\":\"prensa\"},\"url\":\"https:\/\/www.aguarda.es\/en\/author\/prensa\/\"}]}<\/script>\n<!-- \/ Yoast SEO plugin. -->","yoast_head_json":{"title":"O concello da Guarda lanza o marketplace mercanaguarda para impulsar a venda online nos negocios locais - Concello da Guarda","robots":{"index":"index","follow":"follow","max-snippet":"max-snippet:-1","max-image-preview":"max-image-preview:large","max-video-preview":"max-video-preview:-1"},"canonical":"https:\/\/www.aguarda.es\/en\/o-concello-da-guarda-lanza-o-marketplace-mercanaguarda-para-impulsar-a-venda-online-nos-negocios-locais\/","og_locale":"en_US","og_type":"article","og_title":"O concello da Guarda lanza o marketplace mercanaguarda para impulsar a venda online nos negocios locais - Concello da Guarda","og_description":"Mercanaguarda.com pretende funcionar como un gran mercado virtual onde estean representados aqueles comercios, negocios de restauraci\u00f3n, postos do mercado municipal e incluso aut\u00f3nomos\/as ou empresarios\/as do sector primario da localidade que desexen vender os seus produtos de forma online, non &hellip;","og_url":"https:\/\/www.aguarda.es\/en\/o-concello-da-guarda-lanza-o-marketplace-mercanaguarda-para-impulsar-a-venda-online-nos-negocios-locais\/","og_site_name":"Concello da Guarda","article_publisher":"https:\/\/www.facebook.com\/ConcellodaGuarda","article_published_time":"2020-05-25T09:26:17+00:00","og_image":[{"width":800,"height":400,"url":"https:\/\/www.aguarda.es\/wp-content\/uploads\/2020\/05\/NP-25052020-O-concello-da-Guarda-lanza-o-marketplace-mercanaguarda-para-impulsar-a-venda-online-nos-negocios-locais-1.jpg","type":"image\/jpeg"}],"author":"prensa","twitter_card":"summary_large_image","twitter_creator":"@AGuarda_es","twitter_site":"@AGuarda_es","twitter_misc":{"Written by":"prensa","Est. reading time":"4 minutes"},"schema":{"@context":"https:\/\/schema.org","@graph":[{"@type":"WebPage","@id":"https:\/\/www.aguarda.es\/en\/o-concello-da-guarda-lanza-o-marketplace-mercanaguarda-para-impulsar-a-venda-online-nos-negocios-locais\/","url":"https:\/\/www.aguarda.es\/en\/o-concello-da-guarda-lanza-o-marketplace-mercanaguarda-para-impulsar-a-venda-online-nos-negocios-locais\/","name":"O concello da Guarda lanza o marketplace mercanaguarda para impulsar a venda online nos negocios locais - Concello da Guarda","isPartOf":{"@id":"https:\/\/www.aguarda.es\/en\/#website"},"datePublished":"2020-05-25T09:26:17+00:00","dateModified":"2020-05-25T09:26:17+00:00","author":{"@id":"https:\/\/www.aguarda.es\/en\/#\/schema\/person\/c463ca3006858ffb349d11179d044f21"},"breadcrumb":{"@id":"https:\/\/www.aguarda.es\/en\/o-concello-da-guarda-lanza-o-marketplace-mercanaguarda-para-impulsar-a-venda-online-nos-negocios-locais\/#breadcrumb"},"inLanguage":"en-US","potentialAction":[{"@type":"ReadAction","target":["https:\/\/www.aguarda.es\/en\/o-concello-da-guarda-lanza-o-marketplace-mercanaguarda-para-impulsar-a-venda-online-nos-negocios-locais\/"]}]},{"@type":"BreadcrumbList","@id":"https:\/\/www.aguarda.es\/en\/o-concello-da-guarda-lanza-o-marketplace-mercanaguarda-para-impulsar-a-venda-online-nos-negocios-locais\/#breadcrumb","itemListElement":[{"@type":"ListItem","position":1,"name":"Portada","item":"https:\/\/www.aguarda.es\/en\/"},{"@type":"ListItem","position":2,"name":"O concello da Guarda lanza o marketplace mercanaguarda para impulsar a venda online nos negocios locais"}]},{"@type":"WebSite","@id":"https:\/\/www.aguarda.es\/en\/#website","url":"https:\/\/www.aguarda.es\/en\/","name":"Concello da Guarda","description":"P\u00e1xina web do concello da Guarda","potentialAction":[{"@type":"SearchAction","target":{"@type":"EntryPoint","urlTemplate":"https:\/\/www.aguarda.es\/en\/?s={search_term_string}"},"query-input":"required name=search_term_string"}],"inLanguage":"en-US"},{"@type":"Person","@id":"https:\/\/www.aguarda.es\/en\/#\/schema\/person\/c463ca3006858ffb349d11179d044f21","name":"prensa","image":{"@type":"ImageObject","inLanguage":"en-US","@id":"https:\/\/www.aguarda.es\/en\/#\/schema\/person\/image\/","url":"https:\/\/secure.gravatar.com\/avatar\/5f90ef536b0f98306edf5c7a1135ffa1?s=96&d=mm&r=g","contentUrl":"https:\/\/secure.gravatar.com\/avatar\/5f90ef536b0f98306edf5c7a1135ffa1?s=96&d=mm&r=g","caption":"prensa"},"url":"https:\/\/www.aguarda.es\/en\/author\/prensa\/"}]}},"_links":{"self":[{"href":"https:\/\/www.aguarda.es\/en\/wp-json\/wp\/v2\/posts\/21702"}],"collection":[{"href":"https:\/\/www.aguarda.es\/en\/wp-json\/wp\/v2\/posts"}],"about":[{"href":"https:\/\/www.aguarda.es\/en\/wp-json\/wp\/v2\/types\/post"}],"author":[{"embeddable":true,"href":"https:\/\/www.aguarda.es\/en\/wp-json\/wp\/v2\/users\/2"}],"replies":[{"embeddable":true,"href":"https:\/\/www.aguarda.es\/en\/wp-json\/wp\/v2\/comments?post=21702"}],"version-history":[{"count":1,"href":"https:\/\/www.aguarda.es\/en\/wp-json\/wp\/v2\/posts\/21702\/revisions"}],"predecessor-version":[{"id":21707,"href":"https:\/\/www.aguarda.es\/en\/wp-json\/wp\/v2\/posts\/21702\/revisions\/21707"}],"wp:featuredmedia":[{"embeddable":true,"href":"https:\/\/www.aguarda.es\/en\/wp-json\/wp\/v2\/media\/21705"}],"wp:attachment":[{"href":"https:\/\/www.aguarda.es\/en\/wp-json\/wp\/v2\/media?parent=21702"}],"wp:term":[{"taxonomy":"category","embeddable":true,"href":"https:\/\/www.aguarda.es\/en\/wp-json\/wp\/v2\/categories?post=21702"},{"taxonomy":"post_tag","embeddable":true,"href":"https:\/\/www.aguarda.es\/en\/wp-json\/wp\/v2\/tags?post=21702"}],"curies":[{"name":"wp","href":"https:\/\/api.w.org\/{rel}","templated":true}]}}