{"id":21712,"date":"2020-05-26T12:05:08","date_gmt":"2020-05-26T12:05:08","guid":{"rendered":"https:\/\/www.aguarda.es\/?p=21712"},"modified":"2020-05-26T12:05:08","modified_gmt":"2020-05-26T12:05:08","slug":"o-concello-da-guarda-informa-sobre-temas-de-interese-para-a-cidadania-na-fase-dous-da-desescalada","status":"publish","type":"post","link":"https:\/\/www.aguarda.es\/en\/o-concello-da-guarda-informa-sobre-temas-de-interese-para-a-cidadania-na-fase-dous-da-desescalada\/","title":{"rendered":"O Concello da Guarda informa sobre temas de interese para a cidadan\u00eda na fase dous da desescalada"},"content":{"rendered":"<p style=\"text-align: justify\">Tanto en Galicia como no resto do estado est\u00e1n mellorando cada d\u00eda os datos referidos a pandemia provocada polo virus COVID-19. Isto permite ir relaxando as medidas de confinamento provocadas pola crise sanitaria. As\u00ed, Galicia entrou na fase 2 da desescalada o pasado luns 25 de maio.<\/p>\n<p style=\"text-align: justify\">Dada a cantidade de informaci\u00f3n que se xera a diario en canto as medidas de interese para a cidadan\u00eda e a discrecionalidade que deixan algunhas destas medidas \u00e1s entidades locais. A nova normativa e a s\u00faa interpretaci\u00f3n foi tratada na reuni\u00f3n da Comisi\u00f3n de Coordinaci\u00f3n do COVID-19 celebrada, como cada luns dende que empezou o estado de alarma, o pasado 25 de maio. Como conclusi\u00f3n dende o concello publ\u00edcase un resumo daquelas medidas que poden resultar mais interesantes para os veci\u00f1os e veci\u00f1as da Guarda.<\/p>\n<p style=\"text-align: justify\">En canto ao uso de mascarillas o goberno publicou unha orde o 19 de maio na que comunica que \u00e9 obrigatorio o uso de mascarillas na v\u00eda p\u00fablica, en espazos ao aire libre e en calquera espazo pechado de uso p\u00fablico, sempre que non sexa posible manter a distancia de seguridade interpersonal de dous metros. Est\u00e1n exentos desta obriga os menores de 6 anos e as persoas con alg\u00fan tipo de dificultade para levar a mascarilla.<br \/>\nRespecto das praias a normativa indica que se poden abrir dende o comezo da fase dous e que ser\u00e1n os concellos os que determinen as condici\u00f3ns espec\u00edficas en cada caso. O concello da Guarda destaca que o m\u00e1is importante e a conciencia e responsabilidade individual dos veci\u00f1os. Deste xeito queda permitido o ba\u00f1o l\u00fadico e deportivo. Na area debe manterse a distancia de seguridade social, dous metros entre persoas e catro metros entre eixes de parasois. Os grupos de persoas ser\u00e1n como m\u00e1ximo de quince e recom\u00e9ndase non andar descalzos nos accesos as praias. Para publicitar estas medidas o concello po\u00f1er\u00e1 carteler\u00eda polas praias e, mentras non dispo\u00f1a de socorristas, ser\u00e1 a polic\u00eda local a responsable de controlar que se cumpren as medidas de seguridade.<\/p>\n<p style=\"text-align: justify\">En canto as <strong>franxas horarias<\/strong> indicar que se mante\u00f1en para as persoas maiores de 70 anos, que poden sa\u00edr a pasear de 10:00 h a 12:00 h e de 19:00 h a 20:00 h. Os menores de 70 anos poden facer actividade f\u00edsica non profesional en calquera horario exceptuando as franxas reservadas para os maiores.<\/p>\n<p style=\"text-align: justify\">No <strong>mercadi\u00f1o<\/strong>, durante esta fase, continuar\u00e1n mont\u00e1ndose os postos de produtos agroalimentarios. Os postos de textil e calzado non te\u00f1en data prevista, nestes momentos, para retomar a s\u00faa actividade.<\/p>\n<p style=\"text-align: justify\">Respecto das <strong>misas e asistencia a lugares de culto<\/strong> perm\u00edtese sempre que non se supere un 50 % do aforo.<\/p>\n<p style=\"text-align: justify\">Os establecementos de <strong>hostalar\u00eda e restauraci\u00f3n<\/strong> poden abrir ao p\u00fablico para consumo no local sempre que non supere o 40% do aforo. Nestes locais deber\u00e1 servirse nas mesas, non est\u00e1 permitido o servizo en barra.<br \/>\nDende o concello da Guarda queremos salientar que evitar a propagaci\u00f3n da pandemia \u00e9 responsabilidade de todos e cada un de n\u00f3s, debemos tomar todas as medidas de protecci\u00f3n e hixi\u00e9nicas individuais recomendadas para evitar un agravamento da situaci\u00f3n.<\/p>\n","protected":false},"excerpt":{"rendered":"<p>Tanto en Galicia como no resto do estado est\u00e1n mellorando cada d\u00eda os datos referidos a pandemia provocada polo virus COVID-19. Isto permite ir relaxando as medidas de confinamento provocadas pola crise sanitaria. As\u00ed, Galicia entrou na fase 2 da &hellip; <\/p>\n","protected":false},"author":2,"featured_media":21713,"comment_status":"open","ping_status":"open","sticky":false,"template":"","format":"standard","meta":[],"categories":[184],"tags":[226,2099,2102,2184,276,2152,2183,1012,2174,2185,229],"yoast_head":"<!-- This site is optimized with the Yoast SEO plugin v21.1 - https:\/\/yoast.com\/wordpress\/plugins\/seo\/ -->\n<title>O Concello da Guarda informa sobre temas de interese para a cidadan\u00eda na fase dous da desescalada - Concello da Guarda<\/title>\n<meta name=\"robots\" content=\"index, follow, max-snippet:-1, max-image-preview:large, max-video-preview:-1\" \/>\n<link rel=\"canonical\" href=\"https:\/\/www.aguarda.es\/en\/o-concello-da-guarda-informa-sobre-temas-de-interese-para-a-cidadania-na-fase-dous-da-desescalada\/\" \/>\n<meta property=\"og:locale\" content=\"en_US\" \/>\n<meta property=\"og:type\" content=\"article\" \/>\n<meta property=\"og:title\" content=\"O Concello da Guarda informa sobre temas de interese para a cidadan\u00eda na fase dous da desescalada - Concello da Guarda\" \/>\n<meta property=\"og:description\" content=\"Tanto en Galicia como no resto do estado est\u00e1n mellorando cada d\u00eda os datos referidos a pandemia provocada polo virus COVID-19. Isto permite ir relaxando as medidas de confinamento provocadas pola crise sanitaria. As\u00ed, Galicia entrou na fase 2 da &hellip;\" \/>\n<meta property=\"og:url\" content=\"https:\/\/www.aguarda.es\/en\/o-concello-da-guarda-informa-sobre-temas-de-interese-para-a-cidadania-na-fase-dous-da-desescalada\/\" \/>\n<meta property=\"og:site_name\" content=\"Concello da Guarda\" \/>\n<meta property=\"article:publisher\" content=\"https:\/\/www.facebook.com\/ConcellodaGuarda\" \/>\n<meta property=\"article:published_time\" content=\"2020-05-26T12:05:08+00:00\" \/>\n<meta property=\"og:image\" content=\"https:\/\/www.aguarda.es\/wp-content\/uploads\/2020\/05\/NP-26052020-O-Concello-da-Guarda-informa-sobre-temas-de-interese-para-a-cidadan\u00eda-na-fase-dous-da-desescalada.jpg\" \/>\n\t<meta property=\"og:image:width\" content=\"800\" \/>\n\t<meta property=\"og:image:height\" content=\"600\" \/>\n\t<meta property=\"og:image:type\" content=\"image\/jpeg\" \/>\n<meta name=\"author\" content=\"prensa\" \/>\n<meta name=\"twitter:card\" content=\"summary_large_image\" \/>\n<meta name=\"twitter:creator\" content=\"@AGuarda_es\" \/>\n<meta name=\"twitter:site\" content=\"@AGuarda_es\" \/>\n<meta name=\"twitter:label1\" content=\"Written by\" \/>\n\t<meta name=\"twitter:data1\" content=\"prensa\" \/>\n\t<meta name=\"twitter:label2\" content=\"Est. reading time\" \/>\n\t<meta name=\"twitter:data2\" content=\"3 minutes\" \/>\n<script type=\"application\/ld+json\" class=\"yoast-schema-graph\">{\"@context\":\"https:\/\/schema.org\",\"@graph\":[{\"@type\":\"WebPage\",\"@id\":\"https:\/\/www.aguarda.es\/en\/o-concello-da-guarda-informa-sobre-temas-de-interese-para-a-cidadania-na-fase-dous-da-desescalada\/\",\"url\":\"https:\/\/www.aguarda.es\/en\/o-concello-da-guarda-informa-sobre-temas-de-interese-para-a-cidadania-na-fase-dous-da-desescalada\/\",\"name\":\"O Concello da Guarda informa sobre temas de interese para a cidadan\u00eda na fase dous da desescalada - Concello da Guarda\",\"isPartOf\":{\"@id\":\"https:\/\/www.aguarda.es\/en\/#website\"},\"datePublished\":\"2020-05-26T12:05:08+00:00\",\"dateModified\":\"2020-05-26T12:05:08+00:00\",\"author\":{\"@id\":\"https:\/\/www.aguarda.es\/en\/#\/schema\/person\/c463ca3006858ffb349d11179d044f21\"},\"breadcrumb\":{\"@id\":\"https:\/\/www.aguarda.es\/en\/o-concello-da-guarda-informa-sobre-temas-de-interese-para-a-cidadania-na-fase-dous-da-desescalada\/#breadcrumb\"},\"inLanguage\":\"en-US\",\"potentialAction\":[{\"@type\":\"ReadAction\",\"target\":[\"https:\/\/www.aguarda.es\/en\/o-concello-da-guarda-informa-sobre-temas-de-interese-para-a-cidadania-na-fase-dous-da-desescalada\/\"]}]},{\"@type\":\"BreadcrumbList\",\"@id\":\"https:\/\/www.aguarda.es\/en\/o-concello-da-guarda-informa-sobre-temas-de-interese-para-a-cidadania-na-fase-dous-da-desescalada\/#breadcrumb\",\"itemListElement\":[{\"@type\":\"ListItem\",\"position\":1,\"name\":\"Portada\",\"item\":\"https:\/\/www.aguarda.es\/en\/\"},{\"@type\":\"ListItem\",\"position\":2,\"name\":\"O Concello da Guarda informa sobre temas de interese para a cidadan\u00eda na fase dous da desescalada\"}]},{\"@type\":\"WebSite\",\"@id\":\"https:\/\/www.aguarda.es\/en\/#website\",\"url\":\"https:\/\/www.aguarda.es\/en\/\",\"name\":\"Concello da Guarda\",\"description\":\"P\u00e1xina web do concello da Guarda\",\"potentialAction\":[{\"@type\":\"SearchAction\",\"target\":{\"@type\":\"EntryPoint\",\"urlTemplate\":\"https:\/\/www.aguarda.es\/en\/?s={search_term_string}\"},\"query-input\":\"required name=search_term_string\"}],\"inLanguage\":\"en-US\"},{\"@type\":\"Person\",\"@id\":\"https:\/\/www.aguarda.es\/en\/#\/schema\/person\/c463ca3006858ffb349d11179d044f21\",\"name\":\"prensa\",\"image\":{\"@type\":\"ImageObject\",\"inLanguage\":\"en-US\",\"@id\":\"https:\/\/www.aguarda.es\/en\/#\/schema\/person\/image\/\",\"url\":\"https:\/\/secure.gravatar.com\/avatar\/5f90ef536b0f98306edf5c7a1135ffa1?s=96&d=mm&r=g\",\"contentUrl\":\"https:\/\/secure.gravatar.com\/avatar\/5f90ef536b0f98306edf5c7a1135ffa1?s=96&d=mm&r=g\",\"caption\":\"prensa\"},\"url\":\"https:\/\/www.aguarda.es\/en\/author\/prensa\/\"}]}<\/script>\n<!-- \/ Yoast SEO plugin. -->","yoast_head_json":{"title":"O Concello da Guarda informa sobre temas de interese para a cidadan\u00eda na fase dous da desescalada - Concello da Guarda","robots":{"index":"index","follow":"follow","max-snippet":"max-snippet:-1","max-image-preview":"max-image-preview:large","max-video-preview":"max-video-preview:-1"},"canonical":"https:\/\/www.aguarda.es\/en\/o-concello-da-guarda-informa-sobre-temas-de-interese-para-a-cidadania-na-fase-dous-da-desescalada\/","og_locale":"en_US","og_type":"article","og_title":"O Concello da Guarda informa sobre temas de interese para a cidadan\u00eda na fase dous da desescalada - Concello da Guarda","og_description":"Tanto en Galicia como no resto do estado est\u00e1n mellorando cada d\u00eda os datos referidos a pandemia provocada polo virus COVID-19. Isto permite ir relaxando as medidas de confinamento provocadas pola crise sanitaria. As\u00ed, Galicia entrou na fase 2 da &hellip;","og_url":"https:\/\/www.aguarda.es\/en\/o-concello-da-guarda-informa-sobre-temas-de-interese-para-a-cidadania-na-fase-dous-da-desescalada\/","og_site_name":"Concello da Guarda","article_publisher":"https:\/\/www.facebook.com\/ConcellodaGuarda","article_published_time":"2020-05-26T12:05:08+00:00","og_image":[{"width":800,"height":600,"url":"https:\/\/www.aguarda.es\/wp-content\/uploads\/2020\/05\/NP-26052020-O-Concello-da-Guarda-informa-sobre-temas-de-interese-para-a-cidadan\u00eda-na-fase-dous-da-desescalada.jpg","type":"image\/jpeg"}],"author":"prensa","twitter_card":"summary_large_image","twitter_creator":"@AGuarda_es","twitter_site":"@AGuarda_es","twitter_misc":{"Written by":"prensa","Est. reading time":"3 minutes"},"schema":{"@context":"https:\/\/schema.org","@graph":[{"@type":"WebPage","@id":"https:\/\/www.aguarda.es\/en\/o-concello-da-guarda-informa-sobre-temas-de-interese-para-a-cidadania-na-fase-dous-da-desescalada\/","url":"https:\/\/www.aguarda.es\/en\/o-concello-da-guarda-informa-sobre-temas-de-interese-para-a-cidadania-na-fase-dous-da-desescalada\/","name":"O Concello da Guarda informa sobre temas de interese para a cidadan\u00eda na fase dous da desescalada - Concello da Guarda","isPartOf":{"@id":"https:\/\/www.aguarda.es\/en\/#website"},"datePublished":"2020-05-26T12:05:08+00:00","dateModified":"2020-05-26T12:05:08+00:00","author":{"@id":"https:\/\/www.aguarda.es\/en\/#\/schema\/person\/c463ca3006858ffb349d11179d044f21"},"breadcrumb":{"@id":"https:\/\/www.aguarda.es\/en\/o-concello-da-guarda-informa-sobre-temas-de-interese-para-a-cidadania-na-fase-dous-da-desescalada\/#breadcrumb"},"inLanguage":"en-US","potentialAction":[{"@type":"ReadAction","target":["https:\/\/www.aguarda.es\/en\/o-concello-da-guarda-informa-sobre-temas-de-interese-para-a-cidadania-na-fase-dous-da-desescalada\/"]}]},{"@type":"BreadcrumbList","@id":"https:\/\/www.aguarda.es\/en\/o-concello-da-guarda-informa-sobre-temas-de-interese-para-a-cidadania-na-fase-dous-da-desescalada\/#breadcrumb","itemListElement":[{"@type":"ListItem","position":1,"name":"Portada","item":"https:\/\/www.aguarda.es\/en\/"},{"@type":"ListItem","position":2,"name":"O Concello da Guarda informa sobre temas de interese para a cidadan\u00eda na fase dous da desescalada"}]},{"@type":"WebSite","@id":"https:\/\/www.aguarda.es\/en\/#website","url":"https:\/\/www.aguarda.es\/en\/","name":"Concello da Guarda","description":"P\u00e1xina web do concello da Guarda","potentialAction":[{"@type":"SearchAction","target":{"@type":"EntryPoint","urlTemplate":"https:\/\/www.aguarda.es\/en\/?s={search_term_string}"},"query-input":"required name=search_term_string"}],"inLanguage":"en-US"},{"@type":"Person","@id":"https:\/\/www.aguarda.es\/en\/#\/schema\/person\/c463ca3006858ffb349d11179d044f21","name":"prensa","image":{"@type":"ImageObject","inLanguage":"en-US","@id":"https:\/\/www.aguarda.es\/en\/#\/schema\/person\/image\/","url":"https:\/\/secure.gravatar.com\/avatar\/5f90ef536b0f98306edf5c7a1135ffa1?s=96&d=mm&r=g","contentUrl":"https:\/\/secure.gravatar.com\/avatar\/5f90ef536b0f98306edf5c7a1135ffa1?s=96&d=mm&r=g","caption":"prensa"},"url":"https:\/\/www.aguarda.es\/en\/author\/prensa\/"}]}},"_links":{"self":[{"href":"https:\/\/www.aguarda.es\/en\/wp-json\/wp\/v2\/posts\/21712"}],"collection":[{"href":"https:\/\/www.aguarda.es\/en\/wp-json\/wp\/v2\/posts"}],"about":[{"href":"https:\/\/www.aguarda.es\/en\/wp-json\/wp\/v2\/types\/post"}],"author":[{"embeddable":true,"href":"https:\/\/www.aguarda.es\/en\/wp-json\/wp\/v2\/users\/2"}],"replies":[{"embeddable":true,"href":"https:\/\/www.aguarda.es\/en\/wp-json\/wp\/v2\/comments?post=21712"}],"version-history":[{"count":1,"href":"https:\/\/www.aguarda.es\/en\/wp-json\/wp\/v2\/posts\/21712\/revisions"}],"predecessor-version":[{"id":21715,"href":"https:\/\/www.aguarda.es\/en\/wp-json\/wp\/v2\/posts\/21712\/revisions\/21715"}],"wp:featuredmedia":[{"embeddable":true,"href":"https:\/\/www.aguarda.es\/en\/wp-json\/wp\/v2\/media\/21713"}],"wp:attachment":[{"href":"https:\/\/www.aguarda.es\/en\/wp-json\/wp\/v2\/media?parent=21712"}],"wp:term":[{"taxonomy":"category","embeddable":true,"href":"https:\/\/www.aguarda.es\/en\/wp-json\/wp\/v2\/categories?post=21712"},{"taxonomy":"post_tag","embeddable":true,"href":"https:\/\/www.aguarda.es\/en\/wp-json\/wp\/v2\/tags?post=21712"}],"curies":[{"name":"wp","href":"https:\/\/api.w.org\/{rel}","templated":true}]}}