{"id":21766,"date":"2020-06-04T06:51:16","date_gmt":"2020-06-04T06:51:16","guid":{"rendered":"https:\/\/www.aguarda.es\/?p=21766"},"modified":"2020-06-04T09:15:43","modified_gmt":"2020-06-04T09:15:43","slug":"carratu-sempere-buforn-campos-y-prades-nominados-al-mejor-equipo-de-la-liga-guerreras-iberdrola-19-20","status":"publish","type":"post","link":"https:\/\/www.aguarda.es\/en\/carratu-sempere-buforn-campos-y-prades-nominados-al-mejor-equipo-de-la-liga-guerreras-iberdrola-19-20\/","title":{"rendered":"Carrat\u00fa, Sempere, Buforn, Campos y Prades, nominados al mejor equipo de la Liga Guerreras Iberdrola 19\/20"},"content":{"rendered":"<p style=\"text-align: justify\">A porteira Marisol Carrat\u00fa, a central Carmen Campos, a lateral dereito Paulina Buforn, o t\u00e9cnico Jos\u00e9 Ignacio Prades e a pivote \u00c1frica Sempere polas s\u00faas cualidades defensivas son as candidatas do Mecalia Atl\u00e9tico Guard\u00e9s para o equipo ideal da Liga Guerreras Iberdrola 19\/20. A Real Federaci\u00f3n Espa\u00f1ola de Balonmano (RFEBM) abr\u00edu opasado m\u00e9rcores as votaci\u00f3ns para as once categor\u00edas -as sete posici\u00f3ns cl\u00e1sicas, Mellor Defensora, Mellor Xove Promesa, Mellor Adestrador e MVP- e oos afecionados poder\u00e1n votar ata o luns 8 de xu\u00f1o.<\/p>\n<p style=\"text-align: justify\">A tempada 2019-2020, rematada con 16 xornadas disputadas, co\u00f1ecer\u00e1 aos seus nomes m\u00e1is destacados nos vindeiros d\u00edas. A lista de candidatas \u00e9 resultado dunha primeira criba realizada exclusivamente polos adestradores dos 12 equipos que disputaron esta tempada a Liga.<\/p>\n<p style=\"text-align: justify\">O Guard\u00e9s conta coas seguintes nominadas:<\/p>\n<p style=\"text-align: justify\">Porter\u00eda | Marisol Carrat\u00fa, Silvia Navarro (Rocasa Gran Canaria); Renata Arruda (Bera Bera)<\/p>\n<p style=\"text-align: left\">Central | Carmen Campos, Silvia Arderius (Bera Bera); Cecilia Cacheda (Liberbank Gij\u00f3n)<\/p>\n<p style=\"text-align: left\">Lateral Dereito | Paulina P\u00e9rez Buforn , Esperanza L\u00f3pez (Rinc\u00f3n Fertilidad M\u00e1laga); Lorena T\u00e9llez (Liberbank Gij\u00f3n)<\/p>\n<p style=\"text-align: left\">Defensora | \u00c1frica Sempere, Elisabet Ces\u00e1reo (Bera Bera); Mar\u00eda Flores (Balonmano Elche)<\/p>\n<p style=\"text-align: left\">Adestrador | Jos\u00e9 Ignacio Prades, Joaqu\u00edn Rocamora (Balonmano Elche); Imanol \u00c1lvarez (Super Amara Bera Bera)<\/p>\n<p style=\"text-align: left\">Dende a RFEBM apuntan que cada xogadora ou adestrador nominado contar\u00e1 cun v\u00eddeo que servir\u00e1 como carta de presentaci\u00f3n e como obxecto para as votaci\u00f3ns tanto na APP RFEBM como nas respectivas redes sociais da Liga Guerreras Iberdrola.<\/p>\n<p style=\"text-align: left\">Haber\u00e1 ata cinco v\u00edas para votar, e o resultado final obter\u00e1se a trav\u00e9s da suma das seguintes porcentaxes:<\/p>\n<p style=\"text-align: left\">App RFEBM | Supor\u00e1 o 60% dos votos totais. Poder\u00e1n votar tanto usuarios xa rexistrados coma novos usuarios, a aplicaci\u00f3n se pode descargar a trav\u00e9s de iOS e Android.<\/p>\n<p style=\"text-align: left\">Twitter | Supor\u00e1 el 10% de los votos totales. Se tendr\u00e1n en cuenta la cantidad de &#8216;retweets&#8217; que reciba cada v\u00eddeo subido al perfil oficial de la Liga Guerreras Iberdrola. En caso de empate, se atender\u00e1 al n\u00famero de &#8216;me gusta&#8217; de los v\u00eddeos implicados.<\/p>\n<p style=\"text-align: left\">Facebook | Supondr\u00e1 el 10% de los votos totales. Se tendr\u00e1n en cuenta la cantidad de &#8216;compartidos&#8217; que reciba cada v\u00eddeo subido al perfil oficial de la Liga Guerreras Iberdrola. En caso de empate, se atender\u00e1 al n\u00famero de &#8216;me gusta&#8217; de los v\u00eddeos implicados.<\/p>\n<p style=\"text-align: left\">Instagram | Supondr\u00e1 el 10% de los votos totales. Se tendr\u00e1n en cuenta la cantidad de &#8216;me gusta&#8217; que reciba cada v\u00eddeo subido al perfil oficial de la Real Federaci\u00f3n Espa\u00f1ola de Balonmano.<\/p>\n<p style=\"text-align: left\">YouTube | Supondr\u00e1 el 10% de los votos totales. Se tendr\u00e1n en cuenta la cantidad de reproducciones que reciba cada v\u00eddeo subido al canal de la Real Federaci\u00f3n Espa\u00f1ola de Balonmano.<\/p>\n","protected":false},"excerpt":{"rendered":"<p>A porteira Marisol Carrat\u00fa, a central Carmen Campos, a lateral dereito Paulina Buforn, o t\u00e9cnico Jos\u00e9 Ignacio Prades e a pivote \u00c1frica Sempere polas s\u00faas cualidades defensivas son as candidatas do Mecalia Atl\u00e9tico Guard\u00e9s para o equipo ideal da Liga &hellip; <\/p>\n","protected":false},"author":2,"featured_media":21767,"comment_status":"open","ping_status":"open","sticky":false,"template":"","format":"standard","meta":[],"categories":[35],"tags":[226,351,276],"yoast_head":"<!-- This site is optimized with the Yoast SEO plugin v21.1 - https:\/\/yoast.com\/wordpress\/plugins\/seo\/ -->\n<title>Carrat\u00fa, Sempere, Buforn, Campos y Prades, nominados al mejor equipo de la Liga Guerreras Iberdrola 19\/20 - Concello da Guarda<\/title>\n<meta name=\"robots\" content=\"index, follow, max-snippet:-1, max-image-preview:large, max-video-preview:-1\" \/>\n<link rel=\"canonical\" href=\"https:\/\/www.aguarda.es\/en\/carratu-sempere-buforn-campos-y-prades-nominados-al-mejor-equipo-de-la-liga-guerreras-iberdrola-19-20\/\" \/>\n<meta property=\"og:locale\" content=\"en_US\" \/>\n<meta property=\"og:type\" content=\"article\" \/>\n<meta property=\"og:title\" content=\"Carrat\u00fa, Sempere, Buforn, Campos y Prades, nominados al mejor equipo de la Liga Guerreras Iberdrola 19\/20 - Concello da Guarda\" \/>\n<meta property=\"og:description\" content=\"A porteira Marisol Carrat\u00fa, a central Carmen Campos, a lateral dereito Paulina Buforn, o t\u00e9cnico Jos\u00e9 Ignacio Prades e a pivote \u00c1frica Sempere polas s\u00faas cualidades defensivas son as candidatas do Mecalia Atl\u00e9tico Guard\u00e9s para o equipo ideal da Liga &hellip;\" \/>\n<meta property=\"og:url\" content=\"https:\/\/www.aguarda.es\/en\/carratu-sempere-buforn-campos-y-prades-nominados-al-mejor-equipo-de-la-liga-guerreras-iberdrola-19-20\/\" \/>\n<meta property=\"og:site_name\" content=\"Concello da Guarda\" \/>\n<meta property=\"article:publisher\" content=\"https:\/\/www.facebook.com\/ConcellodaGuarda\" \/>\n<meta property=\"article:published_time\" content=\"2020-06-04T06:51:16+00:00\" \/>\n<meta property=\"article:modified_time\" content=\"2020-06-04T09:15:43+00:00\" \/>\n<meta property=\"og:image\" content=\"https:\/\/www.aguarda.es\/wp-content\/uploads\/2020\/06\/MECALIA-ATL-GUARDES-4-JUN-2020.jpg\" \/>\n\t<meta property=\"og:image:width\" content=\"800\" \/>\n\t<meta property=\"og:image:height\" content=\"400\" \/>\n\t<meta property=\"og:image:type\" content=\"image\/jpeg\" \/>\n<meta name=\"author\" content=\"prensa\" \/>\n<meta name=\"twitter:card\" content=\"summary_large_image\" \/>\n<meta name=\"twitter:creator\" content=\"@AGuarda_es\" \/>\n<meta name=\"twitter:site\" content=\"@AGuarda_es\" \/>\n<meta name=\"twitter:label1\" content=\"Written by\" \/>\n\t<meta name=\"twitter:data1\" content=\"prensa\" \/>\n\t<meta name=\"twitter:label2\" content=\"Est. reading time\" \/>\n\t<meta name=\"twitter:data2\" content=\"2 minutes\" \/>\n<script type=\"application\/ld+json\" class=\"yoast-schema-graph\">{\"@context\":\"https:\/\/schema.org\",\"@graph\":[{\"@type\":\"WebPage\",\"@id\":\"https:\/\/www.aguarda.es\/en\/carratu-sempere-buforn-campos-y-prades-nominados-al-mejor-equipo-de-la-liga-guerreras-iberdrola-19-20\/\",\"url\":\"https:\/\/www.aguarda.es\/en\/carratu-sempere-buforn-campos-y-prades-nominados-al-mejor-equipo-de-la-liga-guerreras-iberdrola-19-20\/\",\"name\":\"Carrat\u00fa, Sempere, Buforn, Campos y Prades, nominados al mejor equipo de la Liga Guerreras Iberdrola 19\/20 - Concello da Guarda\",\"isPartOf\":{\"@id\":\"https:\/\/www.aguarda.es\/en\/#website\"},\"datePublished\":\"2020-06-04T06:51:16+00:00\",\"dateModified\":\"2020-06-04T09:15:43+00:00\",\"author\":{\"@id\":\"https:\/\/www.aguarda.es\/en\/#\/schema\/person\/c463ca3006858ffb349d11179d044f21\"},\"breadcrumb\":{\"@id\":\"https:\/\/www.aguarda.es\/en\/carratu-sempere-buforn-campos-y-prades-nominados-al-mejor-equipo-de-la-liga-guerreras-iberdrola-19-20\/#breadcrumb\"},\"inLanguage\":\"en-US\",\"potentialAction\":[{\"@type\":\"ReadAction\",\"target\":[\"https:\/\/www.aguarda.es\/en\/carratu-sempere-buforn-campos-y-prades-nominados-al-mejor-equipo-de-la-liga-guerreras-iberdrola-19-20\/\"]}]},{\"@type\":\"BreadcrumbList\",\"@id\":\"https:\/\/www.aguarda.es\/en\/carratu-sempere-buforn-campos-y-prades-nominados-al-mejor-equipo-de-la-liga-guerreras-iberdrola-19-20\/#breadcrumb\",\"itemListElement\":[{\"@type\":\"ListItem\",\"position\":1,\"name\":\"Portada\",\"item\":\"https:\/\/www.aguarda.es\/en\/\"},{\"@type\":\"ListItem\",\"position\":2,\"name\":\"Carrat\u00fa, Sempere, Buforn, Campos y Prades, nominados al mejor equipo de la Liga Guerreras Iberdrola 19\/20\"}]},{\"@type\":\"WebSite\",\"@id\":\"https:\/\/www.aguarda.es\/en\/#website\",\"url\":\"https:\/\/www.aguarda.es\/en\/\",\"name\":\"Concello da Guarda\",\"description\":\"P\u00e1xina web do concello da Guarda\",\"potentialAction\":[{\"@type\":\"SearchAction\",\"target\":{\"@type\":\"EntryPoint\",\"urlTemplate\":\"https:\/\/www.aguarda.es\/en\/?s={search_term_string}\"},\"query-input\":\"required name=search_term_string\"}],\"inLanguage\":\"en-US\"},{\"@type\":\"Person\",\"@id\":\"https:\/\/www.aguarda.es\/en\/#\/schema\/person\/c463ca3006858ffb349d11179d044f21\",\"name\":\"prensa\",\"image\":{\"@type\":\"ImageObject\",\"inLanguage\":\"en-US\",\"@id\":\"https:\/\/www.aguarda.es\/en\/#\/schema\/person\/image\/\",\"url\":\"https:\/\/secure.gravatar.com\/avatar\/5f90ef536b0f98306edf5c7a1135ffa1?s=96&d=mm&r=g\",\"contentUrl\":\"https:\/\/secure.gravatar.com\/avatar\/5f90ef536b0f98306edf5c7a1135ffa1?s=96&d=mm&r=g\",\"caption\":\"prensa\"},\"url\":\"https:\/\/www.aguarda.es\/en\/author\/prensa\/\"}]}<\/script>\n<!-- \/ Yoast SEO plugin. -->","yoast_head_json":{"title":"Carrat\u00fa, Sempere, Buforn, Campos y Prades, nominados al mejor equipo de la Liga Guerreras Iberdrola 19\/20 - Concello da Guarda","robots":{"index":"index","follow":"follow","max-snippet":"max-snippet:-1","max-image-preview":"max-image-preview:large","max-video-preview":"max-video-preview:-1"},"canonical":"https:\/\/www.aguarda.es\/en\/carratu-sempere-buforn-campos-y-prades-nominados-al-mejor-equipo-de-la-liga-guerreras-iberdrola-19-20\/","og_locale":"en_US","og_type":"article","og_title":"Carrat\u00fa, Sempere, Buforn, Campos y Prades, nominados al mejor equipo de la Liga Guerreras Iberdrola 19\/20 - Concello da Guarda","og_description":"A porteira Marisol Carrat\u00fa, a central Carmen Campos, a lateral dereito Paulina Buforn, o t\u00e9cnico Jos\u00e9 Ignacio Prades e a pivote \u00c1frica Sempere polas s\u00faas cualidades defensivas son as candidatas do Mecalia Atl\u00e9tico Guard\u00e9s para o equipo ideal da Liga &hellip;","og_url":"https:\/\/www.aguarda.es\/en\/carratu-sempere-buforn-campos-y-prades-nominados-al-mejor-equipo-de-la-liga-guerreras-iberdrola-19-20\/","og_site_name":"Concello da Guarda","article_publisher":"https:\/\/www.facebook.com\/ConcellodaGuarda","article_published_time":"2020-06-04T06:51:16+00:00","article_modified_time":"2020-06-04T09:15:43+00:00","og_image":[{"width":800,"height":400,"url":"https:\/\/www.aguarda.es\/wp-content\/uploads\/2020\/06\/MECALIA-ATL-GUARDES-4-JUN-2020.jpg","type":"image\/jpeg"}],"author":"prensa","twitter_card":"summary_large_image","twitter_creator":"@AGuarda_es","twitter_site":"@AGuarda_es","twitter_misc":{"Written by":"prensa","Est. reading time":"2 minutes"},"schema":{"@context":"https:\/\/schema.org","@graph":[{"@type":"WebPage","@id":"https:\/\/www.aguarda.es\/en\/carratu-sempere-buforn-campos-y-prades-nominados-al-mejor-equipo-de-la-liga-guerreras-iberdrola-19-20\/","url":"https:\/\/www.aguarda.es\/en\/carratu-sempere-buforn-campos-y-prades-nominados-al-mejor-equipo-de-la-liga-guerreras-iberdrola-19-20\/","name":"Carrat\u00fa, Sempere, Buforn, Campos y Prades, nominados al mejor equipo de la Liga Guerreras Iberdrola 19\/20 - Concello da Guarda","isPartOf":{"@id":"https:\/\/www.aguarda.es\/en\/#website"},"datePublished":"2020-06-04T06:51:16+00:00","dateModified":"2020-06-04T09:15:43+00:00","author":{"@id":"https:\/\/www.aguarda.es\/en\/#\/schema\/person\/c463ca3006858ffb349d11179d044f21"},"breadcrumb":{"@id":"https:\/\/www.aguarda.es\/en\/carratu-sempere-buforn-campos-y-prades-nominados-al-mejor-equipo-de-la-liga-guerreras-iberdrola-19-20\/#breadcrumb"},"inLanguage":"en-US","potentialAction":[{"@type":"ReadAction","target":["https:\/\/www.aguarda.es\/en\/carratu-sempere-buforn-campos-y-prades-nominados-al-mejor-equipo-de-la-liga-guerreras-iberdrola-19-20\/"]}]},{"@type":"BreadcrumbList","@id":"https:\/\/www.aguarda.es\/en\/carratu-sempere-buforn-campos-y-prades-nominados-al-mejor-equipo-de-la-liga-guerreras-iberdrola-19-20\/#breadcrumb","itemListElement":[{"@type":"ListItem","position":1,"name":"Portada","item":"https:\/\/www.aguarda.es\/en\/"},{"@type":"ListItem","position":2,"name":"Carrat\u00fa, Sempere, Buforn, Campos y Prades, nominados al mejor equipo de la Liga Guerreras Iberdrola 19\/20"}]},{"@type":"WebSite","@id":"https:\/\/www.aguarda.es\/en\/#website","url":"https:\/\/www.aguarda.es\/en\/","name":"Concello da Guarda","description":"P\u00e1xina web do concello da Guarda","potentialAction":[{"@type":"SearchAction","target":{"@type":"EntryPoint","urlTemplate":"https:\/\/www.aguarda.es\/en\/?s={search_term_string}"},"query-input":"required name=search_term_string"}],"inLanguage":"en-US"},{"@type":"Person","@id":"https:\/\/www.aguarda.es\/en\/#\/schema\/person\/c463ca3006858ffb349d11179d044f21","name":"prensa","image":{"@type":"ImageObject","inLanguage":"en-US","@id":"https:\/\/www.aguarda.es\/en\/#\/schema\/person\/image\/","url":"https:\/\/secure.gravatar.com\/avatar\/5f90ef536b0f98306edf5c7a1135ffa1?s=96&d=mm&r=g","contentUrl":"https:\/\/secure.gravatar.com\/avatar\/5f90ef536b0f98306edf5c7a1135ffa1?s=96&d=mm&r=g","caption":"prensa"},"url":"https:\/\/www.aguarda.es\/en\/author\/prensa\/"}]}},"_links":{"self":[{"href":"https:\/\/www.aguarda.es\/en\/wp-json\/wp\/v2\/posts\/21766"}],"collection":[{"href":"https:\/\/www.aguarda.es\/en\/wp-json\/wp\/v2\/posts"}],"about":[{"href":"https:\/\/www.aguarda.es\/en\/wp-json\/wp\/v2\/types\/post"}],"author":[{"embeddable":true,"href":"https:\/\/www.aguarda.es\/en\/wp-json\/wp\/v2\/users\/2"}],"replies":[{"embeddable":true,"href":"https:\/\/www.aguarda.es\/en\/wp-json\/wp\/v2\/comments?post=21766"}],"version-history":[{"count":3,"href":"https:\/\/www.aguarda.es\/en\/wp-json\/wp\/v2\/posts\/21766\/revisions"}],"predecessor-version":[{"id":21771,"href":"https:\/\/www.aguarda.es\/en\/wp-json\/wp\/v2\/posts\/21766\/revisions\/21771"}],"wp:featuredmedia":[{"embeddable":true,"href":"https:\/\/www.aguarda.es\/en\/wp-json\/wp\/v2\/media\/21767"}],"wp:attachment":[{"href":"https:\/\/www.aguarda.es\/en\/wp-json\/wp\/v2\/media?parent=21766"}],"wp:term":[{"taxonomy":"category","embeddable":true,"href":"https:\/\/www.aguarda.es\/en\/wp-json\/wp\/v2\/categories?post=21766"},{"taxonomy":"post_tag","embeddable":true,"href":"https:\/\/www.aguarda.es\/en\/wp-json\/wp\/v2\/tags?post=21766"}],"curies":[{"name":"wp","href":"https:\/\/api.w.org\/{rel}","templated":true}]}}