{"id":21772,"date":"2020-06-04T09:20:17","date_gmt":"2020-06-04T09:20:17","guid":{"rendered":"https:\/\/www.aguarda.es\/?p=21772"},"modified":"2020-06-04T09:20:17","modified_gmt":"2020-06-04T09:20:17","slug":"os-concellos-do-mino-lanzan-un-s-o-s-simbolico-dende-a-ponte-da-amizade-para-abrir-mais-pasos-na-fronteira-que-faciliten-a-mobilidade-das-e-dos-traballadores","status":"publish","type":"post","link":"https:\/\/www.aguarda.es\/en\/os-concellos-do-mino-lanzan-un-s-o-s-simbolico-dende-a-ponte-da-amizade-para-abrir-mais-pasos-na-fronteira-que-faciliten-a-mobilidade-das-e-dos-traballadores\/","title":{"rendered":"Os concellos do mi\u00f1o lanzan un S.O.S. simb\u00f3lico dende a ponte da amizade para abrir m\u00e1is pasos na fronteira que faciliten a mobilidade das e dos traballadores"},"content":{"rendered":"<p style=\"text-align: justify\">A directiva do AECT Rio Minho asegura que a soluci\u00f3n \u00e9 unha \u201csimple cuesti\u00f3n de medios\u201d para os estados espa\u00f1ol e portugu\u00e9s: po\u00f1er controis con garda civil e GNR nos pasos m\u00e1is transitados<\/p>\n<p style=\"text-align: justify\">Destacan que haber\u00e1 maiores garant\u00edas de seguridade sanitaria se a circulaci\u00f3n dos veh\u00edculos se fai a trav\u00e9s de varias pontes en lugar de concentrar o tr\u00e1nsito en Tui-Valen\u00e7a<\/p>\n<p style=\"text-align: justify\">Os concellos da fronteira do Mi\u00f1o, da man dos seus alcaldes e alcaldesas e do Agrupamento Europeo de Cooperaci\u00f3n Territorial (AECT) Rio Minho, lanzaron hoxe un S.O.S. simb\u00f3lico dende a Ponte da Amizade para reclamar a apertura de m\u00e1is pasos que faciliten a mobilidade das e dos traballadores transfronteirizos a ambos lados da \u2018raia\u2019. A de hoxe foi a primeira protesta das e dos rexedores, que consideran \u201cinxusto\u201d que a fronteira que asume o 50% de todos os tr\u00e1nsitos en Espa\u00f1a e Portugal s\u00f3 te\u00f1a habilitado un paso en Tui-Valen\u00e7a. Aseguran que a soluci\u00f3n pasa se unicamente por po\u00f1er medios: controis da Garda Civil e dos GNR. \u201cMantendo todas as garant\u00edas, todos os controis sanitarios, pedimos m\u00e1is pasos abertos\u201d, subli\u00f1aron.<\/p>\n<p style=\"text-align: justify\">O acto reivindicativo destacou por ser a primeira acci\u00f3n conxunta das e dos 13 rexedores de ambos lados da fronteira (mandatarixs de A Guarda, O Rosal, Tomi\u00f1o, Tui, Salvaterra, As Neves, Arbo, Crecente, Caminha, Cerveira, Valen\u00e7a, Mon\u00e7ao e Melga\u00e7o), ao que tam\u00e9n se sumou o de Paredes de Coura (o \u201814\u2019). A trav\u00e9s dos seus voceiros manifestaron que continuar\u00e1n coas protestas ata seren escoitados, tam\u00e9n implicando \u00e1 cidadan\u00eda, e incluso se negar\u00e1n a celebrar a centenaria tradici\u00f3n do Acto de Reco\u00f1ecemento de Fronteiras, ata que os gobernos centrais e responsables pol\u00edticos escoiten e dean soluci\u00f3ns \u00e1s s\u00faas reivindicaci\u00f3ns.<\/p>\n<p style=\"text-align: justify\">O director do AECT Rio Minho, Ux\u00edo Ben\u00edtez, lembrou que O 17 de marzo pecharon as fronteiras deixando unicamente 9 pasos abertos entre ambos estados, s\u00f3 permitindo o de Tui-Valen\u00e7a no Mi\u00f1o pontevedr\u00e9s. Destacou a importancia da fronteira do Mi\u00f1o, que con 70 quil\u00f3metros dos 1.200 de toda a \u2018raia\u2019 entre Espa\u00f1a e Portugal, un 5%, asume o paso do 50% dos veh\u00edculos de Espa\u00f1a e Portugal. \u201c Estes alcaldes e alcaldesas representan unha poboaci\u00f3n de 150.000 habitantes. Estamos a falar da fronteira con maior dinamismo social e econ\u00f3mico de toda Europa\u201d, subli\u00f1ou.<\/p>\n<p style=\"text-align: justify\">Ben\u00edtez destacou que a apertura de pasos para traballadores e traballadores v\u00e9n xa do 28 de abril, cando os concellos fixeron unha declaraci\u00f3n conxunta que se remitiu \u00e1 Xunta, e aos gobernos centrais espa\u00f1ol e portugueses. \u201cQueremos a apertura total para os traballadores transfronteirizos nos pasos. \u00c9 unha cuesti\u00f3n de medios, de ter gardas civiles e GNR a controlar o paso transfronteirizo igual que en Tui e Valen\u00e7a\u201d, destacou o nacionalista, que subli\u00f1ou que nestes momentos estase a trasladar \u00e1 xente traballadora o custe econ\u00f3mico de aumentar en centos os quil\u00f3metros para ir traballar.<\/p>\n<p style=\"text-align: justify\">Outras das demandas \u00e9 que a desescalada se faga coordinadamente para que haxa coherencia entre un lado e outro da fronteira. \u201cNon ten sentido que se permita abrir a Fortaleza de Valen\u00e7a do Mi\u00f1o cando non poden pasar os clientes de toda a vida que son a xente galega\u201d, explicou Ben\u00edtez.<\/p>\n<p style=\"text-align: justify\">Pola s\u00faa parte, o vicedirector do AECT Rio Minho e presidente da C\u00e2mara de Vila Nova de Cerveira. Fernando Nogueira, destacou que a protesta se debe a que \u201csentimos que estamos a ser obxecto dunha inxustiza tremenda por parte dos nosos Estados. Non est\u00e1n a darnos a atenci\u00f3n que merecemos\u201d. Salientou que dos 64 pasos que existen entre Espa\u00f1a e Portugal 0s cinco con m\u00e1is movemento de veh\u00edculos est\u00e1n no r\u00edo Mi\u00f1o: a primeira Tui-Valen\u00e7a, a segunda Salvaterra-Mon\u00e7ao e a quinta Tomi\u00f1o-Vilanova de Cerveira.<\/p>\n<p style=\"text-align: justify\">\u201cNa mi\u00f1a opini\u00f3n non estamos a salvagardar nin cuesti\u00f3ns econ\u00f3micas, dende logo, nin moito menos cuesti\u00f3ns sanitarias, porque se tivemos m\u00e1is fronteiras abertas poder\u00edanse controlar moito mellor quen pasa que xuntando todo nun \u00fanico paso, coas aglomeraci\u00f3ns e as colas interminables que vemos en Valen\u00e7a Tui\u201d, insistiu, para finalizar asegurando que a d\u00eda de hoxe \u201cas d\u00faas marxes est\u00e1n totalmente espidas. Os galegos non viven sen os portugueses e os portugueses non viven sen os galegos. A nosa econom\u00eda est\u00e1 completamente morta. Os nosos traballadores pasan calvarios para ir traballar. Canto m\u00e1is deixemos ca\u00edr a nosa econom\u00eda m\u00e1is dif\u00edcil ser\u00e1 o retorno. Queremos que haxa controis sanitarios, queremos que haxa seguridade, pero esiximos que nos deixen pasar, como m\u00ednimo aos traballadores de todos os sectores\u201d, dixo.<\/p>\n<p style=\"text-align: justify\">En canto \u00e1s cifras de impacto econ\u00f3mico, Nogueira salientou que o AECT Rio Minho encargou un estudo \u00e1 Universidade de Vigo, pero \u00e1 falta dos resultados, dixo, \u201cbasta ser observadores para ver que est\u00e1 todo parado\u201d. Indicou que s\u00f3 en Vila Nova de Cerveira hai 4.000 traballadores directos dos que mais do 20% son traballadores de Galicia. \u201cEstes peches da fronteira son un problema. Os nosos gobernantes que est\u00e1n en Lisboa e Madrid a\u00ednda non co\u00f1ecen esta realidade e non o ven como algo prioritario. A maior\u00eda das fronteiras non te\u00f1en a importancia econ\u00f3mica que ten a do Mi\u00f1o\u201d, finalizou.<\/p>\n<p style=\"text-align: justify\">Pola s\u00faa banda, alcaldesa de Tomi\u00f1o, Sandra Gonz\u00e1lez \u00c1lvarez, destacou dende a Ponte da Amizade que polo viaduto pasan 6.000 veh\u00edculos diariamente de xente que vai traballar, recibir servizos e comprar. \u201cMoitos nestes momentos est\u00e1n obrigados a trasladarse 100 quil\u00f3metro para ir a traballar, a pasar unha hora e media ou d\u00faas horas na retenci\u00f3n do control do paso, madrugar\u2026 Non pedimos excepcionalidades. Sabemos que a sanidade e a sa\u00fade \u00e9 o primeiro. O que queremos \u00e9 que non se repercutan os custes de non po\u00f1er uns guardas na fronteira sobre os traballadores transfronteirizos. Son eles os que pagan ese custe\u201d, insistiu.<\/p>\n<p style=\"text-align: justify\">A alcaldesa destacou que a d\u00eda de hoxe, ante as manifestaci\u00f3ns dos gobernantes dos gobernos centrais \u201cnon vemos visos de soluci\u00f3n\u201d. \u201cS\u00f3 pedimos unha decisi\u00f3n administrativa: habilitar uns pasos transfronteirizos m\u00e1is, sobre todo os de m\u00e1is tr\u00e1ficos. \u00c9 s\u00f3 po\u00f1er medios, incluso se pode po\u00f1er un horario. Calquera cousa que facilite que un traballador non te\u00f1a que facer rodeos e retenci\u00f3ns\u201d, destacou, advertindo que \u00e9 normal que haxa retenci\u00f3ns, porque a medida que aumenta a actividade econ\u00f3mica \u201ccada vez m\u00e1is tr\u00e1fico, m\u00e1is atasco, e a ponte de Tui Valen\u00e7a non d\u00e1 para m\u00e1is\u201d.<\/p>\n","protected":false},"excerpt":{"rendered":"<p>A directiva do AECT Rio Minho asegura que a soluci\u00f3n \u00e9 unha \u201csimple cuesti\u00f3n de medios\u201d para os estados espa\u00f1ol e portugu\u00e9s: po\u00f1er controis con garda civil e GNR nos pasos m\u00e1is transitados Destacan que haber\u00e1 maiores garant\u00edas de seguridade &hellip; <\/p>\n","protected":false},"author":2,"featured_media":21773,"comment_status":"open","ping_status":"open","sticky":false,"template":"","format":"standard","meta":[],"categories":[33],"tags":[226,2192,1534,2112],"yoast_head":"<!-- This site is optimized with the Yoast SEO plugin v21.1 - https:\/\/yoast.com\/wordpress\/plugins\/seo\/ -->\n<title>Os concellos do mi\u00f1o lanzan un S.O.S. simb\u00f3lico dende a ponte da amizade para abrir m\u00e1is pasos na fronteira que faciliten a mobilidade das e dos traballadores - Concello da Guarda<\/title>\n<meta name=\"robots\" content=\"index, follow, max-snippet:-1, max-image-preview:large, max-video-preview:-1\" \/>\n<link rel=\"canonical\" href=\"https:\/\/www.aguarda.es\/en\/os-concellos-do-mino-lanzan-un-s-o-s-simbolico-dende-a-ponte-da-amizade-para-abrir-mais-pasos-na-fronteira-que-faciliten-a-mobilidade-das-e-dos-traballadores\/\" \/>\n<meta property=\"og:locale\" content=\"en_US\" \/>\n<meta property=\"og:type\" content=\"article\" \/>\n<meta property=\"og:title\" content=\"Os concellos do mi\u00f1o lanzan un S.O.S. simb\u00f3lico dende a ponte da amizade para abrir m\u00e1is pasos na fronteira que faciliten a mobilidade das e dos traballadores - Concello da Guarda\" \/>\n<meta property=\"og:description\" content=\"A directiva do AECT Rio Minho asegura que a soluci\u00f3n \u00e9 unha \u201csimple cuesti\u00f3n de medios\u201d para os estados espa\u00f1ol e portugu\u00e9s: po\u00f1er controis con garda civil e GNR nos pasos m\u00e1is transitados Destacan que haber\u00e1 maiores garant\u00edas de seguridade &hellip;\" \/>\n<meta property=\"og:url\" content=\"https:\/\/www.aguarda.es\/en\/os-concellos-do-mino-lanzan-un-s-o-s-simbolico-dende-a-ponte-da-amizade-para-abrir-mais-pasos-na-fronteira-que-faciliten-a-mobilidade-das-e-dos-traballadores\/\" \/>\n<meta property=\"og:site_name\" content=\"Concello da Guarda\" \/>\n<meta property=\"article:publisher\" content=\"https:\/\/www.facebook.com\/ConcellodaGuarda\" \/>\n<meta property=\"article:published_time\" content=\"2020-06-04T09:20:17+00:00\" \/>\n<meta property=\"og:image\" content=\"https:\/\/www.aguarda.es\/wp-content\/uploads\/2020\/06\/PROTESTA-SIMBOLICA-SOS-ALCALDES-MI\u00d1O.jpg\" \/>\n\t<meta property=\"og:image:width\" content=\"800\" \/>\n\t<meta property=\"og:image:height\" content=\"533\" \/>\n\t<meta property=\"og:image:type\" content=\"image\/jpeg\" \/>\n<meta name=\"author\" content=\"prensa\" \/>\n<meta name=\"twitter:card\" content=\"summary_large_image\" \/>\n<meta name=\"twitter:creator\" content=\"@AGuarda_es\" \/>\n<meta name=\"twitter:site\" content=\"@AGuarda_es\" \/>\n<meta name=\"twitter:label1\" content=\"Written by\" \/>\n\t<meta name=\"twitter:data1\" content=\"prensa\" \/>\n\t<meta name=\"twitter:label2\" content=\"Est. reading time\" \/>\n\t<meta name=\"twitter:data2\" content=\"6 minutes\" \/>\n<script type=\"application\/ld+json\" class=\"yoast-schema-graph\">{\"@context\":\"https:\/\/schema.org\",\"@graph\":[{\"@type\":\"WebPage\",\"@id\":\"https:\/\/www.aguarda.es\/en\/os-concellos-do-mino-lanzan-un-s-o-s-simbolico-dende-a-ponte-da-amizade-para-abrir-mais-pasos-na-fronteira-que-faciliten-a-mobilidade-das-e-dos-traballadores\/\",\"url\":\"https:\/\/www.aguarda.es\/en\/os-concellos-do-mino-lanzan-un-s-o-s-simbolico-dende-a-ponte-da-amizade-para-abrir-mais-pasos-na-fronteira-que-faciliten-a-mobilidade-das-e-dos-traballadores\/\",\"name\":\"Os concellos do mi\u00f1o lanzan un S.O.S. simb\u00f3lico dende a ponte da amizade para abrir m\u00e1is pasos na fronteira que faciliten a mobilidade das e dos traballadores - Concello da Guarda\",\"isPartOf\":{\"@id\":\"https:\/\/www.aguarda.es\/en\/#website\"},\"datePublished\":\"2020-06-04T09:20:17+00:00\",\"dateModified\":\"2020-06-04T09:20:17+00:00\",\"author\":{\"@id\":\"https:\/\/www.aguarda.es\/en\/#\/schema\/person\/c463ca3006858ffb349d11179d044f21\"},\"breadcrumb\":{\"@id\":\"https:\/\/www.aguarda.es\/en\/os-concellos-do-mino-lanzan-un-s-o-s-simbolico-dende-a-ponte-da-amizade-para-abrir-mais-pasos-na-fronteira-que-faciliten-a-mobilidade-das-e-dos-traballadores\/#breadcrumb\"},\"inLanguage\":\"en-US\",\"potentialAction\":[{\"@type\":\"ReadAction\",\"target\":[\"https:\/\/www.aguarda.es\/en\/os-concellos-do-mino-lanzan-un-s-o-s-simbolico-dende-a-ponte-da-amizade-para-abrir-mais-pasos-na-fronteira-que-faciliten-a-mobilidade-das-e-dos-traballadores\/\"]}]},{\"@type\":\"BreadcrumbList\",\"@id\":\"https:\/\/www.aguarda.es\/en\/os-concellos-do-mino-lanzan-un-s-o-s-simbolico-dende-a-ponte-da-amizade-para-abrir-mais-pasos-na-fronteira-que-faciliten-a-mobilidade-das-e-dos-traballadores\/#breadcrumb\",\"itemListElement\":[{\"@type\":\"ListItem\",\"position\":1,\"name\":\"Portada\",\"item\":\"https:\/\/www.aguarda.es\/en\/\"},{\"@type\":\"ListItem\",\"position\":2,\"name\":\"Os concellos do mi\u00f1o lanzan un S.O.S. simb\u00f3lico dende a ponte da amizade para abrir m\u00e1is pasos na fronteira que faciliten a mobilidade das e dos traballadores\"}]},{\"@type\":\"WebSite\",\"@id\":\"https:\/\/www.aguarda.es\/en\/#website\",\"url\":\"https:\/\/www.aguarda.es\/en\/\",\"name\":\"Concello da Guarda\",\"description\":\"P\u00e1xina web do concello da Guarda\",\"potentialAction\":[{\"@type\":\"SearchAction\",\"target\":{\"@type\":\"EntryPoint\",\"urlTemplate\":\"https:\/\/www.aguarda.es\/en\/?s={search_term_string}\"},\"query-input\":\"required name=search_term_string\"}],\"inLanguage\":\"en-US\"},{\"@type\":\"Person\",\"@id\":\"https:\/\/www.aguarda.es\/en\/#\/schema\/person\/c463ca3006858ffb349d11179d044f21\",\"name\":\"prensa\",\"image\":{\"@type\":\"ImageObject\",\"inLanguage\":\"en-US\",\"@id\":\"https:\/\/www.aguarda.es\/en\/#\/schema\/person\/image\/\",\"url\":\"https:\/\/secure.gravatar.com\/avatar\/5f90ef536b0f98306edf5c7a1135ffa1?s=96&d=mm&r=g\",\"contentUrl\":\"https:\/\/secure.gravatar.com\/avatar\/5f90ef536b0f98306edf5c7a1135ffa1?s=96&d=mm&r=g\",\"caption\":\"prensa\"},\"url\":\"https:\/\/www.aguarda.es\/en\/author\/prensa\/\"}]}<\/script>\n<!-- \/ Yoast SEO plugin. -->","yoast_head_json":{"title":"Os concellos do mi\u00f1o lanzan un S.O.S. simb\u00f3lico dende a ponte da amizade para abrir m\u00e1is pasos na fronteira que faciliten a mobilidade das e dos traballadores - Concello da Guarda","robots":{"index":"index","follow":"follow","max-snippet":"max-snippet:-1","max-image-preview":"max-image-preview:large","max-video-preview":"max-video-preview:-1"},"canonical":"https:\/\/www.aguarda.es\/en\/os-concellos-do-mino-lanzan-un-s-o-s-simbolico-dende-a-ponte-da-amizade-para-abrir-mais-pasos-na-fronteira-que-faciliten-a-mobilidade-das-e-dos-traballadores\/","og_locale":"en_US","og_type":"article","og_title":"Os concellos do mi\u00f1o lanzan un S.O.S. simb\u00f3lico dende a ponte da amizade para abrir m\u00e1is pasos na fronteira que faciliten a mobilidade das e dos traballadores - Concello da Guarda","og_description":"A directiva do AECT Rio Minho asegura que a soluci\u00f3n \u00e9 unha \u201csimple cuesti\u00f3n de medios\u201d para os estados espa\u00f1ol e portugu\u00e9s: po\u00f1er controis con garda civil e GNR nos pasos m\u00e1is transitados Destacan que haber\u00e1 maiores garant\u00edas de seguridade &hellip;","og_url":"https:\/\/www.aguarda.es\/en\/os-concellos-do-mino-lanzan-un-s-o-s-simbolico-dende-a-ponte-da-amizade-para-abrir-mais-pasos-na-fronteira-que-faciliten-a-mobilidade-das-e-dos-traballadores\/","og_site_name":"Concello da Guarda","article_publisher":"https:\/\/www.facebook.com\/ConcellodaGuarda","article_published_time":"2020-06-04T09:20:17+00:00","og_image":[{"width":800,"height":533,"url":"https:\/\/www.aguarda.es\/wp-content\/uploads\/2020\/06\/PROTESTA-SIMBOLICA-SOS-ALCALDES-MI\u00d1O.jpg","type":"image\/jpeg"}],"author":"prensa","twitter_card":"summary_large_image","twitter_creator":"@AGuarda_es","twitter_site":"@AGuarda_es","twitter_misc":{"Written by":"prensa","Est. reading time":"6 minutes"},"schema":{"@context":"https:\/\/schema.org","@graph":[{"@type":"WebPage","@id":"https:\/\/www.aguarda.es\/en\/os-concellos-do-mino-lanzan-un-s-o-s-simbolico-dende-a-ponte-da-amizade-para-abrir-mais-pasos-na-fronteira-que-faciliten-a-mobilidade-das-e-dos-traballadores\/","url":"https:\/\/www.aguarda.es\/en\/os-concellos-do-mino-lanzan-un-s-o-s-simbolico-dende-a-ponte-da-amizade-para-abrir-mais-pasos-na-fronteira-que-faciliten-a-mobilidade-das-e-dos-traballadores\/","name":"Os concellos do mi\u00f1o lanzan un S.O.S. simb\u00f3lico dende a ponte da amizade para abrir m\u00e1is pasos na fronteira que faciliten a mobilidade das e dos traballadores - Concello da Guarda","isPartOf":{"@id":"https:\/\/www.aguarda.es\/en\/#website"},"datePublished":"2020-06-04T09:20:17+00:00","dateModified":"2020-06-04T09:20:17+00:00","author":{"@id":"https:\/\/www.aguarda.es\/en\/#\/schema\/person\/c463ca3006858ffb349d11179d044f21"},"breadcrumb":{"@id":"https:\/\/www.aguarda.es\/en\/os-concellos-do-mino-lanzan-un-s-o-s-simbolico-dende-a-ponte-da-amizade-para-abrir-mais-pasos-na-fronteira-que-faciliten-a-mobilidade-das-e-dos-traballadores\/#breadcrumb"},"inLanguage":"en-US","potentialAction":[{"@type":"ReadAction","target":["https:\/\/www.aguarda.es\/en\/os-concellos-do-mino-lanzan-un-s-o-s-simbolico-dende-a-ponte-da-amizade-para-abrir-mais-pasos-na-fronteira-que-faciliten-a-mobilidade-das-e-dos-traballadores\/"]}]},{"@type":"BreadcrumbList","@id":"https:\/\/www.aguarda.es\/en\/os-concellos-do-mino-lanzan-un-s-o-s-simbolico-dende-a-ponte-da-amizade-para-abrir-mais-pasos-na-fronteira-que-faciliten-a-mobilidade-das-e-dos-traballadores\/#breadcrumb","itemListElement":[{"@type":"ListItem","position":1,"name":"Portada","item":"https:\/\/www.aguarda.es\/en\/"},{"@type":"ListItem","position":2,"name":"Os concellos do mi\u00f1o lanzan un S.O.S. simb\u00f3lico dende a ponte da amizade para abrir m\u00e1is pasos na fronteira que faciliten a mobilidade das e dos traballadores"}]},{"@type":"WebSite","@id":"https:\/\/www.aguarda.es\/en\/#website","url":"https:\/\/www.aguarda.es\/en\/","name":"Concello da Guarda","description":"P\u00e1xina web do concello da Guarda","potentialAction":[{"@type":"SearchAction","target":{"@type":"EntryPoint","urlTemplate":"https:\/\/www.aguarda.es\/en\/?s={search_term_string}"},"query-input":"required name=search_term_string"}],"inLanguage":"en-US"},{"@type":"Person","@id":"https:\/\/www.aguarda.es\/en\/#\/schema\/person\/c463ca3006858ffb349d11179d044f21","name":"prensa","image":{"@type":"ImageObject","inLanguage":"en-US","@id":"https:\/\/www.aguarda.es\/en\/#\/schema\/person\/image\/","url":"https:\/\/secure.gravatar.com\/avatar\/5f90ef536b0f98306edf5c7a1135ffa1?s=96&d=mm&r=g","contentUrl":"https:\/\/secure.gravatar.com\/avatar\/5f90ef536b0f98306edf5c7a1135ffa1?s=96&d=mm&r=g","caption":"prensa"},"url":"https:\/\/www.aguarda.es\/en\/author\/prensa\/"}]}},"_links":{"self":[{"href":"https:\/\/www.aguarda.es\/en\/wp-json\/wp\/v2\/posts\/21772"}],"collection":[{"href":"https:\/\/www.aguarda.es\/en\/wp-json\/wp\/v2\/posts"}],"about":[{"href":"https:\/\/www.aguarda.es\/en\/wp-json\/wp\/v2\/types\/post"}],"author":[{"embeddable":true,"href":"https:\/\/www.aguarda.es\/en\/wp-json\/wp\/v2\/users\/2"}],"replies":[{"embeddable":true,"href":"https:\/\/www.aguarda.es\/en\/wp-json\/wp\/v2\/comments?post=21772"}],"version-history":[{"count":1,"href":"https:\/\/www.aguarda.es\/en\/wp-json\/wp\/v2\/posts\/21772\/revisions"}],"predecessor-version":[{"id":21775,"href":"https:\/\/www.aguarda.es\/en\/wp-json\/wp\/v2\/posts\/21772\/revisions\/21775"}],"wp:featuredmedia":[{"embeddable":true,"href":"https:\/\/www.aguarda.es\/en\/wp-json\/wp\/v2\/media\/21773"}],"wp:attachment":[{"href":"https:\/\/www.aguarda.es\/en\/wp-json\/wp\/v2\/media?parent=21772"}],"wp:term":[{"taxonomy":"category","embeddable":true,"href":"https:\/\/www.aguarda.es\/en\/wp-json\/wp\/v2\/categories?post=21772"},{"taxonomy":"post_tag","embeddable":true,"href":"https:\/\/www.aguarda.es\/en\/wp-json\/wp\/v2\/tags?post=21772"}],"curies":[{"name":"wp","href":"https:\/\/api.w.org\/{rel}","templated":true}]}}