{"id":21810,"date":"2020-06-09T07:25:54","date_gmt":"2020-06-09T07:25:54","guid":{"rendered":"https:\/\/www.aguarda.es\/?p=21810"},"modified":"2020-06-09T07:25:55","modified_gmt":"2020-06-09T07:25:55","slug":"a-guarda-realizara-a-reforma-das-instalacions-deportivas-do-codesal","status":"publish","type":"post","link":"https:\/\/www.aguarda.es\/en\/a-guarda-realizara-a-reforma-das-instalacions-deportivas-do-codesal\/","title":{"rendered":"A Guarda realizar\u00e1 a reforma das instalaci\u00f3ns deportivas do Codesal"},"content":{"rendered":"<p style=\"text-align: justify\"><em>\u2022 O concello da Guarda investir\u00e1 m\u00e1is de 48.000\u20ac despois de asinar un convenio de cesi\u00f3n temporal das instalaci\u00f3ns coa Entidade Local Menor de Camposancos<\/em><\/p>\n<p style=\"text-align: justify\">O luns d\u00eda 8 de xu\u00f1o tivo lugar a firma dun Convenio entre o Concello da Guarda e a Entidade Local Menor de Camposancos para a cesi\u00f3n das instalaci\u00f3ns deportivas do Codesal ao concello da Guarda por un per\u00edodo de 15 anos.<\/p>\n<p style=\"text-align: justify\">Esta cesi\u00f3n ven motivada pola necesidade de realizar a renovaci\u00f3n e mellora dos vestiarios existentes e instalaci\u00f3n dun alumeado exterior para as pistas de petanca, as\u00ed como a adopci\u00f3n das medidas de seguridade, xesti\u00f3n de residuos, entre outras acci\u00f3ns, de cara a mellorar estas instalaci\u00f3ns para o servizo do com\u00fan dos cidad\u00e1ns.<\/p>\n<p style=\"text-align: justify\">As actuaci\u00f3ns a realizar forman parte dun proxecto redactado polo concello da Guarda que ser\u00e1 presentado na Deputaci\u00f3n de Pontevedra para a s\u00faa financiaci\u00f3n dentro do Plan Concellos 2020.<\/p>\n<p style=\"text-align: justify\">O concello da Guarda encargarase do mantemento das instalaci\u00f3n deportivas as\u00ed como da s\u00faa posta en valor ao longo dos 15 anos de cesi\u00f3n<\/p>\n","protected":false},"excerpt":{"rendered":"<p>\u2022 O concello da Guarda investir\u00e1 m\u00e1is de 48.000\u20ac despois de asinar un convenio de cesi\u00f3n temporal das instalaci\u00f3ns coa Entidade Local Menor de Camposancos O luns d\u00eda 8 de xu\u00f1o tivo lugar a firma dun Convenio entre o Concello &hellip; <\/p>\n","protected":false},"author":2,"featured_media":21811,"comment_status":"open","ping_status":"open","sticky":false,"template":"","format":"standard","meta":[],"categories":[33],"tags":[226,636,624,504,1830],"yoast_head":"<!-- This site is optimized with the Yoast SEO plugin v21.1 - https:\/\/yoast.com\/wordpress\/plugins\/seo\/ -->\n<title>A Guarda realizar\u00e1 a reforma das instalaci\u00f3ns deportivas do Codesal - Concello da Guarda<\/title>\n<meta name=\"robots\" content=\"index, follow, max-snippet:-1, max-image-preview:large, max-video-preview:-1\" \/>\n<link rel=\"canonical\" href=\"https:\/\/www.aguarda.es\/en\/a-guarda-realizara-a-reforma-das-instalacions-deportivas-do-codesal\/\" \/>\n<meta property=\"og:locale\" content=\"en_US\" \/>\n<meta property=\"og:type\" content=\"article\" \/>\n<meta property=\"og:title\" content=\"A Guarda realizar\u00e1 a reforma das instalaci\u00f3ns deportivas do Codesal - Concello da Guarda\" \/>\n<meta property=\"og:description\" content=\"\u2022 O concello da Guarda investir\u00e1 m\u00e1is de 48.000\u20ac despois de asinar un convenio de cesi\u00f3n temporal das instalaci\u00f3ns coa Entidade Local Menor de Camposancos O luns d\u00eda 8 de xu\u00f1o tivo lugar a firma dun Convenio entre o Concello &hellip;\" \/>\n<meta property=\"og:url\" content=\"https:\/\/www.aguarda.es\/en\/a-guarda-realizara-a-reforma-das-instalacions-deportivas-do-codesal\/\" \/>\n<meta property=\"og:site_name\" content=\"Concello da Guarda\" \/>\n<meta property=\"article:publisher\" content=\"https:\/\/www.facebook.com\/ConcellodaGuarda\" \/>\n<meta property=\"article:published_time\" content=\"2020-06-09T07:25:54+00:00\" \/>\n<meta property=\"article:modified_time\" content=\"2020-06-09T07:25:55+00:00\" \/>\n<meta property=\"og:image\" content=\"https:\/\/www.aguarda.es\/wp-content\/uploads\/2020\/06\/NP-08062020-A-Guarda-realizar\u00e1-a-reforma-das-instalaci\u00f3ns-deportivas-do-Codesal.jpg\" \/>\n\t<meta property=\"og:image:width\" content=\"800\" \/>\n\t<meta property=\"og:image:height\" content=\"533\" \/>\n\t<meta property=\"og:image:type\" content=\"image\/jpeg\" \/>\n<meta name=\"author\" content=\"prensa\" \/>\n<meta name=\"twitter:card\" content=\"summary_large_image\" \/>\n<meta name=\"twitter:creator\" content=\"@AGuarda_es\" \/>\n<meta name=\"twitter:site\" content=\"@AGuarda_es\" \/>\n<meta name=\"twitter:label1\" content=\"Written by\" \/>\n\t<meta name=\"twitter:data1\" content=\"prensa\" \/>\n\t<meta name=\"twitter:label2\" content=\"Est. reading time\" \/>\n\t<meta name=\"twitter:data2\" content=\"1 minute\" \/>\n<script type=\"application\/ld+json\" class=\"yoast-schema-graph\">{\"@context\":\"https:\/\/schema.org\",\"@graph\":[{\"@type\":\"WebPage\",\"@id\":\"https:\/\/www.aguarda.es\/en\/a-guarda-realizara-a-reforma-das-instalacions-deportivas-do-codesal\/\",\"url\":\"https:\/\/www.aguarda.es\/en\/a-guarda-realizara-a-reforma-das-instalacions-deportivas-do-codesal\/\",\"name\":\"A Guarda realizar\u00e1 a reforma das instalaci\u00f3ns deportivas do Codesal - Concello da Guarda\",\"isPartOf\":{\"@id\":\"https:\/\/www.aguarda.es\/en\/#website\"},\"datePublished\":\"2020-06-09T07:25:54+00:00\",\"dateModified\":\"2020-06-09T07:25:55+00:00\",\"author\":{\"@id\":\"https:\/\/www.aguarda.es\/en\/#\/schema\/person\/c463ca3006858ffb349d11179d044f21\"},\"breadcrumb\":{\"@id\":\"https:\/\/www.aguarda.es\/en\/a-guarda-realizara-a-reforma-das-instalacions-deportivas-do-codesal\/#breadcrumb\"},\"inLanguage\":\"en-US\",\"potentialAction\":[{\"@type\":\"ReadAction\",\"target\":[\"https:\/\/www.aguarda.es\/en\/a-guarda-realizara-a-reforma-das-instalacions-deportivas-do-codesal\/\"]}]},{\"@type\":\"BreadcrumbList\",\"@id\":\"https:\/\/www.aguarda.es\/en\/a-guarda-realizara-a-reforma-das-instalacions-deportivas-do-codesal\/#breadcrumb\",\"itemListElement\":[{\"@type\":\"ListItem\",\"position\":1,\"name\":\"Portada\",\"item\":\"https:\/\/www.aguarda.es\/en\/\"},{\"@type\":\"ListItem\",\"position\":2,\"name\":\"A Guarda realizar\u00e1 a reforma das instalaci\u00f3ns deportivas do Codesal\"}]},{\"@type\":\"WebSite\",\"@id\":\"https:\/\/www.aguarda.es\/en\/#website\",\"url\":\"https:\/\/www.aguarda.es\/en\/\",\"name\":\"Concello da Guarda\",\"description\":\"P\u00e1xina web do concello da Guarda\",\"potentialAction\":[{\"@type\":\"SearchAction\",\"target\":{\"@type\":\"EntryPoint\",\"urlTemplate\":\"https:\/\/www.aguarda.es\/en\/?s={search_term_string}\"},\"query-input\":\"required name=search_term_string\"}],\"inLanguage\":\"en-US\"},{\"@type\":\"Person\",\"@id\":\"https:\/\/www.aguarda.es\/en\/#\/schema\/person\/c463ca3006858ffb349d11179d044f21\",\"name\":\"prensa\",\"image\":{\"@type\":\"ImageObject\",\"inLanguage\":\"en-US\",\"@id\":\"https:\/\/www.aguarda.es\/en\/#\/schema\/person\/image\/\",\"url\":\"https:\/\/secure.gravatar.com\/avatar\/5f90ef536b0f98306edf5c7a1135ffa1?s=96&d=mm&r=g\",\"contentUrl\":\"https:\/\/secure.gravatar.com\/avatar\/5f90ef536b0f98306edf5c7a1135ffa1?s=96&d=mm&r=g\",\"caption\":\"prensa\"},\"url\":\"https:\/\/www.aguarda.es\/en\/author\/prensa\/\"}]}<\/script>\n<!-- \/ Yoast SEO plugin. -->","yoast_head_json":{"title":"A Guarda realizar\u00e1 a reforma das instalaci\u00f3ns deportivas do Codesal - Concello da Guarda","robots":{"index":"index","follow":"follow","max-snippet":"max-snippet:-1","max-image-preview":"max-image-preview:large","max-video-preview":"max-video-preview:-1"},"canonical":"https:\/\/www.aguarda.es\/en\/a-guarda-realizara-a-reforma-das-instalacions-deportivas-do-codesal\/","og_locale":"en_US","og_type":"article","og_title":"A Guarda realizar\u00e1 a reforma das instalaci\u00f3ns deportivas do Codesal - Concello da Guarda","og_description":"\u2022 O concello da Guarda investir\u00e1 m\u00e1is de 48.000\u20ac despois de asinar un convenio de cesi\u00f3n temporal das instalaci\u00f3ns coa Entidade Local Menor de Camposancos O luns d\u00eda 8 de xu\u00f1o tivo lugar a firma dun Convenio entre o Concello &hellip;","og_url":"https:\/\/www.aguarda.es\/en\/a-guarda-realizara-a-reforma-das-instalacions-deportivas-do-codesal\/","og_site_name":"Concello da Guarda","article_publisher":"https:\/\/www.facebook.com\/ConcellodaGuarda","article_published_time":"2020-06-09T07:25:54+00:00","article_modified_time":"2020-06-09T07:25:55+00:00","og_image":[{"width":800,"height":533,"url":"https:\/\/www.aguarda.es\/wp-content\/uploads\/2020\/06\/NP-08062020-A-Guarda-realizar\u00e1-a-reforma-das-instalaci\u00f3ns-deportivas-do-Codesal.jpg","type":"image\/jpeg"}],"author":"prensa","twitter_card":"summary_large_image","twitter_creator":"@AGuarda_es","twitter_site":"@AGuarda_es","twitter_misc":{"Written by":"prensa","Est. reading time":"1 minute"},"schema":{"@context":"https:\/\/schema.org","@graph":[{"@type":"WebPage","@id":"https:\/\/www.aguarda.es\/en\/a-guarda-realizara-a-reforma-das-instalacions-deportivas-do-codesal\/","url":"https:\/\/www.aguarda.es\/en\/a-guarda-realizara-a-reforma-das-instalacions-deportivas-do-codesal\/","name":"A Guarda realizar\u00e1 a reforma das instalaci\u00f3ns deportivas do Codesal - Concello da Guarda","isPartOf":{"@id":"https:\/\/www.aguarda.es\/en\/#website"},"datePublished":"2020-06-09T07:25:54+00:00","dateModified":"2020-06-09T07:25:55+00:00","author":{"@id":"https:\/\/www.aguarda.es\/en\/#\/schema\/person\/c463ca3006858ffb349d11179d044f21"},"breadcrumb":{"@id":"https:\/\/www.aguarda.es\/en\/a-guarda-realizara-a-reforma-das-instalacions-deportivas-do-codesal\/#breadcrumb"},"inLanguage":"en-US","potentialAction":[{"@type":"ReadAction","target":["https:\/\/www.aguarda.es\/en\/a-guarda-realizara-a-reforma-das-instalacions-deportivas-do-codesal\/"]}]},{"@type":"BreadcrumbList","@id":"https:\/\/www.aguarda.es\/en\/a-guarda-realizara-a-reforma-das-instalacions-deportivas-do-codesal\/#breadcrumb","itemListElement":[{"@type":"ListItem","position":1,"name":"Portada","item":"https:\/\/www.aguarda.es\/en\/"},{"@type":"ListItem","position":2,"name":"A Guarda realizar\u00e1 a reforma das instalaci\u00f3ns deportivas do Codesal"}]},{"@type":"WebSite","@id":"https:\/\/www.aguarda.es\/en\/#website","url":"https:\/\/www.aguarda.es\/en\/","name":"Concello da Guarda","description":"P\u00e1xina web do concello da Guarda","potentialAction":[{"@type":"SearchAction","target":{"@type":"EntryPoint","urlTemplate":"https:\/\/www.aguarda.es\/en\/?s={search_term_string}"},"query-input":"required name=search_term_string"}],"inLanguage":"en-US"},{"@type":"Person","@id":"https:\/\/www.aguarda.es\/en\/#\/schema\/person\/c463ca3006858ffb349d11179d044f21","name":"prensa","image":{"@type":"ImageObject","inLanguage":"en-US","@id":"https:\/\/www.aguarda.es\/en\/#\/schema\/person\/image\/","url":"https:\/\/secure.gravatar.com\/avatar\/5f90ef536b0f98306edf5c7a1135ffa1?s=96&d=mm&r=g","contentUrl":"https:\/\/secure.gravatar.com\/avatar\/5f90ef536b0f98306edf5c7a1135ffa1?s=96&d=mm&r=g","caption":"prensa"},"url":"https:\/\/www.aguarda.es\/en\/author\/prensa\/"}]}},"_links":{"self":[{"href":"https:\/\/www.aguarda.es\/en\/wp-json\/wp\/v2\/posts\/21810"}],"collection":[{"href":"https:\/\/www.aguarda.es\/en\/wp-json\/wp\/v2\/posts"}],"about":[{"href":"https:\/\/www.aguarda.es\/en\/wp-json\/wp\/v2\/types\/post"}],"author":[{"embeddable":true,"href":"https:\/\/www.aguarda.es\/en\/wp-json\/wp\/v2\/users\/2"}],"replies":[{"embeddable":true,"href":"https:\/\/www.aguarda.es\/en\/wp-json\/wp\/v2\/comments?post=21810"}],"version-history":[{"count":1,"href":"https:\/\/www.aguarda.es\/en\/wp-json\/wp\/v2\/posts\/21810\/revisions"}],"predecessor-version":[{"id":21813,"href":"https:\/\/www.aguarda.es\/en\/wp-json\/wp\/v2\/posts\/21810\/revisions\/21813"}],"wp:featuredmedia":[{"embeddable":true,"href":"https:\/\/www.aguarda.es\/en\/wp-json\/wp\/v2\/media\/21811"}],"wp:attachment":[{"href":"https:\/\/www.aguarda.es\/en\/wp-json\/wp\/v2\/media?parent=21810"}],"wp:term":[{"taxonomy":"category","embeddable":true,"href":"https:\/\/www.aguarda.es\/en\/wp-json\/wp\/v2\/categories?post=21810"},{"taxonomy":"post_tag","embeddable":true,"href":"https:\/\/www.aguarda.es\/en\/wp-json\/wp\/v2\/tags?post=21810"}],"curies":[{"name":"wp","href":"https:\/\/api.w.org\/{rel}","templated":true}]}}