{"id":21918,"date":"2020-06-22T09:48:49","date_gmt":"2020-06-22T09:48:49","guid":{"rendered":"https:\/\/www.aguarda.es\/?p=21918"},"modified":"2020-06-22T09:48:49","modified_gmt":"2020-06-22T09:48:49","slug":"a-guarda-pide-a-medio-ambiente-a-mellora-do-parque-da-armona","status":"publish","type":"post","link":"https:\/\/www.aguarda.es\/en\/a-guarda-pide-a-medio-ambiente-a-mellora-do-parque-da-armona\/","title":{"rendered":"A Guarda pide a Medio Ambiente a mellora do parque da Armona"},"content":{"rendered":"<p style=\"text-align: justify\">O Concello da Guarda ven de pedir a Medio Ambiente da Xunta de Galicia a realizaci\u00f3n do proxecto de recuperaci\u00f3n ambiental do \u201cMiradoiro Natural do Mi\u00f1o\u201d, un proxecto que contempla unha actuaci\u00f3n sobre o espazo do parque da Armona en Camposancos, inclu\u00eddo na Rede Natura 2000.<\/p>\n<p style=\"text-align: justify\">O proxecto de actuaci\u00f3n sobre este espazo permitir\u00e1 eliminar o aparcamento para veh\u00edculos rodados con bolardos de madeira que impidan, ou no seu caso regulen o seu acceso a esta zona, para po\u00f1er en valor este espazo como un lugar para desfrute das persoas.<\/p>\n<p style=\"text-align: justify\">O Concello da Guarda ven de retirar recentemente a p\u00e9rgola de madeira existente neste lugar, xa que se atopaba moi deteriorada polo paso do tempo e constitu\u00eda un perigo para as persoas, ademais o proxecto contempla a rehabilitaci\u00f3n dunha pasarela de madeira que tam\u00e9n se atopa deteriorada e que axudar\u00e1 a preservar este entorno natural.<\/p>\n<p style=\"text-align: justify\">Con todas estas actuaci\u00f3ns b\u00fascase a preservaci\u00f3n desta zona en condici\u00f3ns que permitan ademais a interpretaci\u00f3n do entorno natural do esteiro mediante a instalaci\u00f3n dun panel de forma que os veci\u00f1os e os visitantes entendan a importancia de \u201cdesfrutar\u201d de forma ordenada e compatible cos obxectivos de conservaci\u00f3n, mostr\u00e1ndolles a riqueza da fauna e da flora do esteiro.<\/p>\n<p style=\"text-align: justify\">O presuposto total para este proxecto ascende a un total de 24.199,33\u20ac IVE inclu\u00eddo.<\/p>\n<p style=\"text-align: center\"><img decoding=\"async\" loading=\"lazy\" class=\"aligncenter size-full wp-image-21921\" src=\"https:\/\/www.aguarda.es\/wp-content\/uploads\/2020\/06\/NP-22062020-A-Guarda-pide-a-Medio-Ambiente-a-mellora-do-parque-da-Armona-1.jpg\" alt=\"\" width=\"832\" height=\"464\" srcset=\"https:\/\/www.aguarda.es\/wp-content\/uploads\/2020\/06\/NP-22062020-A-Guarda-pide-a-Medio-Ambiente-a-mellora-do-parque-da-Armona-1.jpg 832w, https:\/\/www.aguarda.es\/wp-content\/uploads\/2020\/06\/NP-22062020-A-Guarda-pide-a-Medio-Ambiente-a-mellora-do-parque-da-Armona-1-300x167.jpg 300w, https:\/\/www.aguarda.es\/wp-content\/uploads\/2020\/06\/NP-22062020-A-Guarda-pide-a-Medio-Ambiente-a-mellora-do-parque-da-Armona-1-768x428.jpg 768w\" sizes=\"(max-width: 832px) 100vw, 832px\" \/><\/p>\n","protected":false},"excerpt":{"rendered":"<p>O Concello da Guarda ven de pedir a Medio Ambiente da Xunta de Galicia a realizaci\u00f3n do proxecto de recuperaci\u00f3n ambiental do \u201cMiradoiro Natural do Mi\u00f1o\u201d, un proxecto que contempla unha actuaci\u00f3n sobre o espazo do parque da Armona en &hellip; <\/p>\n","protected":false},"author":2,"featured_media":21919,"comment_status":"open","ping_status":"open","sticky":false,"template":"","format":"standard","meta":[],"categories":[40,33],"tags":[226,2214,227,2213],"yoast_head":"<!-- This site is optimized with the Yoast SEO plugin v21.1 - https:\/\/yoast.com\/wordpress\/plugins\/seo\/ -->\n<title>A Guarda pide a Medio Ambiente a mellora do parque da Armona - Concello da Guarda<\/title>\n<meta name=\"robots\" content=\"index, follow, max-snippet:-1, max-image-preview:large, max-video-preview:-1\" \/>\n<link rel=\"canonical\" href=\"https:\/\/www.aguarda.es\/en\/a-guarda-pide-a-medio-ambiente-a-mellora-do-parque-da-armona\/\" \/>\n<meta property=\"og:locale\" content=\"en_US\" \/>\n<meta property=\"og:type\" content=\"article\" \/>\n<meta property=\"og:title\" content=\"A Guarda pide a Medio Ambiente a mellora do parque da Armona - Concello da Guarda\" \/>\n<meta property=\"og:description\" content=\"O Concello da Guarda ven de pedir a Medio Ambiente da Xunta de Galicia a realizaci\u00f3n do proxecto de recuperaci\u00f3n ambiental do \u201cMiradoiro Natural do Mi\u00f1o\u201d, un proxecto que contempla unha actuaci\u00f3n sobre o espazo do parque da Armona en &hellip;\" \/>\n<meta property=\"og:url\" content=\"https:\/\/www.aguarda.es\/en\/a-guarda-pide-a-medio-ambiente-a-mellora-do-parque-da-armona\/\" \/>\n<meta property=\"og:site_name\" content=\"Concello da Guarda\" \/>\n<meta property=\"article:publisher\" content=\"https:\/\/www.facebook.com\/ConcellodaGuarda\" \/>\n<meta property=\"article:published_time\" content=\"2020-06-22T09:48:49+00:00\" \/>\n<meta property=\"og:image\" content=\"https:\/\/www.aguarda.es\/wp-content\/uploads\/2020\/06\/NP-22062020-A-Guarda-pide-a-Medio-Ambiente-a-mellora-do-parque-da-Armona-3.jpg\" \/>\n\t<meta property=\"og:image:width\" content=\"663\" \/>\n\t<meta property=\"og:image:height\" content=\"589\" \/>\n\t<meta property=\"og:image:type\" content=\"image\/jpeg\" \/>\n<meta name=\"author\" content=\"prensa\" \/>\n<meta name=\"twitter:card\" content=\"summary_large_image\" \/>\n<meta name=\"twitter:creator\" content=\"@AGuarda_es\" \/>\n<meta name=\"twitter:site\" content=\"@AGuarda_es\" \/>\n<meta name=\"twitter:label1\" content=\"Written by\" \/>\n\t<meta name=\"twitter:data1\" content=\"prensa\" \/>\n\t<meta name=\"twitter:label2\" content=\"Est. reading time\" \/>\n\t<meta name=\"twitter:data2\" content=\"1 minute\" \/>\n<script type=\"application\/ld+json\" class=\"yoast-schema-graph\">{\"@context\":\"https:\/\/schema.org\",\"@graph\":[{\"@type\":\"WebPage\",\"@id\":\"https:\/\/www.aguarda.es\/en\/a-guarda-pide-a-medio-ambiente-a-mellora-do-parque-da-armona\/\",\"url\":\"https:\/\/www.aguarda.es\/en\/a-guarda-pide-a-medio-ambiente-a-mellora-do-parque-da-armona\/\",\"name\":\"A Guarda pide a Medio Ambiente a mellora do parque da Armona - Concello da Guarda\",\"isPartOf\":{\"@id\":\"https:\/\/www.aguarda.es\/en\/#website\"},\"datePublished\":\"2020-06-22T09:48:49+00:00\",\"dateModified\":\"2020-06-22T09:48:49+00:00\",\"author\":{\"@id\":\"https:\/\/www.aguarda.es\/en\/#\/schema\/person\/c463ca3006858ffb349d11179d044f21\"},\"breadcrumb\":{\"@id\":\"https:\/\/www.aguarda.es\/en\/a-guarda-pide-a-medio-ambiente-a-mellora-do-parque-da-armona\/#breadcrumb\"},\"inLanguage\":\"en-US\",\"potentialAction\":[{\"@type\":\"ReadAction\",\"target\":[\"https:\/\/www.aguarda.es\/en\/a-guarda-pide-a-medio-ambiente-a-mellora-do-parque-da-armona\/\"]}]},{\"@type\":\"BreadcrumbList\",\"@id\":\"https:\/\/www.aguarda.es\/en\/a-guarda-pide-a-medio-ambiente-a-mellora-do-parque-da-armona\/#breadcrumb\",\"itemListElement\":[{\"@type\":\"ListItem\",\"position\":1,\"name\":\"Portada\",\"item\":\"https:\/\/www.aguarda.es\/en\/\"},{\"@type\":\"ListItem\",\"position\":2,\"name\":\"A Guarda pide a Medio Ambiente a mellora do parque da Armona\"}]},{\"@type\":\"WebSite\",\"@id\":\"https:\/\/www.aguarda.es\/en\/#website\",\"url\":\"https:\/\/www.aguarda.es\/en\/\",\"name\":\"Concello da Guarda\",\"description\":\"P\u00e1xina web do concello da Guarda\",\"potentialAction\":[{\"@type\":\"SearchAction\",\"target\":{\"@type\":\"EntryPoint\",\"urlTemplate\":\"https:\/\/www.aguarda.es\/en\/?s={search_term_string}\"},\"query-input\":\"required name=search_term_string\"}],\"inLanguage\":\"en-US\"},{\"@type\":\"Person\",\"@id\":\"https:\/\/www.aguarda.es\/en\/#\/schema\/person\/c463ca3006858ffb349d11179d044f21\",\"name\":\"prensa\",\"image\":{\"@type\":\"ImageObject\",\"inLanguage\":\"en-US\",\"@id\":\"https:\/\/www.aguarda.es\/en\/#\/schema\/person\/image\/\",\"url\":\"https:\/\/secure.gravatar.com\/avatar\/5f90ef536b0f98306edf5c7a1135ffa1?s=96&d=mm&r=g\",\"contentUrl\":\"https:\/\/secure.gravatar.com\/avatar\/5f90ef536b0f98306edf5c7a1135ffa1?s=96&d=mm&r=g\",\"caption\":\"prensa\"},\"url\":\"https:\/\/www.aguarda.es\/en\/author\/prensa\/\"}]}<\/script>\n<!-- \/ Yoast SEO plugin. -->","yoast_head_json":{"title":"A Guarda pide a Medio Ambiente a mellora do parque da Armona - Concello da Guarda","robots":{"index":"index","follow":"follow","max-snippet":"max-snippet:-1","max-image-preview":"max-image-preview:large","max-video-preview":"max-video-preview:-1"},"canonical":"https:\/\/www.aguarda.es\/en\/a-guarda-pide-a-medio-ambiente-a-mellora-do-parque-da-armona\/","og_locale":"en_US","og_type":"article","og_title":"A Guarda pide a Medio Ambiente a mellora do parque da Armona - Concello da Guarda","og_description":"O Concello da Guarda ven de pedir a Medio Ambiente da Xunta de Galicia a realizaci\u00f3n do proxecto de recuperaci\u00f3n ambiental do \u201cMiradoiro Natural do Mi\u00f1o\u201d, un proxecto que contempla unha actuaci\u00f3n sobre o espazo do parque da Armona en &hellip;","og_url":"https:\/\/www.aguarda.es\/en\/a-guarda-pide-a-medio-ambiente-a-mellora-do-parque-da-armona\/","og_site_name":"Concello da Guarda","article_publisher":"https:\/\/www.facebook.com\/ConcellodaGuarda","article_published_time":"2020-06-22T09:48:49+00:00","og_image":[{"width":663,"height":589,"url":"https:\/\/www.aguarda.es\/wp-content\/uploads\/2020\/06\/NP-22062020-A-Guarda-pide-a-Medio-Ambiente-a-mellora-do-parque-da-Armona-3.jpg","type":"image\/jpeg"}],"author":"prensa","twitter_card":"summary_large_image","twitter_creator":"@AGuarda_es","twitter_site":"@AGuarda_es","twitter_misc":{"Written by":"prensa","Est. reading time":"1 minute"},"schema":{"@context":"https:\/\/schema.org","@graph":[{"@type":"WebPage","@id":"https:\/\/www.aguarda.es\/en\/a-guarda-pide-a-medio-ambiente-a-mellora-do-parque-da-armona\/","url":"https:\/\/www.aguarda.es\/en\/a-guarda-pide-a-medio-ambiente-a-mellora-do-parque-da-armona\/","name":"A Guarda pide a Medio Ambiente a mellora do parque da Armona - Concello da Guarda","isPartOf":{"@id":"https:\/\/www.aguarda.es\/en\/#website"},"datePublished":"2020-06-22T09:48:49+00:00","dateModified":"2020-06-22T09:48:49+00:00","author":{"@id":"https:\/\/www.aguarda.es\/en\/#\/schema\/person\/c463ca3006858ffb349d11179d044f21"},"breadcrumb":{"@id":"https:\/\/www.aguarda.es\/en\/a-guarda-pide-a-medio-ambiente-a-mellora-do-parque-da-armona\/#breadcrumb"},"inLanguage":"en-US","potentialAction":[{"@type":"ReadAction","target":["https:\/\/www.aguarda.es\/en\/a-guarda-pide-a-medio-ambiente-a-mellora-do-parque-da-armona\/"]}]},{"@type":"BreadcrumbList","@id":"https:\/\/www.aguarda.es\/en\/a-guarda-pide-a-medio-ambiente-a-mellora-do-parque-da-armona\/#breadcrumb","itemListElement":[{"@type":"ListItem","position":1,"name":"Portada","item":"https:\/\/www.aguarda.es\/en\/"},{"@type":"ListItem","position":2,"name":"A Guarda pide a Medio Ambiente a mellora do parque da Armona"}]},{"@type":"WebSite","@id":"https:\/\/www.aguarda.es\/en\/#website","url":"https:\/\/www.aguarda.es\/en\/","name":"Concello da Guarda","description":"P\u00e1xina web do concello da Guarda","potentialAction":[{"@type":"SearchAction","target":{"@type":"EntryPoint","urlTemplate":"https:\/\/www.aguarda.es\/en\/?s={search_term_string}"},"query-input":"required name=search_term_string"}],"inLanguage":"en-US"},{"@type":"Person","@id":"https:\/\/www.aguarda.es\/en\/#\/schema\/person\/c463ca3006858ffb349d11179d044f21","name":"prensa","image":{"@type":"ImageObject","inLanguage":"en-US","@id":"https:\/\/www.aguarda.es\/en\/#\/schema\/person\/image\/","url":"https:\/\/secure.gravatar.com\/avatar\/5f90ef536b0f98306edf5c7a1135ffa1?s=96&d=mm&r=g","contentUrl":"https:\/\/secure.gravatar.com\/avatar\/5f90ef536b0f98306edf5c7a1135ffa1?s=96&d=mm&r=g","caption":"prensa"},"url":"https:\/\/www.aguarda.es\/en\/author\/prensa\/"}]}},"_links":{"self":[{"href":"https:\/\/www.aguarda.es\/en\/wp-json\/wp\/v2\/posts\/21918"}],"collection":[{"href":"https:\/\/www.aguarda.es\/en\/wp-json\/wp\/v2\/posts"}],"about":[{"href":"https:\/\/www.aguarda.es\/en\/wp-json\/wp\/v2\/types\/post"}],"author":[{"embeddable":true,"href":"https:\/\/www.aguarda.es\/en\/wp-json\/wp\/v2\/users\/2"}],"replies":[{"embeddable":true,"href":"https:\/\/www.aguarda.es\/en\/wp-json\/wp\/v2\/comments?post=21918"}],"version-history":[{"count":1,"href":"https:\/\/www.aguarda.es\/en\/wp-json\/wp\/v2\/posts\/21918\/revisions"}],"predecessor-version":[{"id":21923,"href":"https:\/\/www.aguarda.es\/en\/wp-json\/wp\/v2\/posts\/21918\/revisions\/21923"}],"wp:featuredmedia":[{"embeddable":true,"href":"https:\/\/www.aguarda.es\/en\/wp-json\/wp\/v2\/media\/21919"}],"wp:attachment":[{"href":"https:\/\/www.aguarda.es\/en\/wp-json\/wp\/v2\/media?parent=21918"}],"wp:term":[{"taxonomy":"category","embeddable":true,"href":"https:\/\/www.aguarda.es\/en\/wp-json\/wp\/v2\/categories?post=21918"},{"taxonomy":"post_tag","embeddable":true,"href":"https:\/\/www.aguarda.es\/en\/wp-json\/wp\/v2\/tags?post=21918"}],"curies":[{"name":"wp","href":"https:\/\/api.w.org\/{rel}","templated":true}]}}