{"id":22050,"date":"2020-07-17T10:27:10","date_gmt":"2020-07-17T10:27:10","guid":{"rendered":"https:\/\/www.aguarda.es\/?p=22050"},"modified":"2020-07-17T11:22:14","modified_gmt":"2020-07-17T11:22:14","slug":"abertas-as-inscricions-para-a-obra-de-teatro-infantil-lazaro-de-tormes","status":"publish","type":"post","link":"https:\/\/www.aguarda.es\/en\/abertas-as-inscricions-para-a-obra-de-teatro-infantil-lazaro-de-tormes\/","title":{"rendered":"\u00daltimas prazas dispo\u00f1ibles para a obra de teatro infantil \u2013L\u00e1zaro de Tormes- deste s\u00e1bado na Guarda"},"content":{"rendered":"<p style=\"text-align: justify\">O vindeiro s\u00e1bado d\u00eda 18 de xullo o Auditorio de San Benito ser\u00e1 o escenario da representaci\u00f3n teatral de \u201cL\u00e1zaro de Tormes\u201d, unha actividade destinada principalmente para nenos e nenas e que ter\u00e1 lugar \u00e1s 20:00h da tarde.<\/p>\n<p style=\"text-align: justify\">O Concello fai fincap\u00e9 na realizaci\u00f3n de actividades seguras, mantendo as medidas de hixiene e seguridade vixentes en cada momento, establecendo as citas e inscrici\u00f3ns previas para evitar aglomeraci\u00f3ns, para a obra de teatro \u201cL\u00e1zaro de Tormes\u201d \u00e9 preciso inscribirse no Centro Cultural da Guarda (986611850 &#8211; centrocultural@aguarda.es), haber\u00e1 un protocolo COVID para garantir a seguridade e a hixiene no recinto, con asentos numerados e separados entre si.<\/p>\n<p style=\"text-align: justify\">A representaci\u00f3n teatral de \u201cL\u00e1zaro de Tormes\u201d corre a cargo da Compa\u00f1\u00eda Pedras de Cart\u00f3n, que aterran na Guarda este s\u00e1bado despois de participar no Festival de Teatro Cl\u00e1sico de Almagro.<\/p>\n<p style=\"text-align: justify\">Pedras de Cart\u00f3n presenta a historia do Lazarillo de Tormes contada por primeira vez con m\u00e1scaras e sen palabras. A compa\u00f1\u00eda conta para esta tarefa con profesion\u00e1is cunha ampla traxectoria no teatro infantil e xuvenil, da man de Juan Rodr\u00edguez, socio fundador de Caramuxo Teatro. As\u00ed, Xos\u00e9 Manuel Esperante, Xos\u00e9 Vilarelle e Juan Rodr\u00edguez abordan dende o escenario e baixo a direcci\u00f3n de Pablo S\u00e1nchez e Laura Sarasola, esta co\u00f1ecida peza da literatura que adem\u00e1is forma parte do curr\u00edculo educativo nas escolas.<\/p>\n<p style=\"text-align: center\">Unha comedia sen palabras para gozar en familia.<\/p>\n","protected":false},"excerpt":{"rendered":"<p>O vindeiro s\u00e1bado d\u00eda 18 de xullo o Auditorio de San Benito ser\u00e1 o escenario da representaci\u00f3n teatral de \u201cL\u00e1zaro de Tormes\u201d, unha actividade destinada principalmente para nenos e nenas e que ter\u00e1 lugar \u00e1s 20:00h da tarde. O Concello &hellip; <\/p>\n","protected":false},"author":2,"featured_media":22051,"comment_status":"open","ping_status":"open","sticky":false,"template":"","format":"standard","meta":[],"categories":[34],"tags":[226,348,243,1273,373,2230],"yoast_head":"<!-- This site is optimized with the Yoast SEO plugin v21.1 - https:\/\/yoast.com\/wordpress\/plugins\/seo\/ -->\n<title>\u00daltimas prazas dispo\u00f1ibles para a obra de teatro infantil \u2013L\u00e1zaro de Tormes- deste s\u00e1bado na Guarda - Concello da Guarda<\/title>\n<meta name=\"robots\" content=\"index, follow, max-snippet:-1, max-image-preview:large, max-video-preview:-1\" \/>\n<link rel=\"canonical\" href=\"https:\/\/www.aguarda.es\/en\/abertas-as-inscricions-para-a-obra-de-teatro-infantil-lazaro-de-tormes\/\" \/>\n<meta property=\"og:locale\" content=\"en_US\" \/>\n<meta property=\"og:type\" content=\"article\" \/>\n<meta property=\"og:title\" content=\"\u00daltimas prazas dispo\u00f1ibles para a obra de teatro infantil \u2013L\u00e1zaro de Tormes- deste s\u00e1bado na Guarda - Concello da Guarda\" \/>\n<meta property=\"og:description\" content=\"O vindeiro s\u00e1bado d\u00eda 18 de xullo o Auditorio de San Benito ser\u00e1 o escenario da representaci\u00f3n teatral de \u201cL\u00e1zaro de Tormes\u201d, unha actividade destinada principalmente para nenos e nenas e que ter\u00e1 lugar \u00e1s 20:00h da tarde. O Concello &hellip;\" \/>\n<meta property=\"og:url\" content=\"https:\/\/www.aguarda.es\/en\/abertas-as-inscricions-para-a-obra-de-teatro-infantil-lazaro-de-tormes\/\" \/>\n<meta property=\"og:site_name\" content=\"Concello da Guarda\" \/>\n<meta property=\"article:publisher\" content=\"https:\/\/www.facebook.com\/ConcellodaGuarda\" \/>\n<meta property=\"article:published_time\" content=\"2020-07-17T10:27:10+00:00\" \/>\n<meta property=\"article:modified_time\" content=\"2020-07-17T11:22:14+00:00\" \/>\n<meta property=\"og:image\" content=\"https:\/\/www.aguarda.es\/wp-content\/uploads\/2020\/07\/AXENDA-XULLO-2020.jpg\" \/>\n\t<meta property=\"og:image:width\" content=\"878\" \/>\n\t<meta property=\"og:image:height\" content=\"882\" \/>\n\t<meta property=\"og:image:type\" content=\"image\/jpeg\" \/>\n<meta name=\"author\" content=\"prensa\" \/>\n<meta name=\"twitter:card\" content=\"summary_large_image\" \/>\n<meta name=\"twitter:creator\" content=\"@AGuarda_es\" \/>\n<meta name=\"twitter:site\" content=\"@AGuarda_es\" \/>\n<meta name=\"twitter:label1\" content=\"Written by\" \/>\n\t<meta name=\"twitter:data1\" content=\"prensa\" \/>\n\t<meta name=\"twitter:label2\" content=\"Est. reading time\" \/>\n\t<meta name=\"twitter:data2\" content=\"1 minute\" \/>\n<script type=\"application\/ld+json\" class=\"yoast-schema-graph\">{\"@context\":\"https:\/\/schema.org\",\"@graph\":[{\"@type\":\"WebPage\",\"@id\":\"https:\/\/www.aguarda.es\/en\/abertas-as-inscricions-para-a-obra-de-teatro-infantil-lazaro-de-tormes\/\",\"url\":\"https:\/\/www.aguarda.es\/en\/abertas-as-inscricions-para-a-obra-de-teatro-infantil-lazaro-de-tormes\/\",\"name\":\"\u00daltimas prazas dispo\u00f1ibles para a obra de teatro infantil \u2013L\u00e1zaro de Tormes- deste s\u00e1bado na Guarda - Concello da Guarda\",\"isPartOf\":{\"@id\":\"https:\/\/www.aguarda.es\/en\/#website\"},\"datePublished\":\"2020-07-17T10:27:10+00:00\",\"dateModified\":\"2020-07-17T11:22:14+00:00\",\"author\":{\"@id\":\"https:\/\/www.aguarda.es\/en\/#\/schema\/person\/c463ca3006858ffb349d11179d044f21\"},\"breadcrumb\":{\"@id\":\"https:\/\/www.aguarda.es\/en\/abertas-as-inscricions-para-a-obra-de-teatro-infantil-lazaro-de-tormes\/#breadcrumb\"},\"inLanguage\":\"en-US\",\"potentialAction\":[{\"@type\":\"ReadAction\",\"target\":[\"https:\/\/www.aguarda.es\/en\/abertas-as-inscricions-para-a-obra-de-teatro-infantil-lazaro-de-tormes\/\"]}]},{\"@type\":\"BreadcrumbList\",\"@id\":\"https:\/\/www.aguarda.es\/en\/abertas-as-inscricions-para-a-obra-de-teatro-infantil-lazaro-de-tormes\/#breadcrumb\",\"itemListElement\":[{\"@type\":\"ListItem\",\"position\":1,\"name\":\"Portada\",\"item\":\"https:\/\/www.aguarda.es\/en\/\"},{\"@type\":\"ListItem\",\"position\":2,\"name\":\"\u00daltimas prazas dispo\u00f1ibles para a obra de teatro infantil \u2013L\u00e1zaro de Tormes- deste s\u00e1bado na Guarda\"}]},{\"@type\":\"WebSite\",\"@id\":\"https:\/\/www.aguarda.es\/en\/#website\",\"url\":\"https:\/\/www.aguarda.es\/en\/\",\"name\":\"Concello da Guarda\",\"description\":\"P\u00e1xina web do concello da Guarda\",\"potentialAction\":[{\"@type\":\"SearchAction\",\"target\":{\"@type\":\"EntryPoint\",\"urlTemplate\":\"https:\/\/www.aguarda.es\/en\/?s={search_term_string}\"},\"query-input\":\"required name=search_term_string\"}],\"inLanguage\":\"en-US\"},{\"@type\":\"Person\",\"@id\":\"https:\/\/www.aguarda.es\/en\/#\/schema\/person\/c463ca3006858ffb349d11179d044f21\",\"name\":\"prensa\",\"image\":{\"@type\":\"ImageObject\",\"inLanguage\":\"en-US\",\"@id\":\"https:\/\/www.aguarda.es\/en\/#\/schema\/person\/image\/\",\"url\":\"https:\/\/secure.gravatar.com\/avatar\/5f90ef536b0f98306edf5c7a1135ffa1?s=96&d=mm&r=g\",\"contentUrl\":\"https:\/\/secure.gravatar.com\/avatar\/5f90ef536b0f98306edf5c7a1135ffa1?s=96&d=mm&r=g\",\"caption\":\"prensa\"},\"url\":\"https:\/\/www.aguarda.es\/en\/author\/prensa\/\"}]}<\/script>\n<!-- \/ Yoast SEO plugin. -->","yoast_head_json":{"title":"\u00daltimas prazas dispo\u00f1ibles para a obra de teatro infantil \u2013L\u00e1zaro de Tormes- deste s\u00e1bado na Guarda - Concello da Guarda","robots":{"index":"index","follow":"follow","max-snippet":"max-snippet:-1","max-image-preview":"max-image-preview:large","max-video-preview":"max-video-preview:-1"},"canonical":"https:\/\/www.aguarda.es\/en\/abertas-as-inscricions-para-a-obra-de-teatro-infantil-lazaro-de-tormes\/","og_locale":"en_US","og_type":"article","og_title":"\u00daltimas prazas dispo\u00f1ibles para a obra de teatro infantil \u2013L\u00e1zaro de Tormes- deste s\u00e1bado na Guarda - Concello da Guarda","og_description":"O vindeiro s\u00e1bado d\u00eda 18 de xullo o Auditorio de San Benito ser\u00e1 o escenario da representaci\u00f3n teatral de \u201cL\u00e1zaro de Tormes\u201d, unha actividade destinada principalmente para nenos e nenas e que ter\u00e1 lugar \u00e1s 20:00h da tarde. O Concello &hellip;","og_url":"https:\/\/www.aguarda.es\/en\/abertas-as-inscricions-para-a-obra-de-teatro-infantil-lazaro-de-tormes\/","og_site_name":"Concello da Guarda","article_publisher":"https:\/\/www.facebook.com\/ConcellodaGuarda","article_published_time":"2020-07-17T10:27:10+00:00","article_modified_time":"2020-07-17T11:22:14+00:00","og_image":[{"width":878,"height":882,"url":"https:\/\/www.aguarda.es\/wp-content\/uploads\/2020\/07\/AXENDA-XULLO-2020.jpg","type":"image\/jpeg"}],"author":"prensa","twitter_card":"summary_large_image","twitter_creator":"@AGuarda_es","twitter_site":"@AGuarda_es","twitter_misc":{"Written by":"prensa","Est. reading time":"1 minute"},"schema":{"@context":"https:\/\/schema.org","@graph":[{"@type":"WebPage","@id":"https:\/\/www.aguarda.es\/en\/abertas-as-inscricions-para-a-obra-de-teatro-infantil-lazaro-de-tormes\/","url":"https:\/\/www.aguarda.es\/en\/abertas-as-inscricions-para-a-obra-de-teatro-infantil-lazaro-de-tormes\/","name":"\u00daltimas prazas dispo\u00f1ibles para a obra de teatro infantil \u2013L\u00e1zaro de Tormes- deste s\u00e1bado na Guarda - Concello da Guarda","isPartOf":{"@id":"https:\/\/www.aguarda.es\/en\/#website"},"datePublished":"2020-07-17T10:27:10+00:00","dateModified":"2020-07-17T11:22:14+00:00","author":{"@id":"https:\/\/www.aguarda.es\/en\/#\/schema\/person\/c463ca3006858ffb349d11179d044f21"},"breadcrumb":{"@id":"https:\/\/www.aguarda.es\/en\/abertas-as-inscricions-para-a-obra-de-teatro-infantil-lazaro-de-tormes\/#breadcrumb"},"inLanguage":"en-US","potentialAction":[{"@type":"ReadAction","target":["https:\/\/www.aguarda.es\/en\/abertas-as-inscricions-para-a-obra-de-teatro-infantil-lazaro-de-tormes\/"]}]},{"@type":"BreadcrumbList","@id":"https:\/\/www.aguarda.es\/en\/abertas-as-inscricions-para-a-obra-de-teatro-infantil-lazaro-de-tormes\/#breadcrumb","itemListElement":[{"@type":"ListItem","position":1,"name":"Portada","item":"https:\/\/www.aguarda.es\/en\/"},{"@type":"ListItem","position":2,"name":"\u00daltimas prazas dispo\u00f1ibles para a obra de teatro infantil \u2013L\u00e1zaro de Tormes- deste s\u00e1bado na Guarda"}]},{"@type":"WebSite","@id":"https:\/\/www.aguarda.es\/en\/#website","url":"https:\/\/www.aguarda.es\/en\/","name":"Concello da Guarda","description":"P\u00e1xina web do concello da Guarda","potentialAction":[{"@type":"SearchAction","target":{"@type":"EntryPoint","urlTemplate":"https:\/\/www.aguarda.es\/en\/?s={search_term_string}"},"query-input":"required name=search_term_string"}],"inLanguage":"en-US"},{"@type":"Person","@id":"https:\/\/www.aguarda.es\/en\/#\/schema\/person\/c463ca3006858ffb349d11179d044f21","name":"prensa","image":{"@type":"ImageObject","inLanguage":"en-US","@id":"https:\/\/www.aguarda.es\/en\/#\/schema\/person\/image\/","url":"https:\/\/secure.gravatar.com\/avatar\/5f90ef536b0f98306edf5c7a1135ffa1?s=96&d=mm&r=g","contentUrl":"https:\/\/secure.gravatar.com\/avatar\/5f90ef536b0f98306edf5c7a1135ffa1?s=96&d=mm&r=g","caption":"prensa"},"url":"https:\/\/www.aguarda.es\/en\/author\/prensa\/"}]}},"_links":{"self":[{"href":"https:\/\/www.aguarda.es\/en\/wp-json\/wp\/v2\/posts\/22050"}],"collection":[{"href":"https:\/\/www.aguarda.es\/en\/wp-json\/wp\/v2\/posts"}],"about":[{"href":"https:\/\/www.aguarda.es\/en\/wp-json\/wp\/v2\/types\/post"}],"author":[{"embeddable":true,"href":"https:\/\/www.aguarda.es\/en\/wp-json\/wp\/v2\/users\/2"}],"replies":[{"embeddable":true,"href":"https:\/\/www.aguarda.es\/en\/wp-json\/wp\/v2\/comments?post=22050"}],"version-history":[{"count":2,"href":"https:\/\/www.aguarda.es\/en\/wp-json\/wp\/v2\/posts\/22050\/revisions"}],"predecessor-version":[{"id":22075,"href":"https:\/\/www.aguarda.es\/en\/wp-json\/wp\/v2\/posts\/22050\/revisions\/22075"}],"wp:featuredmedia":[{"embeddable":true,"href":"https:\/\/www.aguarda.es\/en\/wp-json\/wp\/v2\/media\/22051"}],"wp:attachment":[{"href":"https:\/\/www.aguarda.es\/en\/wp-json\/wp\/v2\/media?parent=22050"}],"wp:term":[{"taxonomy":"category","embeddable":true,"href":"https:\/\/www.aguarda.es\/en\/wp-json\/wp\/v2\/categories?post=22050"},{"taxonomy":"post_tag","embeddable":true,"href":"https:\/\/www.aguarda.es\/en\/wp-json\/wp\/v2\/tags?post=22050"}],"curies":[{"name":"wp","href":"https:\/\/api.w.org\/{rel}","templated":true}]}}