{"id":22054,"date":"2020-07-14T12:59:24","date_gmt":"2020-07-14T12:59:24","guid":{"rendered":"https:\/\/www.aguarda.es\/?p=22054"},"modified":"2020-07-14T12:59:24","modified_gmt":"2020-07-14T12:59:24","slug":"proposta-de-obradoiros-e-xogos-en-familia-na-guarda","status":"publish","type":"post","link":"https:\/\/www.aguarda.es\/en\/proposta-de-obradoiros-e-xogos-en-familia-na-guarda\/","title":{"rendered":"Proposta de obradoiros e xogos en familia na Guarda"},"content":{"rendered":"<p style=\"text-align: justify\">A OMIX do Concello da Guarda oferta d\u00faas xornadas\/obradoiros especialmente pensadas para familias con nenos e nenas de 3 a 12 anos que buscan realizar actividades xuntos e ao aire libre ou para familias tam\u00e9n que buscan recursos de ocio para nenos e nenas.<\/p>\n<p style=\"text-align: justify\">O d\u00eda 24 de xullo realizarase \u201cXogos e movemento\u201d, unha acci\u00f3n destinada a xogar ao aire libre, realizando xogos por equipos, xogos populares, xogos de ioga etc. Para poder orientar axeitadamente cada actividade a cada rango de idade realizaranse dous grupos: Grupo de 3 a 6 anos de 18:30h a 19:30h, neste caso ser\u00e1 imprescindible a participaci\u00f3n ou o acompa\u00f1amento dunha persoa adulta. Grupo de 7 a 12 anos, de 16:30h a 17:30h, neste caso os nenos e nenas poden quedar sen persoa acompa\u00f1ante se as\u00ed o desexan.<\/p>\n<p style=\"text-align: justify\">O d\u00eda 31 de xullo, ter\u00e1 lugar o \u201cObradoiro: manualidade natural, cabeza de pasto\u201d, nesta ocasi\u00f3n a proposta ser\u00e1 a realizaci\u00f3n dunha manualidade creativa e divertida e que ademais poder\u00e1n levar para a casa. Os grupos de idade participantes volven a ser de: 3 a 6 anos de 18:30h a 19:30h coa participaci\u00f3n dunha persoa adulta e no caso de 7 a 12 anos poden acudir sen persoa acompa\u00f1ante, no horario de 16:30h a 17:30h.<\/p>\n<p style=\"text-align: justify\">Para os obradoiros cada familia achegar\u00e1 unha manta ou similar para poder xogar ou realizar o obradoiro no chan. Ademais para a manualidade natural as persoas participantes traer\u00e1n: rotulador permanente negro, tesoiras, culler grande e para o grupo de maiores unha agulla de la.<\/p>\n<p style=\"text-align: justify\">M\u00e1is informaci\u00f3n e inscrici\u00f3ns na OMIX no tel\u00e9fono 676347890 ou no mail informacion@aguarda.es<\/p>\n","protected":false},"excerpt":{"rendered":"<p>A OMIX do Concello da Guarda oferta d\u00faas xornadas\/obradoiros especialmente pensadas para familias con nenos e nenas de 3 a 12 anos que buscan realizar actividades xuntos e ao aire libre ou para familias tam\u00e9n que buscan recursos de ocio &hellip; <\/p>\n","protected":false},"author":2,"featured_media":22055,"comment_status":"open","ping_status":"open","sticky":false,"template":"","format":"standard","meta":[],"categories":[48],"tags":[226,348,1799,369,284,2230,286],"yoast_head":"<!-- This site is optimized with the Yoast SEO plugin v21.1 - https:\/\/yoast.com\/wordpress\/plugins\/seo\/ -->\n<title>Proposta de obradoiros e xogos en familia na Guarda - Concello da Guarda<\/title>\n<meta name=\"robots\" content=\"index, follow, max-snippet:-1, max-image-preview:large, max-video-preview:-1\" \/>\n<link rel=\"canonical\" href=\"https:\/\/www.aguarda.es\/en\/proposta-de-obradoiros-e-xogos-en-familia-na-guarda\/\" \/>\n<meta property=\"og:locale\" content=\"en_US\" \/>\n<meta property=\"og:type\" content=\"article\" \/>\n<meta property=\"og:title\" content=\"Proposta de obradoiros e xogos en familia na Guarda - Concello da Guarda\" \/>\n<meta property=\"og:description\" content=\"A OMIX do Concello da Guarda oferta d\u00faas xornadas\/obradoiros especialmente pensadas para familias con nenos e nenas de 3 a 12 anos que buscan realizar actividades xuntos e ao aire libre ou para familias tam\u00e9n que buscan recursos de ocio &hellip;\" \/>\n<meta property=\"og:url\" content=\"https:\/\/www.aguarda.es\/en\/proposta-de-obradoiros-e-xogos-en-familia-na-guarda\/\" \/>\n<meta property=\"og:site_name\" content=\"Concello da Guarda\" \/>\n<meta property=\"article:publisher\" content=\"https:\/\/www.facebook.com\/ConcellodaGuarda\" \/>\n<meta property=\"article:published_time\" content=\"2020-07-14T12:59:24+00:00\" \/>\n<meta property=\"og:image\" content=\"https:\/\/www.aguarda.es\/wp-content\/uploads\/2020\/07\/NP-14072020-Proposta-de-obradoiros-e-xogos-en-familia-na-Guarda.jpg\" \/>\n\t<meta property=\"og:image:width\" content=\"800\" \/>\n\t<meta property=\"og:image:height\" content=\"1132\" \/>\n\t<meta property=\"og:image:type\" content=\"image\/jpeg\" \/>\n<meta name=\"author\" content=\"prensa\" \/>\n<meta name=\"twitter:card\" content=\"summary_large_image\" \/>\n<meta name=\"twitter:creator\" content=\"@AGuarda_es\" \/>\n<meta name=\"twitter:site\" content=\"@AGuarda_es\" \/>\n<meta name=\"twitter:label1\" content=\"Written by\" \/>\n\t<meta name=\"twitter:data1\" content=\"prensa\" \/>\n\t<meta name=\"twitter:label2\" content=\"Est. reading time\" \/>\n\t<meta name=\"twitter:data2\" content=\"1 minute\" \/>\n<script type=\"application\/ld+json\" class=\"yoast-schema-graph\">{\"@context\":\"https:\/\/schema.org\",\"@graph\":[{\"@type\":\"WebPage\",\"@id\":\"https:\/\/www.aguarda.es\/en\/proposta-de-obradoiros-e-xogos-en-familia-na-guarda\/\",\"url\":\"https:\/\/www.aguarda.es\/en\/proposta-de-obradoiros-e-xogos-en-familia-na-guarda\/\",\"name\":\"Proposta de obradoiros e xogos en familia na Guarda - Concello da Guarda\",\"isPartOf\":{\"@id\":\"https:\/\/www.aguarda.es\/en\/#website\"},\"datePublished\":\"2020-07-14T12:59:24+00:00\",\"dateModified\":\"2020-07-14T12:59:24+00:00\",\"author\":{\"@id\":\"https:\/\/www.aguarda.es\/en\/#\/schema\/person\/c463ca3006858ffb349d11179d044f21\"},\"breadcrumb\":{\"@id\":\"https:\/\/www.aguarda.es\/en\/proposta-de-obradoiros-e-xogos-en-familia-na-guarda\/#breadcrumb\"},\"inLanguage\":\"en-US\",\"potentialAction\":[{\"@type\":\"ReadAction\",\"target\":[\"https:\/\/www.aguarda.es\/en\/proposta-de-obradoiros-e-xogos-en-familia-na-guarda\/\"]}]},{\"@type\":\"BreadcrumbList\",\"@id\":\"https:\/\/www.aguarda.es\/en\/proposta-de-obradoiros-e-xogos-en-familia-na-guarda\/#breadcrumb\",\"itemListElement\":[{\"@type\":\"ListItem\",\"position\":1,\"name\":\"Portada\",\"item\":\"https:\/\/www.aguarda.es\/en\/\"},{\"@type\":\"ListItem\",\"position\":2,\"name\":\"Proposta de obradoiros e xogos en familia na Guarda\"}]},{\"@type\":\"WebSite\",\"@id\":\"https:\/\/www.aguarda.es\/en\/#website\",\"url\":\"https:\/\/www.aguarda.es\/en\/\",\"name\":\"Concello da Guarda\",\"description\":\"P\u00e1xina web do concello da Guarda\",\"potentialAction\":[{\"@type\":\"SearchAction\",\"target\":{\"@type\":\"EntryPoint\",\"urlTemplate\":\"https:\/\/www.aguarda.es\/en\/?s={search_term_string}\"},\"query-input\":\"required name=search_term_string\"}],\"inLanguage\":\"en-US\"},{\"@type\":\"Person\",\"@id\":\"https:\/\/www.aguarda.es\/en\/#\/schema\/person\/c463ca3006858ffb349d11179d044f21\",\"name\":\"prensa\",\"image\":{\"@type\":\"ImageObject\",\"inLanguage\":\"en-US\",\"@id\":\"https:\/\/www.aguarda.es\/en\/#\/schema\/person\/image\/\",\"url\":\"https:\/\/secure.gravatar.com\/avatar\/5f90ef536b0f98306edf5c7a1135ffa1?s=96&d=mm&r=g\",\"contentUrl\":\"https:\/\/secure.gravatar.com\/avatar\/5f90ef536b0f98306edf5c7a1135ffa1?s=96&d=mm&r=g\",\"caption\":\"prensa\"},\"url\":\"https:\/\/www.aguarda.es\/en\/author\/prensa\/\"}]}<\/script>\n<!-- \/ Yoast SEO plugin. -->","yoast_head_json":{"title":"Proposta de obradoiros e xogos en familia na Guarda - Concello da Guarda","robots":{"index":"index","follow":"follow","max-snippet":"max-snippet:-1","max-image-preview":"max-image-preview:large","max-video-preview":"max-video-preview:-1"},"canonical":"https:\/\/www.aguarda.es\/en\/proposta-de-obradoiros-e-xogos-en-familia-na-guarda\/","og_locale":"en_US","og_type":"article","og_title":"Proposta de obradoiros e xogos en familia na Guarda - Concello da Guarda","og_description":"A OMIX do Concello da Guarda oferta d\u00faas xornadas\/obradoiros especialmente pensadas para familias con nenos e nenas de 3 a 12 anos que buscan realizar actividades xuntos e ao aire libre ou para familias tam\u00e9n que buscan recursos de ocio &hellip;","og_url":"https:\/\/www.aguarda.es\/en\/proposta-de-obradoiros-e-xogos-en-familia-na-guarda\/","og_site_name":"Concello da Guarda","article_publisher":"https:\/\/www.facebook.com\/ConcellodaGuarda","article_published_time":"2020-07-14T12:59:24+00:00","og_image":[{"width":800,"height":1132,"url":"https:\/\/www.aguarda.es\/wp-content\/uploads\/2020\/07\/NP-14072020-Proposta-de-obradoiros-e-xogos-en-familia-na-Guarda.jpg","type":"image\/jpeg"}],"author":"prensa","twitter_card":"summary_large_image","twitter_creator":"@AGuarda_es","twitter_site":"@AGuarda_es","twitter_misc":{"Written by":"prensa","Est. reading time":"1 minute"},"schema":{"@context":"https:\/\/schema.org","@graph":[{"@type":"WebPage","@id":"https:\/\/www.aguarda.es\/en\/proposta-de-obradoiros-e-xogos-en-familia-na-guarda\/","url":"https:\/\/www.aguarda.es\/en\/proposta-de-obradoiros-e-xogos-en-familia-na-guarda\/","name":"Proposta de obradoiros e xogos en familia na Guarda - Concello da Guarda","isPartOf":{"@id":"https:\/\/www.aguarda.es\/en\/#website"},"datePublished":"2020-07-14T12:59:24+00:00","dateModified":"2020-07-14T12:59:24+00:00","author":{"@id":"https:\/\/www.aguarda.es\/en\/#\/schema\/person\/c463ca3006858ffb349d11179d044f21"},"breadcrumb":{"@id":"https:\/\/www.aguarda.es\/en\/proposta-de-obradoiros-e-xogos-en-familia-na-guarda\/#breadcrumb"},"inLanguage":"en-US","potentialAction":[{"@type":"ReadAction","target":["https:\/\/www.aguarda.es\/en\/proposta-de-obradoiros-e-xogos-en-familia-na-guarda\/"]}]},{"@type":"BreadcrumbList","@id":"https:\/\/www.aguarda.es\/en\/proposta-de-obradoiros-e-xogos-en-familia-na-guarda\/#breadcrumb","itemListElement":[{"@type":"ListItem","position":1,"name":"Portada","item":"https:\/\/www.aguarda.es\/en\/"},{"@type":"ListItem","position":2,"name":"Proposta de obradoiros e xogos en familia na Guarda"}]},{"@type":"WebSite","@id":"https:\/\/www.aguarda.es\/en\/#website","url":"https:\/\/www.aguarda.es\/en\/","name":"Concello da Guarda","description":"P\u00e1xina web do concello da Guarda","potentialAction":[{"@type":"SearchAction","target":{"@type":"EntryPoint","urlTemplate":"https:\/\/www.aguarda.es\/en\/?s={search_term_string}"},"query-input":"required name=search_term_string"}],"inLanguage":"en-US"},{"@type":"Person","@id":"https:\/\/www.aguarda.es\/en\/#\/schema\/person\/c463ca3006858ffb349d11179d044f21","name":"prensa","image":{"@type":"ImageObject","inLanguage":"en-US","@id":"https:\/\/www.aguarda.es\/en\/#\/schema\/person\/image\/","url":"https:\/\/secure.gravatar.com\/avatar\/5f90ef536b0f98306edf5c7a1135ffa1?s=96&d=mm&r=g","contentUrl":"https:\/\/secure.gravatar.com\/avatar\/5f90ef536b0f98306edf5c7a1135ffa1?s=96&d=mm&r=g","caption":"prensa"},"url":"https:\/\/www.aguarda.es\/en\/author\/prensa\/"}]}},"_links":{"self":[{"href":"https:\/\/www.aguarda.es\/en\/wp-json\/wp\/v2\/posts\/22054"}],"collection":[{"href":"https:\/\/www.aguarda.es\/en\/wp-json\/wp\/v2\/posts"}],"about":[{"href":"https:\/\/www.aguarda.es\/en\/wp-json\/wp\/v2\/types\/post"}],"author":[{"embeddable":true,"href":"https:\/\/www.aguarda.es\/en\/wp-json\/wp\/v2\/users\/2"}],"replies":[{"embeddable":true,"href":"https:\/\/www.aguarda.es\/en\/wp-json\/wp\/v2\/comments?post=22054"}],"version-history":[{"count":1,"href":"https:\/\/www.aguarda.es\/en\/wp-json\/wp\/v2\/posts\/22054\/revisions"}],"predecessor-version":[{"id":22057,"href":"https:\/\/www.aguarda.es\/en\/wp-json\/wp\/v2\/posts\/22054\/revisions\/22057"}],"wp:featuredmedia":[{"embeddable":true,"href":"https:\/\/www.aguarda.es\/en\/wp-json\/wp\/v2\/media\/22055"}],"wp:attachment":[{"href":"https:\/\/www.aguarda.es\/en\/wp-json\/wp\/v2\/media?parent=22054"}],"wp:term":[{"taxonomy":"category","embeddable":true,"href":"https:\/\/www.aguarda.es\/en\/wp-json\/wp\/v2\/categories?post=22054"},{"taxonomy":"post_tag","embeddable":true,"href":"https:\/\/www.aguarda.es\/en\/wp-json\/wp\/v2\/tags?post=22054"}],"curies":[{"name":"wp","href":"https:\/\/api.w.org\/{rel}","templated":true}]}}