{"id":22067,"date":"2020-07-17T07:26:36","date_gmt":"2020-07-17T07:26:36","guid":{"rendered":"https:\/\/www.aguarda.es\/?p=22067"},"modified":"2020-07-17T07:26:36","modified_gmt":"2020-07-17T07:26:36","slug":"o-concello-da-guarda-felicita-ao-clube-de-xadrez-albatros-polo-ascenso-a-primeira-division-autonomica","status":"publish","type":"post","link":"https:\/\/www.aguarda.es\/en\/o-concello-da-guarda-felicita-ao-clube-de-xadrez-albatros-polo-ascenso-a-primeira-division-autonomica\/","title":{"rendered":"O Concello da Guarda felicita ao Clube de Xadr\u00e9z Albatros polo ascenso \u00e1 Primeira divisi\u00f3n auton\u00f3mica"},"content":{"rendered":"<p style=\"text-align: justify\">O Concello da Guarda, a trav\u00e9s da Conceller\u00eda de Deportes que dirixe Montserrat Magallanes, quere facer un reco\u00f1ecemento p\u00fablico ao Clube de Xadr\u00e9z Albatros por ter acadado un importante logro deportivo como \u00e9 o ter logrado o ascenso \u00e1 Primeira divisi\u00f3n auton\u00f3mica.<\/p>\n<p style=\"text-align: justify\">O Xadrez Albatros ten a s\u00faa orixe hai case vinte e cinco anos nunha cafeter\u00eda que lle deu nome, nun autob\u00fas que lle deu forma e dunhas persoas inquietas por este deporte. A cafeter\u00eda \u00e9 o Albatros, o autob\u00fas e o que sae t\u00f3dolos d\u00edas da Guarda cara Citro\u00ebn e os xogadores, uns amigos entorno un caf\u00e9.<\/p>\n<p style=\"text-align: justify\">Posteriormente, estes veci\u00f1os da vila decidiron formar un club de xadrez. Ti\u00f1an ideas, ti\u00f1an desexos, pero o que m\u00e1is lles sobraba era ilusi\u00f3n e ter a sorte de aparecer un xogador que emigrou dende Rusia ata Galicia por motivos laborais. Iso foi o espoldrarao definitivo \u00f3 proxecto. Dita persoa aportou uns co\u00f1ecementos que desco\u00f1ec\u00edan os seus fundadores. Co\u00f1ecementos que hoxe quedar\u00edan obsoletos e de nivel incipiente, pero deu certa credibilidade a idea e permitiu o desenvolvemento do proxecto coa aprobaci\u00f3n duns estatutos, creaci\u00f3n dunha xunta directiva e a incorporaci\u00f3n e alta nos organismos competentes. Acababa de nacer a Asociaci\u00f3n Cultural e Deportiva Albatros de mans do seu presidente Vladimir Stoujinski (ano 1995).<\/p>\n<p style=\"text-align: justify\">No ano 2000 cr\u00e9ase a Escola de Xadrez Albatros, despois de varios intentos previos que non acadaron continuidade no tempo. Comeza o ensino do xadrez a partir dun pequeno grupo de rapaces onde se promove o aprendizaxe do xogo e a participaci\u00f3n en Torneos infant\u00eds. Torneos que foron o embri\u00f3n de todo o que hoxe acontece. Constitu\u00edsen uns equipos federados que participar\u00e1n na Liga de Clubs Galegos na Terceira Divisi\u00f3n Rexional, e Cuarta Divisi\u00f3n. Tam\u00e9n debemos subli\u00f1ar que a Escola de Xadrez Albatros tivo a s\u00faa evoluci\u00f3n; Novos profesores aportaron estudos e estratexias na concepci\u00f3n de aperturas e unha mellora substancial neste deporte.<\/p>\n<p style=\"text-align: justify\">Hoxe, estes \u201cnenos\u201d te\u00f1en preto de vinte e cinco anos, xogaban en segunda divisi\u00f3n que tras tocar cos dedos varias veces esa categor\u00eda terminaban fracasando na derradeira xornada, agora con certa \u201cfacilidade\u201d ascenderon \u00e1 primeira Divisi\u00f3n auton\u00f3mica. Un \u00e9xito sen d\u00fabida m\u00e1is que salientable. Nestes intres, rapaces que \u201cnaceron\u201d no club, son os responsables de ditas clases que xestionan baixo a s\u00faa responsabilidade trala supervisi\u00f3n da xunta directiva.<\/p>\n<p style=\"text-align: justify\">T\u00f3dolos responsables do fito hist\u00f3rico de ascender \u00e1 Primeira Divisi\u00f3n Auton\u00f3mica \u00f3 club Albatros son os mesmos nenos que comezaron a xogar \u00f3 xadrez a principios do novo s\u00e9culo, iso hai que salientar porque son da vila, non fichaxes exteriores.<\/p>\n<p style=\"text-align: justify\">Ter un equipo en primeira divisi\u00f3n auton\u00f3mica para una poboaci\u00f3n coma a da Guarda debe ser motivo de envexa e orgullo porque non moitas vila poden dicilo, e se enriba todos os xogadores son antigos alumnos do Club, formados polo Albatros, e por extensi\u00f3n da Guarda, soamente se pode dicir : GRACIAS !!!<\/p>\n<p style=\"text-align: justify\">Hoxe este club ten m\u00e1is de corenta nenos en clase, m\u00e1is de sesenta fichas federativas, e desenvolve cinco torneos anuais no contorno do Baixomi\u00f1o cunha gran participaci\u00f3n.<\/p>\n<p style=\"text-align: justify\">XOGADORES QUE FIXERON ISTO POSIBLE: Javier Castillo, Sergio lomba, Germ\u00e1n Vilaplana, Daniel Lomba e Antonio Castro.<\/p>\n","protected":false},"excerpt":{"rendered":"<p>O Concello da Guarda, a trav\u00e9s da Conceller\u00eda de Deportes que dirixe Montserrat Magallanes, quere facer un reco\u00f1ecemento p\u00fablico ao Clube de Xadr\u00e9z Albatros por ter acadado un importante logro deportivo como \u00e9 o ter logrado o ascenso \u00e1 Primeira &hellip; <\/p>\n","protected":false},"author":2,"featured_media":22068,"comment_status":"open","ping_status":"open","sticky":false,"template":"","format":"standard","meta":[],"categories":[35],"tags":[226,2234,276,1620],"yoast_head":"<!-- This site is optimized with the Yoast SEO plugin v21.1 - https:\/\/yoast.com\/wordpress\/plugins\/seo\/ -->\n<title>O Concello da Guarda felicita ao Clube de Xadr\u00e9z Albatros polo ascenso \u00e1 Primeira divisi\u00f3n auton\u00f3mica - Concello da Guarda<\/title>\n<meta name=\"robots\" content=\"index, follow, max-snippet:-1, max-image-preview:large, max-video-preview:-1\" \/>\n<link rel=\"canonical\" href=\"https:\/\/www.aguarda.es\/en\/o-concello-da-guarda-felicita-ao-clube-de-xadrez-albatros-polo-ascenso-a-primeira-division-autonomica\/\" \/>\n<meta property=\"og:locale\" content=\"en_US\" \/>\n<meta property=\"og:type\" content=\"article\" \/>\n<meta property=\"og:title\" content=\"O Concello da Guarda felicita ao Clube de Xadr\u00e9z Albatros polo ascenso \u00e1 Primeira divisi\u00f3n auton\u00f3mica - Concello da Guarda\" \/>\n<meta property=\"og:description\" content=\"O Concello da Guarda, a trav\u00e9s da Conceller\u00eda de Deportes que dirixe Montserrat Magallanes, quere facer un reco\u00f1ecemento p\u00fablico ao Clube de Xadr\u00e9z Albatros por ter acadado un importante logro deportivo como \u00e9 o ter logrado o ascenso \u00e1 Primeira &hellip;\" \/>\n<meta property=\"og:url\" content=\"https:\/\/www.aguarda.es\/en\/o-concello-da-guarda-felicita-ao-clube-de-xadrez-albatros-polo-ascenso-a-primeira-division-autonomica\/\" \/>\n<meta property=\"og:site_name\" content=\"Concello da Guarda\" \/>\n<meta property=\"article:publisher\" content=\"https:\/\/www.facebook.com\/ConcellodaGuarda\" \/>\n<meta property=\"article:published_time\" content=\"2020-07-17T07:26:36+00:00\" \/>\n<meta property=\"og:image\" content=\"https:\/\/www.aguarda.es\/wp-content\/uploads\/2020\/07\/NP-17072020-XADREZ-ALBATROS.jpg\" \/>\n\t<meta property=\"og:image:width\" content=\"650\" \/>\n\t<meta property=\"og:image:height\" content=\"650\" \/>\n\t<meta property=\"og:image:type\" content=\"image\/jpeg\" \/>\n<meta name=\"author\" content=\"prensa\" \/>\n<meta name=\"twitter:card\" content=\"summary_large_image\" \/>\n<meta name=\"twitter:creator\" content=\"@AGuarda_es\" \/>\n<meta name=\"twitter:site\" content=\"@AGuarda_es\" \/>\n<meta name=\"twitter:label1\" content=\"Written by\" \/>\n\t<meta name=\"twitter:data1\" content=\"prensa\" \/>\n\t<meta name=\"twitter:label2\" content=\"Est. reading time\" \/>\n\t<meta name=\"twitter:data2\" content=\"3 minutes\" \/>\n<script type=\"application\/ld+json\" class=\"yoast-schema-graph\">{\"@context\":\"https:\/\/schema.org\",\"@graph\":[{\"@type\":\"WebPage\",\"@id\":\"https:\/\/www.aguarda.es\/en\/o-concello-da-guarda-felicita-ao-clube-de-xadrez-albatros-polo-ascenso-a-primeira-division-autonomica\/\",\"url\":\"https:\/\/www.aguarda.es\/en\/o-concello-da-guarda-felicita-ao-clube-de-xadrez-albatros-polo-ascenso-a-primeira-division-autonomica\/\",\"name\":\"O Concello da Guarda felicita ao Clube de Xadr\u00e9z Albatros polo ascenso \u00e1 Primeira divisi\u00f3n auton\u00f3mica - Concello da Guarda\",\"isPartOf\":{\"@id\":\"https:\/\/www.aguarda.es\/en\/#website\"},\"datePublished\":\"2020-07-17T07:26:36+00:00\",\"dateModified\":\"2020-07-17T07:26:36+00:00\",\"author\":{\"@id\":\"https:\/\/www.aguarda.es\/en\/#\/schema\/person\/c463ca3006858ffb349d11179d044f21\"},\"breadcrumb\":{\"@id\":\"https:\/\/www.aguarda.es\/en\/o-concello-da-guarda-felicita-ao-clube-de-xadrez-albatros-polo-ascenso-a-primeira-division-autonomica\/#breadcrumb\"},\"inLanguage\":\"en-US\",\"potentialAction\":[{\"@type\":\"ReadAction\",\"target\":[\"https:\/\/www.aguarda.es\/en\/o-concello-da-guarda-felicita-ao-clube-de-xadrez-albatros-polo-ascenso-a-primeira-division-autonomica\/\"]}]},{\"@type\":\"BreadcrumbList\",\"@id\":\"https:\/\/www.aguarda.es\/en\/o-concello-da-guarda-felicita-ao-clube-de-xadrez-albatros-polo-ascenso-a-primeira-division-autonomica\/#breadcrumb\",\"itemListElement\":[{\"@type\":\"ListItem\",\"position\":1,\"name\":\"Portada\",\"item\":\"https:\/\/www.aguarda.es\/en\/\"},{\"@type\":\"ListItem\",\"position\":2,\"name\":\"O Concello da Guarda felicita ao Clube de Xadr\u00e9z Albatros polo ascenso \u00e1 Primeira divisi\u00f3n auton\u00f3mica\"}]},{\"@type\":\"WebSite\",\"@id\":\"https:\/\/www.aguarda.es\/en\/#website\",\"url\":\"https:\/\/www.aguarda.es\/en\/\",\"name\":\"Concello da Guarda\",\"description\":\"P\u00e1xina web do concello da Guarda\",\"potentialAction\":[{\"@type\":\"SearchAction\",\"target\":{\"@type\":\"EntryPoint\",\"urlTemplate\":\"https:\/\/www.aguarda.es\/en\/?s={search_term_string}\"},\"query-input\":\"required name=search_term_string\"}],\"inLanguage\":\"en-US\"},{\"@type\":\"Person\",\"@id\":\"https:\/\/www.aguarda.es\/en\/#\/schema\/person\/c463ca3006858ffb349d11179d044f21\",\"name\":\"prensa\",\"image\":{\"@type\":\"ImageObject\",\"inLanguage\":\"en-US\",\"@id\":\"https:\/\/www.aguarda.es\/en\/#\/schema\/person\/image\/\",\"url\":\"https:\/\/secure.gravatar.com\/avatar\/5f90ef536b0f98306edf5c7a1135ffa1?s=96&d=mm&r=g\",\"contentUrl\":\"https:\/\/secure.gravatar.com\/avatar\/5f90ef536b0f98306edf5c7a1135ffa1?s=96&d=mm&r=g\",\"caption\":\"prensa\"},\"url\":\"https:\/\/www.aguarda.es\/en\/author\/prensa\/\"}]}<\/script>\n<!-- \/ Yoast SEO plugin. -->","yoast_head_json":{"title":"O Concello da Guarda felicita ao Clube de Xadr\u00e9z Albatros polo ascenso \u00e1 Primeira divisi\u00f3n auton\u00f3mica - Concello da Guarda","robots":{"index":"index","follow":"follow","max-snippet":"max-snippet:-1","max-image-preview":"max-image-preview:large","max-video-preview":"max-video-preview:-1"},"canonical":"https:\/\/www.aguarda.es\/en\/o-concello-da-guarda-felicita-ao-clube-de-xadrez-albatros-polo-ascenso-a-primeira-division-autonomica\/","og_locale":"en_US","og_type":"article","og_title":"O Concello da Guarda felicita ao Clube de Xadr\u00e9z Albatros polo ascenso \u00e1 Primeira divisi\u00f3n auton\u00f3mica - Concello da Guarda","og_description":"O Concello da Guarda, a trav\u00e9s da Conceller\u00eda de Deportes que dirixe Montserrat Magallanes, quere facer un reco\u00f1ecemento p\u00fablico ao Clube de Xadr\u00e9z Albatros por ter acadado un importante logro deportivo como \u00e9 o ter logrado o ascenso \u00e1 Primeira &hellip;","og_url":"https:\/\/www.aguarda.es\/en\/o-concello-da-guarda-felicita-ao-clube-de-xadrez-albatros-polo-ascenso-a-primeira-division-autonomica\/","og_site_name":"Concello da Guarda","article_publisher":"https:\/\/www.facebook.com\/ConcellodaGuarda","article_published_time":"2020-07-17T07:26:36+00:00","og_image":[{"width":650,"height":650,"url":"https:\/\/www.aguarda.es\/wp-content\/uploads\/2020\/07\/NP-17072020-XADREZ-ALBATROS.jpg","type":"image\/jpeg"}],"author":"prensa","twitter_card":"summary_large_image","twitter_creator":"@AGuarda_es","twitter_site":"@AGuarda_es","twitter_misc":{"Written by":"prensa","Est. reading time":"3 minutes"},"schema":{"@context":"https:\/\/schema.org","@graph":[{"@type":"WebPage","@id":"https:\/\/www.aguarda.es\/en\/o-concello-da-guarda-felicita-ao-clube-de-xadrez-albatros-polo-ascenso-a-primeira-division-autonomica\/","url":"https:\/\/www.aguarda.es\/en\/o-concello-da-guarda-felicita-ao-clube-de-xadrez-albatros-polo-ascenso-a-primeira-division-autonomica\/","name":"O Concello da Guarda felicita ao Clube de Xadr\u00e9z Albatros polo ascenso \u00e1 Primeira divisi\u00f3n auton\u00f3mica - Concello da Guarda","isPartOf":{"@id":"https:\/\/www.aguarda.es\/en\/#website"},"datePublished":"2020-07-17T07:26:36+00:00","dateModified":"2020-07-17T07:26:36+00:00","author":{"@id":"https:\/\/www.aguarda.es\/en\/#\/schema\/person\/c463ca3006858ffb349d11179d044f21"},"breadcrumb":{"@id":"https:\/\/www.aguarda.es\/en\/o-concello-da-guarda-felicita-ao-clube-de-xadrez-albatros-polo-ascenso-a-primeira-division-autonomica\/#breadcrumb"},"inLanguage":"en-US","potentialAction":[{"@type":"ReadAction","target":["https:\/\/www.aguarda.es\/en\/o-concello-da-guarda-felicita-ao-clube-de-xadrez-albatros-polo-ascenso-a-primeira-division-autonomica\/"]}]},{"@type":"BreadcrumbList","@id":"https:\/\/www.aguarda.es\/en\/o-concello-da-guarda-felicita-ao-clube-de-xadrez-albatros-polo-ascenso-a-primeira-division-autonomica\/#breadcrumb","itemListElement":[{"@type":"ListItem","position":1,"name":"Portada","item":"https:\/\/www.aguarda.es\/en\/"},{"@type":"ListItem","position":2,"name":"O Concello da Guarda felicita ao Clube de Xadr\u00e9z Albatros polo ascenso \u00e1 Primeira divisi\u00f3n auton\u00f3mica"}]},{"@type":"WebSite","@id":"https:\/\/www.aguarda.es\/en\/#website","url":"https:\/\/www.aguarda.es\/en\/","name":"Concello da Guarda","description":"P\u00e1xina web do concello da Guarda","potentialAction":[{"@type":"SearchAction","target":{"@type":"EntryPoint","urlTemplate":"https:\/\/www.aguarda.es\/en\/?s={search_term_string}"},"query-input":"required name=search_term_string"}],"inLanguage":"en-US"},{"@type":"Person","@id":"https:\/\/www.aguarda.es\/en\/#\/schema\/person\/c463ca3006858ffb349d11179d044f21","name":"prensa","image":{"@type":"ImageObject","inLanguage":"en-US","@id":"https:\/\/www.aguarda.es\/en\/#\/schema\/person\/image\/","url":"https:\/\/secure.gravatar.com\/avatar\/5f90ef536b0f98306edf5c7a1135ffa1?s=96&d=mm&r=g","contentUrl":"https:\/\/secure.gravatar.com\/avatar\/5f90ef536b0f98306edf5c7a1135ffa1?s=96&d=mm&r=g","caption":"prensa"},"url":"https:\/\/www.aguarda.es\/en\/author\/prensa\/"}]}},"_links":{"self":[{"href":"https:\/\/www.aguarda.es\/en\/wp-json\/wp\/v2\/posts\/22067"}],"collection":[{"href":"https:\/\/www.aguarda.es\/en\/wp-json\/wp\/v2\/posts"}],"about":[{"href":"https:\/\/www.aguarda.es\/en\/wp-json\/wp\/v2\/types\/post"}],"author":[{"embeddable":true,"href":"https:\/\/www.aguarda.es\/en\/wp-json\/wp\/v2\/users\/2"}],"replies":[{"embeddable":true,"href":"https:\/\/www.aguarda.es\/en\/wp-json\/wp\/v2\/comments?post=22067"}],"version-history":[{"count":1,"href":"https:\/\/www.aguarda.es\/en\/wp-json\/wp\/v2\/posts\/22067\/revisions"}],"predecessor-version":[{"id":22070,"href":"https:\/\/www.aguarda.es\/en\/wp-json\/wp\/v2\/posts\/22067\/revisions\/22070"}],"wp:featuredmedia":[{"embeddable":true,"href":"https:\/\/www.aguarda.es\/en\/wp-json\/wp\/v2\/media\/22068"}],"wp:attachment":[{"href":"https:\/\/www.aguarda.es\/en\/wp-json\/wp\/v2\/media?parent=22067"}],"wp:term":[{"taxonomy":"category","embeddable":true,"href":"https:\/\/www.aguarda.es\/en\/wp-json\/wp\/v2\/categories?post=22067"},{"taxonomy":"post_tag","embeddable":true,"href":"https:\/\/www.aguarda.es\/en\/wp-json\/wp\/v2\/tags?post=22067"}],"curies":[{"name":"wp","href":"https:\/\/api.w.org\/{rel}","templated":true}]}}