{"id":2207,"date":"2016-09-16T12:46:09","date_gmt":"2016-09-16T12:46:09","guid":{"rendered":"https:\/\/www.aguarda.es\/?p=2207"},"modified":"2016-09-16T12:46:09","modified_gmt":"2016-09-16T12:46:09","slug":"o-concello-da-guarda-pide-a-xunta-que-lle-posibilite-acceder-a-subvencion-da-praza-de-abastos","status":"publish","type":"post","link":"https:\/\/www.aguarda.es\/en\/o-concello-da-guarda-pide-a-xunta-que-lle-posibilite-acceder-a-subvencion-da-praza-de-abastos\/","title":{"rendered":"O concello da Guarda pide \u00e1 Xunta que lle posibilite acceder a subvenci\u00f3n da Praza de Abastos"},"content":{"rendered":"<p lang=\"gl-ES\"><span>Con data 14 de xullo de 2016 a Conseller\u00eda de Industria publica a orde coas bases para a concesi\u00f3n de axudas para os mercados e prazas de abastos para a consecuci\u00f3n de mercados de excelencia.<\/span><\/p>\n<p>  <!--more-->  <\/p>\n<p lang=\"gl-ES\"><span><span>Con data 14 de xullo de 2016 a Conseller\u00eda de Industria publica a orde coas bases para a concesi\u00f3n de axudas para os mercados e prazas de abastos para a consecuci\u00f3n de mercados de excelencia.<\/span><span>\u00a0<\/span><\/span><\/p>\n<p><span><img decoding=\"async\" loading=\"lazy\" class=\" size-full wp-image-2206\" src=\"https:\/\/www.aguarda.es\/wp-content\/uploads\/2016\/09\/2016_Plaza%20de%20abastos1.jpg\" alt=\"\" width=\"436\" height=\"325\" \/><\/span><\/p>\n<p lang=\"gl-ES\"><span>Na mencionada orde establ\u00e9cese o prazo de presentaci\u00f3n de solicitudes ata o 17 de agosto e o prazo de xustificaci\u00f3n de remate das obras ata o 30 de novembro de 2016.<\/span><\/p>\n<p lang=\"gl-ES\"><span>Tendo en conta que a data de hoxe, 16 de setembro, non est\u00e1 publicada a resoluci\u00f3n nin sabemos cando te\u00f1en previsto facelo. Que o proxecto presentado polo concello da Guarda de \u201celiminaci\u00f3n de barreiras arquitect\u00f3nicas na praza de abastos\u201d ten un orzamento de 105.000 \u20ac. Que existen uns prazos legais establecidos para tramitaci\u00f3n administrativa e para a adxudicaci\u00f3n de obras destes importes e que segundo os servizos t\u00e9cnicos do concello a data de hoxe ser\u00eda imposible cumprir con estes prazos, tendo en conta a data l\u00edmite posta pola Xunta para a xustificaci\u00f3n da obra.<\/span><\/p>\n<p lang=\"gl-ES\"><span>O concello da Guarda solicitou \u00e1 Conseller\u00eda de Econom\u00eda, Emprego e Industria a ampliaci\u00f3n do prazo de xustificaci\u00f3n para poder respectar a legalidade no sistema e prazos de contrataci\u00f3n e execuci\u00f3n da obra, \u00a0para poder recibir a axuda. O concello considera que a Xunta debe acceder a esta solicitude dado que non facelo pode representar un prexu\u00edzo para os praceiros e veci\u00f1os da Guarda e doutros concellos que solicitaran esta subvenci\u00f3n. <\/span><\/p>\n","protected":false},"excerpt":{"rendered":"<p>Con data 14 de xullo de 2016 a Conseller\u00eda de Industria publica a orde coas bases para a concesi\u00f3n de axudas para os mercados e prazas de abastos para a consecuci\u00f3n de mercados de excelencia.<\/p>\n","protected":false},"author":1,"featured_media":2206,"comment_status":"open","ping_status":"open","sticky":false,"template":"","format":"standard","meta":[],"categories":[33],"tags":[],"yoast_head":"<!-- This site is optimized with the Yoast SEO plugin v21.1 - https:\/\/yoast.com\/wordpress\/plugins\/seo\/ -->\n<title>O concello da Guarda pide \u00e1 Xunta que lle posibilite acceder a subvenci\u00f3n da Praza de Abastos - Concello da Guarda<\/title>\n<meta name=\"robots\" content=\"index, follow, max-snippet:-1, max-image-preview:large, max-video-preview:-1\" \/>\n<link rel=\"canonical\" href=\"https:\/\/www.aguarda.es\/en\/o-concello-da-guarda-pide-a-xunta-que-lle-posibilite-acceder-a-subvencion-da-praza-de-abastos\/\" \/>\n<meta property=\"og:locale\" content=\"en_US\" \/>\n<meta property=\"og:type\" content=\"article\" \/>\n<meta property=\"og:title\" content=\"O concello da Guarda pide \u00e1 Xunta que lle posibilite acceder a subvenci\u00f3n da Praza de Abastos - Concello da Guarda\" \/>\n<meta property=\"og:description\" content=\"Con data 14 de xullo de 2016 a Conseller\u00eda de Industria publica a orde coas bases para a concesi\u00f3n de axudas para os mercados e prazas de abastos para a consecuci\u00f3n de mercados de excelencia.\" \/>\n<meta property=\"og:url\" content=\"https:\/\/www.aguarda.es\/en\/o-concello-da-guarda-pide-a-xunta-que-lle-posibilite-acceder-a-subvencion-da-praza-de-abastos\/\" \/>\n<meta property=\"og:site_name\" content=\"Concello da Guarda\" \/>\n<meta property=\"article:publisher\" content=\"https:\/\/www.facebook.com\/ConcellodaGuarda\" \/>\n<meta property=\"article:published_time\" content=\"2016-09-16T12:46:09+00:00\" \/>\n<meta property=\"og:image\" content=\"https:\/\/www.aguarda.es\/wp-content\/uploads\/2016\/09\/2016_Plaza%20de%20abastos1.jpg\" \/>\n\t<meta property=\"og:image:width\" content=\"700\" \/>\n\t<meta property=\"og:image:height\" content=\"522\" \/>\n\t<meta property=\"og:image:type\" content=\"image\/jpeg\" \/>\n<meta name=\"author\" content=\"Concello\" \/>\n<meta name=\"twitter:card\" content=\"summary_large_image\" \/>\n<meta name=\"twitter:creator\" content=\"@AGuarda_es\" \/>\n<meta name=\"twitter:site\" content=\"@AGuarda_es\" \/>\n<meta name=\"twitter:label1\" content=\"Written by\" \/>\n\t<meta name=\"twitter:data1\" content=\"Concello\" \/>\n\t<meta name=\"twitter:label2\" content=\"Est. reading time\" \/>\n\t<meta name=\"twitter:data2\" content=\"1 minute\" \/>\n<script type=\"application\/ld+json\" class=\"yoast-schema-graph\">{\"@context\":\"https:\/\/schema.org\",\"@graph\":[{\"@type\":\"WebPage\",\"@id\":\"https:\/\/www.aguarda.es\/en\/o-concello-da-guarda-pide-a-xunta-que-lle-posibilite-acceder-a-subvencion-da-praza-de-abastos\/\",\"url\":\"https:\/\/www.aguarda.es\/en\/o-concello-da-guarda-pide-a-xunta-que-lle-posibilite-acceder-a-subvencion-da-praza-de-abastos\/\",\"name\":\"O concello da Guarda pide \u00e1 Xunta que lle posibilite acceder a subvenci\u00f3n da Praza de Abastos - Concello da Guarda\",\"isPartOf\":{\"@id\":\"https:\/\/www.aguarda.es\/en\/#website\"},\"datePublished\":\"2016-09-16T12:46:09+00:00\",\"dateModified\":\"2016-09-16T12:46:09+00:00\",\"author\":{\"@id\":\"https:\/\/www.aguarda.es\/en\/#\/schema\/person\/ac30f4d74843174f0af56c730f74dd57\"},\"breadcrumb\":{\"@id\":\"https:\/\/www.aguarda.es\/en\/o-concello-da-guarda-pide-a-xunta-que-lle-posibilite-acceder-a-subvencion-da-praza-de-abastos\/#breadcrumb\"},\"inLanguage\":\"en-US\",\"potentialAction\":[{\"@type\":\"ReadAction\",\"target\":[\"https:\/\/www.aguarda.es\/en\/o-concello-da-guarda-pide-a-xunta-que-lle-posibilite-acceder-a-subvencion-da-praza-de-abastos\/\"]}]},{\"@type\":\"BreadcrumbList\",\"@id\":\"https:\/\/www.aguarda.es\/en\/o-concello-da-guarda-pide-a-xunta-que-lle-posibilite-acceder-a-subvencion-da-praza-de-abastos\/#breadcrumb\",\"itemListElement\":[{\"@type\":\"ListItem\",\"position\":1,\"name\":\"Portada\",\"item\":\"https:\/\/www.aguarda.es\/en\/\"},{\"@type\":\"ListItem\",\"position\":2,\"name\":\"O concello da Guarda pide \u00e1 Xunta que lle posibilite acceder a subvenci\u00f3n da Praza de Abastos\"}]},{\"@type\":\"WebSite\",\"@id\":\"https:\/\/www.aguarda.es\/en\/#website\",\"url\":\"https:\/\/www.aguarda.es\/en\/\",\"name\":\"Concello da Guarda\",\"description\":\"P\u00e1xina web do concello da Guarda\",\"potentialAction\":[{\"@type\":\"SearchAction\",\"target\":{\"@type\":\"EntryPoint\",\"urlTemplate\":\"https:\/\/www.aguarda.es\/en\/?s={search_term_string}\"},\"query-input\":\"required name=search_term_string\"}],\"inLanguage\":\"en-US\"},{\"@type\":\"Person\",\"@id\":\"https:\/\/www.aguarda.es\/en\/#\/schema\/person\/ac30f4d74843174f0af56c730f74dd57\",\"name\":\"Concello\",\"image\":{\"@type\":\"ImageObject\",\"inLanguage\":\"en-US\",\"@id\":\"https:\/\/www.aguarda.es\/en\/#\/schema\/person\/image\/\",\"url\":\"https:\/\/secure.gravatar.com\/avatar\/7eda12a04da40b2ef77eb62e68f07027?s=96&d=mm&r=g\",\"contentUrl\":\"https:\/\/secure.gravatar.com\/avatar\/7eda12a04da40b2ef77eb62e68f07027?s=96&d=mm&r=g\",\"caption\":\"Concello\"},\"url\":\"https:\/\/www.aguarda.es\/en\/author\/admin\/\"}]}<\/script>\n<!-- \/ Yoast SEO plugin. -->","yoast_head_json":{"title":"O concello da Guarda pide \u00e1 Xunta que lle posibilite acceder a subvenci\u00f3n da Praza de Abastos - Concello da Guarda","robots":{"index":"index","follow":"follow","max-snippet":"max-snippet:-1","max-image-preview":"max-image-preview:large","max-video-preview":"max-video-preview:-1"},"canonical":"https:\/\/www.aguarda.es\/en\/o-concello-da-guarda-pide-a-xunta-que-lle-posibilite-acceder-a-subvencion-da-praza-de-abastos\/","og_locale":"en_US","og_type":"article","og_title":"O concello da Guarda pide \u00e1 Xunta que lle posibilite acceder a subvenci\u00f3n da Praza de Abastos - Concello da Guarda","og_description":"Con data 14 de xullo de 2016 a Conseller\u00eda de Industria publica a orde coas bases para a concesi\u00f3n de axudas para os mercados e prazas de abastos para a consecuci\u00f3n de mercados de excelencia.","og_url":"https:\/\/www.aguarda.es\/en\/o-concello-da-guarda-pide-a-xunta-que-lle-posibilite-acceder-a-subvencion-da-praza-de-abastos\/","og_site_name":"Concello da Guarda","article_publisher":"https:\/\/www.facebook.com\/ConcellodaGuarda","article_published_time":"2016-09-16T12:46:09+00:00","og_image":[{"width":700,"height":522,"url":"https:\/\/www.aguarda.es\/wp-content\/uploads\/2016\/09\/2016_Plaza de abastos1.jpg","type":"image\/jpeg"}],"author":"Concello","twitter_card":"summary_large_image","twitter_creator":"@AGuarda_es","twitter_site":"@AGuarda_es","twitter_misc":{"Written by":"Concello","Est. reading time":"1 minute"},"schema":{"@context":"https:\/\/schema.org","@graph":[{"@type":"WebPage","@id":"https:\/\/www.aguarda.es\/en\/o-concello-da-guarda-pide-a-xunta-que-lle-posibilite-acceder-a-subvencion-da-praza-de-abastos\/","url":"https:\/\/www.aguarda.es\/en\/o-concello-da-guarda-pide-a-xunta-que-lle-posibilite-acceder-a-subvencion-da-praza-de-abastos\/","name":"O concello da Guarda pide \u00e1 Xunta que lle posibilite acceder a subvenci\u00f3n da Praza de Abastos - Concello da Guarda","isPartOf":{"@id":"https:\/\/www.aguarda.es\/en\/#website"},"datePublished":"2016-09-16T12:46:09+00:00","dateModified":"2016-09-16T12:46:09+00:00","author":{"@id":"https:\/\/www.aguarda.es\/en\/#\/schema\/person\/ac30f4d74843174f0af56c730f74dd57"},"breadcrumb":{"@id":"https:\/\/www.aguarda.es\/en\/o-concello-da-guarda-pide-a-xunta-que-lle-posibilite-acceder-a-subvencion-da-praza-de-abastos\/#breadcrumb"},"inLanguage":"en-US","potentialAction":[{"@type":"ReadAction","target":["https:\/\/www.aguarda.es\/en\/o-concello-da-guarda-pide-a-xunta-que-lle-posibilite-acceder-a-subvencion-da-praza-de-abastos\/"]}]},{"@type":"BreadcrumbList","@id":"https:\/\/www.aguarda.es\/en\/o-concello-da-guarda-pide-a-xunta-que-lle-posibilite-acceder-a-subvencion-da-praza-de-abastos\/#breadcrumb","itemListElement":[{"@type":"ListItem","position":1,"name":"Portada","item":"https:\/\/www.aguarda.es\/en\/"},{"@type":"ListItem","position":2,"name":"O concello da Guarda pide \u00e1 Xunta que lle posibilite acceder a subvenci\u00f3n da Praza de Abastos"}]},{"@type":"WebSite","@id":"https:\/\/www.aguarda.es\/en\/#website","url":"https:\/\/www.aguarda.es\/en\/","name":"Concello da Guarda","description":"P\u00e1xina web do concello da Guarda","potentialAction":[{"@type":"SearchAction","target":{"@type":"EntryPoint","urlTemplate":"https:\/\/www.aguarda.es\/en\/?s={search_term_string}"},"query-input":"required name=search_term_string"}],"inLanguage":"en-US"},{"@type":"Person","@id":"https:\/\/www.aguarda.es\/en\/#\/schema\/person\/ac30f4d74843174f0af56c730f74dd57","name":"Concello","image":{"@type":"ImageObject","inLanguage":"en-US","@id":"https:\/\/www.aguarda.es\/en\/#\/schema\/person\/image\/","url":"https:\/\/secure.gravatar.com\/avatar\/7eda12a04da40b2ef77eb62e68f07027?s=96&d=mm&r=g","contentUrl":"https:\/\/secure.gravatar.com\/avatar\/7eda12a04da40b2ef77eb62e68f07027?s=96&d=mm&r=g","caption":"Concello"},"url":"https:\/\/www.aguarda.es\/en\/author\/admin\/"}]}},"_links":{"self":[{"href":"https:\/\/www.aguarda.es\/en\/wp-json\/wp\/v2\/posts\/2207"}],"collection":[{"href":"https:\/\/www.aguarda.es\/en\/wp-json\/wp\/v2\/posts"}],"about":[{"href":"https:\/\/www.aguarda.es\/en\/wp-json\/wp\/v2\/types\/post"}],"author":[{"embeddable":true,"href":"https:\/\/www.aguarda.es\/en\/wp-json\/wp\/v2\/users\/1"}],"replies":[{"embeddable":true,"href":"https:\/\/www.aguarda.es\/en\/wp-json\/wp\/v2\/comments?post=2207"}],"version-history":[{"count":0,"href":"https:\/\/www.aguarda.es\/en\/wp-json\/wp\/v2\/posts\/2207\/revisions"}],"wp:featuredmedia":[{"embeddable":true,"href":"https:\/\/www.aguarda.es\/en\/wp-json\/wp\/v2\/media\/2206"}],"wp:attachment":[{"href":"https:\/\/www.aguarda.es\/en\/wp-json\/wp\/v2\/media?parent=2207"}],"wp:term":[{"taxonomy":"category","embeddable":true,"href":"https:\/\/www.aguarda.es\/en\/wp-json\/wp\/v2\/categories?post=2207"},{"taxonomy":"post_tag","embeddable":true,"href":"https:\/\/www.aguarda.es\/en\/wp-json\/wp\/v2\/tags?post=2207"}],"curies":[{"name":"wp","href":"https:\/\/api.w.org\/{rel}","templated":true}]}}