{"id":22083,"date":"2020-07-20T12:52:46","date_gmt":"2020-07-20T12:52:46","guid":{"rendered":"https:\/\/www.aguarda.es\/?p=22083"},"modified":"2020-07-20T13:04:10","modified_gmt":"2020-07-20T13:04:10","slug":"continua-a-programacion-de-veran-na-guarda-con-cinema-visitas-guiadas-actividades-en-familia-e-moito-mais","status":"publish","type":"post","link":"https:\/\/www.aguarda.es\/en\/continua-a-programacion-de-veran-na-guarda-con-cinema-visitas-guiadas-actividades-en-familia-e-moito-mais\/","title":{"rendered":"Contin\u00faa a programaci\u00f3n de ver\u00e1n na Guarda con cinema, visitas guiadas, actividades en familia e moito m\u00e1is"},"content":{"rendered":"<p style=\"text-align: justify\">O Concello da Guarda contin\u00faa esta semana co calendario de actividades recollido na Axenda de Ver\u00e1n 2020 e na que aparecen reflexadas todas as propostas culturais, formativas, tur\u00edsticas, deportivas e de ocio que est\u00e1n a disposici\u00f3n de toda a cidadan\u00eda guardesa e visitantes ao longo dos meses de ver\u00e1n.<\/p>\n<p style=\"text-align: justify\">Estas actividades est\u00e1n xestionadas a trav\u00e9s de diferentes departamentos municipais e xa se iniciaron a pasada semana con actividades programadas para todas as idades e gustos e que pretenden manter entretidos a veci\u00f1os e visitantes, pero tendo en conta tam\u00e9n as medidas de hixiene e seguridade polo COVID-19, polo que te\u00f1en lugar en espazos abertos e ao aire libre e cun aforo limitado.<\/p>\n<p style=\"text-align: justify\">Contin\u00faan deste xeito as visitas \u00e1 embarcaci\u00f3n O Piueiro que se repetir\u00e1n os martes e xoves do ver\u00e1n (ag\u00e1s o 23 de xullo), as visitas regulares \u00f3 Monte Santa Trega (de venres a domingo) e as visitas de natureza que se suceder\u00e1n cada domingo de xullo e agosto.<\/p>\n<p style=\"text-align: justify\">A programaci\u00f3n contin\u00faa con novas propostas da Omix para a mocidade e as familias que se realizar\u00e1n no Castelo de Santa Cruz, con horarios diferenciados en funci\u00f3n das idades dos nenos. Informaci\u00f3n e inscrici\u00f3ns na Omix (informacion@aguarda.es)<\/p>\n<p style=\"text-align: justify\">Destacan as novas propostas culturais para esta semana, entre elas o Cinema na R\u00faa, na Praza do Rel\u00f3 coa proxecci\u00f3n o xoves d\u00eda 23 de \u201cLa Gallina Turuleca\u201d \u00e1s 22:30h e un espect\u00e1culo de Cabaret no Auditorio de San Benito o s\u00e1bado 25 de xullo \u00e1s 20:30h. Inscrici\u00f3n previa para estas actividades culturais no Centro Cultural (986611850 &#8211; centrocultural@aguarda.es)<\/p>\n<p style=\"text-align: justify\">O venres 24 de xullo celebrar\u00e1se a Visita de astronom\u00eda \u201cNoite de estrelas\u201d no Puntal \u00e1s 23:00h. Inscrici\u00f3n previa na Oficina da turismo (986 614546 ou no enderezo electr\u00f3nico aguarda.oficina.turismo@gmail.com)<\/p>\n<p style=\"text-align: justify\">O domingo 26 contin\u00faan os \u201cDomingos de natureza e auga\u201d, \u00e1s 10:00h. con diversos percorridos polo litoral guard\u00e9s. Informaci\u00f3n e inscrici\u00f3ns na Oficina de turismo 986614546 ou no enderezo electr\u00f3nico aguarda.oficina.turismo@gmail.com<\/p>\n<p><a href=\"https:\/\/www.aguarda.es\/veran-cargado-de-actividades-para-todas-as-idades-na-guarda\/\"><img decoding=\"async\" class=\"aligncenter\" src=\"https:\/\/www.aguarda.es\/wp-content\/uploads\/2020\/07\/JUL-AXENDA-QR-copia.jpg\" \/><\/a><\/p>\n<p><img decoding=\"async\" loading=\"lazy\" class=\"aligncenter size-full wp-image-22030\" src=\"https:\/\/www.aguarda.es\/wp-content\/uploads\/2020\/07\/AXENDA-A-GUARDA-XULLO-2020.jpg\" alt=\"\" width=\"800\" height=\"1179\" srcset=\"https:\/\/www.aguarda.es\/wp-content\/uploads\/2020\/07\/AXENDA-A-GUARDA-XULLO-2020.jpg 800w, https:\/\/www.aguarda.es\/wp-content\/uploads\/2020\/07\/AXENDA-A-GUARDA-XULLO-2020-204x300.jpg 204w, https:\/\/www.aguarda.es\/wp-content\/uploads\/2020\/07\/AXENDA-A-GUARDA-XULLO-2020-768x1132.jpg 768w, https:\/\/www.aguarda.es\/wp-content\/uploads\/2020\/07\/AXENDA-A-GUARDA-XULLO-2020-695x1024.jpg 695w\" sizes=\"(max-width: 800px) 100vw, 800px\" \/><img decoding=\"async\" loading=\"lazy\" class=\"aligncenter size-full wp-image-22032\" src=\"https:\/\/www.aguarda.es\/wp-content\/uploads\/2020\/07\/AXENDA-A-GUARDA-AGOSTO-2020.jpg\" alt=\"\" width=\"800\" height=\"1179\" srcset=\"https:\/\/www.aguarda.es\/wp-content\/uploads\/2020\/07\/AXENDA-A-GUARDA-AGOSTO-2020.jpg 800w, https:\/\/www.aguarda.es\/wp-content\/uploads\/2020\/07\/AXENDA-A-GUARDA-AGOSTO-2020-204x300.jpg 204w, https:\/\/www.aguarda.es\/wp-content\/uploads\/2020\/07\/AXENDA-A-GUARDA-AGOSTO-2020-768x1132.jpg 768w, https:\/\/www.aguarda.es\/wp-content\/uploads\/2020\/07\/AXENDA-A-GUARDA-AGOSTO-2020-695x1024.jpg 695w\" sizes=\"(max-width: 800px) 100vw, 800px\" \/><\/p>\n","protected":false},"excerpt":{"rendered":"<p>O Concello da Guarda contin\u00faa esta semana co calendario de actividades recollido na Axenda de Ver\u00e1n 2020 e na que aparecen reflexadas todas as propostas culturais, formativas, tur\u00edsticas, deportivas e de ocio que est\u00e1n a disposici\u00f3n de toda a cidadan\u00eda &hellip; <\/p>\n","protected":false},"author":2,"featured_media":22030,"comment_status":"open","ping_status":"open","sticky":false,"template":"","format":"standard","meta":[],"categories":[34,56,33,48],"tags":[226,1343,602,243,1273,232,288,2236],"yoast_head":"<!-- This site is optimized with the Yoast SEO plugin v21.1 - https:\/\/yoast.com\/wordpress\/plugins\/seo\/ -->\n<title>Contin\u00faa a programaci\u00f3n de ver\u00e1n na Guarda con cinema, visitas guiadas, actividades en familia e moito m\u00e1is - Concello da Guarda<\/title>\n<meta name=\"robots\" content=\"index, follow, max-snippet:-1, max-image-preview:large, max-video-preview:-1\" \/>\n<link rel=\"canonical\" href=\"https:\/\/www.aguarda.es\/en\/continua-a-programacion-de-veran-na-guarda-con-cinema-visitas-guiadas-actividades-en-familia-e-moito-mais\/\" \/>\n<meta property=\"og:locale\" content=\"en_US\" \/>\n<meta property=\"og:type\" content=\"article\" \/>\n<meta property=\"og:title\" content=\"Contin\u00faa a programaci\u00f3n de ver\u00e1n na Guarda con cinema, visitas guiadas, actividades en familia e moito m\u00e1is - Concello da Guarda\" \/>\n<meta property=\"og:description\" content=\"O Concello da Guarda contin\u00faa esta semana co calendario de actividades recollido na Axenda de Ver\u00e1n 2020 e na que aparecen reflexadas todas as propostas culturais, formativas, tur\u00edsticas, deportivas e de ocio que est\u00e1n a disposici\u00f3n de toda a cidadan\u00eda &hellip;\" \/>\n<meta property=\"og:url\" content=\"https:\/\/www.aguarda.es\/en\/continua-a-programacion-de-veran-na-guarda-con-cinema-visitas-guiadas-actividades-en-familia-e-moito-mais\/\" \/>\n<meta property=\"og:site_name\" content=\"Concello da Guarda\" \/>\n<meta property=\"article:publisher\" content=\"https:\/\/www.facebook.com\/ConcellodaGuarda\" \/>\n<meta property=\"article:published_time\" content=\"2020-07-20T12:52:46+00:00\" \/>\n<meta property=\"article:modified_time\" content=\"2020-07-20T13:04:10+00:00\" \/>\n<meta property=\"og:image\" content=\"https:\/\/www.aguarda.es\/wp-content\/uploads\/2020\/07\/AXENDA-A-GUARDA-XULLO-2020.jpg\" \/>\n\t<meta property=\"og:image:width\" content=\"800\" \/>\n\t<meta property=\"og:image:height\" content=\"1179\" \/>\n\t<meta property=\"og:image:type\" content=\"image\/jpeg\" \/>\n<meta name=\"author\" content=\"prensa\" \/>\n<meta name=\"twitter:card\" content=\"summary_large_image\" \/>\n<meta name=\"twitter:creator\" content=\"@AGuarda_es\" \/>\n<meta name=\"twitter:site\" content=\"@AGuarda_es\" \/>\n<meta name=\"twitter:label1\" content=\"Written by\" \/>\n\t<meta name=\"twitter:data1\" content=\"prensa\" \/>\n\t<meta name=\"twitter:label2\" content=\"Est. reading time\" \/>\n\t<meta name=\"twitter:data2\" content=\"2 minutes\" \/>\n<script type=\"application\/ld+json\" class=\"yoast-schema-graph\">{\"@context\":\"https:\/\/schema.org\",\"@graph\":[{\"@type\":\"WebPage\",\"@id\":\"https:\/\/www.aguarda.es\/en\/continua-a-programacion-de-veran-na-guarda-con-cinema-visitas-guiadas-actividades-en-familia-e-moito-mais\/\",\"url\":\"https:\/\/www.aguarda.es\/en\/continua-a-programacion-de-veran-na-guarda-con-cinema-visitas-guiadas-actividades-en-familia-e-moito-mais\/\",\"name\":\"Contin\u00faa a programaci\u00f3n de ver\u00e1n na Guarda con cinema, visitas guiadas, actividades en familia e moito m\u00e1is - Concello da Guarda\",\"isPartOf\":{\"@id\":\"https:\/\/www.aguarda.es\/en\/#website\"},\"datePublished\":\"2020-07-20T12:52:46+00:00\",\"dateModified\":\"2020-07-20T13:04:10+00:00\",\"author\":{\"@id\":\"https:\/\/www.aguarda.es\/en\/#\/schema\/person\/c463ca3006858ffb349d11179d044f21\"},\"breadcrumb\":{\"@id\":\"https:\/\/www.aguarda.es\/en\/continua-a-programacion-de-veran-na-guarda-con-cinema-visitas-guiadas-actividades-en-familia-e-moito-mais\/#breadcrumb\"},\"inLanguage\":\"en-US\",\"potentialAction\":[{\"@type\":\"ReadAction\",\"target\":[\"https:\/\/www.aguarda.es\/en\/continua-a-programacion-de-veran-na-guarda-con-cinema-visitas-guiadas-actividades-en-familia-e-moito-mais\/\"]}]},{\"@type\":\"BreadcrumbList\",\"@id\":\"https:\/\/www.aguarda.es\/en\/continua-a-programacion-de-veran-na-guarda-con-cinema-visitas-guiadas-actividades-en-familia-e-moito-mais\/#breadcrumb\",\"itemListElement\":[{\"@type\":\"ListItem\",\"position\":1,\"name\":\"Portada\",\"item\":\"https:\/\/www.aguarda.es\/en\/\"},{\"@type\":\"ListItem\",\"position\":2,\"name\":\"Contin\u00faa a programaci\u00f3n de ver\u00e1n na Guarda con cinema, visitas guiadas, actividades en familia e moito m\u00e1is\"}]},{\"@type\":\"WebSite\",\"@id\":\"https:\/\/www.aguarda.es\/en\/#website\",\"url\":\"https:\/\/www.aguarda.es\/en\/\",\"name\":\"Concello da Guarda\",\"description\":\"P\u00e1xina web do concello da Guarda\",\"potentialAction\":[{\"@type\":\"SearchAction\",\"target\":{\"@type\":\"EntryPoint\",\"urlTemplate\":\"https:\/\/www.aguarda.es\/en\/?s={search_term_string}\"},\"query-input\":\"required name=search_term_string\"}],\"inLanguage\":\"en-US\"},{\"@type\":\"Person\",\"@id\":\"https:\/\/www.aguarda.es\/en\/#\/schema\/person\/c463ca3006858ffb349d11179d044f21\",\"name\":\"prensa\",\"image\":{\"@type\":\"ImageObject\",\"inLanguage\":\"en-US\",\"@id\":\"https:\/\/www.aguarda.es\/en\/#\/schema\/person\/image\/\",\"url\":\"https:\/\/secure.gravatar.com\/avatar\/5f90ef536b0f98306edf5c7a1135ffa1?s=96&d=mm&r=g\",\"contentUrl\":\"https:\/\/secure.gravatar.com\/avatar\/5f90ef536b0f98306edf5c7a1135ffa1?s=96&d=mm&r=g\",\"caption\":\"prensa\"},\"url\":\"https:\/\/www.aguarda.es\/en\/author\/prensa\/\"}]}<\/script>\n<!-- \/ Yoast SEO plugin. -->","yoast_head_json":{"title":"Contin\u00faa a programaci\u00f3n de ver\u00e1n na Guarda con cinema, visitas guiadas, actividades en familia e moito m\u00e1is - Concello da Guarda","robots":{"index":"index","follow":"follow","max-snippet":"max-snippet:-1","max-image-preview":"max-image-preview:large","max-video-preview":"max-video-preview:-1"},"canonical":"https:\/\/www.aguarda.es\/en\/continua-a-programacion-de-veran-na-guarda-con-cinema-visitas-guiadas-actividades-en-familia-e-moito-mais\/","og_locale":"en_US","og_type":"article","og_title":"Contin\u00faa a programaci\u00f3n de ver\u00e1n na Guarda con cinema, visitas guiadas, actividades en familia e moito m\u00e1is - Concello da Guarda","og_description":"O Concello da Guarda contin\u00faa esta semana co calendario de actividades recollido na Axenda de Ver\u00e1n 2020 e na que aparecen reflexadas todas as propostas culturais, formativas, tur\u00edsticas, deportivas e de ocio que est\u00e1n a disposici\u00f3n de toda a cidadan\u00eda &hellip;","og_url":"https:\/\/www.aguarda.es\/en\/continua-a-programacion-de-veran-na-guarda-con-cinema-visitas-guiadas-actividades-en-familia-e-moito-mais\/","og_site_name":"Concello da Guarda","article_publisher":"https:\/\/www.facebook.com\/ConcellodaGuarda","article_published_time":"2020-07-20T12:52:46+00:00","article_modified_time":"2020-07-20T13:04:10+00:00","og_image":[{"width":800,"height":1179,"url":"https:\/\/www.aguarda.es\/wp-content\/uploads\/2020\/07\/AXENDA-A-GUARDA-XULLO-2020.jpg","type":"image\/jpeg"}],"author":"prensa","twitter_card":"summary_large_image","twitter_creator":"@AGuarda_es","twitter_site":"@AGuarda_es","twitter_misc":{"Written by":"prensa","Est. reading time":"2 minutes"},"schema":{"@context":"https:\/\/schema.org","@graph":[{"@type":"WebPage","@id":"https:\/\/www.aguarda.es\/en\/continua-a-programacion-de-veran-na-guarda-con-cinema-visitas-guiadas-actividades-en-familia-e-moito-mais\/","url":"https:\/\/www.aguarda.es\/en\/continua-a-programacion-de-veran-na-guarda-con-cinema-visitas-guiadas-actividades-en-familia-e-moito-mais\/","name":"Contin\u00faa a programaci\u00f3n de ver\u00e1n na Guarda con cinema, visitas guiadas, actividades en familia e moito m\u00e1is - Concello da Guarda","isPartOf":{"@id":"https:\/\/www.aguarda.es\/en\/#website"},"datePublished":"2020-07-20T12:52:46+00:00","dateModified":"2020-07-20T13:04:10+00:00","author":{"@id":"https:\/\/www.aguarda.es\/en\/#\/schema\/person\/c463ca3006858ffb349d11179d044f21"},"breadcrumb":{"@id":"https:\/\/www.aguarda.es\/en\/continua-a-programacion-de-veran-na-guarda-con-cinema-visitas-guiadas-actividades-en-familia-e-moito-mais\/#breadcrumb"},"inLanguage":"en-US","potentialAction":[{"@type":"ReadAction","target":["https:\/\/www.aguarda.es\/en\/continua-a-programacion-de-veran-na-guarda-con-cinema-visitas-guiadas-actividades-en-familia-e-moito-mais\/"]}]},{"@type":"BreadcrumbList","@id":"https:\/\/www.aguarda.es\/en\/continua-a-programacion-de-veran-na-guarda-con-cinema-visitas-guiadas-actividades-en-familia-e-moito-mais\/#breadcrumb","itemListElement":[{"@type":"ListItem","position":1,"name":"Portada","item":"https:\/\/www.aguarda.es\/en\/"},{"@type":"ListItem","position":2,"name":"Contin\u00faa a programaci\u00f3n de ver\u00e1n na Guarda con cinema, visitas guiadas, actividades en familia e moito m\u00e1is"}]},{"@type":"WebSite","@id":"https:\/\/www.aguarda.es\/en\/#website","url":"https:\/\/www.aguarda.es\/en\/","name":"Concello da Guarda","description":"P\u00e1xina web do concello da Guarda","potentialAction":[{"@type":"SearchAction","target":{"@type":"EntryPoint","urlTemplate":"https:\/\/www.aguarda.es\/en\/?s={search_term_string}"},"query-input":"required name=search_term_string"}],"inLanguage":"en-US"},{"@type":"Person","@id":"https:\/\/www.aguarda.es\/en\/#\/schema\/person\/c463ca3006858ffb349d11179d044f21","name":"prensa","image":{"@type":"ImageObject","inLanguage":"en-US","@id":"https:\/\/www.aguarda.es\/en\/#\/schema\/person\/image\/","url":"https:\/\/secure.gravatar.com\/avatar\/5f90ef536b0f98306edf5c7a1135ffa1?s=96&d=mm&r=g","contentUrl":"https:\/\/secure.gravatar.com\/avatar\/5f90ef536b0f98306edf5c7a1135ffa1?s=96&d=mm&r=g","caption":"prensa"},"url":"https:\/\/www.aguarda.es\/en\/author\/prensa\/"}]}},"_links":{"self":[{"href":"https:\/\/www.aguarda.es\/en\/wp-json\/wp\/v2\/posts\/22083"}],"collection":[{"href":"https:\/\/www.aguarda.es\/en\/wp-json\/wp\/v2\/posts"}],"about":[{"href":"https:\/\/www.aguarda.es\/en\/wp-json\/wp\/v2\/types\/post"}],"author":[{"embeddable":true,"href":"https:\/\/www.aguarda.es\/en\/wp-json\/wp\/v2\/users\/2"}],"replies":[{"embeddable":true,"href":"https:\/\/www.aguarda.es\/en\/wp-json\/wp\/v2\/comments?post=22083"}],"version-history":[{"count":2,"href":"https:\/\/www.aguarda.es\/en\/wp-json\/wp\/v2\/posts\/22083\/revisions"}],"predecessor-version":[{"id":22085,"href":"https:\/\/www.aguarda.es\/en\/wp-json\/wp\/v2\/posts\/22083\/revisions\/22085"}],"wp:featuredmedia":[{"embeddable":true,"href":"https:\/\/www.aguarda.es\/en\/wp-json\/wp\/v2\/media\/22030"}],"wp:attachment":[{"href":"https:\/\/www.aguarda.es\/en\/wp-json\/wp\/v2\/media?parent=22083"}],"wp:term":[{"taxonomy":"category","embeddable":true,"href":"https:\/\/www.aguarda.es\/en\/wp-json\/wp\/v2\/categories?post=22083"},{"taxonomy":"post_tag","embeddable":true,"href":"https:\/\/www.aguarda.es\/en\/wp-json\/wp\/v2\/tags?post=22083"}],"curies":[{"name":"wp","href":"https:\/\/api.w.org\/{rel}","templated":true}]}}