{"id":22128,"date":"2020-07-30T14:00:24","date_gmt":"2020-07-30T14:00:24","guid":{"rendered":"https:\/\/www.aguarda.es\/?p=22128"},"modified":"2020-07-31T10:00:46","modified_gmt":"2020-07-31T10:00:46","slug":"presentacion-do-libro-das-festas-do-monte-2020","status":"publish","type":"post","link":"https:\/\/www.aguarda.es\/en\/presentacion-do-libro-das-festas-do-monte-2020\/","title":{"rendered":"Presentaci\u00f3n do libro das Festas do Monte 2020"},"content":{"rendered":"<p>[vc_row][vc_column][vc_column_text]<\/p>\n<p style=\"text-align: justify\">Como xa se anunciou en datas pasadas, este ano as Festas do Monte Santa Trega est\u00e1n suspendidas, non se realizar\u00e1n verbenas, desfiles, romar\u00edas nin fogos artificiais, ante as medidas de seguridade hixiene e sa\u00fade p\u00fablica decretadas.<\/p>\n<p style=\"text-align: justify\">Na ma\u00f1\u00e1 deste xoves d\u00eda 30 de xullo de 2020, o Sal\u00f3n de Plenos do Concello da Guarda acolleu a Presentaci\u00f3n do Libro conmemorativo das Festas do Monte 2020, ao que acompa\u00f1a outra edici\u00f3n cunha selecci\u00f3n de carteler\u00eda e programaci\u00f3ns dende o ano 1946 ata a actualidade, \u00e1mbolos dous exemplares libres de publicidade e que ter\u00e1n un custo de 10\u20ac cada un. Os libros poder\u00e1 mercarse nos puntos habituais de venda e coa compra dos dous exemplares se agasallar\u00e1 cunha rifa para a edici\u00f3n 2020 das Festas, nas que se sortear\u00e1 un veh\u00edculo.<\/p>\n<p style=\"text-align: justify\">No acto de presentaci\u00f3n participou o Alcalde da Guarda, Antonio Lomba; a Concelleira de Cultura, Montserrat Magallanes; o representante da Comisi\u00f3n de Festas, Manuel Castro e o representante de Infomaxe, Celso Rodr\u00edguez.<\/p>\n<p style=\"text-align: justify\">Neste acto tam\u00e9n se aproveitou a ocasi\u00f3n para dar a co\u00f1ecer o cartaz da vindeira edici\u00f3n, cunha fotograf\u00eda obra de Arturo Mart\u00ednez, destacando que as Festas do Monte 2021 celebraranse do 9 ao 16 de agosto.<\/p>\n<p style=\"text-align: justify\">Neste acto tam\u00e9n se quixeron dar a co\u00f1ecer as actividades de animaci\u00f3n programadas para este ano 2020, que se levar\u00e1n a cabo a pesar da cancelaci\u00f3n dos platos fortes da festa, para manter con garant\u00edas as medidas de seguridade e hixiene pola pandemia do Covid-19.<\/p>\n<p style=\"text-align: justify\">Entre as actividades programadas destacan os pasarr\u00faas que ter\u00e1n lugar todos os d\u00edas da vindeira semana a media ma\u00f1\u00e1 polas r\u00faas do pobo e nos que participar\u00e1n diversos grupos de m\u00fasica tradicional do municipio.<\/p>\n<p style=\"text-align: justify\">No hall da Casa dos Alonsos colocarase unha pantalla onde se proxectar\u00e1n diversos v\u00eddeos e fotograf\u00edas sobre as Festas do Monte ao longo de toda a semana.<\/p>\n<p style=\"text-align: justify\">Coma acto conmemorativo e, debido a suspensi\u00f3n desta edici\u00f3n 2020 das Festas do Monte, os balc\u00f3ns da Praza do Rel\u00f3 lucir\u00e1n as bandeiras das Bandas Mari\u00f1eiras que participan cada ano no Desfile tradicional de bandas mari\u00f1eiras.<\/p>\n<p style=\"text-align: justify\">Na xornada do S\u00e1bado d\u00eda 8 de agosto a Praza do Rel\u00f3 acoller\u00e1 a emisi\u00f3n en directo por streaming dun magazine a trav\u00e9s das redes sociais, con entrevistas a diferentes convidados, m\u00fasicos, historiadores, representantes municipais e das bandas mari\u00f1eiras, de cara a lembrar o significado das Festas do Monte, a s\u00faa tradici\u00f3n, o d\u00eda do desfile, o d\u00eda do monte, e en xeral, todo o que acontece nas festas, cunha duraci\u00f3n aproximada de d\u00faas horas.<\/p>\n<p>[\/vc_column_text][\/vc_column][\/vc_row][vc_row][vc_column][vc_video link=&#8221;https:\/\/www.youtube.com\/watch?v=IARGJdxGL9o&amp;feature=youtu.be&#8221; align=&#8221;center&#8221;][\/vc_column][\/vc_row]<\/p>\n","protected":false},"excerpt":{"rendered":"<p>[vc_row][vc_column][vc_column_text] Como xa se anunciou en datas pasadas, este ano as Festas do Monte Santa Trega est\u00e1n suspendidas, non se realizar\u00e1n verbenas, desfiles, romar\u00edas nin fogos artificiais, ante as medidas de seguridade hixiene e sa\u00fade p\u00fablica decretadas. Na ma\u00f1\u00e1 deste &hellip; <\/p>\n","protected":false},"author":2,"featured_media":22129,"comment_status":"open","ping_status":"open","sticky":false,"template":"","format":"standard","meta":[],"categories":[34,56,33],"tags":[226,348,455,244,739],"yoast_head":"<!-- This site is optimized with the Yoast SEO plugin v21.1 - https:\/\/yoast.com\/wordpress\/plugins\/seo\/ -->\n<title>Presentaci\u00f3n do libro das Festas do Monte 2020 - Concello da Guarda<\/title>\n<meta name=\"robots\" content=\"index, follow, max-snippet:-1, max-image-preview:large, max-video-preview:-1\" \/>\n<link rel=\"canonical\" href=\"https:\/\/www.aguarda.es\/en\/presentacion-do-libro-das-festas-do-monte-2020\/\" \/>\n<meta property=\"og:locale\" content=\"en_US\" \/>\n<meta property=\"og:type\" content=\"article\" \/>\n<meta property=\"og:title\" content=\"Presentaci\u00f3n do libro das Festas do Monte 2020 - Concello da Guarda\" \/>\n<meta property=\"og:description\" content=\"[vc_row][vc_column][vc_column_text] Como xa se anunciou en datas pasadas, este ano as Festas do Monte Santa Trega est\u00e1n suspendidas, non se realizar\u00e1n verbenas, desfiles, romar\u00edas nin fogos artificiais, ante as medidas de seguridade hixiene e sa\u00fade p\u00fablica decretadas. Na ma\u00f1\u00e1 deste &hellip;\" \/>\n<meta property=\"og:url\" content=\"https:\/\/www.aguarda.es\/en\/presentacion-do-libro-das-festas-do-monte-2020\/\" \/>\n<meta property=\"og:site_name\" content=\"Concello da Guarda\" \/>\n<meta property=\"article:publisher\" content=\"https:\/\/www.facebook.com\/ConcellodaGuarda\" \/>\n<meta property=\"article:published_time\" content=\"2020-07-30T14:00:24+00:00\" \/>\n<meta property=\"article:modified_time\" content=\"2020-07-31T10:00:46+00:00\" \/>\n<meta property=\"og:image\" content=\"https:\/\/www.aguarda.es\/wp-content\/uploads\/2020\/07\/NP-30072020-Presentaci\u00f3n-do-libro-das-Festas-do-Monte-2020-1.jpg\" \/>\n\t<meta property=\"og:image:width\" content=\"800\" \/>\n\t<meta property=\"og:image:height\" content=\"533\" \/>\n\t<meta property=\"og:image:type\" content=\"image\/jpeg\" \/>\n<meta name=\"author\" content=\"prensa\" \/>\n<meta name=\"twitter:card\" content=\"summary_large_image\" \/>\n<meta name=\"twitter:creator\" content=\"@AGuarda_es\" \/>\n<meta name=\"twitter:site\" content=\"@AGuarda_es\" \/>\n<meta name=\"twitter:label1\" content=\"Written by\" \/>\n\t<meta name=\"twitter:data1\" content=\"prensa\" \/>\n\t<meta name=\"twitter:label2\" content=\"Est. reading time\" \/>\n\t<meta name=\"twitter:data2\" content=\"2 minutes\" \/>\n<script type=\"application\/ld+json\" class=\"yoast-schema-graph\">{\"@context\":\"https:\/\/schema.org\",\"@graph\":[{\"@type\":\"WebPage\",\"@id\":\"https:\/\/www.aguarda.es\/en\/presentacion-do-libro-das-festas-do-monte-2020\/\",\"url\":\"https:\/\/www.aguarda.es\/en\/presentacion-do-libro-das-festas-do-monte-2020\/\",\"name\":\"Presentaci\u00f3n do libro das Festas do Monte 2020 - Concello da Guarda\",\"isPartOf\":{\"@id\":\"https:\/\/www.aguarda.es\/en\/#website\"},\"datePublished\":\"2020-07-30T14:00:24+00:00\",\"dateModified\":\"2020-07-31T10:00:46+00:00\",\"author\":{\"@id\":\"https:\/\/www.aguarda.es\/en\/#\/schema\/person\/c463ca3006858ffb349d11179d044f21\"},\"breadcrumb\":{\"@id\":\"https:\/\/www.aguarda.es\/en\/presentacion-do-libro-das-festas-do-monte-2020\/#breadcrumb\"},\"inLanguage\":\"en-US\",\"potentialAction\":[{\"@type\":\"ReadAction\",\"target\":[\"https:\/\/www.aguarda.es\/en\/presentacion-do-libro-das-festas-do-monte-2020\/\"]}]},{\"@type\":\"BreadcrumbList\",\"@id\":\"https:\/\/www.aguarda.es\/en\/presentacion-do-libro-das-festas-do-monte-2020\/#breadcrumb\",\"itemListElement\":[{\"@type\":\"ListItem\",\"position\":1,\"name\":\"Portada\",\"item\":\"https:\/\/www.aguarda.es\/en\/\"},{\"@type\":\"ListItem\",\"position\":2,\"name\":\"Presentaci\u00f3n do libro das Festas do Monte 2020\"}]},{\"@type\":\"WebSite\",\"@id\":\"https:\/\/www.aguarda.es\/en\/#website\",\"url\":\"https:\/\/www.aguarda.es\/en\/\",\"name\":\"Concello da Guarda\",\"description\":\"P\u00e1xina web do concello da Guarda\",\"potentialAction\":[{\"@type\":\"SearchAction\",\"target\":{\"@type\":\"EntryPoint\",\"urlTemplate\":\"https:\/\/www.aguarda.es\/en\/?s={search_term_string}\"},\"query-input\":\"required name=search_term_string\"}],\"inLanguage\":\"en-US\"},{\"@type\":\"Person\",\"@id\":\"https:\/\/www.aguarda.es\/en\/#\/schema\/person\/c463ca3006858ffb349d11179d044f21\",\"name\":\"prensa\",\"image\":{\"@type\":\"ImageObject\",\"inLanguage\":\"en-US\",\"@id\":\"https:\/\/www.aguarda.es\/en\/#\/schema\/person\/image\/\",\"url\":\"https:\/\/secure.gravatar.com\/avatar\/5f90ef536b0f98306edf5c7a1135ffa1?s=96&d=mm&r=g\",\"contentUrl\":\"https:\/\/secure.gravatar.com\/avatar\/5f90ef536b0f98306edf5c7a1135ffa1?s=96&d=mm&r=g\",\"caption\":\"prensa\"},\"url\":\"https:\/\/www.aguarda.es\/en\/author\/prensa\/\"}]}<\/script>\n<!-- \/ Yoast SEO plugin. -->","yoast_head_json":{"title":"Presentaci\u00f3n do libro das Festas do Monte 2020 - Concello da Guarda","robots":{"index":"index","follow":"follow","max-snippet":"max-snippet:-1","max-image-preview":"max-image-preview:large","max-video-preview":"max-video-preview:-1"},"canonical":"https:\/\/www.aguarda.es\/en\/presentacion-do-libro-das-festas-do-monte-2020\/","og_locale":"en_US","og_type":"article","og_title":"Presentaci\u00f3n do libro das Festas do Monte 2020 - Concello da Guarda","og_description":"[vc_row][vc_column][vc_column_text] Como xa se anunciou en datas pasadas, este ano as Festas do Monte Santa Trega est\u00e1n suspendidas, non se realizar\u00e1n verbenas, desfiles, romar\u00edas nin fogos artificiais, ante as medidas de seguridade hixiene e sa\u00fade p\u00fablica decretadas. Na ma\u00f1\u00e1 deste &hellip;","og_url":"https:\/\/www.aguarda.es\/en\/presentacion-do-libro-das-festas-do-monte-2020\/","og_site_name":"Concello da Guarda","article_publisher":"https:\/\/www.facebook.com\/ConcellodaGuarda","article_published_time":"2020-07-30T14:00:24+00:00","article_modified_time":"2020-07-31T10:00:46+00:00","og_image":[{"width":800,"height":533,"url":"https:\/\/www.aguarda.es\/wp-content\/uploads\/2020\/07\/NP-30072020-Presentaci\u00f3n-do-libro-das-Festas-do-Monte-2020-1.jpg","type":"image\/jpeg"}],"author":"prensa","twitter_card":"summary_large_image","twitter_creator":"@AGuarda_es","twitter_site":"@AGuarda_es","twitter_misc":{"Written by":"prensa","Est. reading time":"2 minutes"},"schema":{"@context":"https:\/\/schema.org","@graph":[{"@type":"WebPage","@id":"https:\/\/www.aguarda.es\/en\/presentacion-do-libro-das-festas-do-monte-2020\/","url":"https:\/\/www.aguarda.es\/en\/presentacion-do-libro-das-festas-do-monte-2020\/","name":"Presentaci\u00f3n do libro das Festas do Monte 2020 - Concello da Guarda","isPartOf":{"@id":"https:\/\/www.aguarda.es\/en\/#website"},"datePublished":"2020-07-30T14:00:24+00:00","dateModified":"2020-07-31T10:00:46+00:00","author":{"@id":"https:\/\/www.aguarda.es\/en\/#\/schema\/person\/c463ca3006858ffb349d11179d044f21"},"breadcrumb":{"@id":"https:\/\/www.aguarda.es\/en\/presentacion-do-libro-das-festas-do-monte-2020\/#breadcrumb"},"inLanguage":"en-US","potentialAction":[{"@type":"ReadAction","target":["https:\/\/www.aguarda.es\/en\/presentacion-do-libro-das-festas-do-monte-2020\/"]}]},{"@type":"BreadcrumbList","@id":"https:\/\/www.aguarda.es\/en\/presentacion-do-libro-das-festas-do-monte-2020\/#breadcrumb","itemListElement":[{"@type":"ListItem","position":1,"name":"Portada","item":"https:\/\/www.aguarda.es\/en\/"},{"@type":"ListItem","position":2,"name":"Presentaci\u00f3n do libro das Festas do Monte 2020"}]},{"@type":"WebSite","@id":"https:\/\/www.aguarda.es\/en\/#website","url":"https:\/\/www.aguarda.es\/en\/","name":"Concello da Guarda","description":"P\u00e1xina web do concello da Guarda","potentialAction":[{"@type":"SearchAction","target":{"@type":"EntryPoint","urlTemplate":"https:\/\/www.aguarda.es\/en\/?s={search_term_string}"},"query-input":"required name=search_term_string"}],"inLanguage":"en-US"},{"@type":"Person","@id":"https:\/\/www.aguarda.es\/en\/#\/schema\/person\/c463ca3006858ffb349d11179d044f21","name":"prensa","image":{"@type":"ImageObject","inLanguage":"en-US","@id":"https:\/\/www.aguarda.es\/en\/#\/schema\/person\/image\/","url":"https:\/\/secure.gravatar.com\/avatar\/5f90ef536b0f98306edf5c7a1135ffa1?s=96&d=mm&r=g","contentUrl":"https:\/\/secure.gravatar.com\/avatar\/5f90ef536b0f98306edf5c7a1135ffa1?s=96&d=mm&r=g","caption":"prensa"},"url":"https:\/\/www.aguarda.es\/en\/author\/prensa\/"}]}},"_links":{"self":[{"href":"https:\/\/www.aguarda.es\/en\/wp-json\/wp\/v2\/posts\/22128"}],"collection":[{"href":"https:\/\/www.aguarda.es\/en\/wp-json\/wp\/v2\/posts"}],"about":[{"href":"https:\/\/www.aguarda.es\/en\/wp-json\/wp\/v2\/types\/post"}],"author":[{"embeddable":true,"href":"https:\/\/www.aguarda.es\/en\/wp-json\/wp\/v2\/users\/2"}],"replies":[{"embeddable":true,"href":"https:\/\/www.aguarda.es\/en\/wp-json\/wp\/v2\/comments?post=22128"}],"version-history":[{"count":2,"href":"https:\/\/www.aguarda.es\/en\/wp-json\/wp\/v2\/posts\/22128\/revisions"}],"predecessor-version":[{"id":22145,"href":"https:\/\/www.aguarda.es\/en\/wp-json\/wp\/v2\/posts\/22128\/revisions\/22145"}],"wp:featuredmedia":[{"embeddable":true,"href":"https:\/\/www.aguarda.es\/en\/wp-json\/wp\/v2\/media\/22129"}],"wp:attachment":[{"href":"https:\/\/www.aguarda.es\/en\/wp-json\/wp\/v2\/media?parent=22128"}],"wp:term":[{"taxonomy":"category","embeddable":true,"href":"https:\/\/www.aguarda.es\/en\/wp-json\/wp\/v2\/categories?post=22128"},{"taxonomy":"post_tag","embeddable":true,"href":"https:\/\/www.aguarda.es\/en\/wp-json\/wp\/v2\/tags?post=22128"}],"curies":[{"name":"wp","href":"https:\/\/api.w.org\/{rel}","templated":true}]}}