{"id":22141,"date":"2020-07-30T15:58:06","date_gmt":"2020-07-30T15:58:06","guid":{"rendered":"https:\/\/www.aguarda.es\/?p=22141"},"modified":"2020-07-30T15:58:06","modified_gmt":"2020-07-30T15:58:06","slug":"a-guarda-da-a-benvida-ao-mes-de-agosto-con-musica-visitas-guiadas-e-moito-mais","status":"publish","type":"post","link":"https:\/\/www.aguarda.es\/en\/a-guarda-da-a-benvida-ao-mes-de-agosto-con-musica-visitas-guiadas-e-moito-mais\/","title":{"rendered":"A Guarda da a benvida ao mes de agosto con m\u00fasica, visitas guiadas e moito m\u00e1is"},"content":{"rendered":"<p style=\"text-align: justify\">O Concello da Guarda despide esta fin de semana o mes de xullo cunha chea de propostas para todas as idades e gustos, recollidas na Axenda de Ver\u00e1n 2020 e na que aparecen reflexadas todas as actividades culturais, formativas, tur\u00edsticas, deportivas e de ocio que est\u00e1n a disposici\u00f3n de toda a cidadan\u00eda guardesa e visitantes ao longo do ver\u00e1n.<\/p>\n<p style=\"text-align: justify\">Estas actividades est\u00e1n xestionadas a trav\u00e9s de diferentes departamentos municipais e xa se iniciaron a pasada semana con actividades programadas para todas as idades e gustos e que pretenden manter entretidos a veci\u00f1os e visitantes, pero tendo en conta tam\u00e9n as medidas de hixiene e seguridade polo COVID-19, polo que te\u00f1en lugar en espazos abertos e ao aire libre e cun aforo limitado.<\/p>\n<p style=\"text-align: justify\">Contin\u00faan deste xeito as visitas \u00e1 embarcaci\u00f3n O Piueiro que se repiten os martes e xoves do ver\u00e1n, as visitas regulares \u00f3 Monte Santa Trega (de venres a domingo) e as visitas de natureza que se suceder\u00e1n cada domingo. As inscrici\u00f3ns se poden realizar a trav\u00e9s da Oficina de Turismo Municipal no 986 61 4546 ou no enderezo electr\u00f3nico aguarda.oficina.turismo@gmail.com.<\/p>\n<p style=\"text-align: justify\">Os venres, s\u00e1bados e domingos proseguen as visitas guiadas ao Monte Santa Trega. Inscrici\u00f3n previa no MASAT 986610504 ou no enderezo electr\u00f3nico masat@aguarda.es<\/p>\n<p style=\"text-align: justify\">Este venres destacan as propostas da Omix para a mocidade e as familias que se realizar\u00e1n no Castelo de Santa Cruz, con horarios diferenciados en funci\u00f3n das idades dos nenos. Informaci\u00f3n e inscrici\u00f3ns na Omix (informacion@aguarda.es)<\/p>\n<p style=\"text-align: justify\">Tam\u00e9n na xornada deste venres a Sala de Exposici\u00f3ns do Centro Cultural amosar\u00e1 unha exposici\u00f3n fotogr\u00e1fica titulada \u201cFestivais da Guarda\u201d, con imaxes de varias edici\u00f3ns dos festivais musicais m\u00e1is significativos que se te\u00f1en realizado na vila nos \u00faltimos anos, unha acci\u00f3n enmarcada no \u201cM\u00fasica nos Xard\u00edns\u201d que arranca na xornada deste venres no Centro Cultural co concerto do grupo Milhomes \u00e1s 21:00h, concerto apadri\u00f1ado polo Interlude Fest.<\/p>\n<p style=\"text-align: justify\">Milhomes \u00e9 un d\u00fao instrumental guard\u00e9s con influencias de Fu Manch\u00fa, The Sword, Kyuss, Napalm Death, Black Sabbath, Immortal, Entombed&#8230;<\/p>\n<p style=\"text-align: justify\">A programaci\u00f3n contin\u00faa na noite do venres coa Visita de astronom\u00eda \u201cNoite de estrelas\u201d no Puntal, actividade que xa conta co aforo completo.<\/p>\n<p style=\"text-align: justify\">O vindeiro s\u00e1bado 1 de agosto, en xornada de ma\u00f1\u00e1, ter\u00e1 lugar a segunda Actividade de Orientaci\u00f3n do Concello da Guarda. M\u00e1is informaci\u00f3n e inscrici\u00f3ns: <a href=\"http:\/\/www.xestanatureza.com\/inscricions\/aguarda2020\">http:\/\/www.xestanatureza.com\/inscricions\/aguarda2020<\/a><\/p>\n<p style=\"text-align: justify\">O domingo 2 de agosto contin\u00faan os \u201cDomingos de natureza e auga\u201d, \u00e1s 10:00h. con diversos percorridos polo litoral guard\u00e9s. Informaci\u00f3n e inscrici\u00f3ns na Oficina de turismo 986614546 ou no enderezo electr\u00f3nico aguarda.oficina.turismo@gmail.com<\/p>\n<p><a href=\"https:\/\/www.aguarda.es\/veran-cargado-de-actividades-para-todas-as-idades-na-guarda\/\"><img decoding=\"async\" class=\"aligncenter\" src=\"https:\/\/www.aguarda.es\/wp-content\/uploads\/2020\/07\/JUL-AXENDA-QR-copia.jpg\" \/><\/a><\/p>\n<p><img decoding=\"async\" loading=\"lazy\" class=\"aligncenter size-full wp-image-22030\" src=\"https:\/\/www.aguarda.es\/wp-content\/uploads\/2020\/07\/AXENDA-A-GUARDA-XULLO-2020.jpg\" alt=\"\" width=\"800\" height=\"1179\" srcset=\"https:\/\/www.aguarda.es\/wp-content\/uploads\/2020\/07\/AXENDA-A-GUARDA-XULLO-2020.jpg 800w, https:\/\/www.aguarda.es\/wp-content\/uploads\/2020\/07\/AXENDA-A-GUARDA-XULLO-2020-204x300.jpg 204w, https:\/\/www.aguarda.es\/wp-content\/uploads\/2020\/07\/AXENDA-A-GUARDA-XULLO-2020-768x1132.jpg 768w, https:\/\/www.aguarda.es\/wp-content\/uploads\/2020\/07\/AXENDA-A-GUARDA-XULLO-2020-695x1024.jpg 695w\" sizes=\"(max-width: 800px) 100vw, 800px\" \/><img decoding=\"async\" loading=\"lazy\" class=\"aligncenter size-full wp-image-22032\" src=\"https:\/\/www.aguarda.es\/wp-content\/uploads\/2020\/07\/AXENDA-A-GUARDA-AGOSTO-2020.jpg\" alt=\"\" width=\"800\" height=\"1179\" srcset=\"https:\/\/www.aguarda.es\/wp-content\/uploads\/2020\/07\/AXENDA-A-GUARDA-AGOSTO-2020.jpg 800w, https:\/\/www.aguarda.es\/wp-content\/uploads\/2020\/07\/AXENDA-A-GUARDA-AGOSTO-2020-204x300.jpg 204w, https:\/\/www.aguarda.es\/wp-content\/uploads\/2020\/07\/AXENDA-A-GUARDA-AGOSTO-2020-768x1132.jpg 768w, https:\/\/www.aguarda.es\/wp-content\/uploads\/2020\/07\/AXENDA-A-GUARDA-AGOSTO-2020-695x1024.jpg 695w\" sizes=\"(max-width: 800px) 100vw, 800px\" \/><\/p>\n","protected":false},"excerpt":{"rendered":"<p>O Concello da Guarda despide esta fin de semana o mes de xullo cunha chea de propostas para todas as idades e gustos, recollidas na Axenda de Ver\u00e1n 2020 e na que aparecen reflexadas todas as actividades culturais, formativas, tur\u00edsticas, &hellip; <\/p>\n","protected":false},"author":2,"featured_media":22142,"comment_status":"open","ping_status":"open","sticky":false,"template":"","format":"standard","meta":[],"categories":[184],"tags":[],"yoast_head":"<!-- This site is optimized with the Yoast SEO plugin v21.1 - https:\/\/yoast.com\/wordpress\/plugins\/seo\/ -->\n<title>A Guarda da a benvida ao mes de agosto con m\u00fasica, visitas guiadas e moito m\u00e1is - Concello da Guarda<\/title>\n<meta name=\"robots\" content=\"index, follow, max-snippet:-1, max-image-preview:large, max-video-preview:-1\" \/>\n<link rel=\"canonical\" href=\"https:\/\/www.aguarda.es\/en\/a-guarda-da-a-benvida-ao-mes-de-agosto-con-musica-visitas-guiadas-e-moito-mais\/\" \/>\n<meta property=\"og:locale\" content=\"en_US\" \/>\n<meta property=\"og:type\" content=\"article\" \/>\n<meta property=\"og:title\" content=\"A Guarda da a benvida ao mes de agosto con m\u00fasica, visitas guiadas e moito m\u00e1is - Concello da Guarda\" \/>\n<meta property=\"og:description\" content=\"O Concello da Guarda despide esta fin de semana o mes de xullo cunha chea de propostas para todas as idades e gustos, recollidas na Axenda de Ver\u00e1n 2020 e na que aparecen reflexadas todas as actividades culturais, formativas, tur\u00edsticas, &hellip;\" \/>\n<meta property=\"og:url\" content=\"https:\/\/www.aguarda.es\/en\/a-guarda-da-a-benvida-ao-mes-de-agosto-con-musica-visitas-guiadas-e-moito-mais\/\" \/>\n<meta property=\"og:site_name\" content=\"Concello da Guarda\" \/>\n<meta property=\"article:publisher\" content=\"https:\/\/www.facebook.com\/ConcellodaGuarda\" \/>\n<meta property=\"article:published_time\" content=\"2020-07-30T15:58:06+00:00\" \/>\n<meta property=\"og:image\" content=\"https:\/\/www.aguarda.es\/wp-content\/uploads\/2020\/07\/AXENDA-XULLOAGOSTO.jpg\" \/>\n\t<meta property=\"og:image:width\" content=\"800\" \/>\n\t<meta property=\"og:image:height\" content=\"590\" \/>\n\t<meta property=\"og:image:type\" content=\"image\/jpeg\" \/>\n<meta name=\"author\" content=\"prensa\" \/>\n<meta name=\"twitter:card\" content=\"summary_large_image\" \/>\n<meta name=\"twitter:creator\" content=\"@AGuarda_es\" \/>\n<meta name=\"twitter:site\" content=\"@AGuarda_es\" \/>\n<meta name=\"twitter:label1\" content=\"Written by\" \/>\n\t<meta name=\"twitter:data1\" content=\"prensa\" \/>\n\t<meta name=\"twitter:label2\" content=\"Est. reading time\" \/>\n\t<meta name=\"twitter:data2\" content=\"2 minutes\" \/>\n<script type=\"application\/ld+json\" class=\"yoast-schema-graph\">{\"@context\":\"https:\/\/schema.org\",\"@graph\":[{\"@type\":\"WebPage\",\"@id\":\"https:\/\/www.aguarda.es\/en\/a-guarda-da-a-benvida-ao-mes-de-agosto-con-musica-visitas-guiadas-e-moito-mais\/\",\"url\":\"https:\/\/www.aguarda.es\/en\/a-guarda-da-a-benvida-ao-mes-de-agosto-con-musica-visitas-guiadas-e-moito-mais\/\",\"name\":\"A Guarda da a benvida ao mes de agosto con m\u00fasica, visitas guiadas e moito m\u00e1is - Concello da Guarda\",\"isPartOf\":{\"@id\":\"https:\/\/www.aguarda.es\/en\/#website\"},\"datePublished\":\"2020-07-30T15:58:06+00:00\",\"dateModified\":\"2020-07-30T15:58:06+00:00\",\"author\":{\"@id\":\"https:\/\/www.aguarda.es\/en\/#\/schema\/person\/c463ca3006858ffb349d11179d044f21\"},\"breadcrumb\":{\"@id\":\"https:\/\/www.aguarda.es\/en\/a-guarda-da-a-benvida-ao-mes-de-agosto-con-musica-visitas-guiadas-e-moito-mais\/#breadcrumb\"},\"inLanguage\":\"en-US\",\"potentialAction\":[{\"@type\":\"ReadAction\",\"target\":[\"https:\/\/www.aguarda.es\/en\/a-guarda-da-a-benvida-ao-mes-de-agosto-con-musica-visitas-guiadas-e-moito-mais\/\"]}]},{\"@type\":\"BreadcrumbList\",\"@id\":\"https:\/\/www.aguarda.es\/en\/a-guarda-da-a-benvida-ao-mes-de-agosto-con-musica-visitas-guiadas-e-moito-mais\/#breadcrumb\",\"itemListElement\":[{\"@type\":\"ListItem\",\"position\":1,\"name\":\"Portada\",\"item\":\"https:\/\/www.aguarda.es\/en\/\"},{\"@type\":\"ListItem\",\"position\":2,\"name\":\"A Guarda da a benvida ao mes de agosto con m\u00fasica, visitas guiadas e moito m\u00e1is\"}]},{\"@type\":\"WebSite\",\"@id\":\"https:\/\/www.aguarda.es\/en\/#website\",\"url\":\"https:\/\/www.aguarda.es\/en\/\",\"name\":\"Concello da Guarda\",\"description\":\"P\u00e1xina web do concello da Guarda\",\"potentialAction\":[{\"@type\":\"SearchAction\",\"target\":{\"@type\":\"EntryPoint\",\"urlTemplate\":\"https:\/\/www.aguarda.es\/en\/?s={search_term_string}\"},\"query-input\":\"required name=search_term_string\"}],\"inLanguage\":\"en-US\"},{\"@type\":\"Person\",\"@id\":\"https:\/\/www.aguarda.es\/en\/#\/schema\/person\/c463ca3006858ffb349d11179d044f21\",\"name\":\"prensa\",\"image\":{\"@type\":\"ImageObject\",\"inLanguage\":\"en-US\",\"@id\":\"https:\/\/www.aguarda.es\/en\/#\/schema\/person\/image\/\",\"url\":\"https:\/\/secure.gravatar.com\/avatar\/5f90ef536b0f98306edf5c7a1135ffa1?s=96&d=mm&r=g\",\"contentUrl\":\"https:\/\/secure.gravatar.com\/avatar\/5f90ef536b0f98306edf5c7a1135ffa1?s=96&d=mm&r=g\",\"caption\":\"prensa\"},\"url\":\"https:\/\/www.aguarda.es\/en\/author\/prensa\/\"}]}<\/script>\n<!-- \/ Yoast SEO plugin. -->","yoast_head_json":{"title":"A Guarda da a benvida ao mes de agosto con m\u00fasica, visitas guiadas e moito m\u00e1is - Concello da Guarda","robots":{"index":"index","follow":"follow","max-snippet":"max-snippet:-1","max-image-preview":"max-image-preview:large","max-video-preview":"max-video-preview:-1"},"canonical":"https:\/\/www.aguarda.es\/en\/a-guarda-da-a-benvida-ao-mes-de-agosto-con-musica-visitas-guiadas-e-moito-mais\/","og_locale":"en_US","og_type":"article","og_title":"A Guarda da a benvida ao mes de agosto con m\u00fasica, visitas guiadas e moito m\u00e1is - Concello da Guarda","og_description":"O Concello da Guarda despide esta fin de semana o mes de xullo cunha chea de propostas para todas as idades e gustos, recollidas na Axenda de Ver\u00e1n 2020 e na que aparecen reflexadas todas as actividades culturais, formativas, tur\u00edsticas, &hellip;","og_url":"https:\/\/www.aguarda.es\/en\/a-guarda-da-a-benvida-ao-mes-de-agosto-con-musica-visitas-guiadas-e-moito-mais\/","og_site_name":"Concello da Guarda","article_publisher":"https:\/\/www.facebook.com\/ConcellodaGuarda","article_published_time":"2020-07-30T15:58:06+00:00","og_image":[{"width":800,"height":590,"url":"https:\/\/www.aguarda.es\/wp-content\/uploads\/2020\/07\/AXENDA-XULLOAGOSTO.jpg","type":"image\/jpeg"}],"author":"prensa","twitter_card":"summary_large_image","twitter_creator":"@AGuarda_es","twitter_site":"@AGuarda_es","twitter_misc":{"Written by":"prensa","Est. reading time":"2 minutes"},"schema":{"@context":"https:\/\/schema.org","@graph":[{"@type":"WebPage","@id":"https:\/\/www.aguarda.es\/en\/a-guarda-da-a-benvida-ao-mes-de-agosto-con-musica-visitas-guiadas-e-moito-mais\/","url":"https:\/\/www.aguarda.es\/en\/a-guarda-da-a-benvida-ao-mes-de-agosto-con-musica-visitas-guiadas-e-moito-mais\/","name":"A Guarda da a benvida ao mes de agosto con m\u00fasica, visitas guiadas e moito m\u00e1is - Concello da Guarda","isPartOf":{"@id":"https:\/\/www.aguarda.es\/en\/#website"},"datePublished":"2020-07-30T15:58:06+00:00","dateModified":"2020-07-30T15:58:06+00:00","author":{"@id":"https:\/\/www.aguarda.es\/en\/#\/schema\/person\/c463ca3006858ffb349d11179d044f21"},"breadcrumb":{"@id":"https:\/\/www.aguarda.es\/en\/a-guarda-da-a-benvida-ao-mes-de-agosto-con-musica-visitas-guiadas-e-moito-mais\/#breadcrumb"},"inLanguage":"en-US","potentialAction":[{"@type":"ReadAction","target":["https:\/\/www.aguarda.es\/en\/a-guarda-da-a-benvida-ao-mes-de-agosto-con-musica-visitas-guiadas-e-moito-mais\/"]}]},{"@type":"BreadcrumbList","@id":"https:\/\/www.aguarda.es\/en\/a-guarda-da-a-benvida-ao-mes-de-agosto-con-musica-visitas-guiadas-e-moito-mais\/#breadcrumb","itemListElement":[{"@type":"ListItem","position":1,"name":"Portada","item":"https:\/\/www.aguarda.es\/en\/"},{"@type":"ListItem","position":2,"name":"A Guarda da a benvida ao mes de agosto con m\u00fasica, visitas guiadas e moito m\u00e1is"}]},{"@type":"WebSite","@id":"https:\/\/www.aguarda.es\/en\/#website","url":"https:\/\/www.aguarda.es\/en\/","name":"Concello da Guarda","description":"P\u00e1xina web do concello da Guarda","potentialAction":[{"@type":"SearchAction","target":{"@type":"EntryPoint","urlTemplate":"https:\/\/www.aguarda.es\/en\/?s={search_term_string}"},"query-input":"required name=search_term_string"}],"inLanguage":"en-US"},{"@type":"Person","@id":"https:\/\/www.aguarda.es\/en\/#\/schema\/person\/c463ca3006858ffb349d11179d044f21","name":"prensa","image":{"@type":"ImageObject","inLanguage":"en-US","@id":"https:\/\/www.aguarda.es\/en\/#\/schema\/person\/image\/","url":"https:\/\/secure.gravatar.com\/avatar\/5f90ef536b0f98306edf5c7a1135ffa1?s=96&d=mm&r=g","contentUrl":"https:\/\/secure.gravatar.com\/avatar\/5f90ef536b0f98306edf5c7a1135ffa1?s=96&d=mm&r=g","caption":"prensa"},"url":"https:\/\/www.aguarda.es\/en\/author\/prensa\/"}]}},"_links":{"self":[{"href":"https:\/\/www.aguarda.es\/en\/wp-json\/wp\/v2\/posts\/22141"}],"collection":[{"href":"https:\/\/www.aguarda.es\/en\/wp-json\/wp\/v2\/posts"}],"about":[{"href":"https:\/\/www.aguarda.es\/en\/wp-json\/wp\/v2\/types\/post"}],"author":[{"embeddable":true,"href":"https:\/\/www.aguarda.es\/en\/wp-json\/wp\/v2\/users\/2"}],"replies":[{"embeddable":true,"href":"https:\/\/www.aguarda.es\/en\/wp-json\/wp\/v2\/comments?post=22141"}],"version-history":[{"count":1,"href":"https:\/\/www.aguarda.es\/en\/wp-json\/wp\/v2\/posts\/22141\/revisions"}],"predecessor-version":[{"id":22144,"href":"https:\/\/www.aguarda.es\/en\/wp-json\/wp\/v2\/posts\/22141\/revisions\/22144"}],"wp:featuredmedia":[{"embeddable":true,"href":"https:\/\/www.aguarda.es\/en\/wp-json\/wp\/v2\/media\/22142"}],"wp:attachment":[{"href":"https:\/\/www.aguarda.es\/en\/wp-json\/wp\/v2\/media?parent=22141"}],"wp:term":[{"taxonomy":"category","embeddable":true,"href":"https:\/\/www.aguarda.es\/en\/wp-json\/wp\/v2\/categories?post=22141"},{"taxonomy":"post_tag","embeddable":true,"href":"https:\/\/www.aguarda.es\/en\/wp-json\/wp\/v2\/tags?post=22141"}],"curies":[{"name":"wp","href":"https:\/\/api.w.org\/{rel}","templated":true}]}}