{"id":22195,"date":"2020-08-10T11:36:53","date_gmt":"2020-08-10T11:36:53","guid":{"rendered":"https:\/\/www.aguarda.es\/?p=22195"},"modified":"2020-08-10T11:36:53","modified_gmt":"2020-08-10T11:36:53","slug":"continua-a-programacion-da-axenda-de-veran-2020-na-guarda","status":"publish","type":"post","link":"https:\/\/www.aguarda.es\/en\/continua-a-programacion-da-axenda-de-veran-2020-na-guarda\/","title":{"rendered":"Contin\u00faa a programaci\u00f3n da axenda de ver\u00e1n 2020 na Guarda"},"content":{"rendered":"<p style=\"text-align: justify\">\u2022 Visitas guiadas ao casco urbano, ao Monte Santa Trega, \u00e1 Embarcaci\u00f3n Piueiro, cinema na r\u00faa, visitas teatralizadas e espect\u00e1culos infant\u00eds compo\u00f1en a programaci\u00f3n para esta semana.<\/p>\n<p style=\"text-align: justify\">O Concello da Guarda contin\u00faa apostando por unha programaci\u00f3n de actividades para todos os gustos e idades, tendo sempre en conta as medidas de hixiene e seguridade motivadas pola pandemia do covid-19.<\/p>\n<p style=\"text-align: justify\">Nesta semana a programaci\u00f3n, recollida na Axenda de ver\u00e1n 2020, contin\u00faa coas visitas \u00e1 embarcaci\u00f3n O Piueiro que se repiten os martes e xoves do ver\u00e1n, as visitas regulares \u00f3 Monte Santa Trega (de venres a domingo), as visitas de natureza que se suceder\u00e1n cada domingo e as Visitas polo casco urbano os m\u00e9rcores e xoves de agosto. As inscrici\u00f3ns se poden realizar a trav\u00e9s da Oficina de Turismo Municipal no 986 61 4546 ou no enderezo electr\u00f3nico aguarda.oficina.turismo@gmail.com.<\/p>\n<p style=\"text-align: justify\">Os venres, s\u00e1bados e domingos proseguen as visitas guiadas ao Monte Santa Trega. Inscrici\u00f3n previa no MASAT 986610504 ou no enderezo electr\u00f3nico masat@aguarda.es<\/p>\n<p style=\"text-align: justify\">Tam\u00e9n contin\u00faan esta semana as visitas teatralizadas no Monte Santa Trega, cun notable \u00e9xito e que xa colga novamente o cartaz de aforo completo para esta semana.<\/p>\n<p style=\"text-align: justify\">O venres 14 \u00e1s 22:30h a Praza do Rel\u00f3 acolle unha nova sesi\u00f3n de cinema na r\u00faa coa proxecci\u00f3n de \u201cO noso \u00faltimo ver\u00e1n en Escocia\u201d, \u00e9 preciso reservar praza no Centro Cultural no 986 61 1850 ou en centrocultural@aguarda.es.<\/p>\n<p style=\"text-align: justify\">O s\u00e1bado 15 \u00e1s 20:00h o Castelo de Santa Cruz ser\u00e1 o escenario para \u201cPunkdemia\u201d, un espect\u00e1culo para todas as idades de Peter Punk, \u00e9 preciso reservar praza no Centro Cultural no 986 61 1850 ou en centrocultural@aguarda.es.<\/p>\n<p><a href=\"https:\/\/www.aguarda.es\/veran-cargado-de-actividades-para-todas-as-idades-na-guarda\/\"><img decoding=\"async\" class=\"aligncenter lazy-loaded\" src=\"https:\/\/www.aguarda.es\/wp-content\/uploads\/2020\/07\/JUL-AXENDA-QR-copia.jpg\" data-lazy-type=\"image\" data-src=\"https:\/\/www.aguarda.es\/wp-content\/uploads\/2020\/07\/JUL-AXENDA-QR-copia.jpg\" \/><\/a><\/p>\n<p><img decoding=\"async\" loading=\"lazy\" class=\"aligncenter size-full wp-image-22032 lazy-loaded\" src=\"https:\/\/www.aguarda.es\/wp-content\/uploads\/2020\/07\/AXENDA-A-GUARDA-AGOSTO-2020.jpg\" alt=\"\" width=\"800\" height=\"1179\" data-lazy-type=\"image\" data-src=\"https:\/\/www.aguarda.es\/wp-content\/uploads\/2020\/07\/AXENDA-A-GUARDA-AGOSTO-2020.jpg\" srcset=\"https:\/\/www.aguarda.es\/wp-content\/uploads\/2020\/07\/AXENDA-A-GUARDA-AGOSTO-2020.jpg 800w, https:\/\/www.aguarda.es\/wp-content\/uploads\/2020\/07\/AXENDA-A-GUARDA-AGOSTO-2020-204x300.jpg 204w, https:\/\/www.aguarda.es\/wp-content\/uploads\/2020\/07\/AXENDA-A-GUARDA-AGOSTO-2020-768x1132.jpg 768w, https:\/\/www.aguarda.es\/wp-content\/uploads\/2020\/07\/AXENDA-A-GUARDA-AGOSTO-2020-695x1024.jpg 695w\" sizes=\"(max-width: 800px) 100vw, 800px\" \/><\/p>\n","protected":false},"excerpt":{"rendered":"<p>\u2022 Visitas guiadas ao casco urbano, ao Monte Santa Trega, \u00e1 Embarcaci\u00f3n Piueiro, cinema na r\u00faa, visitas teatralizadas e espect\u00e1culos infant\u00eds compo\u00f1en a programaci\u00f3n para esta semana. O Concello da Guarda contin\u00faa apostando por unha programaci\u00f3n de actividades para todos &hellip; <\/p>\n","protected":false},"author":2,"featured_media":22196,"comment_status":"open","ping_status":"open","sticky":false,"template":"","format":"standard","meta":[],"categories":[34,56],"tags":[226,348,1988,1273,232,2261],"yoast_head":"<!-- This site is optimized with the Yoast SEO plugin v21.1 - https:\/\/yoast.com\/wordpress\/plugins\/seo\/ -->\n<title>Contin\u00faa a programaci\u00f3n da axenda de ver\u00e1n 2020 na Guarda - Concello da Guarda<\/title>\n<meta name=\"robots\" content=\"index, follow, max-snippet:-1, max-image-preview:large, max-video-preview:-1\" \/>\n<link rel=\"canonical\" href=\"https:\/\/www.aguarda.es\/en\/continua-a-programacion-da-axenda-de-veran-2020-na-guarda\/\" \/>\n<meta property=\"og:locale\" content=\"en_US\" \/>\n<meta property=\"og:type\" content=\"article\" \/>\n<meta property=\"og:title\" content=\"Contin\u00faa a programaci\u00f3n da axenda de ver\u00e1n 2020 na Guarda - Concello da Guarda\" \/>\n<meta property=\"og:description\" content=\"\u2022 Visitas guiadas ao casco urbano, ao Monte Santa Trega, \u00e1 Embarcaci\u00f3n Piueiro, cinema na r\u00faa, visitas teatralizadas e espect\u00e1culos infant\u00eds compo\u00f1en a programaci\u00f3n para esta semana. O Concello da Guarda contin\u00faa apostando por unha programaci\u00f3n de actividades para todos &hellip;\" \/>\n<meta property=\"og:url\" content=\"https:\/\/www.aguarda.es\/en\/continua-a-programacion-da-axenda-de-veran-2020-na-guarda\/\" \/>\n<meta property=\"og:site_name\" content=\"Concello da Guarda\" \/>\n<meta property=\"article:publisher\" content=\"https:\/\/www.facebook.com\/ConcellodaGuarda\" \/>\n<meta property=\"article:published_time\" content=\"2020-08-10T11:36:53+00:00\" \/>\n<meta property=\"og:image\" content=\"https:\/\/www.aguarda.es\/wp-content\/uploads\/2020\/08\/NP-10082020-axenda-semanal.jpg\" \/>\n\t<meta property=\"og:image:width\" content=\"800\" \/>\n\t<meta property=\"og:image:height\" content=\"800\" \/>\n\t<meta property=\"og:image:type\" content=\"image\/jpeg\" \/>\n<meta name=\"author\" content=\"prensa\" \/>\n<meta name=\"twitter:card\" content=\"summary_large_image\" \/>\n<meta name=\"twitter:creator\" content=\"@AGuarda_es\" \/>\n<meta name=\"twitter:site\" content=\"@AGuarda_es\" \/>\n<meta name=\"twitter:label1\" content=\"Written by\" \/>\n\t<meta name=\"twitter:data1\" content=\"prensa\" \/>\n\t<meta name=\"twitter:label2\" content=\"Est. reading time\" \/>\n\t<meta name=\"twitter:data2\" content=\"1 minute\" \/>\n<script type=\"application\/ld+json\" class=\"yoast-schema-graph\">{\"@context\":\"https:\/\/schema.org\",\"@graph\":[{\"@type\":\"WebPage\",\"@id\":\"https:\/\/www.aguarda.es\/en\/continua-a-programacion-da-axenda-de-veran-2020-na-guarda\/\",\"url\":\"https:\/\/www.aguarda.es\/en\/continua-a-programacion-da-axenda-de-veran-2020-na-guarda\/\",\"name\":\"Contin\u00faa a programaci\u00f3n da axenda de ver\u00e1n 2020 na Guarda - Concello da Guarda\",\"isPartOf\":{\"@id\":\"https:\/\/www.aguarda.es\/en\/#website\"},\"datePublished\":\"2020-08-10T11:36:53+00:00\",\"dateModified\":\"2020-08-10T11:36:53+00:00\",\"author\":{\"@id\":\"https:\/\/www.aguarda.es\/en\/#\/schema\/person\/c463ca3006858ffb349d11179d044f21\"},\"breadcrumb\":{\"@id\":\"https:\/\/www.aguarda.es\/en\/continua-a-programacion-da-axenda-de-veran-2020-na-guarda\/#breadcrumb\"},\"inLanguage\":\"en-US\",\"potentialAction\":[{\"@type\":\"ReadAction\",\"target\":[\"https:\/\/www.aguarda.es\/en\/continua-a-programacion-da-axenda-de-veran-2020-na-guarda\/\"]}]},{\"@type\":\"BreadcrumbList\",\"@id\":\"https:\/\/www.aguarda.es\/en\/continua-a-programacion-da-axenda-de-veran-2020-na-guarda\/#breadcrumb\",\"itemListElement\":[{\"@type\":\"ListItem\",\"position\":1,\"name\":\"Portada\",\"item\":\"https:\/\/www.aguarda.es\/en\/\"},{\"@type\":\"ListItem\",\"position\":2,\"name\":\"Contin\u00faa a programaci\u00f3n da axenda de ver\u00e1n 2020 na Guarda\"}]},{\"@type\":\"WebSite\",\"@id\":\"https:\/\/www.aguarda.es\/en\/#website\",\"url\":\"https:\/\/www.aguarda.es\/en\/\",\"name\":\"Concello da Guarda\",\"description\":\"P\u00e1xina web do concello da Guarda\",\"potentialAction\":[{\"@type\":\"SearchAction\",\"target\":{\"@type\":\"EntryPoint\",\"urlTemplate\":\"https:\/\/www.aguarda.es\/en\/?s={search_term_string}\"},\"query-input\":\"required name=search_term_string\"}],\"inLanguage\":\"en-US\"},{\"@type\":\"Person\",\"@id\":\"https:\/\/www.aguarda.es\/en\/#\/schema\/person\/c463ca3006858ffb349d11179d044f21\",\"name\":\"prensa\",\"image\":{\"@type\":\"ImageObject\",\"inLanguage\":\"en-US\",\"@id\":\"https:\/\/www.aguarda.es\/en\/#\/schema\/person\/image\/\",\"url\":\"https:\/\/secure.gravatar.com\/avatar\/5f90ef536b0f98306edf5c7a1135ffa1?s=96&d=mm&r=g\",\"contentUrl\":\"https:\/\/secure.gravatar.com\/avatar\/5f90ef536b0f98306edf5c7a1135ffa1?s=96&d=mm&r=g\",\"caption\":\"prensa\"},\"url\":\"https:\/\/www.aguarda.es\/en\/author\/prensa\/\"}]}<\/script>\n<!-- \/ Yoast SEO plugin. -->","yoast_head_json":{"title":"Contin\u00faa a programaci\u00f3n da axenda de ver\u00e1n 2020 na Guarda - Concello da Guarda","robots":{"index":"index","follow":"follow","max-snippet":"max-snippet:-1","max-image-preview":"max-image-preview:large","max-video-preview":"max-video-preview:-1"},"canonical":"https:\/\/www.aguarda.es\/en\/continua-a-programacion-da-axenda-de-veran-2020-na-guarda\/","og_locale":"en_US","og_type":"article","og_title":"Contin\u00faa a programaci\u00f3n da axenda de ver\u00e1n 2020 na Guarda - Concello da Guarda","og_description":"\u2022 Visitas guiadas ao casco urbano, ao Monte Santa Trega, \u00e1 Embarcaci\u00f3n Piueiro, cinema na r\u00faa, visitas teatralizadas e espect\u00e1culos infant\u00eds compo\u00f1en a programaci\u00f3n para esta semana. O Concello da Guarda contin\u00faa apostando por unha programaci\u00f3n de actividades para todos &hellip;","og_url":"https:\/\/www.aguarda.es\/en\/continua-a-programacion-da-axenda-de-veran-2020-na-guarda\/","og_site_name":"Concello da Guarda","article_publisher":"https:\/\/www.facebook.com\/ConcellodaGuarda","article_published_time":"2020-08-10T11:36:53+00:00","og_image":[{"width":800,"height":800,"url":"https:\/\/www.aguarda.es\/wp-content\/uploads\/2020\/08\/NP-10082020-axenda-semanal.jpg","type":"image\/jpeg"}],"author":"prensa","twitter_card":"summary_large_image","twitter_creator":"@AGuarda_es","twitter_site":"@AGuarda_es","twitter_misc":{"Written by":"prensa","Est. reading time":"1 minute"},"schema":{"@context":"https:\/\/schema.org","@graph":[{"@type":"WebPage","@id":"https:\/\/www.aguarda.es\/en\/continua-a-programacion-da-axenda-de-veran-2020-na-guarda\/","url":"https:\/\/www.aguarda.es\/en\/continua-a-programacion-da-axenda-de-veran-2020-na-guarda\/","name":"Contin\u00faa a programaci\u00f3n da axenda de ver\u00e1n 2020 na Guarda - Concello da Guarda","isPartOf":{"@id":"https:\/\/www.aguarda.es\/en\/#website"},"datePublished":"2020-08-10T11:36:53+00:00","dateModified":"2020-08-10T11:36:53+00:00","author":{"@id":"https:\/\/www.aguarda.es\/en\/#\/schema\/person\/c463ca3006858ffb349d11179d044f21"},"breadcrumb":{"@id":"https:\/\/www.aguarda.es\/en\/continua-a-programacion-da-axenda-de-veran-2020-na-guarda\/#breadcrumb"},"inLanguage":"en-US","potentialAction":[{"@type":"ReadAction","target":["https:\/\/www.aguarda.es\/en\/continua-a-programacion-da-axenda-de-veran-2020-na-guarda\/"]}]},{"@type":"BreadcrumbList","@id":"https:\/\/www.aguarda.es\/en\/continua-a-programacion-da-axenda-de-veran-2020-na-guarda\/#breadcrumb","itemListElement":[{"@type":"ListItem","position":1,"name":"Portada","item":"https:\/\/www.aguarda.es\/en\/"},{"@type":"ListItem","position":2,"name":"Contin\u00faa a programaci\u00f3n da axenda de ver\u00e1n 2020 na Guarda"}]},{"@type":"WebSite","@id":"https:\/\/www.aguarda.es\/en\/#website","url":"https:\/\/www.aguarda.es\/en\/","name":"Concello da Guarda","description":"P\u00e1xina web do concello da Guarda","potentialAction":[{"@type":"SearchAction","target":{"@type":"EntryPoint","urlTemplate":"https:\/\/www.aguarda.es\/en\/?s={search_term_string}"},"query-input":"required name=search_term_string"}],"inLanguage":"en-US"},{"@type":"Person","@id":"https:\/\/www.aguarda.es\/en\/#\/schema\/person\/c463ca3006858ffb349d11179d044f21","name":"prensa","image":{"@type":"ImageObject","inLanguage":"en-US","@id":"https:\/\/www.aguarda.es\/en\/#\/schema\/person\/image\/","url":"https:\/\/secure.gravatar.com\/avatar\/5f90ef536b0f98306edf5c7a1135ffa1?s=96&d=mm&r=g","contentUrl":"https:\/\/secure.gravatar.com\/avatar\/5f90ef536b0f98306edf5c7a1135ffa1?s=96&d=mm&r=g","caption":"prensa"},"url":"https:\/\/www.aguarda.es\/en\/author\/prensa\/"}]}},"_links":{"self":[{"href":"https:\/\/www.aguarda.es\/en\/wp-json\/wp\/v2\/posts\/22195"}],"collection":[{"href":"https:\/\/www.aguarda.es\/en\/wp-json\/wp\/v2\/posts"}],"about":[{"href":"https:\/\/www.aguarda.es\/en\/wp-json\/wp\/v2\/types\/post"}],"author":[{"embeddable":true,"href":"https:\/\/www.aguarda.es\/en\/wp-json\/wp\/v2\/users\/2"}],"replies":[{"embeddable":true,"href":"https:\/\/www.aguarda.es\/en\/wp-json\/wp\/v2\/comments?post=22195"}],"version-history":[{"count":1,"href":"https:\/\/www.aguarda.es\/en\/wp-json\/wp\/v2\/posts\/22195\/revisions"}],"predecessor-version":[{"id":22198,"href":"https:\/\/www.aguarda.es\/en\/wp-json\/wp\/v2\/posts\/22195\/revisions\/22198"}],"wp:featuredmedia":[{"embeddable":true,"href":"https:\/\/www.aguarda.es\/en\/wp-json\/wp\/v2\/media\/22196"}],"wp:attachment":[{"href":"https:\/\/www.aguarda.es\/en\/wp-json\/wp\/v2\/media?parent=22195"}],"wp:term":[{"taxonomy":"category","embeddable":true,"href":"https:\/\/www.aguarda.es\/en\/wp-json\/wp\/v2\/categories?post=22195"},{"taxonomy":"post_tag","embeddable":true,"href":"https:\/\/www.aguarda.es\/en\/wp-json\/wp\/v2\/tags?post=22195"}],"curies":[{"name":"wp","href":"https:\/\/api.w.org\/{rel}","templated":true}]}}