{"id":2220,"date":"2016-09-29T08:43:36","date_gmt":"2016-09-29T08:43:36","guid":{"rendered":"https:\/\/www.aguarda.es\/?p=2220"},"modified":"2016-09-29T08:43:36","modified_gmt":"2016-09-29T08:43:36","slug":"mesa-de-contratacion-no-procedemento-aberto-para-a-contratacion-do-suministro-dunha-barredora-para-o-concello-da-guarda","status":"publish","type":"post","link":"https:\/\/www.aguarda.es\/en\/mesa-de-contratacion-no-procedemento-aberto-para-a-contratacion-do-suministro-dunha-barredora-para-o-concello-da-guarda\/","title":{"rendered":"Mesa de contrataci\u00f3n no procedemento aberto para a contrataci\u00f3n do suministro dunha varredora para o Concello da Guarda"},"content":{"rendered":"<p><strong>MESA DE CONTRATACI\u00d3N NO PROCEDEMENTO ABERTO\u00a0 <\/strong><strong>PARA A CONTRATACI\u00d3N DO SUMINISTRO DUNHA VARREDORA PARA O\u00a0 CONCELLO DA GUARDA.<\/strong><\/p>\n<p><strong>\u00a0<\/strong><\/p>\n<p><strong>A mesa de contrataci\u00f3n estar\u00e1 integrada do xeito seguinte:<\/strong><\/p>\n<p>\u00a0\u00a0\u00a0\u00a0\u00a0\u00a0\u00a0\u00a0 &#8211; <strong>Presidente<\/strong>:Alcalde presidente do Concello ou Concelleiro en quen delegue.<\/p>\n<p>\u00a0\u00a0\u00a0\u00a0\u00a0\u00a0\u00a0\u00a0 &#8211; <strong>Vocais:<\/strong><\/p>\n<p>\u00a0\u00a0\u00a0\u00a0\u00a0\u00a0\u00a0\u00a0\u00a0\u00a0\u00a0 *Don Paulino Rodr\u00edguez Gonz\u00e1lez, Concelleiro responsable do servicio.<\/p>\n<p>\u00a0\u00a0\u00a0\u00a0\u00a0\u00a0\u00a0\u00a0\u00a0\u00a0\u00a0 *Don Jos\u00e9 Luis Gil Vicente, funcionario municipal<\/p>\n<p>*Dona Ana Llorca Maneiro,\u00a0 Interventora do Concello da Guarda, ou funcionario que legalmente a substit\u00faa.<\/p>\n<p>*Dona Julia M\u00aa Carrasco Gonz\u00e1lez-Alegre,\u00a0 Secretaria do Concello\u00a0 da Guarda, ou funcionario que legalmente a substit\u00faa.<\/p>\n<p>\u00a0<\/p>\n<p>\u00a0\u00a0\u00a0\u00a0\u00a0\u00a0\u00a0\u00a0 &#8211;\u00a0 <strong>Secretario da Mesa<\/strong>: Don Jos\u00e9 Carlos Mart\u00ednez Crespo (Titular); dona Montserrat Mari\u00f1o \u00c1lvarez (suplente).<\/p>\n<p>\u00a0<\/p>\n<p>\u00a0\u00a0 A\u00a0Mesa de contrataci\u00f3n proceder\u00e1 \u00e1 cualificaci\u00f3n da documentaci\u00f3n xeral no Concello de a Guarda \u00e1s dez horas do <strong>14 de outubro de 2016<\/strong>, nas dependencias municipais. No caso da existencia de deficiencias subsanables na documentaci\u00f3n xeral,\u00a0 se outorgar\u00e1 \u00f3s licitadores un prazo de dous d\u00edas h\u00e1biles para proceder \u00e1 s\u00faa subsanaci\u00f3n.<\/p>\n<p>\u00c1s dez horas do <strong>18 de outubro de 2016 <\/strong>se proceder\u00e1 pola mesa de contrataci\u00f3n, en acto p\u00fablico, \u00e1 apertura das ofertas presentadas, nas dependencias municipais. Caber\u00e1 solicitar pola mesa de contrataci\u00f3n, cantos informes t\u00e9cnicos se consideren precisos e se relacionen co obxecto de contrato.<\/p>\n","protected":false},"excerpt":{"rendered":"<p>MESA DE CONTRATACI\u00d3N NO PROCEDEMENTO ABERTO\u00a0 PARA A CONTRATACI\u00d3N DO SUMINISTRO DUNHA VARREDORA PARA O\u00a0 CONCELLO DA GUARDA. \u00a0 A mesa de contrataci\u00f3n estar\u00e1 integrada do xeito seguinte: \u00a0\u00a0\u00a0\u00a0\u00a0\u00a0\u00a0\u00a0 &#8211; Presidente:Alcalde presidente do Concello ou Concelleiro en quen delegue. \u00a0\u00a0\u00a0\u00a0\u00a0\u00a0\u00a0\u00a0 &hellip; <\/p>\n","protected":false},"author":1,"featured_media":0,"comment_status":"open","ping_status":"open","sticky":false,"template":"","format":"standard","meta":[],"categories":[31],"tags":[],"yoast_head":"<!-- This site is optimized with the Yoast SEO plugin v21.1 - https:\/\/yoast.com\/wordpress\/plugins\/seo\/ -->\n<title>Mesa de contrataci\u00f3n no procedemento aberto para a contrataci\u00f3n do suministro dunha varredora para o Concello da Guarda - Concello da Guarda<\/title>\n<meta name=\"robots\" content=\"index, follow, max-snippet:-1, max-image-preview:large, max-video-preview:-1\" \/>\n<link rel=\"canonical\" href=\"https:\/\/www.aguarda.es\/en\/mesa-de-contratacion-no-procedemento-aberto-para-a-contratacion-do-suministro-dunha-barredora-para-o-concello-da-guarda\/\" \/>\n<meta property=\"og:locale\" content=\"en_US\" \/>\n<meta property=\"og:type\" content=\"article\" \/>\n<meta property=\"og:title\" content=\"Mesa de contrataci\u00f3n no procedemento aberto para a contrataci\u00f3n do suministro dunha varredora para o Concello da Guarda - Concello da Guarda\" \/>\n<meta property=\"og:description\" content=\"MESA DE CONTRATACI\u00d3N NO PROCEDEMENTO ABERTO\u00a0 PARA A CONTRATACI\u00d3N DO SUMINISTRO DUNHA VARREDORA PARA O\u00a0 CONCELLO DA GUARDA. \u00a0 A mesa de contrataci\u00f3n estar\u00e1 integrada do xeito seguinte: \u00a0\u00a0\u00a0\u00a0\u00a0\u00a0\u00a0\u00a0 &#8211; Presidente:Alcalde presidente do Concello ou Concelleiro en quen delegue. \u00a0\u00a0\u00a0\u00a0\u00a0\u00a0\u00a0\u00a0 &hellip;\" \/>\n<meta property=\"og:url\" content=\"https:\/\/www.aguarda.es\/en\/mesa-de-contratacion-no-procedemento-aberto-para-a-contratacion-do-suministro-dunha-barredora-para-o-concello-da-guarda\/\" \/>\n<meta property=\"og:site_name\" content=\"Concello da Guarda\" \/>\n<meta property=\"article:publisher\" content=\"https:\/\/www.facebook.com\/ConcellodaGuarda\" \/>\n<meta property=\"article:published_time\" content=\"2016-09-29T08:43:36+00:00\" \/>\n<meta property=\"og:image\" content=\"https:\/\/www.aguarda.es\/wp-content\/uploads\/2017\/06\/escudo-full-2.jpg\" \/>\n\t<meta property=\"og:image:width\" content=\"1135\" \/>\n\t<meta property=\"og:image:height\" content=\"712\" \/>\n\t<meta property=\"og:image:type\" content=\"image\/jpeg\" \/>\n<meta name=\"author\" content=\"Concello\" \/>\n<meta name=\"twitter:card\" content=\"summary_large_image\" \/>\n<meta name=\"twitter:creator\" content=\"@AGuarda_es\" \/>\n<meta name=\"twitter:site\" content=\"@AGuarda_es\" \/>\n<meta name=\"twitter:label1\" content=\"Written by\" \/>\n\t<meta name=\"twitter:data1\" content=\"Concello\" \/>\n\t<meta name=\"twitter:label2\" content=\"Est. reading time\" \/>\n\t<meta name=\"twitter:data2\" content=\"1 minute\" \/>\n<script type=\"application\/ld+json\" class=\"yoast-schema-graph\">{\"@context\":\"https:\/\/schema.org\",\"@graph\":[{\"@type\":\"WebPage\",\"@id\":\"https:\/\/www.aguarda.es\/en\/mesa-de-contratacion-no-procedemento-aberto-para-a-contratacion-do-suministro-dunha-barredora-para-o-concello-da-guarda\/\",\"url\":\"https:\/\/www.aguarda.es\/en\/mesa-de-contratacion-no-procedemento-aberto-para-a-contratacion-do-suministro-dunha-barredora-para-o-concello-da-guarda\/\",\"name\":\"Mesa de contrataci\u00f3n no procedemento aberto para a contrataci\u00f3n do suministro dunha varredora para o Concello da Guarda - Concello da Guarda\",\"isPartOf\":{\"@id\":\"https:\/\/www.aguarda.es\/en\/#website\"},\"datePublished\":\"2016-09-29T08:43:36+00:00\",\"dateModified\":\"2016-09-29T08:43:36+00:00\",\"author\":{\"@id\":\"https:\/\/www.aguarda.es\/en\/#\/schema\/person\/ac30f4d74843174f0af56c730f74dd57\"},\"breadcrumb\":{\"@id\":\"https:\/\/www.aguarda.es\/en\/mesa-de-contratacion-no-procedemento-aberto-para-a-contratacion-do-suministro-dunha-barredora-para-o-concello-da-guarda\/#breadcrumb\"},\"inLanguage\":\"en-US\",\"potentialAction\":[{\"@type\":\"ReadAction\",\"target\":[\"https:\/\/www.aguarda.es\/en\/mesa-de-contratacion-no-procedemento-aberto-para-a-contratacion-do-suministro-dunha-barredora-para-o-concello-da-guarda\/\"]}]},{\"@type\":\"BreadcrumbList\",\"@id\":\"https:\/\/www.aguarda.es\/en\/mesa-de-contratacion-no-procedemento-aberto-para-a-contratacion-do-suministro-dunha-barredora-para-o-concello-da-guarda\/#breadcrumb\",\"itemListElement\":[{\"@type\":\"ListItem\",\"position\":1,\"name\":\"Portada\",\"item\":\"https:\/\/www.aguarda.es\/en\/\"},{\"@type\":\"ListItem\",\"position\":2,\"name\":\"Mesa de contrataci\u00f3n no procedemento aberto para a contrataci\u00f3n do suministro dunha varredora para o Concello da Guarda\"}]},{\"@type\":\"WebSite\",\"@id\":\"https:\/\/www.aguarda.es\/en\/#website\",\"url\":\"https:\/\/www.aguarda.es\/en\/\",\"name\":\"Concello da Guarda\",\"description\":\"P\u00e1xina web do concello da Guarda\",\"potentialAction\":[{\"@type\":\"SearchAction\",\"target\":{\"@type\":\"EntryPoint\",\"urlTemplate\":\"https:\/\/www.aguarda.es\/en\/?s={search_term_string}\"},\"query-input\":\"required name=search_term_string\"}],\"inLanguage\":\"en-US\"},{\"@type\":\"Person\",\"@id\":\"https:\/\/www.aguarda.es\/en\/#\/schema\/person\/ac30f4d74843174f0af56c730f74dd57\",\"name\":\"Concello\",\"image\":{\"@type\":\"ImageObject\",\"inLanguage\":\"en-US\",\"@id\":\"https:\/\/www.aguarda.es\/en\/#\/schema\/person\/image\/\",\"url\":\"https:\/\/secure.gravatar.com\/avatar\/7eda12a04da40b2ef77eb62e68f07027?s=96&d=mm&r=g\",\"contentUrl\":\"https:\/\/secure.gravatar.com\/avatar\/7eda12a04da40b2ef77eb62e68f07027?s=96&d=mm&r=g\",\"caption\":\"Concello\"},\"url\":\"https:\/\/www.aguarda.es\/en\/author\/admin\/\"}]}<\/script>\n<!-- \/ Yoast SEO plugin. -->","yoast_head_json":{"title":"Mesa de contrataci\u00f3n no procedemento aberto para a contrataci\u00f3n do suministro dunha varredora para o Concello da Guarda - Concello da Guarda","robots":{"index":"index","follow":"follow","max-snippet":"max-snippet:-1","max-image-preview":"max-image-preview:large","max-video-preview":"max-video-preview:-1"},"canonical":"https:\/\/www.aguarda.es\/en\/mesa-de-contratacion-no-procedemento-aberto-para-a-contratacion-do-suministro-dunha-barredora-para-o-concello-da-guarda\/","og_locale":"en_US","og_type":"article","og_title":"Mesa de contrataci\u00f3n no procedemento aberto para a contrataci\u00f3n do suministro dunha varredora para o Concello da Guarda - Concello da Guarda","og_description":"MESA DE CONTRATACI\u00d3N NO PROCEDEMENTO ABERTO\u00a0 PARA A CONTRATACI\u00d3N DO SUMINISTRO DUNHA VARREDORA PARA O\u00a0 CONCELLO DA GUARDA. \u00a0 A mesa de contrataci\u00f3n estar\u00e1 integrada do xeito seguinte: \u00a0\u00a0\u00a0\u00a0\u00a0\u00a0\u00a0\u00a0 &#8211; Presidente:Alcalde presidente do Concello ou Concelleiro en quen delegue. \u00a0\u00a0\u00a0\u00a0\u00a0\u00a0\u00a0\u00a0 &hellip;","og_url":"https:\/\/www.aguarda.es\/en\/mesa-de-contratacion-no-procedemento-aberto-para-a-contratacion-do-suministro-dunha-barredora-para-o-concello-da-guarda\/","og_site_name":"Concello da Guarda","article_publisher":"https:\/\/www.facebook.com\/ConcellodaGuarda","article_published_time":"2016-09-29T08:43:36+00:00","og_image":[{"width":1135,"height":712,"url":"https:\/\/www.aguarda.es\/wp-content\/uploads\/2017\/06\/escudo-full-2.jpg","type":"image\/jpeg"}],"author":"Concello","twitter_card":"summary_large_image","twitter_creator":"@AGuarda_es","twitter_site":"@AGuarda_es","twitter_misc":{"Written by":"Concello","Est. reading time":"1 minute"},"schema":{"@context":"https:\/\/schema.org","@graph":[{"@type":"WebPage","@id":"https:\/\/www.aguarda.es\/en\/mesa-de-contratacion-no-procedemento-aberto-para-a-contratacion-do-suministro-dunha-barredora-para-o-concello-da-guarda\/","url":"https:\/\/www.aguarda.es\/en\/mesa-de-contratacion-no-procedemento-aberto-para-a-contratacion-do-suministro-dunha-barredora-para-o-concello-da-guarda\/","name":"Mesa de contrataci\u00f3n no procedemento aberto para a contrataci\u00f3n do suministro dunha varredora para o Concello da Guarda - Concello da Guarda","isPartOf":{"@id":"https:\/\/www.aguarda.es\/en\/#website"},"datePublished":"2016-09-29T08:43:36+00:00","dateModified":"2016-09-29T08:43:36+00:00","author":{"@id":"https:\/\/www.aguarda.es\/en\/#\/schema\/person\/ac30f4d74843174f0af56c730f74dd57"},"breadcrumb":{"@id":"https:\/\/www.aguarda.es\/en\/mesa-de-contratacion-no-procedemento-aberto-para-a-contratacion-do-suministro-dunha-barredora-para-o-concello-da-guarda\/#breadcrumb"},"inLanguage":"en-US","potentialAction":[{"@type":"ReadAction","target":["https:\/\/www.aguarda.es\/en\/mesa-de-contratacion-no-procedemento-aberto-para-a-contratacion-do-suministro-dunha-barredora-para-o-concello-da-guarda\/"]}]},{"@type":"BreadcrumbList","@id":"https:\/\/www.aguarda.es\/en\/mesa-de-contratacion-no-procedemento-aberto-para-a-contratacion-do-suministro-dunha-barredora-para-o-concello-da-guarda\/#breadcrumb","itemListElement":[{"@type":"ListItem","position":1,"name":"Portada","item":"https:\/\/www.aguarda.es\/en\/"},{"@type":"ListItem","position":2,"name":"Mesa de contrataci\u00f3n no procedemento aberto para a contrataci\u00f3n do suministro dunha varredora para o Concello da Guarda"}]},{"@type":"WebSite","@id":"https:\/\/www.aguarda.es\/en\/#website","url":"https:\/\/www.aguarda.es\/en\/","name":"Concello da Guarda","description":"P\u00e1xina web do concello da Guarda","potentialAction":[{"@type":"SearchAction","target":{"@type":"EntryPoint","urlTemplate":"https:\/\/www.aguarda.es\/en\/?s={search_term_string}"},"query-input":"required name=search_term_string"}],"inLanguage":"en-US"},{"@type":"Person","@id":"https:\/\/www.aguarda.es\/en\/#\/schema\/person\/ac30f4d74843174f0af56c730f74dd57","name":"Concello","image":{"@type":"ImageObject","inLanguage":"en-US","@id":"https:\/\/www.aguarda.es\/en\/#\/schema\/person\/image\/","url":"https:\/\/secure.gravatar.com\/avatar\/7eda12a04da40b2ef77eb62e68f07027?s=96&d=mm&r=g","contentUrl":"https:\/\/secure.gravatar.com\/avatar\/7eda12a04da40b2ef77eb62e68f07027?s=96&d=mm&r=g","caption":"Concello"},"url":"https:\/\/www.aguarda.es\/en\/author\/admin\/"}]}},"_links":{"self":[{"href":"https:\/\/www.aguarda.es\/en\/wp-json\/wp\/v2\/posts\/2220"}],"collection":[{"href":"https:\/\/www.aguarda.es\/en\/wp-json\/wp\/v2\/posts"}],"about":[{"href":"https:\/\/www.aguarda.es\/en\/wp-json\/wp\/v2\/types\/post"}],"author":[{"embeddable":true,"href":"https:\/\/www.aguarda.es\/en\/wp-json\/wp\/v2\/users\/1"}],"replies":[{"embeddable":true,"href":"https:\/\/www.aguarda.es\/en\/wp-json\/wp\/v2\/comments?post=2220"}],"version-history":[{"count":0,"href":"https:\/\/www.aguarda.es\/en\/wp-json\/wp\/v2\/posts\/2220\/revisions"}],"wp:attachment":[{"href":"https:\/\/www.aguarda.es\/en\/wp-json\/wp\/v2\/media?parent=2220"}],"wp:term":[{"taxonomy":"category","embeddable":true,"href":"https:\/\/www.aguarda.es\/en\/wp-json\/wp\/v2\/categories?post=2220"},{"taxonomy":"post_tag","embeddable":true,"href":"https:\/\/www.aguarda.es\/en\/wp-json\/wp\/v2\/tags?post=2220"}],"curies":[{"name":"wp","href":"https:\/\/api.w.org\/{rel}","templated":true}]}}