{"id":22268,"date":"2020-08-19T13:50:09","date_gmt":"2020-08-19T13:50:09","guid":{"rendered":"https:\/\/www.aguarda.es\/?p=22268"},"modified":"2020-08-19T13:50:09","modified_gmt":"2020-08-19T13:50:09","slug":"a-guarda-instala-na-praza-de-abastos-colectores-para-residuos-de-aparellos-electricos-e-electronicos-ao-abeiro-do-proxecto-estraee","status":"publish","type":"post","link":"https:\/\/www.aguarda.es\/en\/a-guarda-instala-na-praza-de-abastos-colectores-para-residuos-de-aparellos-electricos-e-electronicos-ao-abeiro-do-proxecto-estraee\/","title":{"rendered":"A Guarda instala na Praza de Abastos colectores para residuos de aparellos el\u00e9ctricos e electr\u00f3nicos ao abeiro do Proxecto Estraee"},"content":{"rendered":"<p style=\"text-align: justify\">A Conceller\u00eda de Medio Ambiente do Concello da Guarda ven de instalar no andar superior da Praza de Abastos da localidade 3 colectores para depositar residuos de aparellos el\u00e9ctricos e electr\u00f3nicos: m\u00f3biles e tablets, pilas e bater\u00edas e cargadores e cables.<\/p>\n<p style=\"text-align: justify\">Esta acci\u00f3n real\u00edzase ao abeiro do o proxecto europeo ESTRAEE de reciclaxe do \u201clixo electr\u00f3nico\u201d promovido pola Deputaci\u00f3n.<\/p>\n<p style=\"text-align: justify\">A provincia de Pontevedra revalida, con estes recursos, a s\u00faa posici\u00f3n como referencia europea, e mesmo mundial, no marco da protecci\u00f3n do medio ambiente e no cumprimento da Axenda 2030.<\/p>\n<p style=\"text-align: justify\">O proxecto ESTRAEE (Estratexia Sostible Transfronteiriza para a Xesti\u00f3n dos Residuos de Aparellos El\u00e9ctricos e Electr\u00f3nicos) conta cun orzamento total de 2.145.000 euros e ten por finalidade impulsar no espazo transfronteirizo Galicia-Norte de Portugal a xesti\u00f3n de residuos de aparellos el\u00e9ctricos e electr\u00f3nicos (RAEE). Est\u00e1 soportado ao 75% polo fondo FEDER, que achega algo m\u00e1is de 1,6 mill\u00f3ns de Pontevedra. A Deputaci\u00f3n e o resto dos socios achegan os 536.381 euros restantes (a Deputaci\u00f3n de Pontevedra destinou 227.000 euros do seu propio orzamento e o resto dos socios espa\u00f1oles, Revertia, ERP Espa\u00f1a e EnergyLab, e portugueses, ERP Portugal e Liport, achegan o resto).<\/p>\n","protected":false},"excerpt":{"rendered":"<p>A Conceller\u00eda de Medio Ambiente do Concello da Guarda ven de instalar no andar superior da Praza de Abastos da localidade 3 colectores para depositar residuos de aparellos el\u00e9ctricos e electr\u00f3nicos: m\u00f3biles e tablets, pilas e bater\u00edas e cargadores e &hellip; <\/p>\n","protected":false},"author":2,"featured_media":22269,"comment_status":"open","ping_status":"open","sticky":false,"template":"","format":"standard","meta":[],"categories":[40],"tags":[226,1015,2275,227,698,1014,1013,1608,2276],"yoast_head":"<!-- This site is optimized with the Yoast SEO plugin v21.1 - https:\/\/yoast.com\/wordpress\/plugins\/seo\/ -->\n<title>A Guarda instala na Praza de Abastos colectores para residuos de aparellos el\u00e9ctricos e electr\u00f3nicos ao abeiro do Proxecto Estraee - Concello da Guarda<\/title>\n<meta name=\"robots\" content=\"index, follow, max-snippet:-1, max-image-preview:large, max-video-preview:-1\" \/>\n<link rel=\"canonical\" href=\"https:\/\/www.aguarda.es\/en\/a-guarda-instala-na-praza-de-abastos-colectores-para-residuos-de-aparellos-electricos-e-electronicos-ao-abeiro-do-proxecto-estraee\/\" \/>\n<meta property=\"og:locale\" content=\"en_US\" \/>\n<meta property=\"og:type\" content=\"article\" \/>\n<meta property=\"og:title\" content=\"A Guarda instala na Praza de Abastos colectores para residuos de aparellos el\u00e9ctricos e electr\u00f3nicos ao abeiro do Proxecto Estraee - Concello da Guarda\" \/>\n<meta property=\"og:description\" content=\"A Conceller\u00eda de Medio Ambiente do Concello da Guarda ven de instalar no andar superior da Praza de Abastos da localidade 3 colectores para depositar residuos de aparellos el\u00e9ctricos e electr\u00f3nicos: m\u00f3biles e tablets, pilas e bater\u00edas e cargadores e &hellip;\" \/>\n<meta property=\"og:url\" content=\"https:\/\/www.aguarda.es\/en\/a-guarda-instala-na-praza-de-abastos-colectores-para-residuos-de-aparellos-electricos-e-electronicos-ao-abeiro-do-proxecto-estraee\/\" \/>\n<meta property=\"og:site_name\" content=\"Concello da Guarda\" \/>\n<meta property=\"article:publisher\" content=\"https:\/\/www.facebook.com\/ConcellodaGuarda\" \/>\n<meta property=\"article:published_time\" content=\"2020-08-19T13:50:09+00:00\" \/>\n<meta property=\"og:image\" content=\"https:\/\/www.aguarda.es\/wp-content\/uploads\/2020\/08\/NP-19082020-A-Guarda-instala-na-Praza-de-Abastos-colectores-para-residuos-de-aparellos-el\u00e9ctricos-e-electr\u00f3nicos-ao-abeiro-do-Proxecto-Estraee-2.jpeg\" \/>\n\t<meta property=\"og:image:width\" content=\"800\" \/>\n\t<meta property=\"og:image:height\" content=\"597\" \/>\n\t<meta property=\"og:image:type\" content=\"image\/jpeg\" \/>\n<meta name=\"author\" content=\"prensa\" \/>\n<meta name=\"twitter:card\" content=\"summary_large_image\" \/>\n<meta name=\"twitter:creator\" content=\"@AGuarda_es\" \/>\n<meta name=\"twitter:site\" content=\"@AGuarda_es\" \/>\n<meta name=\"twitter:label1\" content=\"Written by\" \/>\n\t<meta name=\"twitter:data1\" content=\"prensa\" \/>\n\t<meta name=\"twitter:label2\" content=\"Est. reading time\" \/>\n\t<meta name=\"twitter:data2\" content=\"1 minute\" \/>\n<script type=\"application\/ld+json\" class=\"yoast-schema-graph\">{\"@context\":\"https:\/\/schema.org\",\"@graph\":[{\"@type\":\"WebPage\",\"@id\":\"https:\/\/www.aguarda.es\/en\/a-guarda-instala-na-praza-de-abastos-colectores-para-residuos-de-aparellos-electricos-e-electronicos-ao-abeiro-do-proxecto-estraee\/\",\"url\":\"https:\/\/www.aguarda.es\/en\/a-guarda-instala-na-praza-de-abastos-colectores-para-residuos-de-aparellos-electricos-e-electronicos-ao-abeiro-do-proxecto-estraee\/\",\"name\":\"A Guarda instala na Praza de Abastos colectores para residuos de aparellos el\u00e9ctricos e electr\u00f3nicos ao abeiro do Proxecto Estraee - Concello da Guarda\",\"isPartOf\":{\"@id\":\"https:\/\/www.aguarda.es\/en\/#website\"},\"datePublished\":\"2020-08-19T13:50:09+00:00\",\"dateModified\":\"2020-08-19T13:50:09+00:00\",\"author\":{\"@id\":\"https:\/\/www.aguarda.es\/en\/#\/schema\/person\/c463ca3006858ffb349d11179d044f21\"},\"breadcrumb\":{\"@id\":\"https:\/\/www.aguarda.es\/en\/a-guarda-instala-na-praza-de-abastos-colectores-para-residuos-de-aparellos-electricos-e-electronicos-ao-abeiro-do-proxecto-estraee\/#breadcrumb\"},\"inLanguage\":\"en-US\",\"potentialAction\":[{\"@type\":\"ReadAction\",\"target\":[\"https:\/\/www.aguarda.es\/en\/a-guarda-instala-na-praza-de-abastos-colectores-para-residuos-de-aparellos-electricos-e-electronicos-ao-abeiro-do-proxecto-estraee\/\"]}]},{\"@type\":\"BreadcrumbList\",\"@id\":\"https:\/\/www.aguarda.es\/en\/a-guarda-instala-na-praza-de-abastos-colectores-para-residuos-de-aparellos-electricos-e-electronicos-ao-abeiro-do-proxecto-estraee\/#breadcrumb\",\"itemListElement\":[{\"@type\":\"ListItem\",\"position\":1,\"name\":\"Portada\",\"item\":\"https:\/\/www.aguarda.es\/en\/\"},{\"@type\":\"ListItem\",\"position\":2,\"name\":\"A Guarda instala na Praza de Abastos colectores para residuos de aparellos el\u00e9ctricos e electr\u00f3nicos ao abeiro do Proxecto Estraee\"}]},{\"@type\":\"WebSite\",\"@id\":\"https:\/\/www.aguarda.es\/en\/#website\",\"url\":\"https:\/\/www.aguarda.es\/en\/\",\"name\":\"Concello da Guarda\",\"description\":\"P\u00e1xina web do concello da Guarda\",\"potentialAction\":[{\"@type\":\"SearchAction\",\"target\":{\"@type\":\"EntryPoint\",\"urlTemplate\":\"https:\/\/www.aguarda.es\/en\/?s={search_term_string}\"},\"query-input\":\"required name=search_term_string\"}],\"inLanguage\":\"en-US\"},{\"@type\":\"Person\",\"@id\":\"https:\/\/www.aguarda.es\/en\/#\/schema\/person\/c463ca3006858ffb349d11179d044f21\",\"name\":\"prensa\",\"image\":{\"@type\":\"ImageObject\",\"inLanguage\":\"en-US\",\"@id\":\"https:\/\/www.aguarda.es\/en\/#\/schema\/person\/image\/\",\"url\":\"https:\/\/secure.gravatar.com\/avatar\/5f90ef536b0f98306edf5c7a1135ffa1?s=96&d=mm&r=g\",\"contentUrl\":\"https:\/\/secure.gravatar.com\/avatar\/5f90ef536b0f98306edf5c7a1135ffa1?s=96&d=mm&r=g\",\"caption\":\"prensa\"},\"url\":\"https:\/\/www.aguarda.es\/en\/author\/prensa\/\"}]}<\/script>\n<!-- \/ Yoast SEO plugin. -->","yoast_head_json":{"title":"A Guarda instala na Praza de Abastos colectores para residuos de aparellos el\u00e9ctricos e electr\u00f3nicos ao abeiro do Proxecto Estraee - Concello da Guarda","robots":{"index":"index","follow":"follow","max-snippet":"max-snippet:-1","max-image-preview":"max-image-preview:large","max-video-preview":"max-video-preview:-1"},"canonical":"https:\/\/www.aguarda.es\/en\/a-guarda-instala-na-praza-de-abastos-colectores-para-residuos-de-aparellos-electricos-e-electronicos-ao-abeiro-do-proxecto-estraee\/","og_locale":"en_US","og_type":"article","og_title":"A Guarda instala na Praza de Abastos colectores para residuos de aparellos el\u00e9ctricos e electr\u00f3nicos ao abeiro do Proxecto Estraee - Concello da Guarda","og_description":"A Conceller\u00eda de Medio Ambiente do Concello da Guarda ven de instalar no andar superior da Praza de Abastos da localidade 3 colectores para depositar residuos de aparellos el\u00e9ctricos e electr\u00f3nicos: m\u00f3biles e tablets, pilas e bater\u00edas e cargadores e &hellip;","og_url":"https:\/\/www.aguarda.es\/en\/a-guarda-instala-na-praza-de-abastos-colectores-para-residuos-de-aparellos-electricos-e-electronicos-ao-abeiro-do-proxecto-estraee\/","og_site_name":"Concello da Guarda","article_publisher":"https:\/\/www.facebook.com\/ConcellodaGuarda","article_published_time":"2020-08-19T13:50:09+00:00","og_image":[{"width":800,"height":597,"url":"https:\/\/www.aguarda.es\/wp-content\/uploads\/2020\/08\/NP-19082020-A-Guarda-instala-na-Praza-de-Abastos-colectores-para-residuos-de-aparellos-el\u00e9ctricos-e-electr\u00f3nicos-ao-abeiro-do-Proxecto-Estraee-2.jpeg","type":"image\/jpeg"}],"author":"prensa","twitter_card":"summary_large_image","twitter_creator":"@AGuarda_es","twitter_site":"@AGuarda_es","twitter_misc":{"Written by":"prensa","Est. reading time":"1 minute"},"schema":{"@context":"https:\/\/schema.org","@graph":[{"@type":"WebPage","@id":"https:\/\/www.aguarda.es\/en\/a-guarda-instala-na-praza-de-abastos-colectores-para-residuos-de-aparellos-electricos-e-electronicos-ao-abeiro-do-proxecto-estraee\/","url":"https:\/\/www.aguarda.es\/en\/a-guarda-instala-na-praza-de-abastos-colectores-para-residuos-de-aparellos-electricos-e-electronicos-ao-abeiro-do-proxecto-estraee\/","name":"A Guarda instala na Praza de Abastos colectores para residuos de aparellos el\u00e9ctricos e electr\u00f3nicos ao abeiro do Proxecto Estraee - Concello da Guarda","isPartOf":{"@id":"https:\/\/www.aguarda.es\/en\/#website"},"datePublished":"2020-08-19T13:50:09+00:00","dateModified":"2020-08-19T13:50:09+00:00","author":{"@id":"https:\/\/www.aguarda.es\/en\/#\/schema\/person\/c463ca3006858ffb349d11179d044f21"},"breadcrumb":{"@id":"https:\/\/www.aguarda.es\/en\/a-guarda-instala-na-praza-de-abastos-colectores-para-residuos-de-aparellos-electricos-e-electronicos-ao-abeiro-do-proxecto-estraee\/#breadcrumb"},"inLanguage":"en-US","potentialAction":[{"@type":"ReadAction","target":["https:\/\/www.aguarda.es\/en\/a-guarda-instala-na-praza-de-abastos-colectores-para-residuos-de-aparellos-electricos-e-electronicos-ao-abeiro-do-proxecto-estraee\/"]}]},{"@type":"BreadcrumbList","@id":"https:\/\/www.aguarda.es\/en\/a-guarda-instala-na-praza-de-abastos-colectores-para-residuos-de-aparellos-electricos-e-electronicos-ao-abeiro-do-proxecto-estraee\/#breadcrumb","itemListElement":[{"@type":"ListItem","position":1,"name":"Portada","item":"https:\/\/www.aguarda.es\/en\/"},{"@type":"ListItem","position":2,"name":"A Guarda instala na Praza de Abastos colectores para residuos de aparellos el\u00e9ctricos e electr\u00f3nicos ao abeiro do Proxecto Estraee"}]},{"@type":"WebSite","@id":"https:\/\/www.aguarda.es\/en\/#website","url":"https:\/\/www.aguarda.es\/en\/","name":"Concello da Guarda","description":"P\u00e1xina web do concello da Guarda","potentialAction":[{"@type":"SearchAction","target":{"@type":"EntryPoint","urlTemplate":"https:\/\/www.aguarda.es\/en\/?s={search_term_string}"},"query-input":"required name=search_term_string"}],"inLanguage":"en-US"},{"@type":"Person","@id":"https:\/\/www.aguarda.es\/en\/#\/schema\/person\/c463ca3006858ffb349d11179d044f21","name":"prensa","image":{"@type":"ImageObject","inLanguage":"en-US","@id":"https:\/\/www.aguarda.es\/en\/#\/schema\/person\/image\/","url":"https:\/\/secure.gravatar.com\/avatar\/5f90ef536b0f98306edf5c7a1135ffa1?s=96&d=mm&r=g","contentUrl":"https:\/\/secure.gravatar.com\/avatar\/5f90ef536b0f98306edf5c7a1135ffa1?s=96&d=mm&r=g","caption":"prensa"},"url":"https:\/\/www.aguarda.es\/en\/author\/prensa\/"}]}},"_links":{"self":[{"href":"https:\/\/www.aguarda.es\/en\/wp-json\/wp\/v2\/posts\/22268"}],"collection":[{"href":"https:\/\/www.aguarda.es\/en\/wp-json\/wp\/v2\/posts"}],"about":[{"href":"https:\/\/www.aguarda.es\/en\/wp-json\/wp\/v2\/types\/post"}],"author":[{"embeddable":true,"href":"https:\/\/www.aguarda.es\/en\/wp-json\/wp\/v2\/users\/2"}],"replies":[{"embeddable":true,"href":"https:\/\/www.aguarda.es\/en\/wp-json\/wp\/v2\/comments?post=22268"}],"version-history":[{"count":1,"href":"https:\/\/www.aguarda.es\/en\/wp-json\/wp\/v2\/posts\/22268\/revisions"}],"predecessor-version":[{"id":22271,"href":"https:\/\/www.aguarda.es\/en\/wp-json\/wp\/v2\/posts\/22268\/revisions\/22271"}],"wp:featuredmedia":[{"embeddable":true,"href":"https:\/\/www.aguarda.es\/en\/wp-json\/wp\/v2\/media\/22269"}],"wp:attachment":[{"href":"https:\/\/www.aguarda.es\/en\/wp-json\/wp\/v2\/media?parent=22268"}],"wp:term":[{"taxonomy":"category","embeddable":true,"href":"https:\/\/www.aguarda.es\/en\/wp-json\/wp\/v2\/categories?post=22268"},{"taxonomy":"post_tag","embeddable":true,"href":"https:\/\/www.aguarda.es\/en\/wp-json\/wp\/v2\/tags?post=22268"}],"curies":[{"name":"wp","href":"https:\/\/api.w.org\/{rel}","templated":true}]}}