{"id":2244,"date":"2016-10-11T11:03:51","date_gmt":"2016-10-11T11:03:51","guid":{"rendered":"https:\/\/www.aguarda.es\/?p=2244"},"modified":"2016-10-11T11:03:51","modified_gmt":"2016-10-11T11:03:51","slug":"a-concelleria-de-xuventude-da-guarda-e-a-asociacion-erguete-baixo-mino-promoven-o-obradoiro-educacion-para-a-saude","status":"publish","type":"post","link":"https:\/\/www.aguarda.es\/en\/a-concelleria-de-xuventude-da-guarda-e-a-asociacion-erguete-baixo-mino-promoven-o-obradoiro-educacion-para-a-saude\/","title":{"rendered":"A Conceller\u00eda de Xuventude da Guarda e a asociaci\u00f3n \u00c9rguete Baixo Mi\u00f1o promoven o obradoiro \u201cEducaci\u00f3n para a sa\u00fade\u201d"},"content":{"rendered":"<p lang=\"gl-ES\"><span><span>O <\/span><span>Concello da Guarda organiza e leva a cabo, en colaboraci\u00f3n coa asociaci\u00f3n \u00c9rguete Baixo Mi\u00f1o e os Centro de ESO da Guarda o proxecto \u201cEducaci\u00f3n para a sa\u00fade\u201d.<\/span><\/span><\/p>\n<p>  <!--more-->  <\/p>\n<p lang=\"gl-ES\"><span><span><span>O\u00a0<\/span><span>Concello da Guarda organiza e leva a cabo, en colaboraci\u00f3n coa asociaci\u00f3n \u00c9rguete Baixo Mi\u00f1o e os Centro de ESO da Guarda o proxecto \u201cEducaci\u00f3n para a sa\u00fade\u201d.<\/span><\/span><\/span><\/p>\n<p lang=\"gl-ES\"><span>\u00a0<\/span><\/p>\n<p lang=\"gl-ES\"><span>Tr\u00e1tase dunha iniciativa xurdida ante a preocupaci\u00f3n da Conceller\u00eda de Xuventude da Guarda polo aumento do consumo de drogas entre a mocidade m\u00e1is nova e, sobre todo, pola preocupante relaci\u00f3n destas coas Redes Sociais. <\/span><\/p>\n<p lang=\"gl-ES\"><span>\u00a0<\/span><\/p>\n<p lang=\"gl-ES\"><span>Como acci\u00f3n para loitar contra isto nace este obradoiro, que incluir\u00e1 unha serie de xornadas impartidas nos tres centros da ESO da Guarda. En total ser\u00e1n 5: 4 xornadas de traballo cos rapaces en horas lectivas nos propios centros educativos e unha quinta xornada cos pais e nais que tam\u00e9n se realizar\u00e1n nos centros escolares. Todas elas impartidas pola asociaci\u00f3n \u00c9rguete Baixo Mi\u00f1o.<\/span><\/p>\n","protected":false},"excerpt":{"rendered":"<p>O Concello da Guarda organiza e leva a cabo, en colaboraci\u00f3n coa asociaci\u00f3n \u00c9rguete Baixo Mi\u00f1o e os Centro de ESO da Guarda o proxecto \u201cEducaci\u00f3n para a sa\u00fade\u201d.<\/p>\n","protected":false},"author":1,"featured_media":0,"comment_status":"open","ping_status":"open","sticky":false,"template":"","format":"standard","meta":[],"categories":[48],"tags":[],"yoast_head":"<!-- This site is optimized with the Yoast SEO plugin v21.1 - https:\/\/yoast.com\/wordpress\/plugins\/seo\/ -->\n<title>A Conceller\u00eda de Xuventude da Guarda e a asociaci\u00f3n \u00c9rguete Baixo Mi\u00f1o promoven o obradoiro \u201cEducaci\u00f3n para a sa\u00fade\u201d - Concello da Guarda<\/title>\n<meta name=\"robots\" content=\"index, follow, max-snippet:-1, max-image-preview:large, max-video-preview:-1\" \/>\n<link rel=\"canonical\" href=\"https:\/\/www.aguarda.es\/en\/a-concelleria-de-xuventude-da-guarda-e-a-asociacion-erguete-baixo-mino-promoven-o-obradoiro-educacion-para-a-saude\/\" \/>\n<meta property=\"og:locale\" content=\"en_US\" \/>\n<meta property=\"og:type\" content=\"article\" \/>\n<meta property=\"og:title\" content=\"A Conceller\u00eda de Xuventude da Guarda e a asociaci\u00f3n \u00c9rguete Baixo Mi\u00f1o promoven o obradoiro \u201cEducaci\u00f3n para a sa\u00fade\u201d - Concello da Guarda\" \/>\n<meta property=\"og:description\" content=\"O Concello da Guarda organiza e leva a cabo, en colaboraci\u00f3n coa asociaci\u00f3n \u00c9rguete Baixo Mi\u00f1o e os Centro de ESO da Guarda o proxecto \u201cEducaci\u00f3n para a sa\u00fade\u201d.\" \/>\n<meta property=\"og:url\" content=\"https:\/\/www.aguarda.es\/en\/a-concelleria-de-xuventude-da-guarda-e-a-asociacion-erguete-baixo-mino-promoven-o-obradoiro-educacion-para-a-saude\/\" \/>\n<meta property=\"og:site_name\" content=\"Concello da Guarda\" \/>\n<meta property=\"article:publisher\" content=\"https:\/\/www.facebook.com\/ConcellodaGuarda\" \/>\n<meta property=\"article:published_time\" content=\"2016-10-11T11:03:51+00:00\" \/>\n<meta property=\"og:image\" content=\"https:\/\/www.aguarda.es\/wp-content\/uploads\/2017\/06\/escudo-full-2.jpg\" \/>\n\t<meta property=\"og:image:width\" content=\"1135\" \/>\n\t<meta property=\"og:image:height\" content=\"712\" \/>\n\t<meta property=\"og:image:type\" content=\"image\/jpeg\" \/>\n<meta name=\"author\" content=\"Concello\" \/>\n<meta name=\"twitter:card\" content=\"summary_large_image\" \/>\n<meta name=\"twitter:creator\" content=\"@AGuarda_es\" \/>\n<meta name=\"twitter:site\" content=\"@AGuarda_es\" \/>\n<meta name=\"twitter:label1\" content=\"Written by\" \/>\n\t<meta name=\"twitter:data1\" content=\"Concello\" \/>\n\t<meta name=\"twitter:label2\" content=\"Est. reading time\" \/>\n\t<meta name=\"twitter:data2\" content=\"1 minute\" \/>\n<script type=\"application\/ld+json\" class=\"yoast-schema-graph\">{\"@context\":\"https:\/\/schema.org\",\"@graph\":[{\"@type\":\"WebPage\",\"@id\":\"https:\/\/www.aguarda.es\/en\/a-concelleria-de-xuventude-da-guarda-e-a-asociacion-erguete-baixo-mino-promoven-o-obradoiro-educacion-para-a-saude\/\",\"url\":\"https:\/\/www.aguarda.es\/en\/a-concelleria-de-xuventude-da-guarda-e-a-asociacion-erguete-baixo-mino-promoven-o-obradoiro-educacion-para-a-saude\/\",\"name\":\"A Conceller\u00eda de Xuventude da Guarda e a asociaci\u00f3n \u00c9rguete Baixo Mi\u00f1o promoven o obradoiro \u201cEducaci\u00f3n para a sa\u00fade\u201d - Concello da Guarda\",\"isPartOf\":{\"@id\":\"https:\/\/www.aguarda.es\/en\/#website\"},\"datePublished\":\"2016-10-11T11:03:51+00:00\",\"dateModified\":\"2016-10-11T11:03:51+00:00\",\"author\":{\"@id\":\"https:\/\/www.aguarda.es\/en\/#\/schema\/person\/ac30f4d74843174f0af56c730f74dd57\"},\"breadcrumb\":{\"@id\":\"https:\/\/www.aguarda.es\/en\/a-concelleria-de-xuventude-da-guarda-e-a-asociacion-erguete-baixo-mino-promoven-o-obradoiro-educacion-para-a-saude\/#breadcrumb\"},\"inLanguage\":\"en-US\",\"potentialAction\":[{\"@type\":\"ReadAction\",\"target\":[\"https:\/\/www.aguarda.es\/en\/a-concelleria-de-xuventude-da-guarda-e-a-asociacion-erguete-baixo-mino-promoven-o-obradoiro-educacion-para-a-saude\/\"]}]},{\"@type\":\"BreadcrumbList\",\"@id\":\"https:\/\/www.aguarda.es\/en\/a-concelleria-de-xuventude-da-guarda-e-a-asociacion-erguete-baixo-mino-promoven-o-obradoiro-educacion-para-a-saude\/#breadcrumb\",\"itemListElement\":[{\"@type\":\"ListItem\",\"position\":1,\"name\":\"Portada\",\"item\":\"https:\/\/www.aguarda.es\/en\/\"},{\"@type\":\"ListItem\",\"position\":2,\"name\":\"A Conceller\u00eda de Xuventude da Guarda e a asociaci\u00f3n \u00c9rguete Baixo Mi\u00f1o promoven o obradoiro \u201cEducaci\u00f3n para a sa\u00fade\u201d\"}]},{\"@type\":\"WebSite\",\"@id\":\"https:\/\/www.aguarda.es\/en\/#website\",\"url\":\"https:\/\/www.aguarda.es\/en\/\",\"name\":\"Concello da Guarda\",\"description\":\"P\u00e1xina web do concello da Guarda\",\"potentialAction\":[{\"@type\":\"SearchAction\",\"target\":{\"@type\":\"EntryPoint\",\"urlTemplate\":\"https:\/\/www.aguarda.es\/en\/?s={search_term_string}\"},\"query-input\":\"required name=search_term_string\"}],\"inLanguage\":\"en-US\"},{\"@type\":\"Person\",\"@id\":\"https:\/\/www.aguarda.es\/en\/#\/schema\/person\/ac30f4d74843174f0af56c730f74dd57\",\"name\":\"Concello\",\"image\":{\"@type\":\"ImageObject\",\"inLanguage\":\"en-US\",\"@id\":\"https:\/\/www.aguarda.es\/en\/#\/schema\/person\/image\/\",\"url\":\"https:\/\/secure.gravatar.com\/avatar\/7eda12a04da40b2ef77eb62e68f07027?s=96&d=mm&r=g\",\"contentUrl\":\"https:\/\/secure.gravatar.com\/avatar\/7eda12a04da40b2ef77eb62e68f07027?s=96&d=mm&r=g\",\"caption\":\"Concello\"},\"url\":\"https:\/\/www.aguarda.es\/en\/author\/admin\/\"}]}<\/script>\n<!-- \/ Yoast SEO plugin. -->","yoast_head_json":{"title":"A Conceller\u00eda de Xuventude da Guarda e a asociaci\u00f3n \u00c9rguete Baixo Mi\u00f1o promoven o obradoiro \u201cEducaci\u00f3n para a sa\u00fade\u201d - Concello da Guarda","robots":{"index":"index","follow":"follow","max-snippet":"max-snippet:-1","max-image-preview":"max-image-preview:large","max-video-preview":"max-video-preview:-1"},"canonical":"https:\/\/www.aguarda.es\/en\/a-concelleria-de-xuventude-da-guarda-e-a-asociacion-erguete-baixo-mino-promoven-o-obradoiro-educacion-para-a-saude\/","og_locale":"en_US","og_type":"article","og_title":"A Conceller\u00eda de Xuventude da Guarda e a asociaci\u00f3n \u00c9rguete Baixo Mi\u00f1o promoven o obradoiro \u201cEducaci\u00f3n para a sa\u00fade\u201d - Concello da Guarda","og_description":"O Concello da Guarda organiza e leva a cabo, en colaboraci\u00f3n coa asociaci\u00f3n \u00c9rguete Baixo Mi\u00f1o e os Centro de ESO da Guarda o proxecto \u201cEducaci\u00f3n para a sa\u00fade\u201d.","og_url":"https:\/\/www.aguarda.es\/en\/a-concelleria-de-xuventude-da-guarda-e-a-asociacion-erguete-baixo-mino-promoven-o-obradoiro-educacion-para-a-saude\/","og_site_name":"Concello da Guarda","article_publisher":"https:\/\/www.facebook.com\/ConcellodaGuarda","article_published_time":"2016-10-11T11:03:51+00:00","og_image":[{"width":1135,"height":712,"url":"https:\/\/www.aguarda.es\/wp-content\/uploads\/2017\/06\/escudo-full-2.jpg","type":"image\/jpeg"}],"author":"Concello","twitter_card":"summary_large_image","twitter_creator":"@AGuarda_es","twitter_site":"@AGuarda_es","twitter_misc":{"Written by":"Concello","Est. reading time":"1 minute"},"schema":{"@context":"https:\/\/schema.org","@graph":[{"@type":"WebPage","@id":"https:\/\/www.aguarda.es\/en\/a-concelleria-de-xuventude-da-guarda-e-a-asociacion-erguete-baixo-mino-promoven-o-obradoiro-educacion-para-a-saude\/","url":"https:\/\/www.aguarda.es\/en\/a-concelleria-de-xuventude-da-guarda-e-a-asociacion-erguete-baixo-mino-promoven-o-obradoiro-educacion-para-a-saude\/","name":"A Conceller\u00eda de Xuventude da Guarda e a asociaci\u00f3n \u00c9rguete Baixo Mi\u00f1o promoven o obradoiro \u201cEducaci\u00f3n para a sa\u00fade\u201d - Concello da Guarda","isPartOf":{"@id":"https:\/\/www.aguarda.es\/en\/#website"},"datePublished":"2016-10-11T11:03:51+00:00","dateModified":"2016-10-11T11:03:51+00:00","author":{"@id":"https:\/\/www.aguarda.es\/en\/#\/schema\/person\/ac30f4d74843174f0af56c730f74dd57"},"breadcrumb":{"@id":"https:\/\/www.aguarda.es\/en\/a-concelleria-de-xuventude-da-guarda-e-a-asociacion-erguete-baixo-mino-promoven-o-obradoiro-educacion-para-a-saude\/#breadcrumb"},"inLanguage":"en-US","potentialAction":[{"@type":"ReadAction","target":["https:\/\/www.aguarda.es\/en\/a-concelleria-de-xuventude-da-guarda-e-a-asociacion-erguete-baixo-mino-promoven-o-obradoiro-educacion-para-a-saude\/"]}]},{"@type":"BreadcrumbList","@id":"https:\/\/www.aguarda.es\/en\/a-concelleria-de-xuventude-da-guarda-e-a-asociacion-erguete-baixo-mino-promoven-o-obradoiro-educacion-para-a-saude\/#breadcrumb","itemListElement":[{"@type":"ListItem","position":1,"name":"Portada","item":"https:\/\/www.aguarda.es\/en\/"},{"@type":"ListItem","position":2,"name":"A Conceller\u00eda de Xuventude da Guarda e a asociaci\u00f3n \u00c9rguete Baixo Mi\u00f1o promoven o obradoiro \u201cEducaci\u00f3n para a sa\u00fade\u201d"}]},{"@type":"WebSite","@id":"https:\/\/www.aguarda.es\/en\/#website","url":"https:\/\/www.aguarda.es\/en\/","name":"Concello da Guarda","description":"P\u00e1xina web do concello da Guarda","potentialAction":[{"@type":"SearchAction","target":{"@type":"EntryPoint","urlTemplate":"https:\/\/www.aguarda.es\/en\/?s={search_term_string}"},"query-input":"required name=search_term_string"}],"inLanguage":"en-US"},{"@type":"Person","@id":"https:\/\/www.aguarda.es\/en\/#\/schema\/person\/ac30f4d74843174f0af56c730f74dd57","name":"Concello","image":{"@type":"ImageObject","inLanguage":"en-US","@id":"https:\/\/www.aguarda.es\/en\/#\/schema\/person\/image\/","url":"https:\/\/secure.gravatar.com\/avatar\/7eda12a04da40b2ef77eb62e68f07027?s=96&d=mm&r=g","contentUrl":"https:\/\/secure.gravatar.com\/avatar\/7eda12a04da40b2ef77eb62e68f07027?s=96&d=mm&r=g","caption":"Concello"},"url":"https:\/\/www.aguarda.es\/en\/author\/admin\/"}]}},"_links":{"self":[{"href":"https:\/\/www.aguarda.es\/en\/wp-json\/wp\/v2\/posts\/2244"}],"collection":[{"href":"https:\/\/www.aguarda.es\/en\/wp-json\/wp\/v2\/posts"}],"about":[{"href":"https:\/\/www.aguarda.es\/en\/wp-json\/wp\/v2\/types\/post"}],"author":[{"embeddable":true,"href":"https:\/\/www.aguarda.es\/en\/wp-json\/wp\/v2\/users\/1"}],"replies":[{"embeddable":true,"href":"https:\/\/www.aguarda.es\/en\/wp-json\/wp\/v2\/comments?post=2244"}],"version-history":[{"count":0,"href":"https:\/\/www.aguarda.es\/en\/wp-json\/wp\/v2\/posts\/2244\/revisions"}],"wp:attachment":[{"href":"https:\/\/www.aguarda.es\/en\/wp-json\/wp\/v2\/media?parent=2244"}],"wp:term":[{"taxonomy":"category","embeddable":true,"href":"https:\/\/www.aguarda.es\/en\/wp-json\/wp\/v2\/categories?post=2244"},{"taxonomy":"post_tag","embeddable":true,"href":"https:\/\/www.aguarda.es\/en\/wp-json\/wp\/v2\/tags?post=2244"}],"curies":[{"name":"wp","href":"https:\/\/api.w.org\/{rel}","templated":true}]}}