{"id":22456,"date":"2020-09-21T11:43:26","date_gmt":"2020-09-21T11:43:26","guid":{"rendered":"https:\/\/www.aguarda.es\/?p=22456"},"modified":"2020-09-21T11:43:26","modified_gmt":"2020-09-21T11:43:26","slug":"convocatoria-de-pleno-ordinario-para-este-venres-dia-25-de-setembro","status":"publish","type":"post","link":"https:\/\/www.aguarda.es\/en\/convocatoria-de-pleno-ordinario-para-este-venres-dia-25-de-setembro\/","title":{"rendered":"Convocatoria de Pleno Ordinario para este venres d\u00eda 25 de setembro"},"content":{"rendered":"<p><strong>DATOS DA CONVOCATORIA<\/strong><br \/>\nTipo Convocatoria: Ordinaria<br \/>\nData e hora: 25 de setembro de 2020 \u00e1s 20:00<br \/>\nLugar: Casa do Concello<\/p>\n<p><strong>ASUNTOS DA CONVOCATORIA<\/strong><br \/>\n1. Aprobaci\u00f3n das actas da sesi\u00f3n ordinaria do 31.07.2020 e extraordinaria do 26.08.2020.<br \/>\n2. Expediente 1992\/2020. DAR CONTA DOS DECRETOS AO PLENO.<br \/>\n3. Expediente 1524\/2020. DAR CONTA DOS REPAROS DE INTERVENCI\u00d3N.<br \/>\n4. Expediente 2336\/2017. DAR CONTA DO INFORME DE PMP E MOROSIDADE DO SEGUNDO TRIMESTRE DE 2020.<br \/>\n5. Expediente 1235\/2020. Proposta Alcald\u00eda desestimaci\u00f3n alegaci\u00f3ns e aprobaci\u00f3n definitiva modificaci\u00f3n anexo subvenci\u00f3ns nominativas.<br \/>\n6. Expediente 2659\/2019. PROPOSTA ALCALD\u00cdA APROBACI\u00d3N PREGOS LICITACI\u00d3N CAFETER\u00cdA ESTACI\u00d3N MAR\u00cdTIMA.<br \/>\n7. Expediente 1576\/2020. PROPOSTA ALCALD\u00cdA ENCOMENDA XESTI\u00d3N SERVIZOS RETIRADA VEH\u00cdCULOS ABANDONADOS.<br \/>\n8. Expediente 1259\/2020. PROPOSTA ALCALD\u00cdA APROBACI\u00d3N INICIAL REGULAMENTO REXISTRO DE ASOCIACI\u00d3NS.<br \/>\n9. Expediente 1984\/2020. PROPOSTA DO GMS, PP E CONVERXENCIA GALEGA SOBRE FESTAS DAS MERCEDES.<br \/>\n10. Expediente 1591\/2020. MOCI\u00d3N ASUMIDA POR CONVERXENCIA GALEGA DA ASOCIACI\u00d3N DE CANTEIROS DE POIO.<br \/>\n11. Expediente 1989\/2020. MOCI\u00d3N PRESENTADA POLO BNG SOBRE O PROTOCOLO DE ADAPTACI\u00d3N AO CONTEXTO DA COVID19 NOS CENTROS DE ENSINO PARA O CURSO ESCOLAR 2020-21.<br \/>\n12. Expediente 2008\/2020. MOCI\u00d3N PRESENTADA POR CONVERXENCIA GALEGA SOBRE O APOIO DAS CORPORACI\u00d3NS LOCAIS AO SECTOR MAR INDUSTRIA ALIMENTARIO LOCAL E COMARCAL.<br \/>\n13. Expediente 1914\/2020.TOMA DE CO\u00d1ECEMENTO DA RENUNCIA AO CARGO DE CONCELLEIRA PRESENTADA POR DONA MAR\u00cdA ELENA BAZ RODR\u00cdGUEZ.<br \/>\n14. ROGOS E PREGUNTAS.<\/p>\n","protected":false},"excerpt":{"rendered":"<p>DATOS DA CONVOCATORIA Tipo Convocatoria: Ordinaria Data e hora: 25 de setembro de 2020 \u00e1s 20:00 Lugar: Casa do Concello ASUNTOS DA CONVOCATORIA 1. Aprobaci\u00f3n das actas da sesi\u00f3n ordinaria do 31.07.2020 e extraordinaria do 26.08.2020. 2. Expediente 1992\/2020. DAR &hellip; <\/p>\n","protected":false},"author":2,"featured_media":22457,"comment_status":"open","ping_status":"open","sticky":false,"template":"","format":"standard","meta":[],"categories":[33],"tags":[226,1329,873,1956,2266],"yoast_head":"<!-- This site is optimized with the Yoast SEO plugin v21.1 - https:\/\/yoast.com\/wordpress\/plugins\/seo\/ -->\n<title>Convocatoria de Pleno Ordinario para este venres d\u00eda 25 de setembro - Concello da Guarda<\/title>\n<meta name=\"robots\" content=\"index, follow, max-snippet:-1, max-image-preview:large, max-video-preview:-1\" \/>\n<link rel=\"canonical\" href=\"https:\/\/www.aguarda.es\/en\/convocatoria-de-pleno-ordinario-para-este-venres-dia-25-de-setembro\/\" \/>\n<meta property=\"og:locale\" content=\"en_US\" \/>\n<meta property=\"og:type\" content=\"article\" \/>\n<meta property=\"og:title\" content=\"Convocatoria de Pleno Ordinario para este venres d\u00eda 25 de setembro - Concello da Guarda\" \/>\n<meta property=\"og:description\" content=\"DATOS DA CONVOCATORIA Tipo Convocatoria: Ordinaria Data e hora: 25 de setembro de 2020 \u00e1s 20:00 Lugar: Casa do Concello ASUNTOS DA CONVOCATORIA 1. Aprobaci\u00f3n das actas da sesi\u00f3n ordinaria do 31.07.2020 e extraordinaria do 26.08.2020. 2. Expediente 1992\/2020. DAR &hellip;\" \/>\n<meta property=\"og:url\" content=\"https:\/\/www.aguarda.es\/en\/convocatoria-de-pleno-ordinario-para-este-venres-dia-25-de-setembro\/\" \/>\n<meta property=\"og:site_name\" content=\"Concello da Guarda\" \/>\n<meta property=\"article:publisher\" content=\"https:\/\/www.facebook.com\/ConcellodaGuarda\" \/>\n<meta property=\"article:published_time\" content=\"2020-09-21T11:43:26+00:00\" \/>\n<meta property=\"og:image\" content=\"https:\/\/www.aguarda.es\/wp-content\/uploads\/2020\/09\/PLENO-ORDINARIO-25-set-2020.jpg\" \/>\n\t<meta property=\"og:image:width\" content=\"800\" \/>\n\t<meta property=\"og:image:height\" content=\"800\" \/>\n\t<meta property=\"og:image:type\" content=\"image\/jpeg\" \/>\n<meta name=\"author\" content=\"prensa\" \/>\n<meta name=\"twitter:card\" content=\"summary_large_image\" \/>\n<meta name=\"twitter:creator\" content=\"@AGuarda_es\" \/>\n<meta name=\"twitter:site\" content=\"@AGuarda_es\" \/>\n<meta name=\"twitter:label1\" content=\"Written by\" \/>\n\t<meta name=\"twitter:data1\" content=\"prensa\" \/>\n\t<meta name=\"twitter:label2\" content=\"Est. reading time\" \/>\n\t<meta name=\"twitter:data2\" content=\"1 minute\" \/>\n<script type=\"application\/ld+json\" class=\"yoast-schema-graph\">{\"@context\":\"https:\/\/schema.org\",\"@graph\":[{\"@type\":\"WebPage\",\"@id\":\"https:\/\/www.aguarda.es\/en\/convocatoria-de-pleno-ordinario-para-este-venres-dia-25-de-setembro\/\",\"url\":\"https:\/\/www.aguarda.es\/en\/convocatoria-de-pleno-ordinario-para-este-venres-dia-25-de-setembro\/\",\"name\":\"Convocatoria de Pleno Ordinario para este venres d\u00eda 25 de setembro - Concello da Guarda\",\"isPartOf\":{\"@id\":\"https:\/\/www.aguarda.es\/en\/#website\"},\"datePublished\":\"2020-09-21T11:43:26+00:00\",\"dateModified\":\"2020-09-21T11:43:26+00:00\",\"author\":{\"@id\":\"https:\/\/www.aguarda.es\/en\/#\/schema\/person\/c463ca3006858ffb349d11179d044f21\"},\"breadcrumb\":{\"@id\":\"https:\/\/www.aguarda.es\/en\/convocatoria-de-pleno-ordinario-para-este-venres-dia-25-de-setembro\/#breadcrumb\"},\"inLanguage\":\"en-US\",\"potentialAction\":[{\"@type\":\"ReadAction\",\"target\":[\"https:\/\/www.aguarda.es\/en\/convocatoria-de-pleno-ordinario-para-este-venres-dia-25-de-setembro\/\"]}]},{\"@type\":\"BreadcrumbList\",\"@id\":\"https:\/\/www.aguarda.es\/en\/convocatoria-de-pleno-ordinario-para-este-venres-dia-25-de-setembro\/#breadcrumb\",\"itemListElement\":[{\"@type\":\"ListItem\",\"position\":1,\"name\":\"Portada\",\"item\":\"https:\/\/www.aguarda.es\/en\/\"},{\"@type\":\"ListItem\",\"position\":2,\"name\":\"Convocatoria de Pleno Ordinario para este venres d\u00eda 25 de setembro\"}]},{\"@type\":\"WebSite\",\"@id\":\"https:\/\/www.aguarda.es\/en\/#website\",\"url\":\"https:\/\/www.aguarda.es\/en\/\",\"name\":\"Concello da Guarda\",\"description\":\"P\u00e1xina web do concello da Guarda\",\"potentialAction\":[{\"@type\":\"SearchAction\",\"target\":{\"@type\":\"EntryPoint\",\"urlTemplate\":\"https:\/\/www.aguarda.es\/en\/?s={search_term_string}\"},\"query-input\":\"required name=search_term_string\"}],\"inLanguage\":\"en-US\"},{\"@type\":\"Person\",\"@id\":\"https:\/\/www.aguarda.es\/en\/#\/schema\/person\/c463ca3006858ffb349d11179d044f21\",\"name\":\"prensa\",\"image\":{\"@type\":\"ImageObject\",\"inLanguage\":\"en-US\",\"@id\":\"https:\/\/www.aguarda.es\/en\/#\/schema\/person\/image\/\",\"url\":\"https:\/\/secure.gravatar.com\/avatar\/5f90ef536b0f98306edf5c7a1135ffa1?s=96&d=mm&r=g\",\"contentUrl\":\"https:\/\/secure.gravatar.com\/avatar\/5f90ef536b0f98306edf5c7a1135ffa1?s=96&d=mm&r=g\",\"caption\":\"prensa\"},\"url\":\"https:\/\/www.aguarda.es\/en\/author\/prensa\/\"}]}<\/script>\n<!-- \/ Yoast SEO plugin. -->","yoast_head_json":{"title":"Convocatoria de Pleno Ordinario para este venres d\u00eda 25 de setembro - Concello da Guarda","robots":{"index":"index","follow":"follow","max-snippet":"max-snippet:-1","max-image-preview":"max-image-preview:large","max-video-preview":"max-video-preview:-1"},"canonical":"https:\/\/www.aguarda.es\/en\/convocatoria-de-pleno-ordinario-para-este-venres-dia-25-de-setembro\/","og_locale":"en_US","og_type":"article","og_title":"Convocatoria de Pleno Ordinario para este venres d\u00eda 25 de setembro - Concello da Guarda","og_description":"DATOS DA CONVOCATORIA Tipo Convocatoria: Ordinaria Data e hora: 25 de setembro de 2020 \u00e1s 20:00 Lugar: Casa do Concello ASUNTOS DA CONVOCATORIA 1. Aprobaci\u00f3n das actas da sesi\u00f3n ordinaria do 31.07.2020 e extraordinaria do 26.08.2020. 2. Expediente 1992\/2020. DAR &hellip;","og_url":"https:\/\/www.aguarda.es\/en\/convocatoria-de-pleno-ordinario-para-este-venres-dia-25-de-setembro\/","og_site_name":"Concello da Guarda","article_publisher":"https:\/\/www.facebook.com\/ConcellodaGuarda","article_published_time":"2020-09-21T11:43:26+00:00","og_image":[{"width":800,"height":800,"url":"https:\/\/www.aguarda.es\/wp-content\/uploads\/2020\/09\/PLENO-ORDINARIO-25-set-2020.jpg","type":"image\/jpeg"}],"author":"prensa","twitter_card":"summary_large_image","twitter_creator":"@AGuarda_es","twitter_site":"@AGuarda_es","twitter_misc":{"Written by":"prensa","Est. reading time":"1 minute"},"schema":{"@context":"https:\/\/schema.org","@graph":[{"@type":"WebPage","@id":"https:\/\/www.aguarda.es\/en\/convocatoria-de-pleno-ordinario-para-este-venres-dia-25-de-setembro\/","url":"https:\/\/www.aguarda.es\/en\/convocatoria-de-pleno-ordinario-para-este-venres-dia-25-de-setembro\/","name":"Convocatoria de Pleno Ordinario para este venres d\u00eda 25 de setembro - Concello da Guarda","isPartOf":{"@id":"https:\/\/www.aguarda.es\/en\/#website"},"datePublished":"2020-09-21T11:43:26+00:00","dateModified":"2020-09-21T11:43:26+00:00","author":{"@id":"https:\/\/www.aguarda.es\/en\/#\/schema\/person\/c463ca3006858ffb349d11179d044f21"},"breadcrumb":{"@id":"https:\/\/www.aguarda.es\/en\/convocatoria-de-pleno-ordinario-para-este-venres-dia-25-de-setembro\/#breadcrumb"},"inLanguage":"en-US","potentialAction":[{"@type":"ReadAction","target":["https:\/\/www.aguarda.es\/en\/convocatoria-de-pleno-ordinario-para-este-venres-dia-25-de-setembro\/"]}]},{"@type":"BreadcrumbList","@id":"https:\/\/www.aguarda.es\/en\/convocatoria-de-pleno-ordinario-para-este-venres-dia-25-de-setembro\/#breadcrumb","itemListElement":[{"@type":"ListItem","position":1,"name":"Portada","item":"https:\/\/www.aguarda.es\/en\/"},{"@type":"ListItem","position":2,"name":"Convocatoria de Pleno Ordinario para este venres d\u00eda 25 de setembro"}]},{"@type":"WebSite","@id":"https:\/\/www.aguarda.es\/en\/#website","url":"https:\/\/www.aguarda.es\/en\/","name":"Concello da Guarda","description":"P\u00e1xina web do concello da Guarda","potentialAction":[{"@type":"SearchAction","target":{"@type":"EntryPoint","urlTemplate":"https:\/\/www.aguarda.es\/en\/?s={search_term_string}"},"query-input":"required name=search_term_string"}],"inLanguage":"en-US"},{"@type":"Person","@id":"https:\/\/www.aguarda.es\/en\/#\/schema\/person\/c463ca3006858ffb349d11179d044f21","name":"prensa","image":{"@type":"ImageObject","inLanguage":"en-US","@id":"https:\/\/www.aguarda.es\/en\/#\/schema\/person\/image\/","url":"https:\/\/secure.gravatar.com\/avatar\/5f90ef536b0f98306edf5c7a1135ffa1?s=96&d=mm&r=g","contentUrl":"https:\/\/secure.gravatar.com\/avatar\/5f90ef536b0f98306edf5c7a1135ffa1?s=96&d=mm&r=g","caption":"prensa"},"url":"https:\/\/www.aguarda.es\/en\/author\/prensa\/"}]}},"_links":{"self":[{"href":"https:\/\/www.aguarda.es\/en\/wp-json\/wp\/v2\/posts\/22456"}],"collection":[{"href":"https:\/\/www.aguarda.es\/en\/wp-json\/wp\/v2\/posts"}],"about":[{"href":"https:\/\/www.aguarda.es\/en\/wp-json\/wp\/v2\/types\/post"}],"author":[{"embeddable":true,"href":"https:\/\/www.aguarda.es\/en\/wp-json\/wp\/v2\/users\/2"}],"replies":[{"embeddable":true,"href":"https:\/\/www.aguarda.es\/en\/wp-json\/wp\/v2\/comments?post=22456"}],"version-history":[{"count":1,"href":"https:\/\/www.aguarda.es\/en\/wp-json\/wp\/v2\/posts\/22456\/revisions"}],"predecessor-version":[{"id":22459,"href":"https:\/\/www.aguarda.es\/en\/wp-json\/wp\/v2\/posts\/22456\/revisions\/22459"}],"wp:featuredmedia":[{"embeddable":true,"href":"https:\/\/www.aguarda.es\/en\/wp-json\/wp\/v2\/media\/22457"}],"wp:attachment":[{"href":"https:\/\/www.aguarda.es\/en\/wp-json\/wp\/v2\/media?parent=22456"}],"wp:term":[{"taxonomy":"category","embeddable":true,"href":"https:\/\/www.aguarda.es\/en\/wp-json\/wp\/v2\/categories?post=22456"},{"taxonomy":"post_tag","embeddable":true,"href":"https:\/\/www.aguarda.es\/en\/wp-json\/wp\/v2\/tags?post=22456"}],"curies":[{"name":"wp","href":"https:\/\/api.w.org\/{rel}","templated":true}]}}