{"id":22527,"date":"2020-10-01T12:19:00","date_gmt":"2020-10-01T12:19:00","guid":{"rendered":"https:\/\/www.aguarda.es\/?p=22527"},"modified":"2020-10-01T12:19:00","modified_gmt":"2020-10-01T12:19:00","slug":"o-alcalde-da-guarda-pide-ao-novo-conselleiro-de-sanidade-solucions-para-o-seu-centro-de-saude","status":"publish","type":"post","link":"https:\/\/www.aguarda.es\/en\/o-alcalde-da-guarda-pide-ao-novo-conselleiro-de-sanidade-solucions-para-o-seu-centro-de-saude\/","title":{"rendered":"O alcalde da Guarda pide ao novo Conselleiro de Sanidade soluci\u00f3ns para o seu Centro de Sa\u00fade"},"content":{"rendered":"<p><em>\u2022 O alcalde da Guarda, Antonio Lomba, segue fac\u00e9ndose eco dos problemas de atenci\u00f3n primaria que ve\u00f1en sufrindo os veci\u00f1os e veci\u00f1as no Centro de Sa\u00fade da localidade, donde para conseguir ser atendidos te\u00f1en que soportar longas esperas e colas pola falta de persoal.<\/em><\/p>\n<p>Unha vez m\u00e1is o alcalde da Guarda denuncia diante da conseller\u00eda de sanidade a situaci\u00f3n precaria dos servizos sanitarios.<\/p>\n<p>No d\u00eda de hoxe, xoves 1 de outubro, o alcalde dirixiuse por escrito ao novo Conselleiro de Sanidade Julio Garc\u00eda Comesa\u00f1a para po\u00f1er de manifesto, unha vez m\u00e1is, os problemas de persoal que se ve\u00f1en producindo no Centro de Sa\u00fade e que te\u00f1en como consecuencia unha atenci\u00f3n deficiente \u00e1 veci\u00f1anza.<\/p>\n<p>Estes problemas de persoal vense agravados na actualidade pola observaci\u00f3n dos protocolos de protecci\u00f3n fronte ao COVID-19 e, no caso concreto da Guarda, polo illamento xeogr\u00e1fico que padece ao estar a unha distancia considerable dos hospitais de referencia en Vigo e ter unha comunicaci\u00f3n por estrada moi deficiente ata Tui.<\/p>\n<p>O alcalde aproveitou o escrito para po\u00f1er de manifesto a necesidade de reforzar o servizo do PAC dado que en moitas ocasi\u00f3ns se queda sen persoal sanitario cando o \u00fanico equipo de garda ten que sa\u00edr a atender unha urxencia.<\/p>\n","protected":false},"excerpt":{"rendered":"<p>\u2022 O alcalde da Guarda, Antonio Lomba, segue fac\u00e9ndose eco dos problemas de atenci\u00f3n primaria que ve\u00f1en sufrindo os veci\u00f1os e veci\u00f1as no Centro de Sa\u00fade da localidade, donde para conseguir ser atendidos te\u00f1en que soportar longas esperas e colas &hellip; <\/p>\n","protected":false},"author":2,"featured_media":22528,"comment_status":"open","ping_status":"open","sticky":false,"template":"","format":"standard","meta":[],"categories":[33],"tags":[226,2314,890,2315,1618,892],"yoast_head":"<!-- This site is optimized with the Yoast SEO plugin v21.1 - https:\/\/yoast.com\/wordpress\/plugins\/seo\/ -->\n<title>O alcalde da Guarda pide ao novo Conselleiro de Sanidade soluci\u00f3ns para o seu Centro de Sa\u00fade - Concello da Guarda<\/title>\n<meta name=\"robots\" content=\"index, follow, max-snippet:-1, max-image-preview:large, max-video-preview:-1\" \/>\n<link rel=\"canonical\" href=\"https:\/\/www.aguarda.es\/en\/o-alcalde-da-guarda-pide-ao-novo-conselleiro-de-sanidade-solucions-para-o-seu-centro-de-saude\/\" \/>\n<meta property=\"og:locale\" content=\"en_US\" \/>\n<meta property=\"og:type\" content=\"article\" \/>\n<meta property=\"og:title\" content=\"O alcalde da Guarda pide ao novo Conselleiro de Sanidade soluci\u00f3ns para o seu Centro de Sa\u00fade - Concello da Guarda\" \/>\n<meta property=\"og:description\" content=\"\u2022 O alcalde da Guarda, Antonio Lomba, segue fac\u00e9ndose eco dos problemas de atenci\u00f3n primaria que ve\u00f1en sufrindo os veci\u00f1os e veci\u00f1as no Centro de Sa\u00fade da localidade, donde para conseguir ser atendidos te\u00f1en que soportar longas esperas e colas &hellip;\" \/>\n<meta property=\"og:url\" content=\"https:\/\/www.aguarda.es\/en\/o-alcalde-da-guarda-pide-ao-novo-conselleiro-de-sanidade-solucions-para-o-seu-centro-de-saude\/\" \/>\n<meta property=\"og:site_name\" content=\"Concello da Guarda\" \/>\n<meta property=\"article:publisher\" content=\"https:\/\/www.facebook.com\/ConcellodaGuarda\" \/>\n<meta property=\"article:published_time\" content=\"2020-10-01T12:19:00+00:00\" \/>\n<meta property=\"og:image\" content=\"https:\/\/www.aguarda.es\/wp-content\/uploads\/2020\/10\/NP-01102020-O-alcalde-da-Guarda-pide-ao-novo-Conselleiro-de-Sanidade-soluci\u00f3ns-para-o-seu-Centro-de-Sa\u00fade.jpg\" \/>\n\t<meta property=\"og:image:width\" content=\"800\" \/>\n\t<meta property=\"og:image:height\" content=\"600\" \/>\n\t<meta property=\"og:image:type\" content=\"image\/jpeg\" \/>\n<meta name=\"author\" content=\"prensa\" \/>\n<meta name=\"twitter:card\" content=\"summary_large_image\" \/>\n<meta name=\"twitter:creator\" content=\"@AGuarda_es\" \/>\n<meta name=\"twitter:site\" content=\"@AGuarda_es\" \/>\n<meta name=\"twitter:label1\" content=\"Written by\" \/>\n\t<meta name=\"twitter:data1\" content=\"prensa\" \/>\n\t<meta name=\"twitter:label2\" content=\"Est. reading time\" \/>\n\t<meta name=\"twitter:data2\" content=\"1 minute\" \/>\n<script type=\"application\/ld+json\" class=\"yoast-schema-graph\">{\"@context\":\"https:\/\/schema.org\",\"@graph\":[{\"@type\":\"WebPage\",\"@id\":\"https:\/\/www.aguarda.es\/en\/o-alcalde-da-guarda-pide-ao-novo-conselleiro-de-sanidade-solucions-para-o-seu-centro-de-saude\/\",\"url\":\"https:\/\/www.aguarda.es\/en\/o-alcalde-da-guarda-pide-ao-novo-conselleiro-de-sanidade-solucions-para-o-seu-centro-de-saude\/\",\"name\":\"O alcalde da Guarda pide ao novo Conselleiro de Sanidade soluci\u00f3ns para o seu Centro de Sa\u00fade - Concello da Guarda\",\"isPartOf\":{\"@id\":\"https:\/\/www.aguarda.es\/en\/#website\"},\"datePublished\":\"2020-10-01T12:19:00+00:00\",\"dateModified\":\"2020-10-01T12:19:00+00:00\",\"author\":{\"@id\":\"https:\/\/www.aguarda.es\/en\/#\/schema\/person\/c463ca3006858ffb349d11179d044f21\"},\"breadcrumb\":{\"@id\":\"https:\/\/www.aguarda.es\/en\/o-alcalde-da-guarda-pide-ao-novo-conselleiro-de-sanidade-solucions-para-o-seu-centro-de-saude\/#breadcrumb\"},\"inLanguage\":\"en-US\",\"potentialAction\":[{\"@type\":\"ReadAction\",\"target\":[\"https:\/\/www.aguarda.es\/en\/o-alcalde-da-guarda-pide-ao-novo-conselleiro-de-sanidade-solucions-para-o-seu-centro-de-saude\/\"]}]},{\"@type\":\"BreadcrumbList\",\"@id\":\"https:\/\/www.aguarda.es\/en\/o-alcalde-da-guarda-pide-ao-novo-conselleiro-de-sanidade-solucions-para-o-seu-centro-de-saude\/#breadcrumb\",\"itemListElement\":[{\"@type\":\"ListItem\",\"position\":1,\"name\":\"Portada\",\"item\":\"https:\/\/www.aguarda.es\/en\/\"},{\"@type\":\"ListItem\",\"position\":2,\"name\":\"O alcalde da Guarda pide ao novo Conselleiro de Sanidade soluci\u00f3ns para o seu Centro de Sa\u00fade\"}]},{\"@type\":\"WebSite\",\"@id\":\"https:\/\/www.aguarda.es\/en\/#website\",\"url\":\"https:\/\/www.aguarda.es\/en\/\",\"name\":\"Concello da Guarda\",\"description\":\"P\u00e1xina web do concello da Guarda\",\"potentialAction\":[{\"@type\":\"SearchAction\",\"target\":{\"@type\":\"EntryPoint\",\"urlTemplate\":\"https:\/\/www.aguarda.es\/en\/?s={search_term_string}\"},\"query-input\":\"required name=search_term_string\"}],\"inLanguage\":\"en-US\"},{\"@type\":\"Person\",\"@id\":\"https:\/\/www.aguarda.es\/en\/#\/schema\/person\/c463ca3006858ffb349d11179d044f21\",\"name\":\"prensa\",\"image\":{\"@type\":\"ImageObject\",\"inLanguage\":\"en-US\",\"@id\":\"https:\/\/www.aguarda.es\/en\/#\/schema\/person\/image\/\",\"url\":\"https:\/\/secure.gravatar.com\/avatar\/5f90ef536b0f98306edf5c7a1135ffa1?s=96&d=mm&r=g\",\"contentUrl\":\"https:\/\/secure.gravatar.com\/avatar\/5f90ef536b0f98306edf5c7a1135ffa1?s=96&d=mm&r=g\",\"caption\":\"prensa\"},\"url\":\"https:\/\/www.aguarda.es\/en\/author\/prensa\/\"}]}<\/script>\n<!-- \/ Yoast SEO plugin. -->","yoast_head_json":{"title":"O alcalde da Guarda pide ao novo Conselleiro de Sanidade soluci\u00f3ns para o seu Centro de Sa\u00fade - Concello da Guarda","robots":{"index":"index","follow":"follow","max-snippet":"max-snippet:-1","max-image-preview":"max-image-preview:large","max-video-preview":"max-video-preview:-1"},"canonical":"https:\/\/www.aguarda.es\/en\/o-alcalde-da-guarda-pide-ao-novo-conselleiro-de-sanidade-solucions-para-o-seu-centro-de-saude\/","og_locale":"en_US","og_type":"article","og_title":"O alcalde da Guarda pide ao novo Conselleiro de Sanidade soluci\u00f3ns para o seu Centro de Sa\u00fade - Concello da Guarda","og_description":"\u2022 O alcalde da Guarda, Antonio Lomba, segue fac\u00e9ndose eco dos problemas de atenci\u00f3n primaria que ve\u00f1en sufrindo os veci\u00f1os e veci\u00f1as no Centro de Sa\u00fade da localidade, donde para conseguir ser atendidos te\u00f1en que soportar longas esperas e colas &hellip;","og_url":"https:\/\/www.aguarda.es\/en\/o-alcalde-da-guarda-pide-ao-novo-conselleiro-de-sanidade-solucions-para-o-seu-centro-de-saude\/","og_site_name":"Concello da Guarda","article_publisher":"https:\/\/www.facebook.com\/ConcellodaGuarda","article_published_time":"2020-10-01T12:19:00+00:00","og_image":[{"width":800,"height":600,"url":"https:\/\/www.aguarda.es\/wp-content\/uploads\/2020\/10\/NP-01102020-O-alcalde-da-Guarda-pide-ao-novo-Conselleiro-de-Sanidade-soluci\u00f3ns-para-o-seu-Centro-de-Sa\u00fade.jpg","type":"image\/jpeg"}],"author":"prensa","twitter_card":"summary_large_image","twitter_creator":"@AGuarda_es","twitter_site":"@AGuarda_es","twitter_misc":{"Written by":"prensa","Est. reading time":"1 minute"},"schema":{"@context":"https:\/\/schema.org","@graph":[{"@type":"WebPage","@id":"https:\/\/www.aguarda.es\/en\/o-alcalde-da-guarda-pide-ao-novo-conselleiro-de-sanidade-solucions-para-o-seu-centro-de-saude\/","url":"https:\/\/www.aguarda.es\/en\/o-alcalde-da-guarda-pide-ao-novo-conselleiro-de-sanidade-solucions-para-o-seu-centro-de-saude\/","name":"O alcalde da Guarda pide ao novo Conselleiro de Sanidade soluci\u00f3ns para o seu Centro de Sa\u00fade - Concello da Guarda","isPartOf":{"@id":"https:\/\/www.aguarda.es\/en\/#website"},"datePublished":"2020-10-01T12:19:00+00:00","dateModified":"2020-10-01T12:19:00+00:00","author":{"@id":"https:\/\/www.aguarda.es\/en\/#\/schema\/person\/c463ca3006858ffb349d11179d044f21"},"breadcrumb":{"@id":"https:\/\/www.aguarda.es\/en\/o-alcalde-da-guarda-pide-ao-novo-conselleiro-de-sanidade-solucions-para-o-seu-centro-de-saude\/#breadcrumb"},"inLanguage":"en-US","potentialAction":[{"@type":"ReadAction","target":["https:\/\/www.aguarda.es\/en\/o-alcalde-da-guarda-pide-ao-novo-conselleiro-de-sanidade-solucions-para-o-seu-centro-de-saude\/"]}]},{"@type":"BreadcrumbList","@id":"https:\/\/www.aguarda.es\/en\/o-alcalde-da-guarda-pide-ao-novo-conselleiro-de-sanidade-solucions-para-o-seu-centro-de-saude\/#breadcrumb","itemListElement":[{"@type":"ListItem","position":1,"name":"Portada","item":"https:\/\/www.aguarda.es\/en\/"},{"@type":"ListItem","position":2,"name":"O alcalde da Guarda pide ao novo Conselleiro de Sanidade soluci\u00f3ns para o seu Centro de Sa\u00fade"}]},{"@type":"WebSite","@id":"https:\/\/www.aguarda.es\/en\/#website","url":"https:\/\/www.aguarda.es\/en\/","name":"Concello da Guarda","description":"P\u00e1xina web do concello da Guarda","potentialAction":[{"@type":"SearchAction","target":{"@type":"EntryPoint","urlTemplate":"https:\/\/www.aguarda.es\/en\/?s={search_term_string}"},"query-input":"required name=search_term_string"}],"inLanguage":"en-US"},{"@type":"Person","@id":"https:\/\/www.aguarda.es\/en\/#\/schema\/person\/c463ca3006858ffb349d11179d044f21","name":"prensa","image":{"@type":"ImageObject","inLanguage":"en-US","@id":"https:\/\/www.aguarda.es\/en\/#\/schema\/person\/image\/","url":"https:\/\/secure.gravatar.com\/avatar\/5f90ef536b0f98306edf5c7a1135ffa1?s=96&d=mm&r=g","contentUrl":"https:\/\/secure.gravatar.com\/avatar\/5f90ef536b0f98306edf5c7a1135ffa1?s=96&d=mm&r=g","caption":"prensa"},"url":"https:\/\/www.aguarda.es\/en\/author\/prensa\/"}]}},"_links":{"self":[{"href":"https:\/\/www.aguarda.es\/en\/wp-json\/wp\/v2\/posts\/22527"}],"collection":[{"href":"https:\/\/www.aguarda.es\/en\/wp-json\/wp\/v2\/posts"}],"about":[{"href":"https:\/\/www.aguarda.es\/en\/wp-json\/wp\/v2\/types\/post"}],"author":[{"embeddable":true,"href":"https:\/\/www.aguarda.es\/en\/wp-json\/wp\/v2\/users\/2"}],"replies":[{"embeddable":true,"href":"https:\/\/www.aguarda.es\/en\/wp-json\/wp\/v2\/comments?post=22527"}],"version-history":[{"count":1,"href":"https:\/\/www.aguarda.es\/en\/wp-json\/wp\/v2\/posts\/22527\/revisions"}],"predecessor-version":[{"id":22530,"href":"https:\/\/www.aguarda.es\/en\/wp-json\/wp\/v2\/posts\/22527\/revisions\/22530"}],"wp:featuredmedia":[{"embeddable":true,"href":"https:\/\/www.aguarda.es\/en\/wp-json\/wp\/v2\/media\/22528"}],"wp:attachment":[{"href":"https:\/\/www.aguarda.es\/en\/wp-json\/wp\/v2\/media?parent=22527"}],"wp:term":[{"taxonomy":"category","embeddable":true,"href":"https:\/\/www.aguarda.es\/en\/wp-json\/wp\/v2\/categories?post=22527"},{"taxonomy":"post_tag","embeddable":true,"href":"https:\/\/www.aguarda.es\/en\/wp-json\/wp\/v2\/tags?post=22527"}],"curies":[{"name":"wp","href":"https:\/\/api.w.org\/{rel}","templated":true}]}}