{"id":22531,"date":"2020-10-02T11:02:36","date_gmt":"2020-10-02T11:02:36","guid":{"rendered":"https:\/\/www.aguarda.es\/?p=22531"},"modified":"2020-10-02T11:02:36","modified_gmt":"2020-10-02T11:02:36","slug":"a-guarda-pon-en-marcha-unha-ampla-programacion-de-actividades-para-o-outono","status":"publish","type":"post","link":"https:\/\/www.aguarda.es\/en\/a-guarda-pon-en-marcha-unha-ampla-programacion-de-actividades-para-o-outono\/","title":{"rendered":"A Guarda pon en marcha unha ampla programaci\u00f3n de actividades para o outono"},"content":{"rendered":"<p><strong><em>\u2022 Teatro, obradoiros, sama\u00edn, cantacontos, exposici\u00f3ns, charlas, eventos deportivos e moito m\u00e1is na programaci\u00f3n de outono no Concello da Guarda.<\/em><\/strong><\/p>\n<p><strong>Programaci\u00f3n teatral de outono na Guarda<\/strong><br \/>\nO Concello da Guarda programa un total de cinco representaci\u00f3ns teatrais nesta tempada de outono, tratase das obras \u201cA nena que quer\u00eda navegar\u201d, \u201cInvisibles\u201d, \u201cO mel non caduca\u201d, \u201cRosa Caramelo\u201d e \u201cRunning\u201d, obras que se levar\u00e1n a cabo entre o 26 de setembro e o 11 de decembro deste ano.<br \/>\nEsta programaci\u00f3n arrancou xa na xornada do pasado s\u00e1bado d\u00eda 26 de setembro coa obra \u201cA nena que quer\u00eda navegar\u201d e contin\u00faa este s\u00e1bado d\u00eda 3 de outubro coa obra \u201cInvisibles\u201d \u00e1s 20:00h no Centro Cultural, \u00e9 unha adaptaci\u00f3n do libro hom\u00f3nimo da periodista Montse Fajardo que relata casos reais de violencia de x\u00e9nero sufridos por sete mulleres galegas. Protagonizado por Mela Casal, Sheyla Fari\u00f1a e Neves Rodr\u00edguez baixo a direcci\u00f3n de Mari\u00e1n Ba\u00f1obre.<br \/>\nO venres d\u00eda 16 de outubro contin\u00faa a programaci\u00f3n de teatro coa obra \u201cO mel non caduca\u201d \u00e1s 21:00h no Centro Cultural, \u00e9 un espect\u00e1culo biodegradable e ecosostible xestado a partir dun proceso de creaci\u00f3n colectiva, arredor da relaci\u00f3n do ser humano cos obxectos, da degradaci\u00f3n ecol\u00f3xica do planeta por mor da perversa l\u00f3xica consumista do capitalismo e da obsolescencia programada, tanto dos produtos como das persoas.<br \/>\nO s\u00e1bado 24 de outubro \u00e1s 18:00h \u00e9 a quenda da obra \u201cRosa Caramelo\u201d \u00e1s 18:00h, \u00e9 Un espect\u00e1culo para nenas e nenos onde se lle d\u00e1 a volta a roles e estereotipos de x\u00e9nero. Nesta montaxe composta de catro historias nas que combinamos a palabra e a m\u00fasica en directo, trataremos de crear unha atmosfera adecuada para desmontar unha serie de ideas impostas e simplificadas, pero fortemente asumidas, sobre actitudes e aptitudes das mulleres e dos homes.<br \/>\nXa para pechar este ciclo de teatro de outono, o venres 11 de decembro \u00e1s 21:00h o Centro Cultural ser\u00e1 o escenario para a representaci\u00f3n teatral de \u201cRunning\u201d, onde os 2 actores asumen o reto de interpretar, ademais dos dous protagonistas desta comedia, a todos os personaxes das familias dos dous e da s\u00faa contorna, con algunhas aparici\u00f3ns tam\u00e9n de personaxes televisivos e entrevistadores para retratar o noso mundo saturado de informaci\u00f3n televisiva e cibern\u00e9tica. Nun total de 20 personaxes entre os 2. Tr\u00e1tase dunha vertixinosa peza c\u00f3mica con mensaxe final\u2026 parodia da nosa ocupad\u00edsima vida actual coas s\u00faas eternas pr\u00e9sas, ese marat\u00f3n de tel\u00e9fonos, m\u00f3biles, obrigaci\u00f3ns familiares, persoais e laborais\u2026 que pretende reflexionar sobre a cabida que pode ter nesta acelerada din\u00e1mica \u201csempre Running\u201d o amor, e en \u00faltima instancia a relaci\u00f3n cun mesmo.<br \/>\nPara todas as representaci\u00f3ns teatrais seguirase un estrito protocolo Covid-19, polo que \u00e9 preciso inscribirse con anterioridade chamando ao Centro Cultural da Guarda no 986 61 1850, enviando un enderezo electr\u00f3nico a centrocultural@aguarda.es ou acudindo ata o propio Centro Cultural dende o luns previo a cada actividade, en horario de 10:00h a 13:00h e de 17:00h a 20:00h de luns a venres. O aforo \u00e9 limitado.<\/p>\n<p><strong>Actividades para celebrar o d\u00eda da biblioteca na Guarda<\/strong><\/p>\n<p>A Biblioteca P\u00fablica Municipal da Guarda prepara diversas actividades no mes de outubro para celebrar o mes da Biblioteca, e o D\u00eda da Biblioteca(24 de outubro).<\/p>\n<p><strong>Cantacontos, con Migallas Teatro<\/strong><\/p>\n<p>S\u00e1bado 10 de outubro \u00e1s 12:00 horas no Sal\u00f3n de Actos do Centro Cultural<\/p>\n<p>En \u201cCantacontos\u201d os contos tradicionais ou de creaci\u00f3n propia son arrequentados con canci\u00f3ns, m\u00fasica ou sons que contrib\u00faen a espertar emoci\u00f3ns nos nenos e nenas. Todos os contos tratan cuesti\u00f3ns pr\u00f3ximas ao p\u00fablico infantil, e conv\u00eddanos a participar no seu desenlace. As canci\u00f3ns complementan os seus contidos.<\/p>\n<p>P\u00fablico: Nenos e nenas de 4 a 11 anos e familias.<\/p>\n<p><strong>Obradoiro de C\u00f3mic e Banda Dese\u00f1ada, con Santy Guti\u00e9rrez<\/strong><\/p>\n<p>S\u00e1bado 17 de outubro. D\u00faas sesi\u00f3ns: \u00e1s 11:30 horas e \u00e1s 12:30 horas na Sala de Exposici\u00f3ns do Centro Cultural.<\/p>\n<p>Obradoiro de banda dese\u00f1ada: os rapaces aprender\u00e1n recursos da linguaxe do c\u00f3mic facendo a s\u00faa propia p\u00e1xina de BD. No c\u00f3mic atopar\u00e1n unha ferramenta af\u00edn \u00e1 s\u00faa vida que lles axudar\u00e1 a comunicarse, contando as s\u00faas propias historias nas que verter as s\u00faas propias inquedanzas e intereses.<\/p>\n<p>P\u00fablico: Nenos e nenas: De 8 a 9 e Mocidade<\/p>\n<p><strong>Tr\u00e9mola Teatro. Que animali\u00f1o \u00e9?<\/strong><\/p>\n<p>Venres 23 de outubro \u00e1s 18:00 horas. Na Sala de Exposici\u00f3ns do Centro Cultural<\/p>\n<p>Paula co seu xil\u00f3fono e a trav\u00e9s de diferentes elementos sensoriais far\u00e1 que os m\u00e1is pequenos da casa podan co\u00f1ecer os distintos animais. 3 \u201cque animali\u00f1o \u00e9?\u201d, \u00e9 unha obra para beb\u00e9s que lles far\u00e1 gozar, co\u00f1ecer e reco\u00f1ecer as cousas que ven ao seu redor.<\/p>\n<p>P\u00fablico: Beb\u00e9s de 0 a 3 anos e familias.<\/p>\n<p>Todas as actividades precisan inscrici\u00f3n previa na Biblioteca Municipal ou chamando ao tel\u00e9fono 649 327 525. Protocolo Covid-19. Bibliotecas seguras.<\/p>\n<p>O D\u00eda da Biblioteca cel\u00e9brase cada 24 de outubro desde o ano 1997. Este d\u00eda naceu por iniciativa da Asociaci\u00f3n Espa\u00f1ola de Amigos do Libro Infantil e Xuvenil co obxectivo de concienciar \u00e1 sociedade da importancia da lectura e como homenaxe e reco\u00f1ecemento ao labor dos bibliotecarios e bibliotecarias.<\/p>\n<p>Ler conta moito \u00e9 un programa de dinamizaci\u00f3n da lectura nas bibliotecas p\u00fablicas promovido pola Direcci\u00f3n Xeral de Pol\u00edticas Culturais, da Conseller\u00eda de Cultura e Turismo, a trav\u00e9s da Rede de Bibliotecas P\u00fablicas de Galicia, en colaboraci\u00f3n coas entidades locais.<\/p>\n<p><strong>Exposici\u00f3n \u201cR\u00edo Mi\u00f1o- Memorias transfronteirizas\u201d<\/strong><\/p>\n<p>Na exposici\u00f3n \u201cR\u00edo Mi\u00f1o &#8211; memorias transfronteirizas\u201d os visitantes poden contemplar as marxes do r\u00edo: con quioscos interactivos, filmes e paneis interpretativos. Esta exposici\u00f3n reflicte o Mi\u00f1o, os seus valores ecol\u00f3xicos e patrimoniais, e as xentes que habitan nas s\u00faas ribeiras: as s\u00faas t\u00e9cnicas, m\u00fasica, gastronom\u00eda, lingua e xogos. Ademais, amosan a cultura dos Tesouros Humanos Vivos, persoas cun profundo co\u00f1ecemento e pr\u00e1cticas locais, que esta exposici\u00f3n recolle.<br \/>\nEsta exposici\u00f3n itinerante do patrimonio inmaterial que leva a cabo o CIM Alto Minho, en colaboraci\u00f3n e coordinaci\u00f3n coa DEPO, chega \u00e1 Guarda, entre o 9 e o 20 de outubro na Casa dos Alonso.<\/p>\n<p><strong>Trail do Trega<\/strong><\/p>\n<p>O domingo d\u00eda 11 de outubro o Trail do Trega chega \u00e1 s\u00faa s\u00e9tima edici\u00f3n con 14km de percorrido e preto de 800m de desnivel. Debido a pandemia da COVID 19, estar\u00e1 limitada a 300 prazas e as sa\u00eddas ser\u00e1n de 10 atletas cada 30 segundos. A proba transcorrer\u00e1 100% polo monte Trega, un dos lugares m\u00e1is visitados da xeograf\u00eda galega. A carreira non ten un desnivel significativo pero o cambio de terreo constante, a orograf\u00eda, climatolox\u00eda far\u00e1n que sexa unha proba dura e para a que se necesita unha boa preparaci\u00f3n. A proba arranca \u00e1s 10:30h dende a Alameda da Guarda.<br \/>\nAs\u00ed mesmo, se organizar\u00e1 unha andaina guiada de 10 km e con 500 metros de desnivel LIMITE de 100 participantes, que sair\u00e1 \u00e1s 10:00h dende a Alameda da Guarda.<\/p>\n<p><strong>Actividades para festexar o Sama\u00edn<\/strong><\/p>\n<p>A conceller\u00eda de Cultura programa entre o 20 e o 28 de outubro diversas actividades online para festexar o Sama\u00edn con \u201cFacemos un trato\u201d.<br \/>\nO d\u00eda 31 ter\u00e1 lugar o espect\u00e1culo \u201cContos para caghar patatillas\u201d do elenco de Brais das Hortas e dirixido ao p\u00fablico infantil e familiar, no Centro Cultural \u00e1s 18:00h.<br \/>\n\u00c9 preciso inscribirse con anterioridade chamando ao Centro Cultural da Guarda no 986 61 1850, enviando un enderezo electr\u00f3nico a centrocultural@aguarda.es ou acudindo ata o propio Centro Cultural o luns previo \u00e1 actividade, en horario de 10:00h a 13:00h e de 17:00h a 20:00h de luns a venres. O aforo \u00e9 limitado.<\/p>\n<p><strong>M\u00e1is actividades<\/strong><\/p>\n<p>\u2022 Charlas de igualdade organizadas pola ANPA CEIP A SANGRI\u00d1A (Cada martes dende o 20 de outubro ata o 17 de novembro) no Centro Cultural.<\/p>\n<p>\u2022 Presentaci\u00f3n do libro de Denis Maza \u201cLa m\u00edstica de un grano de arena\u201d (22 e 23 de outubro)<\/p>\n","protected":false},"excerpt":{"rendered":"<p>\u2022 Teatro, obradoiros, sama\u00edn, cantacontos, exposici\u00f3ns, charlas, eventos deportivos e moito m\u00e1is na programaci\u00f3n de outono no Concello da Guarda. Programaci\u00f3n teatral de outono na Guarda O Concello da Guarda programa un total de cinco representaci\u00f3ns teatrais nesta tempada de &hellip; <\/p>\n","protected":false},"author":2,"featured_media":22532,"comment_status":"open","ping_status":"open","sticky":false,"template":"","format":"standard","meta":[],"categories":[34,35],"tags":[226,348,1551,1273],"yoast_head":"<!-- This site is optimized with the Yoast SEO plugin v21.1 - https:\/\/yoast.com\/wordpress\/plugins\/seo\/ -->\n<title>A Guarda pon en marcha unha ampla programaci\u00f3n de actividades para o outono - Concello da Guarda<\/title>\n<meta name=\"robots\" content=\"index, follow, max-snippet:-1, max-image-preview:large, max-video-preview:-1\" \/>\n<link rel=\"canonical\" href=\"https:\/\/www.aguarda.es\/en\/a-guarda-pon-en-marcha-unha-ampla-programacion-de-actividades-para-o-outono\/\" \/>\n<meta property=\"og:locale\" content=\"en_US\" \/>\n<meta property=\"og:type\" content=\"article\" \/>\n<meta property=\"og:title\" content=\"A Guarda pon en marcha unha ampla programaci\u00f3n de actividades para o outono - Concello da Guarda\" \/>\n<meta property=\"og:description\" content=\"\u2022 Teatro, obradoiros, sama\u00edn, cantacontos, exposici\u00f3ns, charlas, eventos deportivos e moito m\u00e1is na programaci\u00f3n de outono no Concello da Guarda. Programaci\u00f3n teatral de outono na Guarda O Concello da Guarda programa un total de cinco representaci\u00f3ns teatrais nesta tempada de &hellip;\" \/>\n<meta property=\"og:url\" content=\"https:\/\/www.aguarda.es\/en\/a-guarda-pon-en-marcha-unha-ampla-programacion-de-actividades-para-o-outono\/\" \/>\n<meta property=\"og:site_name\" content=\"Concello da Guarda\" \/>\n<meta property=\"article:publisher\" content=\"https:\/\/www.facebook.com\/ConcellodaGuarda\" \/>\n<meta property=\"article:published_time\" content=\"2020-10-02T11:02:36+00:00\" \/>\n<meta property=\"og:image\" content=\"https:\/\/www.aguarda.es\/wp-content\/uploads\/2020\/10\/NP-01102020-PROGRAMACION-OUTUBRO.jpg?_t=1643285454\" \/>\n\t<meta property=\"og:image:width\" content=\"800\" \/>\n\t<meta property=\"og:image:height\" content=\"800\" \/>\n\t<meta property=\"og:image:type\" content=\"image\/jpeg\" \/>\n<meta name=\"author\" content=\"prensa\" \/>\n<meta name=\"twitter:card\" content=\"summary_large_image\" \/>\n<meta name=\"twitter:creator\" content=\"@AGuarda_es\" \/>\n<meta name=\"twitter:site\" content=\"@AGuarda_es\" \/>\n<meta name=\"twitter:label1\" content=\"Written by\" \/>\n\t<meta name=\"twitter:data1\" content=\"prensa\" \/>\n\t<meta name=\"twitter:label2\" content=\"Est. reading time\" \/>\n\t<meta name=\"twitter:data2\" content=\"7 minutes\" \/>\n<script type=\"application\/ld+json\" class=\"yoast-schema-graph\">{\"@context\":\"https:\/\/schema.org\",\"@graph\":[{\"@type\":\"WebPage\",\"@id\":\"https:\/\/www.aguarda.es\/en\/a-guarda-pon-en-marcha-unha-ampla-programacion-de-actividades-para-o-outono\/\",\"url\":\"https:\/\/www.aguarda.es\/en\/a-guarda-pon-en-marcha-unha-ampla-programacion-de-actividades-para-o-outono\/\",\"name\":\"A Guarda pon en marcha unha ampla programaci\u00f3n de actividades para o outono - Concello da Guarda\",\"isPartOf\":{\"@id\":\"https:\/\/www.aguarda.es\/en\/#website\"},\"datePublished\":\"2020-10-02T11:02:36+00:00\",\"dateModified\":\"2020-10-02T11:02:36+00:00\",\"author\":{\"@id\":\"https:\/\/www.aguarda.es\/en\/#\/schema\/person\/c463ca3006858ffb349d11179d044f21\"},\"breadcrumb\":{\"@id\":\"https:\/\/www.aguarda.es\/en\/a-guarda-pon-en-marcha-unha-ampla-programacion-de-actividades-para-o-outono\/#breadcrumb\"},\"inLanguage\":\"en-US\",\"potentialAction\":[{\"@type\":\"ReadAction\",\"target\":[\"https:\/\/www.aguarda.es\/en\/a-guarda-pon-en-marcha-unha-ampla-programacion-de-actividades-para-o-outono\/\"]}]},{\"@type\":\"BreadcrumbList\",\"@id\":\"https:\/\/www.aguarda.es\/en\/a-guarda-pon-en-marcha-unha-ampla-programacion-de-actividades-para-o-outono\/#breadcrumb\",\"itemListElement\":[{\"@type\":\"ListItem\",\"position\":1,\"name\":\"Portada\",\"item\":\"https:\/\/www.aguarda.es\/en\/\"},{\"@type\":\"ListItem\",\"position\":2,\"name\":\"A Guarda pon en marcha unha ampla programaci\u00f3n de actividades para o outono\"}]},{\"@type\":\"WebSite\",\"@id\":\"https:\/\/www.aguarda.es\/en\/#website\",\"url\":\"https:\/\/www.aguarda.es\/en\/\",\"name\":\"Concello da Guarda\",\"description\":\"P\u00e1xina web do concello da Guarda\",\"potentialAction\":[{\"@type\":\"SearchAction\",\"target\":{\"@type\":\"EntryPoint\",\"urlTemplate\":\"https:\/\/www.aguarda.es\/en\/?s={search_term_string}\"},\"query-input\":\"required name=search_term_string\"}],\"inLanguage\":\"en-US\"},{\"@type\":\"Person\",\"@id\":\"https:\/\/www.aguarda.es\/en\/#\/schema\/person\/c463ca3006858ffb349d11179d044f21\",\"name\":\"prensa\",\"image\":{\"@type\":\"ImageObject\",\"inLanguage\":\"en-US\",\"@id\":\"https:\/\/www.aguarda.es\/en\/#\/schema\/person\/image\/\",\"url\":\"https:\/\/secure.gravatar.com\/avatar\/5f90ef536b0f98306edf5c7a1135ffa1?s=96&d=mm&r=g\",\"contentUrl\":\"https:\/\/secure.gravatar.com\/avatar\/5f90ef536b0f98306edf5c7a1135ffa1?s=96&d=mm&r=g\",\"caption\":\"prensa\"},\"url\":\"https:\/\/www.aguarda.es\/en\/author\/prensa\/\"}]}<\/script>\n<!-- \/ Yoast SEO plugin. -->","yoast_head_json":{"title":"A Guarda pon en marcha unha ampla programaci\u00f3n de actividades para o outono - Concello da Guarda","robots":{"index":"index","follow":"follow","max-snippet":"max-snippet:-1","max-image-preview":"max-image-preview:large","max-video-preview":"max-video-preview:-1"},"canonical":"https:\/\/www.aguarda.es\/en\/a-guarda-pon-en-marcha-unha-ampla-programacion-de-actividades-para-o-outono\/","og_locale":"en_US","og_type":"article","og_title":"A Guarda pon en marcha unha ampla programaci\u00f3n de actividades para o outono - Concello da Guarda","og_description":"\u2022 Teatro, obradoiros, sama\u00edn, cantacontos, exposici\u00f3ns, charlas, eventos deportivos e moito m\u00e1is na programaci\u00f3n de outono no Concello da Guarda. Programaci\u00f3n teatral de outono na Guarda O Concello da Guarda programa un total de cinco representaci\u00f3ns teatrais nesta tempada de &hellip;","og_url":"https:\/\/www.aguarda.es\/en\/a-guarda-pon-en-marcha-unha-ampla-programacion-de-actividades-para-o-outono\/","og_site_name":"Concello da Guarda","article_publisher":"https:\/\/www.facebook.com\/ConcellodaGuarda","article_published_time":"2020-10-02T11:02:36+00:00","og_image":[{"width":800,"height":800,"url":"https:\/\/www.aguarda.es\/wp-content\/uploads\/2020\/10\/NP-01102020-PROGRAMACION-OUTUBRO.jpg?_t=1643285454","type":"image\/jpeg"}],"author":"prensa","twitter_card":"summary_large_image","twitter_creator":"@AGuarda_es","twitter_site":"@AGuarda_es","twitter_misc":{"Written by":"prensa","Est. reading time":"7 minutes"},"schema":{"@context":"https:\/\/schema.org","@graph":[{"@type":"WebPage","@id":"https:\/\/www.aguarda.es\/en\/a-guarda-pon-en-marcha-unha-ampla-programacion-de-actividades-para-o-outono\/","url":"https:\/\/www.aguarda.es\/en\/a-guarda-pon-en-marcha-unha-ampla-programacion-de-actividades-para-o-outono\/","name":"A Guarda pon en marcha unha ampla programaci\u00f3n de actividades para o outono - Concello da Guarda","isPartOf":{"@id":"https:\/\/www.aguarda.es\/en\/#website"},"datePublished":"2020-10-02T11:02:36+00:00","dateModified":"2020-10-02T11:02:36+00:00","author":{"@id":"https:\/\/www.aguarda.es\/en\/#\/schema\/person\/c463ca3006858ffb349d11179d044f21"},"breadcrumb":{"@id":"https:\/\/www.aguarda.es\/en\/a-guarda-pon-en-marcha-unha-ampla-programacion-de-actividades-para-o-outono\/#breadcrumb"},"inLanguage":"en-US","potentialAction":[{"@type":"ReadAction","target":["https:\/\/www.aguarda.es\/en\/a-guarda-pon-en-marcha-unha-ampla-programacion-de-actividades-para-o-outono\/"]}]},{"@type":"BreadcrumbList","@id":"https:\/\/www.aguarda.es\/en\/a-guarda-pon-en-marcha-unha-ampla-programacion-de-actividades-para-o-outono\/#breadcrumb","itemListElement":[{"@type":"ListItem","position":1,"name":"Portada","item":"https:\/\/www.aguarda.es\/en\/"},{"@type":"ListItem","position":2,"name":"A Guarda pon en marcha unha ampla programaci\u00f3n de actividades para o outono"}]},{"@type":"WebSite","@id":"https:\/\/www.aguarda.es\/en\/#website","url":"https:\/\/www.aguarda.es\/en\/","name":"Concello da Guarda","description":"P\u00e1xina web do concello da Guarda","potentialAction":[{"@type":"SearchAction","target":{"@type":"EntryPoint","urlTemplate":"https:\/\/www.aguarda.es\/en\/?s={search_term_string}"},"query-input":"required name=search_term_string"}],"inLanguage":"en-US"},{"@type":"Person","@id":"https:\/\/www.aguarda.es\/en\/#\/schema\/person\/c463ca3006858ffb349d11179d044f21","name":"prensa","image":{"@type":"ImageObject","inLanguage":"en-US","@id":"https:\/\/www.aguarda.es\/en\/#\/schema\/person\/image\/","url":"https:\/\/secure.gravatar.com\/avatar\/5f90ef536b0f98306edf5c7a1135ffa1?s=96&d=mm&r=g","contentUrl":"https:\/\/secure.gravatar.com\/avatar\/5f90ef536b0f98306edf5c7a1135ffa1?s=96&d=mm&r=g","caption":"prensa"},"url":"https:\/\/www.aguarda.es\/en\/author\/prensa\/"}]}},"_links":{"self":[{"href":"https:\/\/www.aguarda.es\/en\/wp-json\/wp\/v2\/posts\/22531"}],"collection":[{"href":"https:\/\/www.aguarda.es\/en\/wp-json\/wp\/v2\/posts"}],"about":[{"href":"https:\/\/www.aguarda.es\/en\/wp-json\/wp\/v2\/types\/post"}],"author":[{"embeddable":true,"href":"https:\/\/www.aguarda.es\/en\/wp-json\/wp\/v2\/users\/2"}],"replies":[{"embeddable":true,"href":"https:\/\/www.aguarda.es\/en\/wp-json\/wp\/v2\/comments?post=22531"}],"version-history":[{"count":1,"href":"https:\/\/www.aguarda.es\/en\/wp-json\/wp\/v2\/posts\/22531\/revisions"}],"predecessor-version":[{"id":22534,"href":"https:\/\/www.aguarda.es\/en\/wp-json\/wp\/v2\/posts\/22531\/revisions\/22534"}],"wp:featuredmedia":[{"embeddable":true,"href":"https:\/\/www.aguarda.es\/en\/wp-json\/wp\/v2\/media\/22532"}],"wp:attachment":[{"href":"https:\/\/www.aguarda.es\/en\/wp-json\/wp\/v2\/media?parent=22531"}],"wp:term":[{"taxonomy":"category","embeddable":true,"href":"https:\/\/www.aguarda.es\/en\/wp-json\/wp\/v2\/categories?post=22531"},{"taxonomy":"post_tag","embeddable":true,"href":"https:\/\/www.aguarda.es\/en\/wp-json\/wp\/v2\/tags?post=22531"}],"curies":[{"name":"wp","href":"https:\/\/api.w.org\/{rel}","templated":true}]}}