{"id":2262,"date":"2016-10-17T12:21:11","date_gmt":"2016-10-17T12:21:11","guid":{"rendered":"https:\/\/www.aguarda.es\/?p=2262"},"modified":"2016-10-17T12:21:11","modified_gmt":"2016-10-17T12:21:11","slug":"presentacion-da-exposicion-da-cruz-vermella-en-familia-por-dereito-que-se-pode-visitar-no-concello-da-guarda-ata-o-21-de-outubro","status":"publish","type":"post","link":"https:\/\/www.aguarda.es\/en\/presentacion-da-exposicion-da-cruz-vermella-en-familia-por-dereito-que-se-pode-visitar-no-concello-da-guarda-ata-o-21-de-outubro\/","title":{"rendered":"Presentaci\u00f3n da exposici\u00f3n da Cruz Vermella \u201cEn familia por dereito\u201d, que se pode visitar no Concello da Guarda ata o 21 de outubro"},"content":{"rendered":"<p lang=\"gl-ES\"><span><span><span lang=\"gl-ES\">Este luns 17 de outubro, \u00e1s 12:00 horas, tivo lugar no Concello da Guarda a presentaci\u00f3n da <\/span><\/span><span><span lang=\"gl-ES\">exposici\u00f3n<\/span><\/span><span><span lang=\"gl-ES\">de Cruz Vermella <\/span><\/span><span><span lang=\"gl-ES\">\u201cEn familia por dereito\u201d, \u00e1 que acudiron <\/span><\/span><span><span lang=\"gl-ES\">Antonio Lomba Baz, Alcalde da Guarda;\u00a0<\/span><\/span><span><span lang=\"gl-ES\">Mar\u00eda Teresa Vicente Baz, <\/span><\/span><span><span lang=\"gl-ES\">C<\/span><\/span><span><span lang=\"gl-ES\">oncelleira de Servizos Sociais <\/span><\/span><span><span lang=\"gl-ES\">da Guarda;<\/span><\/span><span><span lang=\"gl-ES\"> Jos\u00e9 Mar\u00eda Salcidos, <\/span><\/span><span><span lang=\"gl-ES\">P<\/span><\/span><span><span lang=\"gl-ES\">residente comarcal de Cruz Vermella do Baixo Mi\u00f1o; e unha familia acolledora da comarca<\/span><\/span><span><span lang=\"gl-ES\">.<\/span><\/span><\/span><\/p>\n<p>  <!--more-->  <\/p>\n<p lang=\"gl-ES\"><span><span><span lang=\"gl-ES\"><span><span lang=\"gl-ES\">Este luns 17 de outubro, \u00e1s 12:00 horas, tivo lugar no Concello da Guarda a presentaci\u00f3n da\u00a0<\/span><\/span><span><span lang=\"gl-ES\">exposici\u00f3n<\/span><\/span><span><span lang=\"gl-ES\">de Cruz Vermella\u00a0<\/span><\/span><span><span lang=\"gl-ES\">\u201cEn familia por dereito\u201d, \u00e1 que acudiron\u00a0<\/span><\/span><span><span lang=\"gl-ES\">Antonio Lomba Baz, Alcalde da Guarda;<\/span><\/span><span><span lang=\"gl-ES\">Mar\u00eda Teresa Vicente Baz,\u00a0<\/span><\/span><span><span lang=\"gl-ES\">C<\/span><\/span><span><span lang=\"gl-ES\">oncelleira de Servizos Sociais\u00a0<\/span><\/span><span><span lang=\"gl-ES\">da Guarda;<\/span><\/span><span><span lang=\"gl-ES\">\u00a0Jos\u00e9 Mar\u00eda Salcidos,\u00a0<\/span><\/span><span><span lang=\"gl-ES\">P<\/span><\/span><span><span lang=\"gl-ES\">residente comarcal e outros representantes de Cruz Vermella do Baixo Mi\u00f1o; e unha familia acolledora da comarca<\/span><\/span><span><span lang=\"gl-ES\">.<\/span><\/span><\/span><\/span><\/span><\/p>\n<p lang=\"gl-ES\"><span>\u00a0<img decoding=\"async\" loading=\"lazy\" class=\" size-full wp-image-2261\" src=\"https:\/\/www.aguarda.es\/wp-content\/uploads\/2016\/10\/2016_En%20familia%20por%20dereito%205.JPG\" alt=\"\" width=\"449\" height=\"337\" \/><\/span><\/p>\n<p lang=\"gl-ES\"><span><span><span lang=\"gl-ES\">A exposici\u00f3n enc\u00e1drase dentro<\/span><\/span><span><span lang=\"gl-ES\"> dunha <\/span><\/span><span><span lang=\"gl-ES\">campa\u00f1a<\/span><\/span><span><span lang=\"gl-ES\"> da Cruz Vermella do Baixo Mi\u00f1o <\/span><\/span><span><span lang=\"gl-ES\">creada <\/span><\/span><span><span lang=\"gl-ES\">como parte do proxecto para promover o acollemento familiar<\/span><\/span><span><span lang=\"gl-ES\">. <\/span><\/span><span><span lang=\"gl-ES\">O obxectivo principal \u00e9<\/span><\/span><span><span lang=\"gl-ES\"> animar \u00e1s familias a acoller a menores de idade, <\/span><\/span><span><span lang=\"gl-ES\">proporcionando as\u00ed un entorno familiar como alternativa \u00e1 estancia nun centro de protecci\u00f3n. As familias poden ter moi diversos perf\u00eds, podendo acoller calquera persoa, matrimonio ou parella de feito que <\/span><\/span><span><span lang=\"gl-ES\">te\u00f1a <\/span><\/span><span><span lang=\"gl-ES\">a capacidade necesaria para proporcionar os coidados, a seguridade, a educaci\u00f3n e o cari\u00f1o que necesitan os menores que por diversas problem\u00e1ticas das s\u00faas familias precisan un novo fogar.<\/span><\/span><\/span><\/p>\n<p lang=\"gl-ES\"><span>\u00a0<\/span><\/p>\n<p lang=\"gl-ES\"><span><span><span lang=\"gl-ES\">A presentaci\u00f3n consistiu na inauguraci\u00f3n dunha exposici\u00f3n que consta de 8 paneis informativos con imaxes que se poder\u00e1 visitar no vest\u00edbulo do Concello da Guarda ata o venres 21 de outubro. Nest<\/span><\/span><span><span lang=\"gl-ES\">es paneis<\/span><\/span><span><span lang=\"gl-ES\"> ach\u00e9gase a visi\u00f3n, experiencia e historias de familias acolledoras, as\u00ed como de persoas <\/span><\/span><span><span lang=\"gl-ES\">agora adultas que foron acollidas e contan as s\u00faas vivencias<\/span><\/span><span><span lang=\"gl-ES\">. <\/span><\/span><\/span><\/p>\n<p lang=\"gl-ES\"><span>\u00a0<\/span><\/p>\n<p lang=\"gl-ES\"><span><span>Durante o acto o alcalde e a concelleira intercambiaron unhas palabras cunha nai de acollida da comarca e con representantes de Cruz Vermella sobre a campa\u00f1a e se interesaron sobre os resultados da mesma. Dende Cruz Vermella o te\u00f1en claro: son necesarias iniciativas como esta para dar a co\u00f1ecer o programa de acollida e que a xente poda reflexionar e decidir se desexan converterse en familia de acollida. \u00c9 unha decisi\u00f3n que debe meditarse pero o certo \u00e9 que quen se decide, repite. Afirman que o 90% das familias de acollida repite a experiencia polo que o balance global \u00e9 na s\u00faa maior\u00eda moi positivo.<\/span><\/span><\/p>\n<p lang=\"gl-ES\"><span>\u00a0<\/span><\/p>\n<p lang=\"gl-ES\"><span><span>O obxectivo de Cruz Vermella do Baixo Mi\u00f1o \u00e9 dar a co\u00f1ecer esta campa\u00f1a e que se ampl\u00ede o n\u00famero de familias de acollida na comarca. Para saber m\u00e1is sobre as historias expostas no edificio do Concello da Guarda, ou para obter m\u00e1is informaci\u00f3n sobre a campa\u00f1a e o programa de acollida poden consultar a web <a href=\"http:\/\/www.acollementofamiliar.org\/\">www.acollementofamiliar.org<\/a> ou chamar ao tel\u00e9fono 900 812 880.<\/span><\/span><\/p>\n","protected":false},"excerpt":{"rendered":"<p>Este luns 17 de outubro, \u00e1s 12:00 horas, tivo lugar no Concello da Guarda a presentaci\u00f3n da exposici\u00f3nde Cruz Vermella \u201cEn familia por dereito\u201d, \u00e1 que acudiron Antonio Lomba Baz, Alcalde da Guarda;\u00a0Mar\u00eda Teresa Vicente Baz, Concelleira de Servizos Sociais &hellip; <\/p>\n","protected":false},"author":1,"featured_media":2261,"comment_status":"open","ping_status":"open","sticky":false,"template":"","format":"standard","meta":[],"categories":[45],"tags":[],"yoast_head":"<!-- This site is optimized with the Yoast SEO plugin v21.1 - https:\/\/yoast.com\/wordpress\/plugins\/seo\/ -->\n<title>Presentaci\u00f3n da exposici\u00f3n da Cruz Vermella \u201cEn familia por dereito\u201d, que se pode visitar no Concello da Guarda ata o 21 de outubro - Concello da Guarda<\/title>\n<meta name=\"robots\" content=\"index, follow, max-snippet:-1, max-image-preview:large, max-video-preview:-1\" \/>\n<link rel=\"canonical\" href=\"https:\/\/www.aguarda.es\/en\/presentacion-da-exposicion-da-cruz-vermella-en-familia-por-dereito-que-se-pode-visitar-no-concello-da-guarda-ata-o-21-de-outubro\/\" \/>\n<meta property=\"og:locale\" content=\"en_US\" \/>\n<meta property=\"og:type\" content=\"article\" \/>\n<meta property=\"og:title\" content=\"Presentaci\u00f3n da exposici\u00f3n da Cruz Vermella \u201cEn familia por dereito\u201d, que se pode visitar no Concello da Guarda ata o 21 de outubro - Concello da Guarda\" \/>\n<meta property=\"og:description\" content=\"Este luns 17 de outubro, \u00e1s 12:00 horas, tivo lugar no Concello da Guarda a presentaci\u00f3n da exposici\u00f3nde Cruz Vermella \u201cEn familia por dereito\u201d, \u00e1 que acudiron Antonio Lomba Baz, Alcalde da Guarda;\u00a0Mar\u00eda Teresa Vicente Baz, Concelleira de Servizos Sociais &hellip;\" \/>\n<meta property=\"og:url\" content=\"https:\/\/www.aguarda.es\/en\/presentacion-da-exposicion-da-cruz-vermella-en-familia-por-dereito-que-se-pode-visitar-no-concello-da-guarda-ata-o-21-de-outubro\/\" \/>\n<meta property=\"og:site_name\" content=\"Concello da Guarda\" \/>\n<meta property=\"article:publisher\" content=\"https:\/\/www.facebook.com\/ConcellodaGuarda\" \/>\n<meta property=\"article:published_time\" content=\"2016-10-17T12:21:11+00:00\" \/>\n<meta property=\"og:image\" content=\"https:\/\/www.aguarda.es\/wp-content\/uploads\/2016\/10\/2016_En%20familia%20por%20dereito%205.JPG\" \/>\n\t<meta property=\"og:image:width\" content=\"700\" \/>\n\t<meta property=\"og:image:height\" content=\"525\" \/>\n\t<meta property=\"og:image:type\" content=\"image\/jpeg\" \/>\n<meta name=\"author\" content=\"Concello\" \/>\n<meta name=\"twitter:card\" content=\"summary_large_image\" \/>\n<meta name=\"twitter:creator\" content=\"@AGuarda_es\" \/>\n<meta name=\"twitter:site\" content=\"@AGuarda_es\" \/>\n<meta name=\"twitter:label1\" content=\"Written by\" \/>\n\t<meta name=\"twitter:data1\" content=\"Concello\" \/>\n\t<meta name=\"twitter:label2\" content=\"Est. reading time\" \/>\n\t<meta name=\"twitter:data2\" content=\"2 minutes\" \/>\n<script type=\"application\/ld+json\" class=\"yoast-schema-graph\">{\"@context\":\"https:\/\/schema.org\",\"@graph\":[{\"@type\":\"WebPage\",\"@id\":\"https:\/\/www.aguarda.es\/en\/presentacion-da-exposicion-da-cruz-vermella-en-familia-por-dereito-que-se-pode-visitar-no-concello-da-guarda-ata-o-21-de-outubro\/\",\"url\":\"https:\/\/www.aguarda.es\/en\/presentacion-da-exposicion-da-cruz-vermella-en-familia-por-dereito-que-se-pode-visitar-no-concello-da-guarda-ata-o-21-de-outubro\/\",\"name\":\"Presentaci\u00f3n da exposici\u00f3n da Cruz Vermella \u201cEn familia por dereito\u201d, que se pode visitar no Concello da Guarda ata o 21 de outubro - Concello da Guarda\",\"isPartOf\":{\"@id\":\"https:\/\/www.aguarda.es\/en\/#website\"},\"datePublished\":\"2016-10-17T12:21:11+00:00\",\"dateModified\":\"2016-10-17T12:21:11+00:00\",\"author\":{\"@id\":\"https:\/\/www.aguarda.es\/en\/#\/schema\/person\/ac30f4d74843174f0af56c730f74dd57\"},\"breadcrumb\":{\"@id\":\"https:\/\/www.aguarda.es\/en\/presentacion-da-exposicion-da-cruz-vermella-en-familia-por-dereito-que-se-pode-visitar-no-concello-da-guarda-ata-o-21-de-outubro\/#breadcrumb\"},\"inLanguage\":\"en-US\",\"potentialAction\":[{\"@type\":\"ReadAction\",\"target\":[\"https:\/\/www.aguarda.es\/en\/presentacion-da-exposicion-da-cruz-vermella-en-familia-por-dereito-que-se-pode-visitar-no-concello-da-guarda-ata-o-21-de-outubro\/\"]}]},{\"@type\":\"BreadcrumbList\",\"@id\":\"https:\/\/www.aguarda.es\/en\/presentacion-da-exposicion-da-cruz-vermella-en-familia-por-dereito-que-se-pode-visitar-no-concello-da-guarda-ata-o-21-de-outubro\/#breadcrumb\",\"itemListElement\":[{\"@type\":\"ListItem\",\"position\":1,\"name\":\"Portada\",\"item\":\"https:\/\/www.aguarda.es\/en\/\"},{\"@type\":\"ListItem\",\"position\":2,\"name\":\"Presentaci\u00f3n da exposici\u00f3n da Cruz Vermella \u201cEn familia por dereito\u201d, que se pode visitar no Concello da Guarda ata o 21 de outubro\"}]},{\"@type\":\"WebSite\",\"@id\":\"https:\/\/www.aguarda.es\/en\/#website\",\"url\":\"https:\/\/www.aguarda.es\/en\/\",\"name\":\"Concello da Guarda\",\"description\":\"P\u00e1xina web do concello da Guarda\",\"potentialAction\":[{\"@type\":\"SearchAction\",\"target\":{\"@type\":\"EntryPoint\",\"urlTemplate\":\"https:\/\/www.aguarda.es\/en\/?s={search_term_string}\"},\"query-input\":\"required name=search_term_string\"}],\"inLanguage\":\"en-US\"},{\"@type\":\"Person\",\"@id\":\"https:\/\/www.aguarda.es\/en\/#\/schema\/person\/ac30f4d74843174f0af56c730f74dd57\",\"name\":\"Concello\",\"image\":{\"@type\":\"ImageObject\",\"inLanguage\":\"en-US\",\"@id\":\"https:\/\/www.aguarda.es\/en\/#\/schema\/person\/image\/\",\"url\":\"https:\/\/secure.gravatar.com\/avatar\/7eda12a04da40b2ef77eb62e68f07027?s=96&d=mm&r=g\",\"contentUrl\":\"https:\/\/secure.gravatar.com\/avatar\/7eda12a04da40b2ef77eb62e68f07027?s=96&d=mm&r=g\",\"caption\":\"Concello\"},\"url\":\"https:\/\/www.aguarda.es\/en\/author\/admin\/\"}]}<\/script>\n<!-- \/ Yoast SEO plugin. -->","yoast_head_json":{"title":"Presentaci\u00f3n da exposici\u00f3n da Cruz Vermella \u201cEn familia por dereito\u201d, que se pode visitar no Concello da Guarda ata o 21 de outubro - Concello da Guarda","robots":{"index":"index","follow":"follow","max-snippet":"max-snippet:-1","max-image-preview":"max-image-preview:large","max-video-preview":"max-video-preview:-1"},"canonical":"https:\/\/www.aguarda.es\/en\/presentacion-da-exposicion-da-cruz-vermella-en-familia-por-dereito-que-se-pode-visitar-no-concello-da-guarda-ata-o-21-de-outubro\/","og_locale":"en_US","og_type":"article","og_title":"Presentaci\u00f3n da exposici\u00f3n da Cruz Vermella \u201cEn familia por dereito\u201d, que se pode visitar no Concello da Guarda ata o 21 de outubro - Concello da Guarda","og_description":"Este luns 17 de outubro, \u00e1s 12:00 horas, tivo lugar no Concello da Guarda a presentaci\u00f3n da exposici\u00f3nde Cruz Vermella \u201cEn familia por dereito\u201d, \u00e1 que acudiron Antonio Lomba Baz, Alcalde da Guarda;\u00a0Mar\u00eda Teresa Vicente Baz, Concelleira de Servizos Sociais &hellip;","og_url":"https:\/\/www.aguarda.es\/en\/presentacion-da-exposicion-da-cruz-vermella-en-familia-por-dereito-que-se-pode-visitar-no-concello-da-guarda-ata-o-21-de-outubro\/","og_site_name":"Concello da Guarda","article_publisher":"https:\/\/www.facebook.com\/ConcellodaGuarda","article_published_time":"2016-10-17T12:21:11+00:00","og_image":[{"width":700,"height":525,"url":"https:\/\/www.aguarda.es\/wp-content\/uploads\/2016\/10\/2016_En familia por dereito 5.JPG","type":"image\/jpeg"}],"author":"Concello","twitter_card":"summary_large_image","twitter_creator":"@AGuarda_es","twitter_site":"@AGuarda_es","twitter_misc":{"Written by":"Concello","Est. reading time":"2 minutes"},"schema":{"@context":"https:\/\/schema.org","@graph":[{"@type":"WebPage","@id":"https:\/\/www.aguarda.es\/en\/presentacion-da-exposicion-da-cruz-vermella-en-familia-por-dereito-que-se-pode-visitar-no-concello-da-guarda-ata-o-21-de-outubro\/","url":"https:\/\/www.aguarda.es\/en\/presentacion-da-exposicion-da-cruz-vermella-en-familia-por-dereito-que-se-pode-visitar-no-concello-da-guarda-ata-o-21-de-outubro\/","name":"Presentaci\u00f3n da exposici\u00f3n da Cruz Vermella \u201cEn familia por dereito\u201d, que se pode visitar no Concello da Guarda ata o 21 de outubro - Concello da Guarda","isPartOf":{"@id":"https:\/\/www.aguarda.es\/en\/#website"},"datePublished":"2016-10-17T12:21:11+00:00","dateModified":"2016-10-17T12:21:11+00:00","author":{"@id":"https:\/\/www.aguarda.es\/en\/#\/schema\/person\/ac30f4d74843174f0af56c730f74dd57"},"breadcrumb":{"@id":"https:\/\/www.aguarda.es\/en\/presentacion-da-exposicion-da-cruz-vermella-en-familia-por-dereito-que-se-pode-visitar-no-concello-da-guarda-ata-o-21-de-outubro\/#breadcrumb"},"inLanguage":"en-US","potentialAction":[{"@type":"ReadAction","target":["https:\/\/www.aguarda.es\/en\/presentacion-da-exposicion-da-cruz-vermella-en-familia-por-dereito-que-se-pode-visitar-no-concello-da-guarda-ata-o-21-de-outubro\/"]}]},{"@type":"BreadcrumbList","@id":"https:\/\/www.aguarda.es\/en\/presentacion-da-exposicion-da-cruz-vermella-en-familia-por-dereito-que-se-pode-visitar-no-concello-da-guarda-ata-o-21-de-outubro\/#breadcrumb","itemListElement":[{"@type":"ListItem","position":1,"name":"Portada","item":"https:\/\/www.aguarda.es\/en\/"},{"@type":"ListItem","position":2,"name":"Presentaci\u00f3n da exposici\u00f3n da Cruz Vermella \u201cEn familia por dereito\u201d, que se pode visitar no Concello da Guarda ata o 21 de outubro"}]},{"@type":"WebSite","@id":"https:\/\/www.aguarda.es\/en\/#website","url":"https:\/\/www.aguarda.es\/en\/","name":"Concello da Guarda","description":"P\u00e1xina web do concello da Guarda","potentialAction":[{"@type":"SearchAction","target":{"@type":"EntryPoint","urlTemplate":"https:\/\/www.aguarda.es\/en\/?s={search_term_string}"},"query-input":"required name=search_term_string"}],"inLanguage":"en-US"},{"@type":"Person","@id":"https:\/\/www.aguarda.es\/en\/#\/schema\/person\/ac30f4d74843174f0af56c730f74dd57","name":"Concello","image":{"@type":"ImageObject","inLanguage":"en-US","@id":"https:\/\/www.aguarda.es\/en\/#\/schema\/person\/image\/","url":"https:\/\/secure.gravatar.com\/avatar\/7eda12a04da40b2ef77eb62e68f07027?s=96&d=mm&r=g","contentUrl":"https:\/\/secure.gravatar.com\/avatar\/7eda12a04da40b2ef77eb62e68f07027?s=96&d=mm&r=g","caption":"Concello"},"url":"https:\/\/www.aguarda.es\/en\/author\/admin\/"}]}},"_links":{"self":[{"href":"https:\/\/www.aguarda.es\/en\/wp-json\/wp\/v2\/posts\/2262"}],"collection":[{"href":"https:\/\/www.aguarda.es\/en\/wp-json\/wp\/v2\/posts"}],"about":[{"href":"https:\/\/www.aguarda.es\/en\/wp-json\/wp\/v2\/types\/post"}],"author":[{"embeddable":true,"href":"https:\/\/www.aguarda.es\/en\/wp-json\/wp\/v2\/users\/1"}],"replies":[{"embeddable":true,"href":"https:\/\/www.aguarda.es\/en\/wp-json\/wp\/v2\/comments?post=2262"}],"version-history":[{"count":0,"href":"https:\/\/www.aguarda.es\/en\/wp-json\/wp\/v2\/posts\/2262\/revisions"}],"wp:featuredmedia":[{"embeddable":true,"href":"https:\/\/www.aguarda.es\/en\/wp-json\/wp\/v2\/media\/2261"}],"wp:attachment":[{"href":"https:\/\/www.aguarda.es\/en\/wp-json\/wp\/v2\/media?parent=2262"}],"wp:term":[{"taxonomy":"category","embeddable":true,"href":"https:\/\/www.aguarda.es\/en\/wp-json\/wp\/v2\/categories?post=2262"},{"taxonomy":"post_tag","embeddable":true,"href":"https:\/\/www.aguarda.es\/en\/wp-json\/wp\/v2\/tags?post=2262"}],"curies":[{"name":"wp","href":"https:\/\/api.w.org\/{rel}","templated":true}]}}