{"id":22686,"date":"2020-11-04T18:10:51","date_gmt":"2020-11-04T18:10:51","guid":{"rendered":"https:\/\/www.aguarda.es\/?p=22686"},"modified":"2020-11-04T18:10:51","modified_gmt":"2020-11-04T18:10:51","slug":"plan-de-compostaxe-do-concello-da-guarda","status":"publish","type":"post","link":"https:\/\/www.aguarda.es\/en\/plan-de-compostaxe-do-concello-da-guarda\/","title":{"rendered":"Plan de Compostaxe do Concello da Guarda"},"content":{"rendered":"<p>A recente actualizaci\u00f3n da lexislaci\u00f3n en materia de residuos tanto a nivel europeo como estatal establece normas espec\u00edficas acerca da xesti\u00f3n de biorresiduos, termo que fai referencia aos residuos biodegradables de parques e xard\u00edns, residuos alimentarios e de coci\u00f1a e residuos comparables procedentes de plantas de transformaci\u00f3n de alimentos.<br \/>\nAlg\u00fans dos requisitos que se establecen respecto desta fracci\u00f3n son:<br \/>\n\u2022 Separaci\u00f3n en orixe de biorresiduos a m\u00e1is tardar o 31 de decembro de 2021 en municipios de m\u00e1is de 5.000 habitantes.<br \/>\n\u2022 Implantaci\u00f3n de medidas que incentiven a compostaxe dom\u00e9stica e comunitaria.<br \/>\n\u2022 No caso dos biorresiduos comerciais e industriais os produtores de estos biorresiduos deber\u00e1n separalos en orixe sen que se produza a mestura con outros residuos para o seu correcto reciclado:<br \/>\n\u25e6 Antes do 31 de decembro de 2021 se xeran m\u00e1is de 50 toneladas\/ano<br \/>\n\u25e6 Antes do 31 de decembro de 2022 se xeran m\u00e1is de 25 toneladas\/ano.<br \/>\n\u25e6 Antes de 31 de decembro de 2023 o resto.<br \/>\n\u2022 O obxectivo para 2025 da cantidade de residuos dom\u00e9sticos e comerciais destinados \u00e1 preparaci\u00f3n para a reutilizaci\u00f3n e o reciclado para as fracci\u00f3ns de papel, metais, vidro, pl\u00e1stico, biorresiduos ou outras fracci\u00f3ns reciclables deber\u00e1 alcanzar, en conxunto, como m\u00ednimo o 55% en peso.<br \/>\nPor todo isto, o Concello da Guarda vai por en marcha un Plan de Compostaxe gracias \u00e1s axudas en materia de residuos de competencia municipal, cofinanciadas polo Fondo Europeo de Desenvolvemento Rexional con cargo ao programa operativo Feder Galicia 2014-2020 durante os anos 2020 e 2021.<br \/>\nAo abeiro destas axudas, a Conceller\u00eda de Medio Ambiente realizar\u00e1, en canto a situaci\u00f3n o permita, varias charlas informativas que ter\u00e1n lugar nas diferentes parroquias do municipio co obxectivo de dar a co\u00f1ecer o proxecto e formar e resolver d\u00fabidas sobre compostaxe.<br \/>\nAdemais, o pr\u00f3ximo ano 2021 est\u00e1 previsto o reparto de 250 composteiros dom\u00e9sticos e a creaci\u00f3n dun punto verde para o acopio de restos vexetais.<\/p>\n","protected":false},"excerpt":{"rendered":"<p>A recente actualizaci\u00f3n da lexislaci\u00f3n en materia de residuos tanto a nivel europeo como estatal establece normas espec\u00edficas acerca da xesti\u00f3n de biorresiduos, termo que fai referencia aos residuos biodegradables de parques e xard\u00edns, residuos alimentarios e de coci\u00f1a e &hellip; <\/p>\n","protected":false},"author":2,"featured_media":22687,"comment_status":"open","ping_status":"open","sticky":false,"template":"","format":"standard","meta":[],"categories":[40],"tags":[226,1793,2335],"yoast_head":"<!-- This site is optimized with the Yoast SEO plugin v21.1 - https:\/\/yoast.com\/wordpress\/plugins\/seo\/ -->\n<title>Plan de Compostaxe do Concello da Guarda - Concello da Guarda<\/title>\n<meta name=\"robots\" content=\"index, follow, max-snippet:-1, max-image-preview:large, max-video-preview:-1\" \/>\n<link rel=\"canonical\" href=\"https:\/\/www.aguarda.es\/en\/plan-de-compostaxe-do-concello-da-guarda\/\" \/>\n<meta property=\"og:locale\" content=\"en_US\" \/>\n<meta property=\"og:type\" content=\"article\" \/>\n<meta property=\"og:title\" content=\"Plan de Compostaxe do Concello da Guarda - Concello da Guarda\" \/>\n<meta property=\"og:description\" content=\"A recente actualizaci\u00f3n da lexislaci\u00f3n en materia de residuos tanto a nivel europeo como estatal establece normas espec\u00edficas acerca da xesti\u00f3n de biorresiduos, termo que fai referencia aos residuos biodegradables de parques e xard\u00edns, residuos alimentarios e de coci\u00f1a e &hellip;\" \/>\n<meta property=\"og:url\" content=\"https:\/\/www.aguarda.es\/en\/plan-de-compostaxe-do-concello-da-guarda\/\" \/>\n<meta property=\"og:site_name\" content=\"Concello da Guarda\" \/>\n<meta property=\"article:publisher\" content=\"https:\/\/www.facebook.com\/ConcellodaGuarda\" \/>\n<meta property=\"article:published_time\" content=\"2020-11-04T18:10:51+00:00\" \/>\n<meta property=\"og:image\" content=\"https:\/\/www.aguarda.es\/wp-content\/uploads\/2020\/11\/Sin-t\u00edtulo-1.jpg\" \/>\n\t<meta property=\"og:image:width\" content=\"800\" \/>\n\t<meta property=\"og:image:height\" content=\"800\" \/>\n\t<meta property=\"og:image:type\" content=\"image\/jpeg\" \/>\n<meta name=\"author\" content=\"prensa\" \/>\n<meta name=\"twitter:card\" content=\"summary_large_image\" \/>\n<meta name=\"twitter:creator\" content=\"@AGuarda_es\" \/>\n<meta name=\"twitter:site\" content=\"@AGuarda_es\" \/>\n<meta name=\"twitter:label1\" content=\"Written by\" \/>\n\t<meta name=\"twitter:data1\" content=\"prensa\" \/>\n\t<meta name=\"twitter:label2\" content=\"Est. reading time\" \/>\n\t<meta name=\"twitter:data2\" content=\"2 minutes\" \/>\n<script type=\"application\/ld+json\" class=\"yoast-schema-graph\">{\"@context\":\"https:\/\/schema.org\",\"@graph\":[{\"@type\":\"WebPage\",\"@id\":\"https:\/\/www.aguarda.es\/en\/plan-de-compostaxe-do-concello-da-guarda\/\",\"url\":\"https:\/\/www.aguarda.es\/en\/plan-de-compostaxe-do-concello-da-guarda\/\",\"name\":\"Plan de Compostaxe do Concello da Guarda - Concello da Guarda\",\"isPartOf\":{\"@id\":\"https:\/\/www.aguarda.es\/en\/#website\"},\"datePublished\":\"2020-11-04T18:10:51+00:00\",\"dateModified\":\"2020-11-04T18:10:51+00:00\",\"author\":{\"@id\":\"https:\/\/www.aguarda.es\/en\/#\/schema\/person\/c463ca3006858ffb349d11179d044f21\"},\"breadcrumb\":{\"@id\":\"https:\/\/www.aguarda.es\/en\/plan-de-compostaxe-do-concello-da-guarda\/#breadcrumb\"},\"inLanguage\":\"en-US\",\"potentialAction\":[{\"@type\":\"ReadAction\",\"target\":[\"https:\/\/www.aguarda.es\/en\/plan-de-compostaxe-do-concello-da-guarda\/\"]}]},{\"@type\":\"BreadcrumbList\",\"@id\":\"https:\/\/www.aguarda.es\/en\/plan-de-compostaxe-do-concello-da-guarda\/#breadcrumb\",\"itemListElement\":[{\"@type\":\"ListItem\",\"position\":1,\"name\":\"Portada\",\"item\":\"https:\/\/www.aguarda.es\/en\/\"},{\"@type\":\"ListItem\",\"position\":2,\"name\":\"Plan de Compostaxe do Concello da Guarda\"}]},{\"@type\":\"WebSite\",\"@id\":\"https:\/\/www.aguarda.es\/en\/#website\",\"url\":\"https:\/\/www.aguarda.es\/en\/\",\"name\":\"Concello da Guarda\",\"description\":\"P\u00e1xina web do concello da Guarda\",\"potentialAction\":[{\"@type\":\"SearchAction\",\"target\":{\"@type\":\"EntryPoint\",\"urlTemplate\":\"https:\/\/www.aguarda.es\/en\/?s={search_term_string}\"},\"query-input\":\"required name=search_term_string\"}],\"inLanguage\":\"en-US\"},{\"@type\":\"Person\",\"@id\":\"https:\/\/www.aguarda.es\/en\/#\/schema\/person\/c463ca3006858ffb349d11179d044f21\",\"name\":\"prensa\",\"image\":{\"@type\":\"ImageObject\",\"inLanguage\":\"en-US\",\"@id\":\"https:\/\/www.aguarda.es\/en\/#\/schema\/person\/image\/\",\"url\":\"https:\/\/secure.gravatar.com\/avatar\/5f90ef536b0f98306edf5c7a1135ffa1?s=96&d=mm&r=g\",\"contentUrl\":\"https:\/\/secure.gravatar.com\/avatar\/5f90ef536b0f98306edf5c7a1135ffa1?s=96&d=mm&r=g\",\"caption\":\"prensa\"},\"url\":\"https:\/\/www.aguarda.es\/en\/author\/prensa\/\"}]}<\/script>\n<!-- \/ Yoast SEO plugin. -->","yoast_head_json":{"title":"Plan de Compostaxe do Concello da Guarda - Concello da Guarda","robots":{"index":"index","follow":"follow","max-snippet":"max-snippet:-1","max-image-preview":"max-image-preview:large","max-video-preview":"max-video-preview:-1"},"canonical":"https:\/\/www.aguarda.es\/en\/plan-de-compostaxe-do-concello-da-guarda\/","og_locale":"en_US","og_type":"article","og_title":"Plan de Compostaxe do Concello da Guarda - Concello da Guarda","og_description":"A recente actualizaci\u00f3n da lexislaci\u00f3n en materia de residuos tanto a nivel europeo como estatal establece normas espec\u00edficas acerca da xesti\u00f3n de biorresiduos, termo que fai referencia aos residuos biodegradables de parques e xard\u00edns, residuos alimentarios e de coci\u00f1a e &hellip;","og_url":"https:\/\/www.aguarda.es\/en\/plan-de-compostaxe-do-concello-da-guarda\/","og_site_name":"Concello da Guarda","article_publisher":"https:\/\/www.facebook.com\/ConcellodaGuarda","article_published_time":"2020-11-04T18:10:51+00:00","og_image":[{"width":800,"height":800,"url":"https:\/\/www.aguarda.es\/wp-content\/uploads\/2020\/11\/Sin-t\u00edtulo-1.jpg","type":"image\/jpeg"}],"author":"prensa","twitter_card":"summary_large_image","twitter_creator":"@AGuarda_es","twitter_site":"@AGuarda_es","twitter_misc":{"Written by":"prensa","Est. reading time":"2 minutes"},"schema":{"@context":"https:\/\/schema.org","@graph":[{"@type":"WebPage","@id":"https:\/\/www.aguarda.es\/en\/plan-de-compostaxe-do-concello-da-guarda\/","url":"https:\/\/www.aguarda.es\/en\/plan-de-compostaxe-do-concello-da-guarda\/","name":"Plan de Compostaxe do Concello da Guarda - Concello da Guarda","isPartOf":{"@id":"https:\/\/www.aguarda.es\/en\/#website"},"datePublished":"2020-11-04T18:10:51+00:00","dateModified":"2020-11-04T18:10:51+00:00","author":{"@id":"https:\/\/www.aguarda.es\/en\/#\/schema\/person\/c463ca3006858ffb349d11179d044f21"},"breadcrumb":{"@id":"https:\/\/www.aguarda.es\/en\/plan-de-compostaxe-do-concello-da-guarda\/#breadcrumb"},"inLanguage":"en-US","potentialAction":[{"@type":"ReadAction","target":["https:\/\/www.aguarda.es\/en\/plan-de-compostaxe-do-concello-da-guarda\/"]}]},{"@type":"BreadcrumbList","@id":"https:\/\/www.aguarda.es\/en\/plan-de-compostaxe-do-concello-da-guarda\/#breadcrumb","itemListElement":[{"@type":"ListItem","position":1,"name":"Portada","item":"https:\/\/www.aguarda.es\/en\/"},{"@type":"ListItem","position":2,"name":"Plan de Compostaxe do Concello da Guarda"}]},{"@type":"WebSite","@id":"https:\/\/www.aguarda.es\/en\/#website","url":"https:\/\/www.aguarda.es\/en\/","name":"Concello da Guarda","description":"P\u00e1xina web do concello da Guarda","potentialAction":[{"@type":"SearchAction","target":{"@type":"EntryPoint","urlTemplate":"https:\/\/www.aguarda.es\/en\/?s={search_term_string}"},"query-input":"required name=search_term_string"}],"inLanguage":"en-US"},{"@type":"Person","@id":"https:\/\/www.aguarda.es\/en\/#\/schema\/person\/c463ca3006858ffb349d11179d044f21","name":"prensa","image":{"@type":"ImageObject","inLanguage":"en-US","@id":"https:\/\/www.aguarda.es\/en\/#\/schema\/person\/image\/","url":"https:\/\/secure.gravatar.com\/avatar\/5f90ef536b0f98306edf5c7a1135ffa1?s=96&d=mm&r=g","contentUrl":"https:\/\/secure.gravatar.com\/avatar\/5f90ef536b0f98306edf5c7a1135ffa1?s=96&d=mm&r=g","caption":"prensa"},"url":"https:\/\/www.aguarda.es\/en\/author\/prensa\/"}]}},"_links":{"self":[{"href":"https:\/\/www.aguarda.es\/en\/wp-json\/wp\/v2\/posts\/22686"}],"collection":[{"href":"https:\/\/www.aguarda.es\/en\/wp-json\/wp\/v2\/posts"}],"about":[{"href":"https:\/\/www.aguarda.es\/en\/wp-json\/wp\/v2\/types\/post"}],"author":[{"embeddable":true,"href":"https:\/\/www.aguarda.es\/en\/wp-json\/wp\/v2\/users\/2"}],"replies":[{"embeddable":true,"href":"https:\/\/www.aguarda.es\/en\/wp-json\/wp\/v2\/comments?post=22686"}],"version-history":[{"count":1,"href":"https:\/\/www.aguarda.es\/en\/wp-json\/wp\/v2\/posts\/22686\/revisions"}],"predecessor-version":[{"id":22689,"href":"https:\/\/www.aguarda.es\/en\/wp-json\/wp\/v2\/posts\/22686\/revisions\/22689"}],"wp:featuredmedia":[{"embeddable":true,"href":"https:\/\/www.aguarda.es\/en\/wp-json\/wp\/v2\/media\/22687"}],"wp:attachment":[{"href":"https:\/\/www.aguarda.es\/en\/wp-json\/wp\/v2\/media?parent=22686"}],"wp:term":[{"taxonomy":"category","embeddable":true,"href":"https:\/\/www.aguarda.es\/en\/wp-json\/wp\/v2\/categories?post=22686"},{"taxonomy":"post_tag","embeddable":true,"href":"https:\/\/www.aguarda.es\/en\/wp-json\/wp\/v2\/tags?post=22686"}],"curies":[{"name":"wp","href":"https:\/\/api.w.org\/{rel}","templated":true}]}}