{"id":22697,"date":"2020-11-05T14:15:44","date_gmt":"2020-11-05T14:15:44","guid":{"rendered":"https:\/\/www.aguarda.es\/?p=22697"},"modified":"2020-11-05T14:15:44","modified_gmt":"2020-11-05T14:15:44","slug":"a-guarda-reune-a-comision-de-seguimento-da-covid-19-diante-da-complicada-situacion-sanitaria-na-localidade","status":"publish","type":"post","link":"https:\/\/www.aguarda.es\/en\/a-guarda-reune-a-comision-de-seguimento-da-covid-19-diante-da-complicada-situacion-sanitaria-na-localidade\/","title":{"rendered":"A Guarda re\u00fane a comisi\u00f3n de seguimento da COVID-19 diante da complicada situaci\u00f3n sanitaria na localidade"},"content":{"rendered":"<p><em>O alcalde da conta aos compo\u00f1entes da comisi\u00f3n da grave situaci\u00f3n sociosanitaria debido a evoluci\u00f3n das infecci\u00f3ns nos \u00faltimos d\u00edas e trasl\u00e1dalle a necesidade de intensificar as medidas de prevenci\u00f3n<\/em><\/p>\n<p>A Guarda a 5 de novembro de 2019. Dende fai uns d\u00edas A Guarda at\u00f3pase no nivel tres de infecci\u00f3ns por COVID-19. Este \u00e9 o nivel de alerta m\u00e1ximo que contempla a Xunta de Galicia na s\u00faa valoraci\u00f3n.<\/p>\n<p>Dende que foi declarado este nivel de alerta a evoluci\u00f3n dos contaxios foi moi negativa, chegando a d\u00eda de hoxe aos 60 casos. Esta \u00e9 unha situaci\u00f3n moi preocupante para os responsables municipais que ven como d\u00eda a d\u00eda aumentan os contaxios de forma descontrolada.<\/p>\n<p>A comisi\u00f3n de seguimento revisou os protocolos do servizo de axuda no fogar e reactivou o servizo de axuda a familias confinadas. As\u00ed mesmo a comisi\u00f3n conclu\u00edu que \u00e9 impresdincible que toda a cidadan\u00eda, organizaci\u00f3ns e empresas, sigan celosamente a normativa do Goberno da Naci\u00f3n, da Xunta de Galicia, e as recomendaci\u00f3ns do concello respecto das medidas restritivas de prevenci\u00f3n da pandemia, para poder reverter esta situaci\u00f3n de incremento dos contaxios.<\/p>\n<p>\u00c9 necesario que se sigan as recomendaci\u00f3ns das autoridades sanitarias. Se unha persoa ten s\u00edntomas de COVID-19 (tose, febre, diminuci\u00f3n do gusto e cheiro, estremecementos\u2026) ou ten contacto estreito cun caso positivo, debe quedar na casa e contactar cos servizos de sa\u00fade chamando ao tel\u00e9fono 900400116<\/p>\n<p>\u00c9 imprescindible que toda a poboaci\u00f3n extreme as medidas de seguridade individual, sobre todo o uso da m\u00e1scara, distancia interpersoal e hixiene de mans. Tam\u00e9n debe respectarse a normativa respecto da limitaci\u00f3n dos contactos sociais a xuntanzas de 6 persoas non conviventes como m\u00e1ximo.<\/p>\n","protected":false},"excerpt":{"rendered":"<p>O alcalde da conta aos compo\u00f1entes da comisi\u00f3n da grave situaci\u00f3n sociosanitaria debido a evoluci\u00f3n das infecci\u00f3ns nos \u00faltimos d\u00edas e trasl\u00e1dalle a necesidade de intensificar as medidas de prevenci\u00f3n A Guarda a 5 de novembro de 2019. Dende fai &hellip; <\/p>\n","protected":false},"author":2,"featured_media":22698,"comment_status":"open","ping_status":"open","sticky":false,"template":"","format":"standard","meta":[],"categories":[33],"tags":[226,2336,2298,2099,2105],"yoast_head":"<!-- This site is optimized with the Yoast SEO plugin v21.1 - https:\/\/yoast.com\/wordpress\/plugins\/seo\/ -->\n<title>A Guarda re\u00fane a comisi\u00f3n de seguimento da COVID-19 diante da complicada situaci\u00f3n sanitaria na localidade - Concello da Guarda<\/title>\n<meta name=\"robots\" content=\"index, follow, max-snippet:-1, max-image-preview:large, max-video-preview:-1\" \/>\n<link rel=\"canonical\" href=\"https:\/\/www.aguarda.es\/en\/a-guarda-reune-a-comision-de-seguimento-da-covid-19-diante-da-complicada-situacion-sanitaria-na-localidade\/\" \/>\n<meta property=\"og:locale\" content=\"en_US\" \/>\n<meta property=\"og:type\" content=\"article\" \/>\n<meta property=\"og:title\" content=\"A Guarda re\u00fane a comisi\u00f3n de seguimento da COVID-19 diante da complicada situaci\u00f3n sanitaria na localidade - Concello da Guarda\" \/>\n<meta property=\"og:description\" content=\"O alcalde da conta aos compo\u00f1entes da comisi\u00f3n da grave situaci\u00f3n sociosanitaria debido a evoluci\u00f3n das infecci\u00f3ns nos \u00faltimos d\u00edas e trasl\u00e1dalle a necesidade de intensificar as medidas de prevenci\u00f3n A Guarda a 5 de novembro de 2019. Dende fai &hellip;\" \/>\n<meta property=\"og:url\" content=\"https:\/\/www.aguarda.es\/en\/a-guarda-reune-a-comision-de-seguimento-da-covid-19-diante-da-complicada-situacion-sanitaria-na-localidade\/\" \/>\n<meta property=\"og:site_name\" content=\"Concello da Guarda\" \/>\n<meta property=\"article:publisher\" content=\"https:\/\/www.facebook.com\/ConcellodaGuarda\" \/>\n<meta property=\"article:published_time\" content=\"2020-11-05T14:15:44+00:00\" \/>\n<meta property=\"og:image\" content=\"https:\/\/www.aguarda.es\/wp-content\/uploads\/2020\/11\/IMG_4296.jpg\" \/>\n\t<meta property=\"og:image:width\" content=\"800\" \/>\n\t<meta property=\"og:image:height\" content=\"533\" \/>\n\t<meta property=\"og:image:type\" content=\"image\/jpeg\" \/>\n<meta name=\"author\" content=\"prensa\" \/>\n<meta name=\"twitter:card\" content=\"summary_large_image\" \/>\n<meta name=\"twitter:creator\" content=\"@AGuarda_es\" \/>\n<meta name=\"twitter:site\" content=\"@AGuarda_es\" \/>\n<meta name=\"twitter:label1\" content=\"Written by\" \/>\n\t<meta name=\"twitter:data1\" content=\"prensa\" \/>\n\t<meta name=\"twitter:label2\" content=\"Est. reading time\" \/>\n\t<meta name=\"twitter:data2\" content=\"2 minutes\" \/>\n<script type=\"application\/ld+json\" class=\"yoast-schema-graph\">{\"@context\":\"https:\/\/schema.org\",\"@graph\":[{\"@type\":\"WebPage\",\"@id\":\"https:\/\/www.aguarda.es\/en\/a-guarda-reune-a-comision-de-seguimento-da-covid-19-diante-da-complicada-situacion-sanitaria-na-localidade\/\",\"url\":\"https:\/\/www.aguarda.es\/en\/a-guarda-reune-a-comision-de-seguimento-da-covid-19-diante-da-complicada-situacion-sanitaria-na-localidade\/\",\"name\":\"A Guarda re\u00fane a comisi\u00f3n de seguimento da COVID-19 diante da complicada situaci\u00f3n sanitaria na localidade - Concello da Guarda\",\"isPartOf\":{\"@id\":\"https:\/\/www.aguarda.es\/en\/#website\"},\"datePublished\":\"2020-11-05T14:15:44+00:00\",\"dateModified\":\"2020-11-05T14:15:44+00:00\",\"author\":{\"@id\":\"https:\/\/www.aguarda.es\/en\/#\/schema\/person\/c463ca3006858ffb349d11179d044f21\"},\"breadcrumb\":{\"@id\":\"https:\/\/www.aguarda.es\/en\/a-guarda-reune-a-comision-de-seguimento-da-covid-19-diante-da-complicada-situacion-sanitaria-na-localidade\/#breadcrumb\"},\"inLanguage\":\"en-US\",\"potentialAction\":[{\"@type\":\"ReadAction\",\"target\":[\"https:\/\/www.aguarda.es\/en\/a-guarda-reune-a-comision-de-seguimento-da-covid-19-diante-da-complicada-situacion-sanitaria-na-localidade\/\"]}]},{\"@type\":\"BreadcrumbList\",\"@id\":\"https:\/\/www.aguarda.es\/en\/a-guarda-reune-a-comision-de-seguimento-da-covid-19-diante-da-complicada-situacion-sanitaria-na-localidade\/#breadcrumb\",\"itemListElement\":[{\"@type\":\"ListItem\",\"position\":1,\"name\":\"Portada\",\"item\":\"https:\/\/www.aguarda.es\/en\/\"},{\"@type\":\"ListItem\",\"position\":2,\"name\":\"A Guarda re\u00fane a comisi\u00f3n de seguimento da COVID-19 diante da complicada situaci\u00f3n sanitaria na localidade\"}]},{\"@type\":\"WebSite\",\"@id\":\"https:\/\/www.aguarda.es\/en\/#website\",\"url\":\"https:\/\/www.aguarda.es\/en\/\",\"name\":\"Concello da Guarda\",\"description\":\"P\u00e1xina web do concello da Guarda\",\"potentialAction\":[{\"@type\":\"SearchAction\",\"target\":{\"@type\":\"EntryPoint\",\"urlTemplate\":\"https:\/\/www.aguarda.es\/en\/?s={search_term_string}\"},\"query-input\":\"required name=search_term_string\"}],\"inLanguage\":\"en-US\"},{\"@type\":\"Person\",\"@id\":\"https:\/\/www.aguarda.es\/en\/#\/schema\/person\/c463ca3006858ffb349d11179d044f21\",\"name\":\"prensa\",\"image\":{\"@type\":\"ImageObject\",\"inLanguage\":\"en-US\",\"@id\":\"https:\/\/www.aguarda.es\/en\/#\/schema\/person\/image\/\",\"url\":\"https:\/\/secure.gravatar.com\/avatar\/5f90ef536b0f98306edf5c7a1135ffa1?s=96&d=mm&r=g\",\"contentUrl\":\"https:\/\/secure.gravatar.com\/avatar\/5f90ef536b0f98306edf5c7a1135ffa1?s=96&d=mm&r=g\",\"caption\":\"prensa\"},\"url\":\"https:\/\/www.aguarda.es\/en\/author\/prensa\/\"}]}<\/script>\n<!-- \/ Yoast SEO plugin. -->","yoast_head_json":{"title":"A Guarda re\u00fane a comisi\u00f3n de seguimento da COVID-19 diante da complicada situaci\u00f3n sanitaria na localidade - Concello da Guarda","robots":{"index":"index","follow":"follow","max-snippet":"max-snippet:-1","max-image-preview":"max-image-preview:large","max-video-preview":"max-video-preview:-1"},"canonical":"https:\/\/www.aguarda.es\/en\/a-guarda-reune-a-comision-de-seguimento-da-covid-19-diante-da-complicada-situacion-sanitaria-na-localidade\/","og_locale":"en_US","og_type":"article","og_title":"A Guarda re\u00fane a comisi\u00f3n de seguimento da COVID-19 diante da complicada situaci\u00f3n sanitaria na localidade - Concello da Guarda","og_description":"O alcalde da conta aos compo\u00f1entes da comisi\u00f3n da grave situaci\u00f3n sociosanitaria debido a evoluci\u00f3n das infecci\u00f3ns nos \u00faltimos d\u00edas e trasl\u00e1dalle a necesidade de intensificar as medidas de prevenci\u00f3n A Guarda a 5 de novembro de 2019. Dende fai &hellip;","og_url":"https:\/\/www.aguarda.es\/en\/a-guarda-reune-a-comision-de-seguimento-da-covid-19-diante-da-complicada-situacion-sanitaria-na-localidade\/","og_site_name":"Concello da Guarda","article_publisher":"https:\/\/www.facebook.com\/ConcellodaGuarda","article_published_time":"2020-11-05T14:15:44+00:00","og_image":[{"width":800,"height":533,"url":"https:\/\/www.aguarda.es\/wp-content\/uploads\/2020\/11\/IMG_4296.jpg","type":"image\/jpeg"}],"author":"prensa","twitter_card":"summary_large_image","twitter_creator":"@AGuarda_es","twitter_site":"@AGuarda_es","twitter_misc":{"Written by":"prensa","Est. reading time":"2 minutes"},"schema":{"@context":"https:\/\/schema.org","@graph":[{"@type":"WebPage","@id":"https:\/\/www.aguarda.es\/en\/a-guarda-reune-a-comision-de-seguimento-da-covid-19-diante-da-complicada-situacion-sanitaria-na-localidade\/","url":"https:\/\/www.aguarda.es\/en\/a-guarda-reune-a-comision-de-seguimento-da-covid-19-diante-da-complicada-situacion-sanitaria-na-localidade\/","name":"A Guarda re\u00fane a comisi\u00f3n de seguimento da COVID-19 diante da complicada situaci\u00f3n sanitaria na localidade - Concello da Guarda","isPartOf":{"@id":"https:\/\/www.aguarda.es\/en\/#website"},"datePublished":"2020-11-05T14:15:44+00:00","dateModified":"2020-11-05T14:15:44+00:00","author":{"@id":"https:\/\/www.aguarda.es\/en\/#\/schema\/person\/c463ca3006858ffb349d11179d044f21"},"breadcrumb":{"@id":"https:\/\/www.aguarda.es\/en\/a-guarda-reune-a-comision-de-seguimento-da-covid-19-diante-da-complicada-situacion-sanitaria-na-localidade\/#breadcrumb"},"inLanguage":"en-US","potentialAction":[{"@type":"ReadAction","target":["https:\/\/www.aguarda.es\/en\/a-guarda-reune-a-comision-de-seguimento-da-covid-19-diante-da-complicada-situacion-sanitaria-na-localidade\/"]}]},{"@type":"BreadcrumbList","@id":"https:\/\/www.aguarda.es\/en\/a-guarda-reune-a-comision-de-seguimento-da-covid-19-diante-da-complicada-situacion-sanitaria-na-localidade\/#breadcrumb","itemListElement":[{"@type":"ListItem","position":1,"name":"Portada","item":"https:\/\/www.aguarda.es\/en\/"},{"@type":"ListItem","position":2,"name":"A Guarda re\u00fane a comisi\u00f3n de seguimento da COVID-19 diante da complicada situaci\u00f3n sanitaria na localidade"}]},{"@type":"WebSite","@id":"https:\/\/www.aguarda.es\/en\/#website","url":"https:\/\/www.aguarda.es\/en\/","name":"Concello da Guarda","description":"P\u00e1xina web do concello da Guarda","potentialAction":[{"@type":"SearchAction","target":{"@type":"EntryPoint","urlTemplate":"https:\/\/www.aguarda.es\/en\/?s={search_term_string}"},"query-input":"required name=search_term_string"}],"inLanguage":"en-US"},{"@type":"Person","@id":"https:\/\/www.aguarda.es\/en\/#\/schema\/person\/c463ca3006858ffb349d11179d044f21","name":"prensa","image":{"@type":"ImageObject","inLanguage":"en-US","@id":"https:\/\/www.aguarda.es\/en\/#\/schema\/person\/image\/","url":"https:\/\/secure.gravatar.com\/avatar\/5f90ef536b0f98306edf5c7a1135ffa1?s=96&d=mm&r=g","contentUrl":"https:\/\/secure.gravatar.com\/avatar\/5f90ef536b0f98306edf5c7a1135ffa1?s=96&d=mm&r=g","caption":"prensa"},"url":"https:\/\/www.aguarda.es\/en\/author\/prensa\/"}]}},"_links":{"self":[{"href":"https:\/\/www.aguarda.es\/en\/wp-json\/wp\/v2\/posts\/22697"}],"collection":[{"href":"https:\/\/www.aguarda.es\/en\/wp-json\/wp\/v2\/posts"}],"about":[{"href":"https:\/\/www.aguarda.es\/en\/wp-json\/wp\/v2\/types\/post"}],"author":[{"embeddable":true,"href":"https:\/\/www.aguarda.es\/en\/wp-json\/wp\/v2\/users\/2"}],"replies":[{"embeddable":true,"href":"https:\/\/www.aguarda.es\/en\/wp-json\/wp\/v2\/comments?post=22697"}],"version-history":[{"count":1,"href":"https:\/\/www.aguarda.es\/en\/wp-json\/wp\/v2\/posts\/22697\/revisions"}],"predecessor-version":[{"id":22700,"href":"https:\/\/www.aguarda.es\/en\/wp-json\/wp\/v2\/posts\/22697\/revisions\/22700"}],"wp:featuredmedia":[{"embeddable":true,"href":"https:\/\/www.aguarda.es\/en\/wp-json\/wp\/v2\/media\/22698"}],"wp:attachment":[{"href":"https:\/\/www.aguarda.es\/en\/wp-json\/wp\/v2\/media?parent=22697"}],"wp:term":[{"taxonomy":"category","embeddable":true,"href":"https:\/\/www.aguarda.es\/en\/wp-json\/wp\/v2\/categories?post=22697"},{"taxonomy":"post_tag","embeddable":true,"href":"https:\/\/www.aguarda.es\/en\/wp-json\/wp\/v2\/tags?post=22697"}],"curies":[{"name":"wp","href":"https:\/\/api.w.org\/{rel}","templated":true}]}}