{"id":2275,"date":"2016-10-24T10:51:34","date_gmt":"2016-10-24T10:51:34","guid":{"rendered":"https:\/\/www.aguarda.es\/?p=2275"},"modified":"2016-10-24T10:51:34","modified_gmt":"2016-10-24T10:51:34","slug":"o-deseno-de-pablo-coballes-e-anxo-sanchez-ganador-do-concurso-mascota-da-biblioteca-da-guarda","status":"publish","type":"post","link":"https:\/\/www.aguarda.es\/en\/o-deseno-de-pablo-coballes-e-anxo-sanchez-ganador-do-concurso-mascota-da-biblioteca-da-guarda\/","title":{"rendered":"O dese\u00f1o de Pablo Coballes e Anxo S\u00e1nchez, ga\u00f1ador do concurso \u201cMascota da Biblioteca\u201d da Guarda"},"content":{"rendered":"<p lang=\"gl-ES\"><span>Unha das principais novidades da campa\u00f1a \u201cVive a Biblioteca 2016\/17\u201d, para o fomento da lectura no p\u00fablico m\u00e1is xove da Guarda, foi a creaci\u00f3n do concurso \u201cMascota de Biblioteca\u201d. Entre os diversos dese\u00f1os que se presentaron durante o mes de setembro, o xurado escolleu o realizado por Pablo Coballes Garc\u00eda e Anxo S\u00e1nchez Higuero.<\/span><\/p>\n<p>  <!--more-->  <\/p>\n<p lang=\"gl-ES\"><span><span>Unha das principais novidades da campa\u00f1a \u201cVive a Biblioteca 2016\/17\u201d, para o fomento da lectura no p\u00fablico m\u00e1is xove da Guarda, foi a creaci\u00f3n do concurso \u201cMascota de Biblioteca\u201d. Entre os diversos dese\u00f1os que se presentaron durante o mes de setembro, o xurado escolleu como ga\u00f1ador o realizado por Pablo Coballes Garc\u00eda e Anxo S\u00e1nchez Higuero.<\/span><\/span><\/p>\n<p lang=\"gl-ES\"><span>\u00a0<img decoding=\"async\" loading=\"lazy\" class=\" size-full wp-image-2273\" src=\"https:\/\/www.aguarda.es\/wp-content\/uploads\/2016\/10\/2016_Heraldo.jpg\" alt=\"\" width=\"459\" height=\"483\" srcset=\"https:\/\/www.aguarda.es\/wp-content\/uploads\/2016\/10\/2016_Heraldo.jpg 593w, https:\/\/www.aguarda.es\/wp-content\/uploads\/2016\/10\/2016_Heraldo-570x600.jpg 570w, https:\/\/www.aguarda.es\/wp-content\/uploads\/2016\/10\/2016_Heraldo-285x300.jpg 285w\" sizes=\"(max-width: 459px) 100vw, 459px\" \/><\/span><\/p>\n<p lang=\"gl-ES\"><span>A decisi\u00f3n foi tomada o pasado 10 de outubro por un xurado composto por \u00c1gueda S\u00faarez Vicente, dese\u00f1adora e profesora de pintura; Teresa Espejo Guardiola, T\u00e9cnica de Cultura do Concello de A Guarda e Mar\u00eda Soledad Diz Amil, Bibliotecaria do Concello de A Guarda. O xurado tivo en conta a calidade art\u00edstica e t\u00e9cnica, as\u00ed como a adaptaci\u00f3n da composici\u00f3n \u00f3s obxectivos do concurso como criterios para elixir de entre todas as propostas presentadas a que se converter\u00e1 a partir de agora na mascota da Biblioteca da Guarda.<\/span><\/p>\n<p lang=\"gl-ES\"><span>\u00a0<\/span><\/p>\n<p lang=\"gl-ES\"><span><span><img decoding=\"async\" loading=\"lazy\" class=\" size-full wp-image-2274\" src=\"https:\/\/www.aguarda.es\/wp-content\/uploads\/2016\/10\/2016_contos%20contados%2022%20outubro.jpg\" alt=\"\" width=\"288\" height=\"407\" \/>Deste xeito, o dese\u00f1o de Pablo Coballes e Anxo S\u00e1nchez ser\u00e1 a Mascota de Biblioteca da Guarda, represent\u00e1ndoa en diferentes formatos e acompa\u00f1ando a t\u00f3dalas iniciativas que dende a Biblioteca se realicen. Heraldo, que as\u00ed se chama a mascota elixida, ser\u00e1 presentado en p\u00fablico ma\u00f1\u00e1, s\u00e1bado 22, na primeira cita dos Contos Contados. Ret\u00f3mase as\u00ed a cita mensual coa Biblioteca de 11:30 a 12:30, que se inaugura neste curso cunha data adicada \u00e1 Nosa Biblioteca, con motivo do D\u00eda das Bibliotecas que se celebra o vindeiro luns 24 de outubro. Ese d\u00eda, para conmemorar esta data, todos os que se acheguen ese luns ata a Biblioteca recibir\u00e1n un libro de agasallo.<\/span><\/span><\/p>\n<p lang=\"gl-ES\"><span>\u00a0<\/span><\/p>\n<p lang=\"gl-ES\"><span>Esta primeira data da programaci\u00f3n dos Contos Contados, que se estender\u00e1 ata o fin de curso, estar\u00e1 amenizado polo contacontos, e tam\u00e9n haber\u00e1 un obradoiro de Goma Eva, un Photocall e m\u00e1is sorpresas. As\u00ed mesmo este acto incluir\u00e1 a entrega do premio \u00e1 parella ga\u00f1adora do certame, que consiste nun lote de libros e un agasallo doado pola copister\u00eda \u201cCOPISTERIUM\u201d.<\/span><\/p>\n<p lang=\"gl-ES\"><span>\u00a0<\/span><\/p>\n<p lang=\"gl-ES\"><span>Ademais, para que todos os veci\u00f1os e veci\u00f1as da Guarda podan co\u00f1ecer a recentemente elixida Mascota da Biblioteca, farase un mural coa axuda de voluntariado xuvenil, que axudar\u00e1 \u00e1 promoci\u00f3n da Biblioteca durante todo o ano.<\/span><\/p>\n<p lang=\"gl-ES\"><span>\u00a0<\/span><\/p>\n<p lang=\"gl-ES\"><span>A Concelleira de Cultura, Elena Baz Rodr\u00edguez, quere agradecer a grande participaci\u00f3n e colaboraci\u00f3n das persoas que presentaron traballos ao certame, as\u00ed como a colaboraci\u00f3n dos centros de ensino. Todos os participantes que o desexen poden retirar os dese\u00f1os presentados no prazo dun mes.<\/span><\/p>\n","protected":false},"excerpt":{"rendered":"<p>Unha das principais novidades da campa\u00f1a \u201cVive a Biblioteca 2016\/17\u201d, para o fomento da lectura no p\u00fablico m\u00e1is xove da Guarda, foi a creaci\u00f3n do concurso \u201cMascota de Biblioteca\u201d. Entre os diversos dese\u00f1os que se presentaron durante o mes de &hellip; <\/p>\n","protected":false},"author":1,"featured_media":2274,"comment_status":"open","ping_status":"open","sticky":false,"template":"","format":"standard","meta":[],"categories":[34],"tags":[],"yoast_head":"<!-- This site is optimized with the Yoast SEO plugin v21.1 - https:\/\/yoast.com\/wordpress\/plugins\/seo\/ -->\n<title>O dese\u00f1o de Pablo Coballes e Anxo S\u00e1nchez, ga\u00f1ador do concurso \u201cMascota da Biblioteca\u201d da Guarda - Concello da Guarda<\/title>\n<meta name=\"robots\" content=\"index, follow, max-snippet:-1, max-image-preview:large, max-video-preview:-1\" \/>\n<link rel=\"canonical\" href=\"https:\/\/www.aguarda.es\/en\/o-deseno-de-pablo-coballes-e-anxo-sanchez-ganador-do-concurso-mascota-da-biblioteca-da-guarda\/\" \/>\n<meta property=\"og:locale\" content=\"en_US\" \/>\n<meta property=\"og:type\" content=\"article\" \/>\n<meta property=\"og:title\" content=\"O dese\u00f1o de Pablo Coballes e Anxo S\u00e1nchez, ga\u00f1ador do concurso \u201cMascota da Biblioteca\u201d da Guarda - Concello da Guarda\" \/>\n<meta property=\"og:description\" content=\"Unha das principais novidades da campa\u00f1a \u201cVive a Biblioteca 2016\/17\u201d, para o fomento da lectura no p\u00fablico m\u00e1is xove da Guarda, foi a creaci\u00f3n do concurso \u201cMascota de Biblioteca\u201d. Entre os diversos dese\u00f1os que se presentaron durante o mes de &hellip;\" \/>\n<meta property=\"og:url\" content=\"https:\/\/www.aguarda.es\/en\/o-deseno-de-pablo-coballes-e-anxo-sanchez-ganador-do-concurso-mascota-da-biblioteca-da-guarda\/\" \/>\n<meta property=\"og:site_name\" content=\"Concello da Guarda\" \/>\n<meta property=\"article:publisher\" content=\"https:\/\/www.facebook.com\/ConcellodaGuarda\" \/>\n<meta property=\"article:published_time\" content=\"2016-10-24T10:51:34+00:00\" \/>\n<meta property=\"og:image\" content=\"https:\/\/www.aguarda.es\/wp-content\/uploads\/2016\/10\/2016_contos%20contados%2022%20outubro.jpg\" \/>\n\t<meta property=\"og:image:width\" content=\"495\" \/>\n\t<meta property=\"og:image:height\" content=\"700\" \/>\n\t<meta property=\"og:image:type\" content=\"image\/jpeg\" \/>\n<meta name=\"author\" content=\"Concello\" \/>\n<meta name=\"twitter:card\" content=\"summary_large_image\" \/>\n<meta name=\"twitter:creator\" content=\"@AGuarda_es\" \/>\n<meta name=\"twitter:site\" content=\"@AGuarda_es\" \/>\n<meta name=\"twitter:label1\" content=\"Written by\" \/>\n\t<meta name=\"twitter:data1\" content=\"Concello\" \/>\n\t<meta name=\"twitter:label2\" content=\"Est. reading time\" \/>\n\t<meta name=\"twitter:data2\" content=\"2 minutes\" \/>\n<script type=\"application\/ld+json\" class=\"yoast-schema-graph\">{\"@context\":\"https:\/\/schema.org\",\"@graph\":[{\"@type\":\"WebPage\",\"@id\":\"https:\/\/www.aguarda.es\/en\/o-deseno-de-pablo-coballes-e-anxo-sanchez-ganador-do-concurso-mascota-da-biblioteca-da-guarda\/\",\"url\":\"https:\/\/www.aguarda.es\/en\/o-deseno-de-pablo-coballes-e-anxo-sanchez-ganador-do-concurso-mascota-da-biblioteca-da-guarda\/\",\"name\":\"O dese\u00f1o de Pablo Coballes e Anxo S\u00e1nchez, ga\u00f1ador do concurso \u201cMascota da Biblioteca\u201d da Guarda - Concello da Guarda\",\"isPartOf\":{\"@id\":\"https:\/\/www.aguarda.es\/en\/#website\"},\"datePublished\":\"2016-10-24T10:51:34+00:00\",\"dateModified\":\"2016-10-24T10:51:34+00:00\",\"author\":{\"@id\":\"https:\/\/www.aguarda.es\/en\/#\/schema\/person\/ac30f4d74843174f0af56c730f74dd57\"},\"breadcrumb\":{\"@id\":\"https:\/\/www.aguarda.es\/en\/o-deseno-de-pablo-coballes-e-anxo-sanchez-ganador-do-concurso-mascota-da-biblioteca-da-guarda\/#breadcrumb\"},\"inLanguage\":\"en-US\",\"potentialAction\":[{\"@type\":\"ReadAction\",\"target\":[\"https:\/\/www.aguarda.es\/en\/o-deseno-de-pablo-coballes-e-anxo-sanchez-ganador-do-concurso-mascota-da-biblioteca-da-guarda\/\"]}]},{\"@type\":\"BreadcrumbList\",\"@id\":\"https:\/\/www.aguarda.es\/en\/o-deseno-de-pablo-coballes-e-anxo-sanchez-ganador-do-concurso-mascota-da-biblioteca-da-guarda\/#breadcrumb\",\"itemListElement\":[{\"@type\":\"ListItem\",\"position\":1,\"name\":\"Portada\",\"item\":\"https:\/\/www.aguarda.es\/en\/\"},{\"@type\":\"ListItem\",\"position\":2,\"name\":\"O dese\u00f1o de Pablo Coballes e Anxo S\u00e1nchez, ga\u00f1ador do concurso \u201cMascota da Biblioteca\u201d da Guarda\"}]},{\"@type\":\"WebSite\",\"@id\":\"https:\/\/www.aguarda.es\/en\/#website\",\"url\":\"https:\/\/www.aguarda.es\/en\/\",\"name\":\"Concello da Guarda\",\"description\":\"P\u00e1xina web do concello da Guarda\",\"potentialAction\":[{\"@type\":\"SearchAction\",\"target\":{\"@type\":\"EntryPoint\",\"urlTemplate\":\"https:\/\/www.aguarda.es\/en\/?s={search_term_string}\"},\"query-input\":\"required name=search_term_string\"}],\"inLanguage\":\"en-US\"},{\"@type\":\"Person\",\"@id\":\"https:\/\/www.aguarda.es\/en\/#\/schema\/person\/ac30f4d74843174f0af56c730f74dd57\",\"name\":\"Concello\",\"image\":{\"@type\":\"ImageObject\",\"inLanguage\":\"en-US\",\"@id\":\"https:\/\/www.aguarda.es\/en\/#\/schema\/person\/image\/\",\"url\":\"https:\/\/secure.gravatar.com\/avatar\/7eda12a04da40b2ef77eb62e68f07027?s=96&d=mm&r=g\",\"contentUrl\":\"https:\/\/secure.gravatar.com\/avatar\/7eda12a04da40b2ef77eb62e68f07027?s=96&d=mm&r=g\",\"caption\":\"Concello\"},\"url\":\"https:\/\/www.aguarda.es\/en\/author\/admin\/\"}]}<\/script>\n<!-- \/ Yoast SEO plugin. -->","yoast_head_json":{"title":"O dese\u00f1o de Pablo Coballes e Anxo S\u00e1nchez, ga\u00f1ador do concurso \u201cMascota da Biblioteca\u201d da Guarda - Concello da Guarda","robots":{"index":"index","follow":"follow","max-snippet":"max-snippet:-1","max-image-preview":"max-image-preview:large","max-video-preview":"max-video-preview:-1"},"canonical":"https:\/\/www.aguarda.es\/en\/o-deseno-de-pablo-coballes-e-anxo-sanchez-ganador-do-concurso-mascota-da-biblioteca-da-guarda\/","og_locale":"en_US","og_type":"article","og_title":"O dese\u00f1o de Pablo Coballes e Anxo S\u00e1nchez, ga\u00f1ador do concurso \u201cMascota da Biblioteca\u201d da Guarda - Concello da Guarda","og_description":"Unha das principais novidades da campa\u00f1a \u201cVive a Biblioteca 2016\/17\u201d, para o fomento da lectura no p\u00fablico m\u00e1is xove da Guarda, foi a creaci\u00f3n do concurso \u201cMascota de Biblioteca\u201d. Entre os diversos dese\u00f1os que se presentaron durante o mes de &hellip;","og_url":"https:\/\/www.aguarda.es\/en\/o-deseno-de-pablo-coballes-e-anxo-sanchez-ganador-do-concurso-mascota-da-biblioteca-da-guarda\/","og_site_name":"Concello da Guarda","article_publisher":"https:\/\/www.facebook.com\/ConcellodaGuarda","article_published_time":"2016-10-24T10:51:34+00:00","og_image":[{"width":495,"height":700,"url":"https:\/\/www.aguarda.es\/wp-content\/uploads\/2016\/10\/2016_contos contados 22 outubro.jpg","type":"image\/jpeg"}],"author":"Concello","twitter_card":"summary_large_image","twitter_creator":"@AGuarda_es","twitter_site":"@AGuarda_es","twitter_misc":{"Written by":"Concello","Est. reading time":"2 minutes"},"schema":{"@context":"https:\/\/schema.org","@graph":[{"@type":"WebPage","@id":"https:\/\/www.aguarda.es\/en\/o-deseno-de-pablo-coballes-e-anxo-sanchez-ganador-do-concurso-mascota-da-biblioteca-da-guarda\/","url":"https:\/\/www.aguarda.es\/en\/o-deseno-de-pablo-coballes-e-anxo-sanchez-ganador-do-concurso-mascota-da-biblioteca-da-guarda\/","name":"O dese\u00f1o de Pablo Coballes e Anxo S\u00e1nchez, ga\u00f1ador do concurso \u201cMascota da Biblioteca\u201d da Guarda - Concello da Guarda","isPartOf":{"@id":"https:\/\/www.aguarda.es\/en\/#website"},"datePublished":"2016-10-24T10:51:34+00:00","dateModified":"2016-10-24T10:51:34+00:00","author":{"@id":"https:\/\/www.aguarda.es\/en\/#\/schema\/person\/ac30f4d74843174f0af56c730f74dd57"},"breadcrumb":{"@id":"https:\/\/www.aguarda.es\/en\/o-deseno-de-pablo-coballes-e-anxo-sanchez-ganador-do-concurso-mascota-da-biblioteca-da-guarda\/#breadcrumb"},"inLanguage":"en-US","potentialAction":[{"@type":"ReadAction","target":["https:\/\/www.aguarda.es\/en\/o-deseno-de-pablo-coballes-e-anxo-sanchez-ganador-do-concurso-mascota-da-biblioteca-da-guarda\/"]}]},{"@type":"BreadcrumbList","@id":"https:\/\/www.aguarda.es\/en\/o-deseno-de-pablo-coballes-e-anxo-sanchez-ganador-do-concurso-mascota-da-biblioteca-da-guarda\/#breadcrumb","itemListElement":[{"@type":"ListItem","position":1,"name":"Portada","item":"https:\/\/www.aguarda.es\/en\/"},{"@type":"ListItem","position":2,"name":"O dese\u00f1o de Pablo Coballes e Anxo S\u00e1nchez, ga\u00f1ador do concurso \u201cMascota da Biblioteca\u201d da Guarda"}]},{"@type":"WebSite","@id":"https:\/\/www.aguarda.es\/en\/#website","url":"https:\/\/www.aguarda.es\/en\/","name":"Concello da Guarda","description":"P\u00e1xina web do concello da Guarda","potentialAction":[{"@type":"SearchAction","target":{"@type":"EntryPoint","urlTemplate":"https:\/\/www.aguarda.es\/en\/?s={search_term_string}"},"query-input":"required name=search_term_string"}],"inLanguage":"en-US"},{"@type":"Person","@id":"https:\/\/www.aguarda.es\/en\/#\/schema\/person\/ac30f4d74843174f0af56c730f74dd57","name":"Concello","image":{"@type":"ImageObject","inLanguage":"en-US","@id":"https:\/\/www.aguarda.es\/en\/#\/schema\/person\/image\/","url":"https:\/\/secure.gravatar.com\/avatar\/7eda12a04da40b2ef77eb62e68f07027?s=96&d=mm&r=g","contentUrl":"https:\/\/secure.gravatar.com\/avatar\/7eda12a04da40b2ef77eb62e68f07027?s=96&d=mm&r=g","caption":"Concello"},"url":"https:\/\/www.aguarda.es\/en\/author\/admin\/"}]}},"_links":{"self":[{"href":"https:\/\/www.aguarda.es\/en\/wp-json\/wp\/v2\/posts\/2275"}],"collection":[{"href":"https:\/\/www.aguarda.es\/en\/wp-json\/wp\/v2\/posts"}],"about":[{"href":"https:\/\/www.aguarda.es\/en\/wp-json\/wp\/v2\/types\/post"}],"author":[{"embeddable":true,"href":"https:\/\/www.aguarda.es\/en\/wp-json\/wp\/v2\/users\/1"}],"replies":[{"embeddable":true,"href":"https:\/\/www.aguarda.es\/en\/wp-json\/wp\/v2\/comments?post=2275"}],"version-history":[{"count":0,"href":"https:\/\/www.aguarda.es\/en\/wp-json\/wp\/v2\/posts\/2275\/revisions"}],"wp:featuredmedia":[{"embeddable":true,"href":"https:\/\/www.aguarda.es\/en\/wp-json\/wp\/v2\/media\/2274"}],"wp:attachment":[{"href":"https:\/\/www.aguarda.es\/en\/wp-json\/wp\/v2\/media?parent=2275"}],"wp:term":[{"taxonomy":"category","embeddable":true,"href":"https:\/\/www.aguarda.es\/en\/wp-json\/wp\/v2\/categories?post=2275"},{"taxonomy":"post_tag","embeddable":true,"href":"https:\/\/www.aguarda.es\/en\/wp-json\/wp\/v2\/tags?post=2275"}],"curies":[{"name":"wp","href":"https:\/\/api.w.org\/{rel}","templated":true}]}}