{"id":22780,"date":"2020-11-17T10:30:09","date_gmt":"2020-11-17T10:30:09","guid":{"rendered":"https:\/\/www.aguarda.es\/?p=22780"},"modified":"2020-11-17T10:30:09","modified_gmt":"2020-11-17T10:30:09","slug":"a-guarda-conmemora-o-25n-coa-exposicion-sempre-vivas","status":"publish","type":"post","link":"https:\/\/www.aguarda.es\/en\/a-guarda-conmemora-o-25n-coa-exposicion-sempre-vivas\/","title":{"rendered":"A Guarda conmemora o 25N coa exposici\u00f3n \u201cSempre Vivas\u201d"},"content":{"rendered":"<p>\u2022 A Exposici\u00f3n poder\u00e1 visitarse do 25 de novembro ao 4 de decembro en horario de 9:00h a 15:00h na Casa dos Alonso.<br \/>\n\u2022 Dentro da campa\u00f1a de sensibilizaci\u00f3n En Negro contra as Violencias, repartirase material totalmente de balde na recepci\u00f3n do Concello, en horario de 8:00 a 15:00 de luns a venres.<br \/>\nO Concello da Guarda, a trav\u00e9s da Conceller\u00eda de Igualdade e o Centro de Informaci\u00f3n \u00e1 Muller, organiza a exposici\u00f3n \u201cSempre Vivas\u201d para conmemorar o 25 de novembro, D\u00eda contra a Violencia de X\u00e9nero.<br \/>\nNesta exposici\u00f3n van a participar todos os centros educativos da Guarda, a Asociaci\u00f3n Avela\u00ed\u00f1a, o Centro San Xerome e o Obradoiro de Emprego da Guarda e poder\u00e1 visitarse do 25 de novembro ao 4 de decembro en horario de 9:00h a 15:00h na Casa dos Alonso.<br \/>\nQueremos manter na nosa lembranza a todas as mulleres \u00e1s que lle despoxaron os so\u00f1os, os recordos e o seu propio alento. Todas as vidas que algu\u00e9n decidiu que non merec\u00edan continuar e apagaron pola forza.<br \/>\nO obxectivo desta exposici\u00f3n \u00e9 homenaxear \u00e1s v\u00edtimas da violencia de x\u00e9nero, para que non sexan borradas do mapa de balde. En certo xeito, queremos volver a darlle vida, enchendo as s\u00faas siluetas de cor, de mensaxes, de alento, &#8230; para que a s\u00faa lembranza permaneza en n\u00f3s e nos motive a reflexionar sobre o xeito en que nos achegamos \u00e1 lacra da violencia machista como sociedade, pondo por bandeira a sororidade e a afouteza para combater e denunciar estas situaci\u00f3ns. Queremos facer part\u00edcipes \u00e1s crianzas, porque elas son o futuro, e unha educaci\u00f3n a favor da igualdade entre todas as persoas sen distinci\u00f3n de x\u00e9nero ou condici\u00f3n \u00e9 o comezo da andaina.<\/p>\n<p>Campa\u00f1a En Negro contra as Violencias<\/p>\n<p>A Conceller\u00eda de Igualdade do Concello da Guarda, con motivo da Conmemoraci\u00f3n do D\u00eda Internacional contra a Violencia de X\u00e9nero, \u00fanese un ano m\u00e1is \u00e1 campa\u00f1a de sensibilizaci\u00f3n En Negro contra as Violencias, coa que se pretende tinguir de negro as vilas e cidades galegas.<br \/>\nDesde o Concello, ponse a disposici\u00f3n da cidadan\u00eda, establecementos comerciais e asociaci\u00f3ns, de forma totalmente gratu\u00edta, carteler\u00eda, camisetas e mochilas e xa destinado especificamente ao sector da hostalar\u00eda, pousavasos e panos para que do 17 ao 25 de novembro, poidan vestir as tendas, comercios, empresas, bares, postos do mercado, etc. de negro, as\u00ed coma os maniqu\u00eds, manteis dos restaurantes e \u00e1s\/\u00f3s propias\/os traballadoras\/es.<\/p>\n<p>Este ano como novidade repartiranse memorias USB e marcap\u00e1xinas para a comunidade educativa que vai participar na exposici\u00f3n Sempre Vivas que se inaugurar\u00e1 o propio 25 de Novembro na Casa do Concello.<\/p>\n<p>Para participar nesta campa\u00f1a este ano, dadas as circunstancias actuais, farase entrega do material na recepci\u00f3n do Concello, en horario de 8:00 a 15:00 de luns a venres. Entregarase un exemplar de cada material a todas aquelas persoas que estean interesadas totalmente de balde.<\/p>\n<p style=\"text-align: center\"><img decoding=\"async\" loading=\"lazy\" class=\"aligncenter size-full wp-image-22783\" src=\"https:\/\/www.aguarda.es\/wp-content\/uploads\/2020\/11\/NP-17112020-A-Guarda-conmemora-o-25N-coa-exposici\u00f3n-\u201cSempre-Vivas\u201d-4.jpg\" alt=\"\" width=\"800\" height=\"1073\" srcset=\"https:\/\/www.aguarda.es\/wp-content\/uploads\/2020\/11\/NP-17112020-A-Guarda-conmemora-o-25N-coa-exposici\u00f3n-\u201cSempre-Vivas\u201d-4.jpg 800w, https:\/\/www.aguarda.es\/wp-content\/uploads\/2020\/11\/NP-17112020-A-Guarda-conmemora-o-25N-coa-exposici\u00f3n-\u201cSempre-Vivas\u201d-4-224x300.jpg 224w, https:\/\/www.aguarda.es\/wp-content\/uploads\/2020\/11\/NP-17112020-A-Guarda-conmemora-o-25N-coa-exposici\u00f3n-\u201cSempre-Vivas\u201d-4-768x1030.jpg 768w, https:\/\/www.aguarda.es\/wp-content\/uploads\/2020\/11\/NP-17112020-A-Guarda-conmemora-o-25N-coa-exposici\u00f3n-\u201cSempre-Vivas\u201d-4-763x1024.jpg 763w\" sizes=\"(max-width: 800px) 100vw, 800px\" \/><\/p>\n","protected":false},"excerpt":{"rendered":"<p>\u2022 A Exposici\u00f3n poder\u00e1 visitarse do 25 de novembro ao 4 de decembro en horario de 9:00h a 15:00h na Casa dos Alonso. \u2022 Dentro da campa\u00f1a de sensibilizaci\u00f3n En Negro contra as Violencias, repartirase material totalmente de balde na &hellip; <\/p>\n","protected":false},"author":2,"featured_media":22781,"comment_status":"open","ping_status":"open","sticky":false,"template":"","format":"standard","meta":[],"categories":[37,41],"tags":[706,226,387,634,2345,666],"yoast_head":"<!-- This site is optimized with the Yoast SEO plugin v21.1 - https:\/\/yoast.com\/wordpress\/plugins\/seo\/ -->\n<title>A Guarda conmemora o 25N coa exposici\u00f3n \u201cSempre Vivas\u201d - Concello da Guarda<\/title>\n<meta name=\"robots\" content=\"index, follow, max-snippet:-1, max-image-preview:large, max-video-preview:-1\" \/>\n<link rel=\"canonical\" href=\"https:\/\/www.aguarda.es\/en\/a-guarda-conmemora-o-25n-coa-exposicion-sempre-vivas\/\" \/>\n<meta property=\"og:locale\" content=\"en_US\" \/>\n<meta property=\"og:type\" content=\"article\" \/>\n<meta property=\"og:title\" content=\"A Guarda conmemora o 25N coa exposici\u00f3n \u201cSempre Vivas\u201d - Concello da Guarda\" \/>\n<meta property=\"og:description\" content=\"\u2022 A Exposici\u00f3n poder\u00e1 visitarse do 25 de novembro ao 4 de decembro en horario de 9:00h a 15:00h na Casa dos Alonso. \u2022 Dentro da campa\u00f1a de sensibilizaci\u00f3n En Negro contra as Violencias, repartirase material totalmente de balde na &hellip;\" \/>\n<meta property=\"og:url\" content=\"https:\/\/www.aguarda.es\/en\/a-guarda-conmemora-o-25n-coa-exposicion-sempre-vivas\/\" \/>\n<meta property=\"og:site_name\" content=\"Concello da Guarda\" \/>\n<meta property=\"article:publisher\" content=\"https:\/\/www.facebook.com\/ConcellodaGuarda\" \/>\n<meta property=\"article:published_time\" content=\"2020-11-17T10:30:09+00:00\" \/>\n<meta property=\"og:image\" content=\"https:\/\/www.aguarda.es\/wp-content\/uploads\/2020\/11\/CARTEL-EXPO-SEMPRE-VIVAS.jpg\" \/>\n\t<meta property=\"og:image:width\" content=\"800\" \/>\n\t<meta property=\"og:image:height\" content=\"1019\" \/>\n\t<meta property=\"og:image:type\" content=\"image\/jpeg\" \/>\n<meta name=\"author\" content=\"prensa\" \/>\n<meta name=\"twitter:card\" content=\"summary_large_image\" \/>\n<meta name=\"twitter:creator\" content=\"@AGuarda_es\" \/>\n<meta name=\"twitter:site\" content=\"@AGuarda_es\" \/>\n<meta name=\"twitter:label1\" content=\"Written by\" \/>\n\t<meta name=\"twitter:data1\" content=\"prensa\" \/>\n\t<meta name=\"twitter:label2\" content=\"Est. reading time\" \/>\n\t<meta name=\"twitter:data2\" content=\"3 minutes\" \/>\n<script type=\"application\/ld+json\" class=\"yoast-schema-graph\">{\"@context\":\"https:\/\/schema.org\",\"@graph\":[{\"@type\":\"WebPage\",\"@id\":\"https:\/\/www.aguarda.es\/en\/a-guarda-conmemora-o-25n-coa-exposicion-sempre-vivas\/\",\"url\":\"https:\/\/www.aguarda.es\/en\/a-guarda-conmemora-o-25n-coa-exposicion-sempre-vivas\/\",\"name\":\"A Guarda conmemora o 25N coa exposici\u00f3n \u201cSempre Vivas\u201d - Concello da Guarda\",\"isPartOf\":{\"@id\":\"https:\/\/www.aguarda.es\/en\/#website\"},\"datePublished\":\"2020-11-17T10:30:09+00:00\",\"dateModified\":\"2020-11-17T10:30:09+00:00\",\"author\":{\"@id\":\"https:\/\/www.aguarda.es\/en\/#\/schema\/person\/c463ca3006858ffb349d11179d044f21\"},\"breadcrumb\":{\"@id\":\"https:\/\/www.aguarda.es\/en\/a-guarda-conmemora-o-25n-coa-exposicion-sempre-vivas\/#breadcrumb\"},\"inLanguage\":\"en-US\",\"potentialAction\":[{\"@type\":\"ReadAction\",\"target\":[\"https:\/\/www.aguarda.es\/en\/a-guarda-conmemora-o-25n-coa-exposicion-sempre-vivas\/\"]}]},{\"@type\":\"BreadcrumbList\",\"@id\":\"https:\/\/www.aguarda.es\/en\/a-guarda-conmemora-o-25n-coa-exposicion-sempre-vivas\/#breadcrumb\",\"itemListElement\":[{\"@type\":\"ListItem\",\"position\":1,\"name\":\"Portada\",\"item\":\"https:\/\/www.aguarda.es\/en\/\"},{\"@type\":\"ListItem\",\"position\":2,\"name\":\"A Guarda conmemora o 25N coa exposici\u00f3n \u201cSempre Vivas\u201d\"}]},{\"@type\":\"WebSite\",\"@id\":\"https:\/\/www.aguarda.es\/en\/#website\",\"url\":\"https:\/\/www.aguarda.es\/en\/\",\"name\":\"Concello da Guarda\",\"description\":\"P\u00e1xina web do concello da Guarda\",\"potentialAction\":[{\"@type\":\"SearchAction\",\"target\":{\"@type\":\"EntryPoint\",\"urlTemplate\":\"https:\/\/www.aguarda.es\/en\/?s={search_term_string}\"},\"query-input\":\"required name=search_term_string\"}],\"inLanguage\":\"en-US\"},{\"@type\":\"Person\",\"@id\":\"https:\/\/www.aguarda.es\/en\/#\/schema\/person\/c463ca3006858ffb349d11179d044f21\",\"name\":\"prensa\",\"image\":{\"@type\":\"ImageObject\",\"inLanguage\":\"en-US\",\"@id\":\"https:\/\/www.aguarda.es\/en\/#\/schema\/person\/image\/\",\"url\":\"https:\/\/secure.gravatar.com\/avatar\/5f90ef536b0f98306edf5c7a1135ffa1?s=96&d=mm&r=g\",\"contentUrl\":\"https:\/\/secure.gravatar.com\/avatar\/5f90ef536b0f98306edf5c7a1135ffa1?s=96&d=mm&r=g\",\"caption\":\"prensa\"},\"url\":\"https:\/\/www.aguarda.es\/en\/author\/prensa\/\"}]}<\/script>\n<!-- \/ Yoast SEO plugin. -->","yoast_head_json":{"title":"A Guarda conmemora o 25N coa exposici\u00f3n \u201cSempre Vivas\u201d - Concello da Guarda","robots":{"index":"index","follow":"follow","max-snippet":"max-snippet:-1","max-image-preview":"max-image-preview:large","max-video-preview":"max-video-preview:-1"},"canonical":"https:\/\/www.aguarda.es\/en\/a-guarda-conmemora-o-25n-coa-exposicion-sempre-vivas\/","og_locale":"en_US","og_type":"article","og_title":"A Guarda conmemora o 25N coa exposici\u00f3n \u201cSempre Vivas\u201d - Concello da Guarda","og_description":"\u2022 A Exposici\u00f3n poder\u00e1 visitarse do 25 de novembro ao 4 de decembro en horario de 9:00h a 15:00h na Casa dos Alonso. \u2022 Dentro da campa\u00f1a de sensibilizaci\u00f3n En Negro contra as Violencias, repartirase material totalmente de balde na &hellip;","og_url":"https:\/\/www.aguarda.es\/en\/a-guarda-conmemora-o-25n-coa-exposicion-sempre-vivas\/","og_site_name":"Concello da Guarda","article_publisher":"https:\/\/www.facebook.com\/ConcellodaGuarda","article_published_time":"2020-11-17T10:30:09+00:00","og_image":[{"width":800,"height":1019,"url":"https:\/\/www.aguarda.es\/wp-content\/uploads\/2020\/11\/CARTEL-EXPO-SEMPRE-VIVAS.jpg","type":"image\/jpeg"}],"author":"prensa","twitter_card":"summary_large_image","twitter_creator":"@AGuarda_es","twitter_site":"@AGuarda_es","twitter_misc":{"Written by":"prensa","Est. reading time":"3 minutes"},"schema":{"@context":"https:\/\/schema.org","@graph":[{"@type":"WebPage","@id":"https:\/\/www.aguarda.es\/en\/a-guarda-conmemora-o-25n-coa-exposicion-sempre-vivas\/","url":"https:\/\/www.aguarda.es\/en\/a-guarda-conmemora-o-25n-coa-exposicion-sempre-vivas\/","name":"A Guarda conmemora o 25N coa exposici\u00f3n \u201cSempre Vivas\u201d - Concello da Guarda","isPartOf":{"@id":"https:\/\/www.aguarda.es\/en\/#website"},"datePublished":"2020-11-17T10:30:09+00:00","dateModified":"2020-11-17T10:30:09+00:00","author":{"@id":"https:\/\/www.aguarda.es\/en\/#\/schema\/person\/c463ca3006858ffb349d11179d044f21"},"breadcrumb":{"@id":"https:\/\/www.aguarda.es\/en\/a-guarda-conmemora-o-25n-coa-exposicion-sempre-vivas\/#breadcrumb"},"inLanguage":"en-US","potentialAction":[{"@type":"ReadAction","target":["https:\/\/www.aguarda.es\/en\/a-guarda-conmemora-o-25n-coa-exposicion-sempre-vivas\/"]}]},{"@type":"BreadcrumbList","@id":"https:\/\/www.aguarda.es\/en\/a-guarda-conmemora-o-25n-coa-exposicion-sempre-vivas\/#breadcrumb","itemListElement":[{"@type":"ListItem","position":1,"name":"Portada","item":"https:\/\/www.aguarda.es\/en\/"},{"@type":"ListItem","position":2,"name":"A Guarda conmemora o 25N coa exposici\u00f3n \u201cSempre Vivas\u201d"}]},{"@type":"WebSite","@id":"https:\/\/www.aguarda.es\/en\/#website","url":"https:\/\/www.aguarda.es\/en\/","name":"Concello da Guarda","description":"P\u00e1xina web do concello da Guarda","potentialAction":[{"@type":"SearchAction","target":{"@type":"EntryPoint","urlTemplate":"https:\/\/www.aguarda.es\/en\/?s={search_term_string}"},"query-input":"required name=search_term_string"}],"inLanguage":"en-US"},{"@type":"Person","@id":"https:\/\/www.aguarda.es\/en\/#\/schema\/person\/c463ca3006858ffb349d11179d044f21","name":"prensa","image":{"@type":"ImageObject","inLanguage":"en-US","@id":"https:\/\/www.aguarda.es\/en\/#\/schema\/person\/image\/","url":"https:\/\/secure.gravatar.com\/avatar\/5f90ef536b0f98306edf5c7a1135ffa1?s=96&d=mm&r=g","contentUrl":"https:\/\/secure.gravatar.com\/avatar\/5f90ef536b0f98306edf5c7a1135ffa1?s=96&d=mm&r=g","caption":"prensa"},"url":"https:\/\/www.aguarda.es\/en\/author\/prensa\/"}]}},"_links":{"self":[{"href":"https:\/\/www.aguarda.es\/en\/wp-json\/wp\/v2\/posts\/22780"}],"collection":[{"href":"https:\/\/www.aguarda.es\/en\/wp-json\/wp\/v2\/posts"}],"about":[{"href":"https:\/\/www.aguarda.es\/en\/wp-json\/wp\/v2\/types\/post"}],"author":[{"embeddable":true,"href":"https:\/\/www.aguarda.es\/en\/wp-json\/wp\/v2\/users\/2"}],"replies":[{"embeddable":true,"href":"https:\/\/www.aguarda.es\/en\/wp-json\/wp\/v2\/comments?post=22780"}],"version-history":[{"count":1,"href":"https:\/\/www.aguarda.es\/en\/wp-json\/wp\/v2\/posts\/22780\/revisions"}],"predecessor-version":[{"id":22785,"href":"https:\/\/www.aguarda.es\/en\/wp-json\/wp\/v2\/posts\/22780\/revisions\/22785"}],"wp:featuredmedia":[{"embeddable":true,"href":"https:\/\/www.aguarda.es\/en\/wp-json\/wp\/v2\/media\/22781"}],"wp:attachment":[{"href":"https:\/\/www.aguarda.es\/en\/wp-json\/wp\/v2\/media?parent=22780"}],"wp:term":[{"taxonomy":"category","embeddable":true,"href":"https:\/\/www.aguarda.es\/en\/wp-json\/wp\/v2\/categories?post=22780"},{"taxonomy":"post_tag","embeddable":true,"href":"https:\/\/www.aguarda.es\/en\/wp-json\/wp\/v2\/tags?post=22780"}],"curies":[{"name":"wp","href":"https:\/\/api.w.org\/{rel}","templated":true}]}}