{"id":22834,"date":"2020-11-24T17:53:22","date_gmt":"2020-11-24T17:53:22","guid":{"rendered":"https:\/\/www.aguarda.es\/?p=22834"},"modified":"2020-11-25T09:07:12","modified_gmt":"2020-11-25T09:07:12","slug":"os-concellos-do-grupo-de-desenvolvemento-eu-rural-sumanse-a-loita-contra-a-violencia-de-xenero","status":"publish","type":"post","link":"https:\/\/www.aguarda.es\/en\/os-concellos-do-grupo-de-desenvolvemento-eu-rural-sumanse-a-loita-contra-a-violencia-de-xenero\/","title":{"rendered":"Os concellos do Grupo de Desenvolvemento Eu Rural s\u00famanse \u00e1 loita contra a violencia de x\u00e9nero"},"content":{"rendered":"<p>[vc_row][vc_column][vc_column_text]<em><strong>Os 13 municipios publicar\u00e1n este 25N nas s\u00faas redes sociais o v\u00eddeo documental \u2018Deixar o pasado atr\u00e1s\u2019, que recolle os testemu\u00f1os de superaci\u00f3n das participantes nun obradoiro celebrado en Tomi\u00f1o o pasado ano.<\/strong><\/em><\/p>\n<p>Deixar o pasado atr\u00e1s para comezar a ser a persoa que se quere ser. Iso foi o que supuxo para as participantes desta primeira edici\u00f3n do obradoiro de Eu Rural aqueles d\u00edas nos que compartiron alegr\u00edas, bagoas, historias\u2026. Agora os testemu\u00f1os destas mulleres aparecen recollidos nun v\u00eddeo documental que se estrear\u00e1 este 25 de novembro, D\u00eda Internacional contra a Violencia de X\u00e9nero, de forma simult\u00e1nea nas redes sociais de todos os concellos que integran o territorio do Grupo de Desenvolvemento Rural.<br \/>\nCon esta acci\u00f3n, A Guarda, Baiona, Fornelos de Montes, Gondomar, Mos, Nigr\u00e1n, O Porri\u00f1o, O Rosal, Oia, Pazos de Borb\u00e9n, Redondela, Tomi\u00f1o e Tui queren sumarse de forma activa \u00e1 loita contra todo tipo de violencia. O traballo conxunto que os concellos desenvolven en outros eidos como o desenvolvemento econ\u00f3mico ou o turismo trasl\u00e1dase as\u00ed tam\u00e9n \u00e1 loita pola igualdade e contra a violencia de x\u00e9nero.<br \/>\nA maiores das iniciativas que cada municipio ten previstas para conmemorar o 25N, compromet\u00e9ronse con esta acci\u00f3n conxunta conscientes de que unidos a loita ser\u00e1 m\u00e1is visible e que dende as instituci\u00f3ns debe liderarse o traballo pola igualdade en todos os eidos e contra calquera tipo de agresi\u00f3n f\u00edsica, verbal ou psicol\u00f3xica.<br \/>\nO documental, de seis minutos de duraci\u00f3n, resume o acontecido na primeira edici\u00f3n do curso de autoestima e empoderamento feminino organizado por Eu Rural o ano pasado en Tomi\u00f1o, no que xorden diferentes historias de superaci\u00f3n entre as participantes, todas cun denominador com\u00fan: deixar o pasado atr\u00e1s e mirar cara o futuro con forza.[\/vc_column_text][\/vc_column][\/vc_row][vc_row][vc_column][vc_video link=&#8221;https:\/\/youtu.be\/4z_heWmn-to&#8221; align=&#8221;center&#8221;][\/vc_column][\/vc_row]<\/p>\n","protected":false},"excerpt":{"rendered":"<p>[vc_row][vc_column][vc_column_text]Os 13 municipios publicar\u00e1n este 25N nas s\u00faas redes sociais o v\u00eddeo documental \u2018Deixar o pasado atr\u00e1s\u2019, que recolle os testemu\u00f1os de superaci\u00f3n das participantes nun obradoiro celebrado en Tomi\u00f1o o pasado ano. Deixar o pasado atr\u00e1s para comezar a &hellip; <\/p>\n","protected":false},"author":2,"featured_media":22835,"comment_status":"open","ping_status":"open","sticky":false,"template":"","format":"standard","meta":[],"categories":[41],"tags":[706,226,1238,634,2352],"yoast_head":"<!-- This site is optimized with the Yoast SEO plugin v21.1 - https:\/\/yoast.com\/wordpress\/plugins\/seo\/ -->\n<title>Os concellos do Grupo de Desenvolvemento Eu Rural s\u00famanse \u00e1 loita contra a violencia de x\u00e9nero - Concello da Guarda<\/title>\n<meta name=\"robots\" content=\"index, follow, max-snippet:-1, max-image-preview:large, max-video-preview:-1\" \/>\n<link rel=\"canonical\" href=\"https:\/\/www.aguarda.es\/en\/os-concellos-do-grupo-de-desenvolvemento-eu-rural-sumanse-a-loita-contra-a-violencia-de-xenero\/\" \/>\n<meta property=\"og:locale\" content=\"en_US\" \/>\n<meta property=\"og:type\" content=\"article\" \/>\n<meta property=\"og:title\" content=\"Os concellos do Grupo de Desenvolvemento Eu Rural s\u00famanse \u00e1 loita contra a violencia de x\u00e9nero - Concello da Guarda\" \/>\n<meta property=\"og:description\" content=\"[vc_row][vc_column][vc_column_text]Os 13 municipios publicar\u00e1n este 25N nas s\u00faas redes sociais o v\u00eddeo documental \u2018Deixar o pasado atr\u00e1s\u2019, que recolle os testemu\u00f1os de superaci\u00f3n das participantes nun obradoiro celebrado en Tomi\u00f1o o pasado ano. Deixar o pasado atr\u00e1s para comezar a &hellip;\" \/>\n<meta property=\"og:url\" content=\"https:\/\/www.aguarda.es\/en\/os-concellos-do-grupo-de-desenvolvemento-eu-rural-sumanse-a-loita-contra-a-violencia-de-xenero\/\" \/>\n<meta property=\"og:site_name\" content=\"Concello da Guarda\" \/>\n<meta property=\"article:publisher\" content=\"https:\/\/www.facebook.com\/ConcellodaGuarda\" \/>\n<meta property=\"article:published_time\" content=\"2020-11-24T17:53:22+00:00\" \/>\n<meta property=\"article:modified_time\" content=\"2020-11-25T09:07:12+00:00\" \/>\n<meta property=\"og:image\" content=\"https:\/\/www.aguarda.es\/wp-content\/uploads\/2020\/11\/Sin-t\u00edtulo-1-2.jpg\" \/>\n\t<meta property=\"og:image:width\" content=\"800\" \/>\n\t<meta property=\"og:image:height\" content=\"450\" \/>\n\t<meta property=\"og:image:type\" content=\"image\/jpeg\" \/>\n<meta name=\"author\" content=\"prensa\" \/>\n<meta name=\"twitter:card\" content=\"summary_large_image\" \/>\n<meta name=\"twitter:creator\" content=\"@AGuarda_es\" \/>\n<meta name=\"twitter:site\" content=\"@AGuarda_es\" \/>\n<meta name=\"twitter:label1\" content=\"Written by\" \/>\n\t<meta name=\"twitter:data1\" content=\"prensa\" \/>\n\t<meta name=\"twitter:label2\" content=\"Est. reading time\" \/>\n\t<meta name=\"twitter:data2\" content=\"2 minutes\" \/>\n<script type=\"application\/ld+json\" class=\"yoast-schema-graph\">{\"@context\":\"https:\/\/schema.org\",\"@graph\":[{\"@type\":\"WebPage\",\"@id\":\"https:\/\/www.aguarda.es\/en\/os-concellos-do-grupo-de-desenvolvemento-eu-rural-sumanse-a-loita-contra-a-violencia-de-xenero\/\",\"url\":\"https:\/\/www.aguarda.es\/en\/os-concellos-do-grupo-de-desenvolvemento-eu-rural-sumanse-a-loita-contra-a-violencia-de-xenero\/\",\"name\":\"Os concellos do Grupo de Desenvolvemento Eu Rural s\u00famanse \u00e1 loita contra a violencia de x\u00e9nero - Concello da Guarda\",\"isPartOf\":{\"@id\":\"https:\/\/www.aguarda.es\/en\/#website\"},\"datePublished\":\"2020-11-24T17:53:22+00:00\",\"dateModified\":\"2020-11-25T09:07:12+00:00\",\"author\":{\"@id\":\"https:\/\/www.aguarda.es\/en\/#\/schema\/person\/c463ca3006858ffb349d11179d044f21\"},\"breadcrumb\":{\"@id\":\"https:\/\/www.aguarda.es\/en\/os-concellos-do-grupo-de-desenvolvemento-eu-rural-sumanse-a-loita-contra-a-violencia-de-xenero\/#breadcrumb\"},\"inLanguage\":\"en-US\",\"potentialAction\":[{\"@type\":\"ReadAction\",\"target\":[\"https:\/\/www.aguarda.es\/en\/os-concellos-do-grupo-de-desenvolvemento-eu-rural-sumanse-a-loita-contra-a-violencia-de-xenero\/\"]}]},{\"@type\":\"BreadcrumbList\",\"@id\":\"https:\/\/www.aguarda.es\/en\/os-concellos-do-grupo-de-desenvolvemento-eu-rural-sumanse-a-loita-contra-a-violencia-de-xenero\/#breadcrumb\",\"itemListElement\":[{\"@type\":\"ListItem\",\"position\":1,\"name\":\"Portada\",\"item\":\"https:\/\/www.aguarda.es\/en\/\"},{\"@type\":\"ListItem\",\"position\":2,\"name\":\"Os concellos do Grupo de Desenvolvemento Eu Rural s\u00famanse \u00e1 loita contra a violencia de x\u00e9nero\"}]},{\"@type\":\"WebSite\",\"@id\":\"https:\/\/www.aguarda.es\/en\/#website\",\"url\":\"https:\/\/www.aguarda.es\/en\/\",\"name\":\"Concello da Guarda\",\"description\":\"P\u00e1xina web do concello da Guarda\",\"potentialAction\":[{\"@type\":\"SearchAction\",\"target\":{\"@type\":\"EntryPoint\",\"urlTemplate\":\"https:\/\/www.aguarda.es\/en\/?s={search_term_string}\"},\"query-input\":\"required name=search_term_string\"}],\"inLanguage\":\"en-US\"},{\"@type\":\"Person\",\"@id\":\"https:\/\/www.aguarda.es\/en\/#\/schema\/person\/c463ca3006858ffb349d11179d044f21\",\"name\":\"prensa\",\"image\":{\"@type\":\"ImageObject\",\"inLanguage\":\"en-US\",\"@id\":\"https:\/\/www.aguarda.es\/en\/#\/schema\/person\/image\/\",\"url\":\"https:\/\/secure.gravatar.com\/avatar\/5f90ef536b0f98306edf5c7a1135ffa1?s=96&d=mm&r=g\",\"contentUrl\":\"https:\/\/secure.gravatar.com\/avatar\/5f90ef536b0f98306edf5c7a1135ffa1?s=96&d=mm&r=g\",\"caption\":\"prensa\"},\"url\":\"https:\/\/www.aguarda.es\/en\/author\/prensa\/\"}]}<\/script>\n<!-- \/ Yoast SEO plugin. -->","yoast_head_json":{"title":"Os concellos do Grupo de Desenvolvemento Eu Rural s\u00famanse \u00e1 loita contra a violencia de x\u00e9nero - Concello da Guarda","robots":{"index":"index","follow":"follow","max-snippet":"max-snippet:-1","max-image-preview":"max-image-preview:large","max-video-preview":"max-video-preview:-1"},"canonical":"https:\/\/www.aguarda.es\/en\/os-concellos-do-grupo-de-desenvolvemento-eu-rural-sumanse-a-loita-contra-a-violencia-de-xenero\/","og_locale":"en_US","og_type":"article","og_title":"Os concellos do Grupo de Desenvolvemento Eu Rural s\u00famanse \u00e1 loita contra a violencia de x\u00e9nero - Concello da Guarda","og_description":"[vc_row][vc_column][vc_column_text]Os 13 municipios publicar\u00e1n este 25N nas s\u00faas redes sociais o v\u00eddeo documental \u2018Deixar o pasado atr\u00e1s\u2019, que recolle os testemu\u00f1os de superaci\u00f3n das participantes nun obradoiro celebrado en Tomi\u00f1o o pasado ano. Deixar o pasado atr\u00e1s para comezar a &hellip;","og_url":"https:\/\/www.aguarda.es\/en\/os-concellos-do-grupo-de-desenvolvemento-eu-rural-sumanse-a-loita-contra-a-violencia-de-xenero\/","og_site_name":"Concello da Guarda","article_publisher":"https:\/\/www.facebook.com\/ConcellodaGuarda","article_published_time":"2020-11-24T17:53:22+00:00","article_modified_time":"2020-11-25T09:07:12+00:00","og_image":[{"width":800,"height":450,"url":"https:\/\/www.aguarda.es\/wp-content\/uploads\/2020\/11\/Sin-t\u00edtulo-1-2.jpg","type":"image\/jpeg"}],"author":"prensa","twitter_card":"summary_large_image","twitter_creator":"@AGuarda_es","twitter_site":"@AGuarda_es","twitter_misc":{"Written by":"prensa","Est. reading time":"2 minutes"},"schema":{"@context":"https:\/\/schema.org","@graph":[{"@type":"WebPage","@id":"https:\/\/www.aguarda.es\/en\/os-concellos-do-grupo-de-desenvolvemento-eu-rural-sumanse-a-loita-contra-a-violencia-de-xenero\/","url":"https:\/\/www.aguarda.es\/en\/os-concellos-do-grupo-de-desenvolvemento-eu-rural-sumanse-a-loita-contra-a-violencia-de-xenero\/","name":"Os concellos do Grupo de Desenvolvemento Eu Rural s\u00famanse \u00e1 loita contra a violencia de x\u00e9nero - Concello da Guarda","isPartOf":{"@id":"https:\/\/www.aguarda.es\/en\/#website"},"datePublished":"2020-11-24T17:53:22+00:00","dateModified":"2020-11-25T09:07:12+00:00","author":{"@id":"https:\/\/www.aguarda.es\/en\/#\/schema\/person\/c463ca3006858ffb349d11179d044f21"},"breadcrumb":{"@id":"https:\/\/www.aguarda.es\/en\/os-concellos-do-grupo-de-desenvolvemento-eu-rural-sumanse-a-loita-contra-a-violencia-de-xenero\/#breadcrumb"},"inLanguage":"en-US","potentialAction":[{"@type":"ReadAction","target":["https:\/\/www.aguarda.es\/en\/os-concellos-do-grupo-de-desenvolvemento-eu-rural-sumanse-a-loita-contra-a-violencia-de-xenero\/"]}]},{"@type":"BreadcrumbList","@id":"https:\/\/www.aguarda.es\/en\/os-concellos-do-grupo-de-desenvolvemento-eu-rural-sumanse-a-loita-contra-a-violencia-de-xenero\/#breadcrumb","itemListElement":[{"@type":"ListItem","position":1,"name":"Portada","item":"https:\/\/www.aguarda.es\/en\/"},{"@type":"ListItem","position":2,"name":"Os concellos do Grupo de Desenvolvemento Eu Rural s\u00famanse \u00e1 loita contra a violencia de x\u00e9nero"}]},{"@type":"WebSite","@id":"https:\/\/www.aguarda.es\/en\/#website","url":"https:\/\/www.aguarda.es\/en\/","name":"Concello da Guarda","description":"P\u00e1xina web do concello da Guarda","potentialAction":[{"@type":"SearchAction","target":{"@type":"EntryPoint","urlTemplate":"https:\/\/www.aguarda.es\/en\/?s={search_term_string}"},"query-input":"required name=search_term_string"}],"inLanguage":"en-US"},{"@type":"Person","@id":"https:\/\/www.aguarda.es\/en\/#\/schema\/person\/c463ca3006858ffb349d11179d044f21","name":"prensa","image":{"@type":"ImageObject","inLanguage":"en-US","@id":"https:\/\/www.aguarda.es\/en\/#\/schema\/person\/image\/","url":"https:\/\/secure.gravatar.com\/avatar\/5f90ef536b0f98306edf5c7a1135ffa1?s=96&d=mm&r=g","contentUrl":"https:\/\/secure.gravatar.com\/avatar\/5f90ef536b0f98306edf5c7a1135ffa1?s=96&d=mm&r=g","caption":"prensa"},"url":"https:\/\/www.aguarda.es\/en\/author\/prensa\/"}]}},"_links":{"self":[{"href":"https:\/\/www.aguarda.es\/en\/wp-json\/wp\/v2\/posts\/22834"}],"collection":[{"href":"https:\/\/www.aguarda.es\/en\/wp-json\/wp\/v2\/posts"}],"about":[{"href":"https:\/\/www.aguarda.es\/en\/wp-json\/wp\/v2\/types\/post"}],"author":[{"embeddable":true,"href":"https:\/\/www.aguarda.es\/en\/wp-json\/wp\/v2\/users\/2"}],"replies":[{"embeddable":true,"href":"https:\/\/www.aguarda.es\/en\/wp-json\/wp\/v2\/comments?post=22834"}],"version-history":[{"count":2,"href":"https:\/\/www.aguarda.es\/en\/wp-json\/wp\/v2\/posts\/22834\/revisions"}],"predecessor-version":[{"id":22839,"href":"https:\/\/www.aguarda.es\/en\/wp-json\/wp\/v2\/posts\/22834\/revisions\/22839"}],"wp:featuredmedia":[{"embeddable":true,"href":"https:\/\/www.aguarda.es\/en\/wp-json\/wp\/v2\/media\/22835"}],"wp:attachment":[{"href":"https:\/\/www.aguarda.es\/en\/wp-json\/wp\/v2\/media?parent=22834"}],"wp:term":[{"taxonomy":"category","embeddable":true,"href":"https:\/\/www.aguarda.es\/en\/wp-json\/wp\/v2\/categories?post=22834"},{"taxonomy":"post_tag","embeddable":true,"href":"https:\/\/www.aguarda.es\/en\/wp-json\/wp\/v2\/tags?post=22834"}],"curies":[{"name":"wp","href":"https:\/\/api.w.org\/{rel}","templated":true}]}}