{"id":22895,"date":"2020-12-03T12:22:47","date_gmt":"2020-12-03T12:22:47","guid":{"rendered":"https:\/\/www.aguarda.es\/?p=22895"},"modified":"2020-12-03T12:22:47","modified_gmt":"2020-12-03T12:22:47","slug":"a-guarda-participa-na-campana-baixo-o-mesmo-paraugas-no-dia-internacional-das-persoas-con-discapacidade","status":"publish","type":"post","link":"https:\/\/www.aguarda.es\/en\/a-guarda-participa-na-campana-baixo-o-mesmo-paraugas-no-dia-internacional-das-persoas-con-discapacidade\/","title":{"rendered":"A Guarda participa na Campa\u00f1a -Baixo o mesmo paraugas- no D\u00eda Internacional das Persoas con Discapacidade"},"content":{"rendered":"<p>Hoxe xoves d\u00eda 3 de decembro cel\u00e9brase o D\u00eda Internacional das Persoas con Discapacidade co obxectivo de promover os dereitos e o benestar das persoas con discapacidade en todos os \u00e1mbitos da sociedade, as\u00ed como concienciar sobre a s\u00faa situaci\u00f3n en todos os aspectos da vida. En 2020, o lema \u00e9 &#8220;Un d\u00eda para todos&#8221;, e qu\u00e9rese facer ver que a discapacidade forma parte da condici\u00f3n humana, xa que todos, nalg\u00fan momento das nosas vidas, podemos experimentar unha discapacidade temporal ou permanente; e a sociedade ten que estar preparada para iso.<br \/>\n&#8220;Baixo o mesmo paraugas&#8221;, \u00e9 unha iniciativa que une a m\u00e1is de 80 entidades sociais de toda Galicia para celebrar conxuntamente o D\u00eda Internacional das Persoas con Discapacidade e reivindicar os seus dereitos. Este ano dentro da campa\u00f1a \u201cBaixo o mesmo paraugas\u201d faise un chamamento para que todas as persoas que queiran \u00fananse o 3 de decembro e f\u00e1ganse unha foto na s\u00faa casa cunha mensaxe positiva para as persoas con discapacidade, inclu\u00edndo o hashtag # BaixoOMesmoParaugas e etiquetando @galiciadiversa.<br \/>\nNa Guarda Avela\u00ed\u00f1a e San Xerome, en colaboraci\u00f3n co concello e Codelauto, colocaron nos balc\u00f3ns do consistorio uns paraguas e unha pancarta conmemorativa deste d\u00eda, s\u00edmbolo da nosa iniciativa en Galicia.<\/p>\n","protected":false},"excerpt":{"rendered":"<p>Hoxe xoves d\u00eda 3 de decembro cel\u00e9brase o D\u00eda Internacional das Persoas con Discapacidade co obxectivo de promover os dereitos e o benestar das persoas con discapacidade en todos os \u00e1mbitos da sociedade, as\u00ed como concienciar sobre a s\u00faa situaci\u00f3n &hellip; <\/p>\n","protected":false},"author":2,"featured_media":22896,"comment_status":"open","ping_status":"open","sticky":false,"template":"","format":"standard","meta":[],"categories":[33],"tags":[226,2362,2363],"yoast_head":"<!-- This site is optimized with the Yoast SEO plugin v21.1 - https:\/\/yoast.com\/wordpress\/plugins\/seo\/ -->\n<title>A Guarda participa na Campa\u00f1a -Baixo o mesmo paraugas- no D\u00eda Internacional das Persoas con Discapacidade - Concello da Guarda<\/title>\n<meta name=\"robots\" content=\"index, follow, max-snippet:-1, max-image-preview:large, max-video-preview:-1\" \/>\n<link rel=\"canonical\" href=\"https:\/\/www.aguarda.es\/en\/a-guarda-participa-na-campana-baixo-o-mesmo-paraugas-no-dia-internacional-das-persoas-con-discapacidade\/\" \/>\n<meta property=\"og:locale\" content=\"en_US\" \/>\n<meta property=\"og:type\" content=\"article\" \/>\n<meta property=\"og:title\" content=\"A Guarda participa na Campa\u00f1a -Baixo o mesmo paraugas- no D\u00eda Internacional das Persoas con Discapacidade - Concello da Guarda\" \/>\n<meta property=\"og:description\" content=\"Hoxe xoves d\u00eda 3 de decembro cel\u00e9brase o D\u00eda Internacional das Persoas con Discapacidade co obxectivo de promover os dereitos e o benestar das persoas con discapacidade en todos os \u00e1mbitos da sociedade, as\u00ed como concienciar sobre a s\u00faa situaci\u00f3n &hellip;\" \/>\n<meta property=\"og:url\" content=\"https:\/\/www.aguarda.es\/en\/a-guarda-participa-na-campana-baixo-o-mesmo-paraugas-no-dia-internacional-das-persoas-con-discapacidade\/\" \/>\n<meta property=\"og:site_name\" content=\"Concello da Guarda\" \/>\n<meta property=\"article:publisher\" content=\"https:\/\/www.facebook.com\/ConcellodaGuarda\" \/>\n<meta property=\"article:published_time\" content=\"2020-12-03T12:22:47+00:00\" \/>\n<meta property=\"og:image\" content=\"https:\/\/www.aguarda.es\/wp-content\/uploads\/2020\/12\/Sin-t\u00edtulo-1-4.jpg\" \/>\n\t<meta property=\"og:image:width\" content=\"800\" \/>\n\t<meta property=\"og:image:height\" content=\"800\" \/>\n\t<meta property=\"og:image:type\" content=\"image\/jpeg\" \/>\n<meta name=\"author\" content=\"prensa\" \/>\n<meta name=\"twitter:card\" content=\"summary_large_image\" \/>\n<meta name=\"twitter:creator\" content=\"@AGuarda_es\" \/>\n<meta name=\"twitter:site\" content=\"@AGuarda_es\" \/>\n<meta name=\"twitter:label1\" content=\"Written by\" \/>\n\t<meta name=\"twitter:data1\" content=\"prensa\" \/>\n\t<meta name=\"twitter:label2\" content=\"Est. reading time\" \/>\n\t<meta name=\"twitter:data2\" content=\"1 minute\" \/>\n<script type=\"application\/ld+json\" class=\"yoast-schema-graph\">{\"@context\":\"https:\/\/schema.org\",\"@graph\":[{\"@type\":\"WebPage\",\"@id\":\"https:\/\/www.aguarda.es\/en\/a-guarda-participa-na-campana-baixo-o-mesmo-paraugas-no-dia-internacional-das-persoas-con-discapacidade\/\",\"url\":\"https:\/\/www.aguarda.es\/en\/a-guarda-participa-na-campana-baixo-o-mesmo-paraugas-no-dia-internacional-das-persoas-con-discapacidade\/\",\"name\":\"A Guarda participa na Campa\u00f1a -Baixo o mesmo paraugas- no D\u00eda Internacional das Persoas con Discapacidade - Concello da Guarda\",\"isPartOf\":{\"@id\":\"https:\/\/www.aguarda.es\/en\/#website\"},\"datePublished\":\"2020-12-03T12:22:47+00:00\",\"dateModified\":\"2020-12-03T12:22:47+00:00\",\"author\":{\"@id\":\"https:\/\/www.aguarda.es\/en\/#\/schema\/person\/c463ca3006858ffb349d11179d044f21\"},\"breadcrumb\":{\"@id\":\"https:\/\/www.aguarda.es\/en\/a-guarda-participa-na-campana-baixo-o-mesmo-paraugas-no-dia-internacional-das-persoas-con-discapacidade\/#breadcrumb\"},\"inLanguage\":\"en-US\",\"potentialAction\":[{\"@type\":\"ReadAction\",\"target\":[\"https:\/\/www.aguarda.es\/en\/a-guarda-participa-na-campana-baixo-o-mesmo-paraugas-no-dia-internacional-das-persoas-con-discapacidade\/\"]}]},{\"@type\":\"BreadcrumbList\",\"@id\":\"https:\/\/www.aguarda.es\/en\/a-guarda-participa-na-campana-baixo-o-mesmo-paraugas-no-dia-internacional-das-persoas-con-discapacidade\/#breadcrumb\",\"itemListElement\":[{\"@type\":\"ListItem\",\"position\":1,\"name\":\"Portada\",\"item\":\"https:\/\/www.aguarda.es\/en\/\"},{\"@type\":\"ListItem\",\"position\":2,\"name\":\"A Guarda participa na Campa\u00f1a -Baixo o mesmo paraugas- no D\u00eda Internacional das Persoas con Discapacidade\"}]},{\"@type\":\"WebSite\",\"@id\":\"https:\/\/www.aguarda.es\/en\/#website\",\"url\":\"https:\/\/www.aguarda.es\/en\/\",\"name\":\"Concello da Guarda\",\"description\":\"P\u00e1xina web do concello da Guarda\",\"potentialAction\":[{\"@type\":\"SearchAction\",\"target\":{\"@type\":\"EntryPoint\",\"urlTemplate\":\"https:\/\/www.aguarda.es\/en\/?s={search_term_string}\"},\"query-input\":\"required name=search_term_string\"}],\"inLanguage\":\"en-US\"},{\"@type\":\"Person\",\"@id\":\"https:\/\/www.aguarda.es\/en\/#\/schema\/person\/c463ca3006858ffb349d11179d044f21\",\"name\":\"prensa\",\"image\":{\"@type\":\"ImageObject\",\"inLanguage\":\"en-US\",\"@id\":\"https:\/\/www.aguarda.es\/en\/#\/schema\/person\/image\/\",\"url\":\"https:\/\/secure.gravatar.com\/avatar\/5f90ef536b0f98306edf5c7a1135ffa1?s=96&d=mm&r=g\",\"contentUrl\":\"https:\/\/secure.gravatar.com\/avatar\/5f90ef536b0f98306edf5c7a1135ffa1?s=96&d=mm&r=g\",\"caption\":\"prensa\"},\"url\":\"https:\/\/www.aguarda.es\/en\/author\/prensa\/\"}]}<\/script>\n<!-- \/ Yoast SEO plugin. -->","yoast_head_json":{"title":"A Guarda participa na Campa\u00f1a -Baixo o mesmo paraugas- no D\u00eda Internacional das Persoas con Discapacidade - Concello da Guarda","robots":{"index":"index","follow":"follow","max-snippet":"max-snippet:-1","max-image-preview":"max-image-preview:large","max-video-preview":"max-video-preview:-1"},"canonical":"https:\/\/www.aguarda.es\/en\/a-guarda-participa-na-campana-baixo-o-mesmo-paraugas-no-dia-internacional-das-persoas-con-discapacidade\/","og_locale":"en_US","og_type":"article","og_title":"A Guarda participa na Campa\u00f1a -Baixo o mesmo paraugas- no D\u00eda Internacional das Persoas con Discapacidade - Concello da Guarda","og_description":"Hoxe xoves d\u00eda 3 de decembro cel\u00e9brase o D\u00eda Internacional das Persoas con Discapacidade co obxectivo de promover os dereitos e o benestar das persoas con discapacidade en todos os \u00e1mbitos da sociedade, as\u00ed como concienciar sobre a s\u00faa situaci\u00f3n &hellip;","og_url":"https:\/\/www.aguarda.es\/en\/a-guarda-participa-na-campana-baixo-o-mesmo-paraugas-no-dia-internacional-das-persoas-con-discapacidade\/","og_site_name":"Concello da Guarda","article_publisher":"https:\/\/www.facebook.com\/ConcellodaGuarda","article_published_time":"2020-12-03T12:22:47+00:00","og_image":[{"width":800,"height":800,"url":"https:\/\/www.aguarda.es\/wp-content\/uploads\/2020\/12\/Sin-t\u00edtulo-1-4.jpg","type":"image\/jpeg"}],"author":"prensa","twitter_card":"summary_large_image","twitter_creator":"@AGuarda_es","twitter_site":"@AGuarda_es","twitter_misc":{"Written by":"prensa","Est. reading time":"1 minute"},"schema":{"@context":"https:\/\/schema.org","@graph":[{"@type":"WebPage","@id":"https:\/\/www.aguarda.es\/en\/a-guarda-participa-na-campana-baixo-o-mesmo-paraugas-no-dia-internacional-das-persoas-con-discapacidade\/","url":"https:\/\/www.aguarda.es\/en\/a-guarda-participa-na-campana-baixo-o-mesmo-paraugas-no-dia-internacional-das-persoas-con-discapacidade\/","name":"A Guarda participa na Campa\u00f1a -Baixo o mesmo paraugas- no D\u00eda Internacional das Persoas con Discapacidade - Concello da Guarda","isPartOf":{"@id":"https:\/\/www.aguarda.es\/en\/#website"},"datePublished":"2020-12-03T12:22:47+00:00","dateModified":"2020-12-03T12:22:47+00:00","author":{"@id":"https:\/\/www.aguarda.es\/en\/#\/schema\/person\/c463ca3006858ffb349d11179d044f21"},"breadcrumb":{"@id":"https:\/\/www.aguarda.es\/en\/a-guarda-participa-na-campana-baixo-o-mesmo-paraugas-no-dia-internacional-das-persoas-con-discapacidade\/#breadcrumb"},"inLanguage":"en-US","potentialAction":[{"@type":"ReadAction","target":["https:\/\/www.aguarda.es\/en\/a-guarda-participa-na-campana-baixo-o-mesmo-paraugas-no-dia-internacional-das-persoas-con-discapacidade\/"]}]},{"@type":"BreadcrumbList","@id":"https:\/\/www.aguarda.es\/en\/a-guarda-participa-na-campana-baixo-o-mesmo-paraugas-no-dia-internacional-das-persoas-con-discapacidade\/#breadcrumb","itemListElement":[{"@type":"ListItem","position":1,"name":"Portada","item":"https:\/\/www.aguarda.es\/en\/"},{"@type":"ListItem","position":2,"name":"A Guarda participa na Campa\u00f1a -Baixo o mesmo paraugas- no D\u00eda Internacional das Persoas con Discapacidade"}]},{"@type":"WebSite","@id":"https:\/\/www.aguarda.es\/en\/#website","url":"https:\/\/www.aguarda.es\/en\/","name":"Concello da Guarda","description":"P\u00e1xina web do concello da Guarda","potentialAction":[{"@type":"SearchAction","target":{"@type":"EntryPoint","urlTemplate":"https:\/\/www.aguarda.es\/en\/?s={search_term_string}"},"query-input":"required name=search_term_string"}],"inLanguage":"en-US"},{"@type":"Person","@id":"https:\/\/www.aguarda.es\/en\/#\/schema\/person\/c463ca3006858ffb349d11179d044f21","name":"prensa","image":{"@type":"ImageObject","inLanguage":"en-US","@id":"https:\/\/www.aguarda.es\/en\/#\/schema\/person\/image\/","url":"https:\/\/secure.gravatar.com\/avatar\/5f90ef536b0f98306edf5c7a1135ffa1?s=96&d=mm&r=g","contentUrl":"https:\/\/secure.gravatar.com\/avatar\/5f90ef536b0f98306edf5c7a1135ffa1?s=96&d=mm&r=g","caption":"prensa"},"url":"https:\/\/www.aguarda.es\/en\/author\/prensa\/"}]}},"_links":{"self":[{"href":"https:\/\/www.aguarda.es\/en\/wp-json\/wp\/v2\/posts\/22895"}],"collection":[{"href":"https:\/\/www.aguarda.es\/en\/wp-json\/wp\/v2\/posts"}],"about":[{"href":"https:\/\/www.aguarda.es\/en\/wp-json\/wp\/v2\/types\/post"}],"author":[{"embeddable":true,"href":"https:\/\/www.aguarda.es\/en\/wp-json\/wp\/v2\/users\/2"}],"replies":[{"embeddable":true,"href":"https:\/\/www.aguarda.es\/en\/wp-json\/wp\/v2\/comments?post=22895"}],"version-history":[{"count":1,"href":"https:\/\/www.aguarda.es\/en\/wp-json\/wp\/v2\/posts\/22895\/revisions"}],"predecessor-version":[{"id":22898,"href":"https:\/\/www.aguarda.es\/en\/wp-json\/wp\/v2\/posts\/22895\/revisions\/22898"}],"wp:featuredmedia":[{"embeddable":true,"href":"https:\/\/www.aguarda.es\/en\/wp-json\/wp\/v2\/media\/22896"}],"wp:attachment":[{"href":"https:\/\/www.aguarda.es\/en\/wp-json\/wp\/v2\/media?parent=22895"}],"wp:term":[{"taxonomy":"category","embeddable":true,"href":"https:\/\/www.aguarda.es\/en\/wp-json\/wp\/v2\/categories?post=22895"},{"taxonomy":"post_tag","embeddable":true,"href":"https:\/\/www.aguarda.es\/en\/wp-json\/wp\/v2\/tags?post=22895"}],"curies":[{"name":"wp","href":"https:\/\/api.w.org\/{rel}","templated":true}]}}