{"id":22901,"date":"2020-12-03T13:00:04","date_gmt":"2020-12-03T13:00:04","guid":{"rendered":"https:\/\/www.aguarda.es\/?p=22901"},"modified":"2020-12-03T13:00:04","modified_gmt":"2020-12-03T13:00:04","slug":"informacion-sobre-a-entrada-da-guarda-nas-medidas-restrictivas-pola-situacion-sanitaria","status":"publish","type":"post","link":"https:\/\/www.aguarda.es\/en\/informacion-sobre-a-entrada-da-guarda-nas-medidas-restrictivas-pola-situacion-sanitaria\/","title":{"rendered":"Informaci\u00f3n sobre a entrada da Guarda nas medidas restrictivas pola situaci\u00f3n sanitaria"},"content":{"rendered":"<p>O concello da Guarda informa de que as medidas restrictivas impostas pola Xunta de Galicia con motivo da situaci\u00f3n sanitaria no concello entrar\u00e1n en vigor a partir das 00:00h do venres 4 de decembro.<br \/>\nCabe destacar como medidas m\u00e1is importantes o peche perimetral do concello, do que s\u00f3 se poder\u00e1 entrar e sa\u00edr con causa xustificada. Respecto da hosteler\u00eda os aforos ser\u00e1n de 50% nas terrazas e 30% no interior e o horario de peche ser\u00e1 \u00e1s 17:00h da tarde. O n\u00famero de persoas que se poden reunir tanto en establecementos como para outras actividades ser\u00e1 de 4 persoas non convivintes.<br \/>\nA Xunta publicar\u00e1 esta tarde do 3 de decembro o DOGA con todas as medidas restrictivas que afectar\u00e1n ao noso concello.<br \/>\nO nivel de restricci\u00f3n e medio-alto e o n\u00famero de casos activos a d\u00eda de hoxe \u00e9 de 38.<\/p>\n","protected":false},"excerpt":{"rendered":"<p>O concello da Guarda informa de que as medidas restrictivas impostas pola Xunta de Galicia con motivo da situaci\u00f3n sanitaria no concello entrar\u00e1n en vigor a partir das 00:00h do venres 4 de decembro. Cabe destacar como medidas m\u00e1is importantes &hellip; <\/p>\n","protected":false},"author":2,"featured_media":22740,"comment_status":"open","ping_status":"open","sticky":false,"template":"","format":"standard","meta":[],"categories":[33],"tags":[226,2099,2102,2364],"yoast_head":"<!-- This site is optimized with the Yoast SEO plugin v21.1 - https:\/\/yoast.com\/wordpress\/plugins\/seo\/ -->\n<title>Informaci\u00f3n sobre a entrada da Guarda nas medidas restrictivas pola situaci\u00f3n sanitaria - Concello da Guarda<\/title>\n<meta name=\"robots\" content=\"index, follow, max-snippet:-1, max-image-preview:large, max-video-preview:-1\" \/>\n<link rel=\"canonical\" href=\"https:\/\/www.aguarda.es\/en\/informacion-sobre-a-entrada-da-guarda-nas-medidas-restrictivas-pola-situacion-sanitaria\/\" \/>\n<meta property=\"og:locale\" content=\"en_US\" \/>\n<meta property=\"og:type\" content=\"article\" \/>\n<meta property=\"og:title\" content=\"Informaci\u00f3n sobre a entrada da Guarda nas medidas restrictivas pola situaci\u00f3n sanitaria - Concello da Guarda\" \/>\n<meta property=\"og:description\" content=\"O concello da Guarda informa de que as medidas restrictivas impostas pola Xunta de Galicia con motivo da situaci\u00f3n sanitaria no concello entrar\u00e1n en vigor a partir das 00:00h do venres 4 de decembro. Cabe destacar como medidas m\u00e1is importantes &hellip;\" \/>\n<meta property=\"og:url\" content=\"https:\/\/www.aguarda.es\/en\/informacion-sobre-a-entrada-da-guarda-nas-medidas-restrictivas-pola-situacion-sanitaria\/\" \/>\n<meta property=\"og:site_name\" content=\"Concello da Guarda\" \/>\n<meta property=\"article:publisher\" content=\"https:\/\/www.facebook.com\/ConcellodaGuarda\" \/>\n<meta property=\"article:published_time\" content=\"2020-12-03T13:00:04+00:00\" \/>\n<meta property=\"og:image\" content=\"https:\/\/www.aguarda.es\/wp-content\/uploads\/2020\/11\/b6326d9d-fd7d-452a-b0bc-0454414c7b01.jpg\" \/>\n\t<meta property=\"og:image:width\" content=\"800\" \/>\n\t<meta property=\"og:image:height\" content=\"464\" \/>\n\t<meta property=\"og:image:type\" content=\"image\/jpeg\" \/>\n<meta name=\"author\" content=\"prensa\" \/>\n<meta name=\"twitter:card\" content=\"summary_large_image\" \/>\n<meta name=\"twitter:creator\" content=\"@AGuarda_es\" \/>\n<meta name=\"twitter:site\" content=\"@AGuarda_es\" \/>\n<meta name=\"twitter:label1\" content=\"Written by\" \/>\n\t<meta name=\"twitter:data1\" content=\"prensa\" \/>\n\t<meta name=\"twitter:label2\" content=\"Est. reading time\" \/>\n\t<meta name=\"twitter:data2\" content=\"1 minute\" \/>\n<script type=\"application\/ld+json\" class=\"yoast-schema-graph\">{\"@context\":\"https:\/\/schema.org\",\"@graph\":[{\"@type\":\"WebPage\",\"@id\":\"https:\/\/www.aguarda.es\/en\/informacion-sobre-a-entrada-da-guarda-nas-medidas-restrictivas-pola-situacion-sanitaria\/\",\"url\":\"https:\/\/www.aguarda.es\/en\/informacion-sobre-a-entrada-da-guarda-nas-medidas-restrictivas-pola-situacion-sanitaria\/\",\"name\":\"Informaci\u00f3n sobre a entrada da Guarda nas medidas restrictivas pola situaci\u00f3n sanitaria - Concello da Guarda\",\"isPartOf\":{\"@id\":\"https:\/\/www.aguarda.es\/en\/#website\"},\"datePublished\":\"2020-12-03T13:00:04+00:00\",\"dateModified\":\"2020-12-03T13:00:04+00:00\",\"author\":{\"@id\":\"https:\/\/www.aguarda.es\/en\/#\/schema\/person\/c463ca3006858ffb349d11179d044f21\"},\"breadcrumb\":{\"@id\":\"https:\/\/www.aguarda.es\/en\/informacion-sobre-a-entrada-da-guarda-nas-medidas-restrictivas-pola-situacion-sanitaria\/#breadcrumb\"},\"inLanguage\":\"en-US\",\"potentialAction\":[{\"@type\":\"ReadAction\",\"target\":[\"https:\/\/www.aguarda.es\/en\/informacion-sobre-a-entrada-da-guarda-nas-medidas-restrictivas-pola-situacion-sanitaria\/\"]}]},{\"@type\":\"BreadcrumbList\",\"@id\":\"https:\/\/www.aguarda.es\/en\/informacion-sobre-a-entrada-da-guarda-nas-medidas-restrictivas-pola-situacion-sanitaria\/#breadcrumb\",\"itemListElement\":[{\"@type\":\"ListItem\",\"position\":1,\"name\":\"Portada\",\"item\":\"https:\/\/www.aguarda.es\/en\/\"},{\"@type\":\"ListItem\",\"position\":2,\"name\":\"Informaci\u00f3n sobre a entrada da Guarda nas medidas restrictivas pola situaci\u00f3n sanitaria\"}]},{\"@type\":\"WebSite\",\"@id\":\"https:\/\/www.aguarda.es\/en\/#website\",\"url\":\"https:\/\/www.aguarda.es\/en\/\",\"name\":\"Concello da Guarda\",\"description\":\"P\u00e1xina web do concello da Guarda\",\"potentialAction\":[{\"@type\":\"SearchAction\",\"target\":{\"@type\":\"EntryPoint\",\"urlTemplate\":\"https:\/\/www.aguarda.es\/en\/?s={search_term_string}\"},\"query-input\":\"required name=search_term_string\"}],\"inLanguage\":\"en-US\"},{\"@type\":\"Person\",\"@id\":\"https:\/\/www.aguarda.es\/en\/#\/schema\/person\/c463ca3006858ffb349d11179d044f21\",\"name\":\"prensa\",\"image\":{\"@type\":\"ImageObject\",\"inLanguage\":\"en-US\",\"@id\":\"https:\/\/www.aguarda.es\/en\/#\/schema\/person\/image\/\",\"url\":\"https:\/\/secure.gravatar.com\/avatar\/5f90ef536b0f98306edf5c7a1135ffa1?s=96&d=mm&r=g\",\"contentUrl\":\"https:\/\/secure.gravatar.com\/avatar\/5f90ef536b0f98306edf5c7a1135ffa1?s=96&d=mm&r=g\",\"caption\":\"prensa\"},\"url\":\"https:\/\/www.aguarda.es\/en\/author\/prensa\/\"}]}<\/script>\n<!-- \/ Yoast SEO plugin. -->","yoast_head_json":{"title":"Informaci\u00f3n sobre a entrada da Guarda nas medidas restrictivas pola situaci\u00f3n sanitaria - Concello da Guarda","robots":{"index":"index","follow":"follow","max-snippet":"max-snippet:-1","max-image-preview":"max-image-preview:large","max-video-preview":"max-video-preview:-1"},"canonical":"https:\/\/www.aguarda.es\/en\/informacion-sobre-a-entrada-da-guarda-nas-medidas-restrictivas-pola-situacion-sanitaria\/","og_locale":"en_US","og_type":"article","og_title":"Informaci\u00f3n sobre a entrada da Guarda nas medidas restrictivas pola situaci\u00f3n sanitaria - Concello da Guarda","og_description":"O concello da Guarda informa de que as medidas restrictivas impostas pola Xunta de Galicia con motivo da situaci\u00f3n sanitaria no concello entrar\u00e1n en vigor a partir das 00:00h do venres 4 de decembro. Cabe destacar como medidas m\u00e1is importantes &hellip;","og_url":"https:\/\/www.aguarda.es\/en\/informacion-sobre-a-entrada-da-guarda-nas-medidas-restrictivas-pola-situacion-sanitaria\/","og_site_name":"Concello da Guarda","article_publisher":"https:\/\/www.facebook.com\/ConcellodaGuarda","article_published_time":"2020-12-03T13:00:04+00:00","og_image":[{"width":800,"height":464,"url":"https:\/\/www.aguarda.es\/wp-content\/uploads\/2020\/11\/b6326d9d-fd7d-452a-b0bc-0454414c7b01.jpg","type":"image\/jpeg"}],"author":"prensa","twitter_card":"summary_large_image","twitter_creator":"@AGuarda_es","twitter_site":"@AGuarda_es","twitter_misc":{"Written by":"prensa","Est. reading time":"1 minute"},"schema":{"@context":"https:\/\/schema.org","@graph":[{"@type":"WebPage","@id":"https:\/\/www.aguarda.es\/en\/informacion-sobre-a-entrada-da-guarda-nas-medidas-restrictivas-pola-situacion-sanitaria\/","url":"https:\/\/www.aguarda.es\/en\/informacion-sobre-a-entrada-da-guarda-nas-medidas-restrictivas-pola-situacion-sanitaria\/","name":"Informaci\u00f3n sobre a entrada da Guarda nas medidas restrictivas pola situaci\u00f3n sanitaria - Concello da Guarda","isPartOf":{"@id":"https:\/\/www.aguarda.es\/en\/#website"},"datePublished":"2020-12-03T13:00:04+00:00","dateModified":"2020-12-03T13:00:04+00:00","author":{"@id":"https:\/\/www.aguarda.es\/en\/#\/schema\/person\/c463ca3006858ffb349d11179d044f21"},"breadcrumb":{"@id":"https:\/\/www.aguarda.es\/en\/informacion-sobre-a-entrada-da-guarda-nas-medidas-restrictivas-pola-situacion-sanitaria\/#breadcrumb"},"inLanguage":"en-US","potentialAction":[{"@type":"ReadAction","target":["https:\/\/www.aguarda.es\/en\/informacion-sobre-a-entrada-da-guarda-nas-medidas-restrictivas-pola-situacion-sanitaria\/"]}]},{"@type":"BreadcrumbList","@id":"https:\/\/www.aguarda.es\/en\/informacion-sobre-a-entrada-da-guarda-nas-medidas-restrictivas-pola-situacion-sanitaria\/#breadcrumb","itemListElement":[{"@type":"ListItem","position":1,"name":"Portada","item":"https:\/\/www.aguarda.es\/en\/"},{"@type":"ListItem","position":2,"name":"Informaci\u00f3n sobre a entrada da Guarda nas medidas restrictivas pola situaci\u00f3n sanitaria"}]},{"@type":"WebSite","@id":"https:\/\/www.aguarda.es\/en\/#website","url":"https:\/\/www.aguarda.es\/en\/","name":"Concello da Guarda","description":"P\u00e1xina web do concello da Guarda","potentialAction":[{"@type":"SearchAction","target":{"@type":"EntryPoint","urlTemplate":"https:\/\/www.aguarda.es\/en\/?s={search_term_string}"},"query-input":"required name=search_term_string"}],"inLanguage":"en-US"},{"@type":"Person","@id":"https:\/\/www.aguarda.es\/en\/#\/schema\/person\/c463ca3006858ffb349d11179d044f21","name":"prensa","image":{"@type":"ImageObject","inLanguage":"en-US","@id":"https:\/\/www.aguarda.es\/en\/#\/schema\/person\/image\/","url":"https:\/\/secure.gravatar.com\/avatar\/5f90ef536b0f98306edf5c7a1135ffa1?s=96&d=mm&r=g","contentUrl":"https:\/\/secure.gravatar.com\/avatar\/5f90ef536b0f98306edf5c7a1135ffa1?s=96&d=mm&r=g","caption":"prensa"},"url":"https:\/\/www.aguarda.es\/en\/author\/prensa\/"}]}},"_links":{"self":[{"href":"https:\/\/www.aguarda.es\/en\/wp-json\/wp\/v2\/posts\/22901"}],"collection":[{"href":"https:\/\/www.aguarda.es\/en\/wp-json\/wp\/v2\/posts"}],"about":[{"href":"https:\/\/www.aguarda.es\/en\/wp-json\/wp\/v2\/types\/post"}],"author":[{"embeddable":true,"href":"https:\/\/www.aguarda.es\/en\/wp-json\/wp\/v2\/users\/2"}],"replies":[{"embeddable":true,"href":"https:\/\/www.aguarda.es\/en\/wp-json\/wp\/v2\/comments?post=22901"}],"version-history":[{"count":1,"href":"https:\/\/www.aguarda.es\/en\/wp-json\/wp\/v2\/posts\/22901\/revisions"}],"predecessor-version":[{"id":22902,"href":"https:\/\/www.aguarda.es\/en\/wp-json\/wp\/v2\/posts\/22901\/revisions\/22902"}],"wp:featuredmedia":[{"embeddable":true,"href":"https:\/\/www.aguarda.es\/en\/wp-json\/wp\/v2\/media\/22740"}],"wp:attachment":[{"href":"https:\/\/www.aguarda.es\/en\/wp-json\/wp\/v2\/media?parent=22901"}],"wp:term":[{"taxonomy":"category","embeddable":true,"href":"https:\/\/www.aguarda.es\/en\/wp-json\/wp\/v2\/categories?post=22901"},{"taxonomy":"post_tag","embeddable":true,"href":"https:\/\/www.aguarda.es\/en\/wp-json\/wp\/v2\/tags?post=22901"}],"curies":[{"name":"wp","href":"https:\/\/api.w.org\/{rel}","templated":true}]}}