{"id":22928,"date":"2020-12-09T09:47:43","date_gmt":"2020-12-09T09:47:43","guid":{"rendered":"https:\/\/www.aguarda.es\/?p=22928"},"modified":"2020-12-09T09:47:43","modified_gmt":"2020-12-09T09:47:43","slug":"continua-a-programacion-do-nadal-2020-na-guarda-con-teatro-musica-e-moito-mais","status":"publish","type":"post","link":"https:\/\/www.aguarda.es\/en\/continua-a-programacion-do-nadal-2020-na-guarda-con-teatro-musica-e-moito-mais\/","title":{"rendered":"Contin\u00faa a programaci\u00f3n do Nadal 2020 na Guarda con teatro, m\u00fasica e moito m\u00e1is"},"content":{"rendered":"<p><strong><em>\u2022 Este venres a obra de teatro \u201cRunning polo Cami\u00f1o\u201d chega ao Centro Cultural, \u00e9 preciso inscrici\u00f3n previa<\/em><\/strong><br \/>\n<strong><em>\u2022 A programaci\u00f3n conta con diversas actividades, sempre tendo en conta as medidas sanitarias vixentes e os aforos m\u00e1ximos para cada actividade, algunhas nas que \u00e9 preciso realizar inscrici\u00f3n previa.<\/em><\/strong><br \/>\n<strong><em>\u2022 \u00daltimos d\u00edas para participar no concurso \u201cAs Xanelas do Nadal\u201d<\/em><\/strong><\/p>\n<p>Despois da primeira semana de actividades da programaci\u00f3n do Nadal 2020 na Guarda, na que se realizou o acendido do alumeado, o arranque do Mercado de Nadal, a charla de Fernando Rego e o Concerto de Helen &amp; Shanna, chega a segunda semana de programaci\u00f3n, con moitas actividades para todas as idades.<br \/>\nO venres 11 de decembro a programaci\u00f3n de Nadal prosegue coa representaci\u00f3n teatral de \u201cRunning polo Cami\u00f1o\u201d, que ter\u00e1 lugar \u00e1s 20:30h no Centro Cultural. Para asistir a este evento \u00e9 preciso formalizar unha inscrici\u00f3n previa no Centro Cultural da Guarda no 986 61 1850(en horario de 10:00h a 13:00h e de 17:00h a 20:00h) ou no enderezo electr\u00f3nico culturaguarda@gmail.com<br \/>\nO s\u00e1bado 12 de decembro \u00e1s 12:00h chega o momento d\u00e1 m\u00fasica con \u201cCantos de Nadal\u201d, un evento musical no que participan pandereteiras da vila, que amenizar\u00e1n a Praza de Avelino Vicente con c\u00e1ntigas tradicionais e de nadal.<br \/>\nSeguindo coas actuaci\u00f3ns musicais, o xoves d\u00eda 17 de decembro \u00e1s 17:00h na Praza do Rel\u00f3, ser\u00e1 a quenda do concerto do Coro Infantil do Conservatorio de M\u00fasica Elemental de A Guarda. Para asistir a este evento \u00e9 preciso formalizar unha inscrici\u00f3n previa no Centro Cultural da Guarda no 986 61 1850(en horario de 10:00h a 13:00h e de 17:00h a 20:00h) ou no enderezo electr\u00f3nico culturaguarda@gmail.com<br \/>\nO venres 18 de decembro \u00e1s 17:00h as r\u00faas da Guarda encheranse dun divertido repertorio especial de Nadal con \u201cO Bel\u00e9n de Pulpi\u00f1o\u201d do Pulpi\u00f1o Viasc\u00f3n, para todos os p\u00fablicos.<br \/>\nPolas r\u00faas da vila a partir das 17:00 horas<br \/>\nO s\u00e1bado 19 de decembro \u00e1s 12:00h nova sesi\u00f3n de \u201cCantos de Nadal\u201d, un evento musical no que participan pandereteiras da vila, que amenizar\u00e1n a Praza de Avelino Vicente con c\u00e1ntigas tradicionais e de nadal.<br \/>\nTam\u00e9n o 19 de decembro \u00e1s 17:30h o Centro Cultural ser\u00e1 o escenario do Espect\u00e1culo de maxia \u201cO Cinemat\u00f3logo\u201d. Emoci\u00f3n, recordos, risas e moita ilusi\u00f3n nos agardan neste novo espect\u00e1culo do noso mago infantil favorito. Para asistir a este evento \u00e9 preciso formalizar unha inscrici\u00f3n previa no Centro Cultural da Guarda no 986 61 1850(en horario de 10:00h a 13:00h e de 17:00h a 20:00h) ou no enderezo electr\u00f3nico culturaguarda@gmail.com<br \/>\nO martes 22, m\u00e9rcores 23 e xoves 24 decembro \u201cOs carteiros do Nadal\u201d estar\u00e1n polas diferentes r\u00faas da vila para que os nenos e nenas entreguen as s\u00faas cartas(22 e 23 en horario: 17:00h a 20:00h horas e 24 en horario: 10:30h a 13:30h).<br \/>\nO derradeiro evento do ano ter\u00e1 lugar o s\u00e1bado 26 de decembro co Espect\u00e1culo infantil \u201cZona en obras\u201d de Brais das Hortas. Contos, m\u00fasica, t\u00edteres, instrumentos con obxectos e moita interacci\u00f3n co p\u00fablico. O evento ter\u00e1 lugar no Centro Cultural \u00e1s 17:30 horas. Para asistir a este evento \u00e9 preciso formalizar unha inscrici\u00f3n previa no Centro Cultural da Guarda no 986 61 1850(en horario de 10:00h a 13:00h e de 17:00h a 20:00h) ou no enderezo electr\u00f3nico culturaguarda@gmail.com<br \/>\nXa no mes de xaneiro o s\u00e1bado d\u00eda 2 de xaneiro o Centro Cultural acolle \u00e1s 17:30h a obra de Teatro Infantil \u201cO Crebanoces\u201d de Larraitz Urruzola. Unha representaci\u00f3n teatral infantil e familiar, duns 60 minutos de duraci\u00f3n, inspirada no conto de Hoffmann. No espect\u00e1culo empr\u00e9gase a m\u00fasica que creou Tchaikowsky e est\u00e1 dese\u00f1ado para ser interpretada tanto con formaci\u00f3n musical como sen ela.<br \/>\nOs \u201ccarteiros do nadal\u201d regresan o s\u00e1bado 2, luns 4 e martes 5 xaneiro \u00e1s r\u00faas da Guarda(2 e 4 en horario: 17:00h a 20:00h e o 5 en horario: 10:30h a 13:30h)<br \/>\nO Martes 5 xaneiro ter\u00e1 lugar a Visita dos Reis Magos, que far\u00e1n un percorrido polas diferentes r\u00faas da vila, onde as luces que se repartir\u00e1n entre os nenos os guiar\u00e1n dende os balc\u00f3ns e vent\u00e1s das vivendas da vila. As luces, de fabricaci\u00f3n local, ser\u00e1n repartidaspara que os reis magos saiban onde te\u00f1en que deixar os agasallos, polo que te\u00f1en que deixalas nas fachadas das casas.<\/p>\n<p>&nbsp;<\/p>\n<p><strong>M\u00e1is actividades na Programaci\u00f3n do Nadal 2020 na Guarda<\/strong><\/p>\n<p>\u2022 MERCADO DE NADAL<br \/>\nNa Praza de Avelino Vicente do 4 de decembro de 2020 ao 5 de xaneiro de 2021 coincidindo coa campa\u00f1a de comercio e cultural adicada ao Nadal.<\/p>\n<p>\u2022 ALFOMBRA FLORAL DE NADAL<br \/>\nNo hall da Casa dos Alonso, realizada en colaboraci\u00f3n coa A.C Alfombras da Guarda, sepode visitar en horario de 9:00h a 15:00h de luns a venres.<\/p>\n<p>\u2022 AS XANELAS DO NADAL, concurso de decoraci\u00f3n.<br \/>\nParticipa ata o 11 de decembro. Votaci\u00f3ns do 14 \u00f3 21 de decembro no facebook de @culturaguarda<\/p>\n<p>\u2022 VIDEOCHAMADAS COS REIS MAGOS<br \/>\n3 e 4 de Xaneiro, pide o teu c\u00f3digo de acceso web previamente no Centro Cultural antes do 23 de decembro no 986 61 1850(en horario de 10:00h a 13:00h e de 17:00h a 20:00h) ou no enderezo electr\u00f3nico culturaguarda@gmail.com<\/p>\n<p><strong><img decoding=\"async\" loading=\"lazy\" class=\"aligncenter size-full wp-image-22906\" src=\"https:\/\/www.aguarda.es\/wp-content\/uploads\/2020\/12\/CARTEL-A3-AGENDA-NAVIDAD.jpg\" alt=\"\" width=\"800\" height=\"1131\" srcset=\"https:\/\/www.aguarda.es\/wp-content\/uploads\/2020\/12\/CARTEL-A3-AGENDA-NAVIDAD.jpg 800w, https:\/\/www.aguarda.es\/wp-content\/uploads\/2020\/12\/CARTEL-A3-AGENDA-NAVIDAD-212x300.jpg 212w, https:\/\/www.aguarda.es\/wp-content\/uploads\/2020\/12\/CARTEL-A3-AGENDA-NAVIDAD-768x1086.jpg 768w, https:\/\/www.aguarda.es\/wp-content\/uploads\/2020\/12\/CARTEL-A3-AGENDA-NAVIDAD-724x1024.jpg 724w\" sizes=\"(max-width: 800px) 100vw, 800px\" \/><\/strong><\/p>\n<p><strong>PROGRAMACI\u00d3N AXENDA DE NADAL:<\/strong><\/p>\n<p><strong>DECEMBRO<\/strong><\/p>\n<p>VENRES 11 DECEMBRO<br \/>\nTeatro \u201cRunning polo Cami\u00f1o\u201d<br \/>\nNo Centro Cultural \u00e1s 20:30 horas (inscrici\u00f3n previa)<\/p>\n<p>S\u00c1BADO 12 DECEMBRO<br \/>\nCantos de Nadal<br \/>\nNa Praza de Avelino Vicente \u00e1s 12:00 horas<\/p>\n<p>XOVES 17 DECEMBRO<br \/>\nConcerto do Coro Infantil conservatorio<br \/>\nNa Praza do Rel\u00f3 \u00e1s 17:00 horas (inscrici\u00f3n previa)<\/p>\n<p>VENRES 18 DECEMBRO<br \/>\n\u201cO Bel\u00e9n de Pulpi\u00f1o\u201d do Pulpi\u00f1o Viasc\u00f3n<br \/>\nPolas r\u00faas da vila a partir das 17:00 horas<\/p>\n<p>S\u00c1BADO 19 DECEMBRO<br \/>\nCantos de Nadal<br \/>\nNa praza de Avelino Vicente as 12:00 horas<br \/>\nEspect\u00e1culo de maxia \u201cO Cinemat\u00f3logo\u201d<br \/>\nCentro Cultural \u00e1s 17:30 horas. (inscrici\u00f3n previa)<\/p>\n<p>MARTES 22, M\u00c9RCORES 23 e XOVES 24 DECEMBRO<br \/>\n\u201cOs carteiros do Nadal\u201d<br \/>\n22 e 23 en horario: 17:00 a 20:00 horas<br \/>\n24 en horario: 10:30 a 13:30 horas<\/p>\n<p>S\u00c1BADO 26 DE DECEMBRO<br \/>\nEspect\u00e1culo infantil \u201cZona en obras\u201d de Brais das Hortas<br \/>\nNo Centro Cultural \u00e1s 17:30 horas. (inscrici\u00f3n previa)<\/p>\n<p><strong>XANEIRO<\/strong><\/p>\n<p>S\u00c1BADO 2 DE XANEIRO<br \/>\nTeatro Infantil \u201cO Crebanoces\u201d de Larraitz Urruzola.<br \/>\nNo Centro Cultural \u00e1s 17:30. (inscrici\u00f3n previa)<\/p>\n<p>S\u00c1BADO 2, LUNS 4 e MARTES 5 XANEIRO<br \/>\n\u201cOs carteiros do Nadal\u201d<br \/>\n2 e 4 en horario: 17:00 a 20:00 horas<br \/>\n5 en horario: 10:30 a 13:30 horas<\/p>\n<p>MARTES 5 XANEIRO<br \/>\nVisita dos Reis Magos.<br \/>\nOs reis magos visitaran durante o d\u00eda as diferentes r\u00faas da vila.<\/p>\n<p><strong>M\u00c1IS ACTIVIDADES<\/strong><\/p>\n<p>\u2022 MERCADO DE NADAL<br \/>\nNa Praza de Avelino Vicente do 4 de decembro de 2020 ao 5 de xaneiro de 2021 en horario de 10:00h a 13:30 e de 17:00h a 20:00h<\/p>\n<p>\u2022 ALFOMBRA FLORAL DE NADAL<br \/>\nNa Casa dos Alonso, colabora A.C Alfombras da Guarda<\/p>\n<p>\u2022 AS XANELAS DO NADAL, concurso de decoraci\u00f3n.<br \/>\nParticipa ata o 11 de decembro. Votaci\u00f3ns do 14 \u00f3 21 de decembro no facebook de @culturaguarda (inscrici\u00f3n previa)<\/p>\n<p>\u2022 VIDEOCHAMADAS COS REIS MAGOS<br \/>\n3 e 4 de Xaneiro, pide o teu c\u00f3digo de acceso web previamente no Centro Cultural antes do 23 de decembro (inscrici\u00f3n previa)<\/p>\n","protected":false},"excerpt":{"rendered":"<p>\u2022 Este venres a obra de teatro \u201cRunning polo Cami\u00f1o\u201d chega ao Centro Cultural, \u00e9 preciso inscrici\u00f3n previa \u2022 A programaci\u00f3n conta con diversas actividades, sempre tendo en conta as medidas sanitarias vixentes e os aforos m\u00e1ximos para cada actividade, &hellip; <\/p>\n","protected":false},"author":2,"featured_media":22929,"comment_status":"open","ping_status":"open","sticky":false,"template":"","format":"standard","meta":[],"categories":[34],"tags":[226,348,694,1273],"yoast_head":"<!-- This site is optimized with the Yoast SEO plugin v21.1 - https:\/\/yoast.com\/wordpress\/plugins\/seo\/ -->\n<title>Contin\u00faa a programaci\u00f3n do Nadal 2020 na Guarda con teatro, m\u00fasica e moito m\u00e1is - Concello da Guarda<\/title>\n<meta name=\"robots\" content=\"index, follow, max-snippet:-1, max-image-preview:large, max-video-preview:-1\" \/>\n<link rel=\"canonical\" href=\"https:\/\/www.aguarda.es\/en\/continua-a-programacion-do-nadal-2020-na-guarda-con-teatro-musica-e-moito-mais\/\" \/>\n<meta property=\"og:locale\" content=\"en_US\" \/>\n<meta property=\"og:type\" content=\"article\" \/>\n<meta property=\"og:title\" content=\"Contin\u00faa a programaci\u00f3n do Nadal 2020 na Guarda con teatro, m\u00fasica e moito m\u00e1is - Concello da Guarda\" \/>\n<meta property=\"og:description\" content=\"\u2022 Este venres a obra de teatro \u201cRunning polo Cami\u00f1o\u201d chega ao Centro Cultural, \u00e9 preciso inscrici\u00f3n previa \u2022 A programaci\u00f3n conta con diversas actividades, sempre tendo en conta as medidas sanitarias vixentes e os aforos m\u00e1ximos para cada actividade, &hellip;\" \/>\n<meta property=\"og:url\" content=\"https:\/\/www.aguarda.es\/en\/continua-a-programacion-do-nadal-2020-na-guarda-con-teatro-musica-e-moito-mais\/\" \/>\n<meta property=\"og:site_name\" content=\"Concello da Guarda\" \/>\n<meta property=\"article:publisher\" content=\"https:\/\/www.facebook.com\/ConcellodaGuarda\" \/>\n<meta property=\"article:published_time\" content=\"2020-12-09T09:47:43+00:00\" \/>\n<meta property=\"og:image\" content=\"https:\/\/www.aguarda.es\/wp-content\/uploads\/2020\/12\/NP-09122020-CONTINUA-PROGRAMACION-NADAL.jpg?_t=1643285454\" \/>\n\t<meta property=\"og:image:width\" content=\"800\" \/>\n\t<meta property=\"og:image:height\" content=\"800\" \/>\n\t<meta property=\"og:image:type\" content=\"image\/jpeg\" \/>\n<meta name=\"author\" content=\"prensa\" \/>\n<meta name=\"twitter:card\" content=\"summary_large_image\" \/>\n<meta name=\"twitter:creator\" content=\"@AGuarda_es\" \/>\n<meta name=\"twitter:site\" content=\"@AGuarda_es\" \/>\n<meta name=\"twitter:label1\" content=\"Written by\" \/>\n\t<meta name=\"twitter:data1\" content=\"prensa\" \/>\n\t<meta name=\"twitter:label2\" content=\"Est. reading time\" \/>\n\t<meta name=\"twitter:data2\" content=\"6 minutes\" \/>\n<script type=\"application\/ld+json\" class=\"yoast-schema-graph\">{\"@context\":\"https:\/\/schema.org\",\"@graph\":[{\"@type\":\"WebPage\",\"@id\":\"https:\/\/www.aguarda.es\/en\/continua-a-programacion-do-nadal-2020-na-guarda-con-teatro-musica-e-moito-mais\/\",\"url\":\"https:\/\/www.aguarda.es\/en\/continua-a-programacion-do-nadal-2020-na-guarda-con-teatro-musica-e-moito-mais\/\",\"name\":\"Contin\u00faa a programaci\u00f3n do Nadal 2020 na Guarda con teatro, m\u00fasica e moito m\u00e1is - Concello da Guarda\",\"isPartOf\":{\"@id\":\"https:\/\/www.aguarda.es\/en\/#website\"},\"datePublished\":\"2020-12-09T09:47:43+00:00\",\"dateModified\":\"2020-12-09T09:47:43+00:00\",\"author\":{\"@id\":\"https:\/\/www.aguarda.es\/en\/#\/schema\/person\/c463ca3006858ffb349d11179d044f21\"},\"breadcrumb\":{\"@id\":\"https:\/\/www.aguarda.es\/en\/continua-a-programacion-do-nadal-2020-na-guarda-con-teatro-musica-e-moito-mais\/#breadcrumb\"},\"inLanguage\":\"en-US\",\"potentialAction\":[{\"@type\":\"ReadAction\",\"target\":[\"https:\/\/www.aguarda.es\/en\/continua-a-programacion-do-nadal-2020-na-guarda-con-teatro-musica-e-moito-mais\/\"]}]},{\"@type\":\"BreadcrumbList\",\"@id\":\"https:\/\/www.aguarda.es\/en\/continua-a-programacion-do-nadal-2020-na-guarda-con-teatro-musica-e-moito-mais\/#breadcrumb\",\"itemListElement\":[{\"@type\":\"ListItem\",\"position\":1,\"name\":\"Portada\",\"item\":\"https:\/\/www.aguarda.es\/en\/\"},{\"@type\":\"ListItem\",\"position\":2,\"name\":\"Contin\u00faa a programaci\u00f3n do Nadal 2020 na Guarda con teatro, m\u00fasica e moito m\u00e1is\"}]},{\"@type\":\"WebSite\",\"@id\":\"https:\/\/www.aguarda.es\/en\/#website\",\"url\":\"https:\/\/www.aguarda.es\/en\/\",\"name\":\"Concello da Guarda\",\"description\":\"P\u00e1xina web do concello da Guarda\",\"potentialAction\":[{\"@type\":\"SearchAction\",\"target\":{\"@type\":\"EntryPoint\",\"urlTemplate\":\"https:\/\/www.aguarda.es\/en\/?s={search_term_string}\"},\"query-input\":\"required name=search_term_string\"}],\"inLanguage\":\"en-US\"},{\"@type\":\"Person\",\"@id\":\"https:\/\/www.aguarda.es\/en\/#\/schema\/person\/c463ca3006858ffb349d11179d044f21\",\"name\":\"prensa\",\"image\":{\"@type\":\"ImageObject\",\"inLanguage\":\"en-US\",\"@id\":\"https:\/\/www.aguarda.es\/en\/#\/schema\/person\/image\/\",\"url\":\"https:\/\/secure.gravatar.com\/avatar\/5f90ef536b0f98306edf5c7a1135ffa1?s=96&d=mm&r=g\",\"contentUrl\":\"https:\/\/secure.gravatar.com\/avatar\/5f90ef536b0f98306edf5c7a1135ffa1?s=96&d=mm&r=g\",\"caption\":\"prensa\"},\"url\":\"https:\/\/www.aguarda.es\/en\/author\/prensa\/\"}]}<\/script>\n<!-- \/ Yoast SEO plugin. -->","yoast_head_json":{"title":"Contin\u00faa a programaci\u00f3n do Nadal 2020 na Guarda con teatro, m\u00fasica e moito m\u00e1is - Concello da Guarda","robots":{"index":"index","follow":"follow","max-snippet":"max-snippet:-1","max-image-preview":"max-image-preview:large","max-video-preview":"max-video-preview:-1"},"canonical":"https:\/\/www.aguarda.es\/en\/continua-a-programacion-do-nadal-2020-na-guarda-con-teatro-musica-e-moito-mais\/","og_locale":"en_US","og_type":"article","og_title":"Contin\u00faa a programaci\u00f3n do Nadal 2020 na Guarda con teatro, m\u00fasica e moito m\u00e1is - Concello da Guarda","og_description":"\u2022 Este venres a obra de teatro \u201cRunning polo Cami\u00f1o\u201d chega ao Centro Cultural, \u00e9 preciso inscrici\u00f3n previa \u2022 A programaci\u00f3n conta con diversas actividades, sempre tendo en conta as medidas sanitarias vixentes e os aforos m\u00e1ximos para cada actividade, &hellip;","og_url":"https:\/\/www.aguarda.es\/en\/continua-a-programacion-do-nadal-2020-na-guarda-con-teatro-musica-e-moito-mais\/","og_site_name":"Concello da Guarda","article_publisher":"https:\/\/www.facebook.com\/ConcellodaGuarda","article_published_time":"2020-12-09T09:47:43+00:00","og_image":[{"width":800,"height":800,"url":"https:\/\/www.aguarda.es\/wp-content\/uploads\/2020\/12\/NP-09122020-CONTINUA-PROGRAMACION-NADAL.jpg?_t=1643285454","type":"image\/jpeg"}],"author":"prensa","twitter_card":"summary_large_image","twitter_creator":"@AGuarda_es","twitter_site":"@AGuarda_es","twitter_misc":{"Written by":"prensa","Est. reading time":"6 minutes"},"schema":{"@context":"https:\/\/schema.org","@graph":[{"@type":"WebPage","@id":"https:\/\/www.aguarda.es\/en\/continua-a-programacion-do-nadal-2020-na-guarda-con-teatro-musica-e-moito-mais\/","url":"https:\/\/www.aguarda.es\/en\/continua-a-programacion-do-nadal-2020-na-guarda-con-teatro-musica-e-moito-mais\/","name":"Contin\u00faa a programaci\u00f3n do Nadal 2020 na Guarda con teatro, m\u00fasica e moito m\u00e1is - Concello da Guarda","isPartOf":{"@id":"https:\/\/www.aguarda.es\/en\/#website"},"datePublished":"2020-12-09T09:47:43+00:00","dateModified":"2020-12-09T09:47:43+00:00","author":{"@id":"https:\/\/www.aguarda.es\/en\/#\/schema\/person\/c463ca3006858ffb349d11179d044f21"},"breadcrumb":{"@id":"https:\/\/www.aguarda.es\/en\/continua-a-programacion-do-nadal-2020-na-guarda-con-teatro-musica-e-moito-mais\/#breadcrumb"},"inLanguage":"en-US","potentialAction":[{"@type":"ReadAction","target":["https:\/\/www.aguarda.es\/en\/continua-a-programacion-do-nadal-2020-na-guarda-con-teatro-musica-e-moito-mais\/"]}]},{"@type":"BreadcrumbList","@id":"https:\/\/www.aguarda.es\/en\/continua-a-programacion-do-nadal-2020-na-guarda-con-teatro-musica-e-moito-mais\/#breadcrumb","itemListElement":[{"@type":"ListItem","position":1,"name":"Portada","item":"https:\/\/www.aguarda.es\/en\/"},{"@type":"ListItem","position":2,"name":"Contin\u00faa a programaci\u00f3n do Nadal 2020 na Guarda con teatro, m\u00fasica e moito m\u00e1is"}]},{"@type":"WebSite","@id":"https:\/\/www.aguarda.es\/en\/#website","url":"https:\/\/www.aguarda.es\/en\/","name":"Concello da Guarda","description":"P\u00e1xina web do concello da Guarda","potentialAction":[{"@type":"SearchAction","target":{"@type":"EntryPoint","urlTemplate":"https:\/\/www.aguarda.es\/en\/?s={search_term_string}"},"query-input":"required name=search_term_string"}],"inLanguage":"en-US"},{"@type":"Person","@id":"https:\/\/www.aguarda.es\/en\/#\/schema\/person\/c463ca3006858ffb349d11179d044f21","name":"prensa","image":{"@type":"ImageObject","inLanguage":"en-US","@id":"https:\/\/www.aguarda.es\/en\/#\/schema\/person\/image\/","url":"https:\/\/secure.gravatar.com\/avatar\/5f90ef536b0f98306edf5c7a1135ffa1?s=96&d=mm&r=g","contentUrl":"https:\/\/secure.gravatar.com\/avatar\/5f90ef536b0f98306edf5c7a1135ffa1?s=96&d=mm&r=g","caption":"prensa"},"url":"https:\/\/www.aguarda.es\/en\/author\/prensa\/"}]}},"_links":{"self":[{"href":"https:\/\/www.aguarda.es\/en\/wp-json\/wp\/v2\/posts\/22928"}],"collection":[{"href":"https:\/\/www.aguarda.es\/en\/wp-json\/wp\/v2\/posts"}],"about":[{"href":"https:\/\/www.aguarda.es\/en\/wp-json\/wp\/v2\/types\/post"}],"author":[{"embeddable":true,"href":"https:\/\/www.aguarda.es\/en\/wp-json\/wp\/v2\/users\/2"}],"replies":[{"embeddable":true,"href":"https:\/\/www.aguarda.es\/en\/wp-json\/wp\/v2\/comments?post=22928"}],"version-history":[{"count":1,"href":"https:\/\/www.aguarda.es\/en\/wp-json\/wp\/v2\/posts\/22928\/revisions"}],"predecessor-version":[{"id":22931,"href":"https:\/\/www.aguarda.es\/en\/wp-json\/wp\/v2\/posts\/22928\/revisions\/22931"}],"wp:featuredmedia":[{"embeddable":true,"href":"https:\/\/www.aguarda.es\/en\/wp-json\/wp\/v2\/media\/22929"}],"wp:attachment":[{"href":"https:\/\/www.aguarda.es\/en\/wp-json\/wp\/v2\/media?parent=22928"}],"wp:term":[{"taxonomy":"category","embeddable":true,"href":"https:\/\/www.aguarda.es\/en\/wp-json\/wp\/v2\/categories?post=22928"},{"taxonomy":"post_tag","embeddable":true,"href":"https:\/\/www.aguarda.es\/en\/wp-json\/wp\/v2\/tags?post=22928"}],"curies":[{"name":"wp","href":"https:\/\/api.w.org\/{rel}","templated":true}]}}