{"id":23056,"date":"2020-12-29T18:13:38","date_gmt":"2020-12-29T18:13:38","guid":{"rendered":"https:\/\/www.aguarda.es\/?p=23056"},"modified":"2020-12-29T18:13:38","modified_gmt":"2020-12-29T18:13:38","slug":"a-mancomunidade-do-baixo-mino-urxe-a-xunta-aclarar-o-novo-servizo-de-transporte-publico","status":"publish","type":"post","link":"https:\/\/www.aguarda.es\/en\/a-mancomunidade-do-baixo-mino-urxe-a-xunta-aclarar-o-novo-servizo-de-transporte-publico\/","title":{"rendered":"A Mancomunidade do Baixo Mi\u00f1o urxe \u00e1 Xunta aclarar o novo servizo de transporte p\u00fablico"},"content":{"rendered":"<p>Os veci\u00f1os expresan o seu malestar pola confusi\u00f3n existente cos novos horarios e rutas e a dificultade para acceder \u00e1 informaci\u00f3n<\/p>\n<p>A Mancomunidade do Baixo Mi\u00f1o amosa o seu malestar pola falta de informaci\u00f3n da Xunta de Galicia no referido ao inicio da nova concesi\u00f3n de transporte p\u00fablico na comarca. A complexidade da p\u00e1xina ofrecida polo ente auton\u00f3mico para informarse das novas rutas e horarios resulta flagrante, especialmente para a xente maior que emprega o servizo.<\/p>\n<p>Xa son varios os veci\u00f1os que transmitiron as s\u00faas queixas logo de estar esperando na s\u00faa parada debido ao desco\u00f1ecemento dos novos horarios e \u00e1 confusi\u00f3n que xera a deficiente informaci\u00f3n que se lles ofrece, dada a inexistencia de folletos nin outro tipo de material informativo nas estaci\u00f3ns de autobuses nin nas paradas.<\/p>\n<p>A informaci\u00f3n s\u00f3 \u00e9 accesible para o p\u00fablico de xeito online, o que non ten en conta a fenda dixital que padecen boa parte das persoas que empregan o servizo. Mesmo as\u00ed, se un usuario quere informarse a trav\u00e9s do sitio web da empresa concesionaria, Lugove, este s\u00f3 ver\u00e1 unha mensaxe que o informa de que o sitio web se atopa en construcci\u00f3n. O \u00fanico xeito que a Xunta de Galicia ofrece para co\u00f1ecer as novas rutas e horarios \u00e9 mediante a web bus.gal. Esta s\u00f3 ofrece uns documentos descargables que presentan unha complexidade manifesta na estrutura na que aparecen organizadas as li\u00f1as e horarios, convertendo o acceso \u00e1 informaci\u00f3n dos usuarios nunha experiencia insatisfactoria.<\/p>\n<p>Con respecto \u00e1 nova organizaci\u00f3n do transporte, desde a Mancomunidade valoran positivamente que se tivesen en conta no novo plan algunhas das alegaci\u00f3ns presentadas pola entidade o pasado ano, como por exemplo a diminuci\u00f3n do prezo dos billetes ou o aumento de frecuencias cara o Hospital \u00c1lvaro Cunqueiro e o CUVI. Non obstante, consideran que desde a Xunta non se est\u00e1n solucionando os problemas que impiden que a comarca estea ben comunicada, especialmente no que se refire \u00e1 cuesti\u00f3n das frecuencias, onde hai unha diminuci\u00f3n clara nalgunhas li\u00f1as, especialmente no horario de ma\u00f1\u00e1.<\/p>\n<p>Asemade, a petici\u00f3n de ofrecer unha soluci\u00f3n para que alumnado do IES da Sangri\u00f1a procedente doutros concellos puidese ir ao centro escolar cumpriuse s\u00f3 parcialmente, dado que os residentes de moitas zonas da ribeira do Mi\u00f1o non poder\u00e1n acceder a este servizo pola incompatibilidade existente entre as li\u00f1as que cubren estes territorios e o horario escolar. Ademais, tam\u00e9n se detectan eivas en moitas das li\u00f1as circulares, onde as frecuencias son moi insuficientes, o que impide que moita xente que as emprega para poder facer xesti\u00f3ns nas vilas logo non te\u00f1a xeito de volver.<\/p>\n","protected":false},"excerpt":{"rendered":"<p>Os veci\u00f1os expresan o seu malestar pola confusi\u00f3n existente cos novos horarios e rutas e a dificultade para acceder \u00e1 informaci\u00f3n A Mancomunidade do Baixo Mi\u00f1o amosa o seu malestar pola falta de informaci\u00f3n da Xunta de Galicia no referido &hellip; <\/p>\n","protected":false},"author":2,"featured_media":23057,"comment_status":"open","ping_status":"open","sticky":false,"template":"","format":"standard","meta":[],"categories":[33],"tags":[2383,2043,2389],"yoast_head":"<!-- This site is optimized with the Yoast SEO plugin v21.1 - https:\/\/yoast.com\/wordpress\/plugins\/seo\/ -->\n<title>A Mancomunidade do Baixo Mi\u00f1o urxe \u00e1 Xunta aclarar o novo servizo de transporte p\u00fablico - Concello da Guarda<\/title>\n<meta name=\"robots\" content=\"index, follow, max-snippet:-1, max-image-preview:large, max-video-preview:-1\" \/>\n<link rel=\"canonical\" href=\"https:\/\/www.aguarda.es\/en\/a-mancomunidade-do-baixo-mino-urxe-a-xunta-aclarar-o-novo-servizo-de-transporte-publico\/\" \/>\n<meta property=\"og:locale\" content=\"en_US\" \/>\n<meta property=\"og:type\" content=\"article\" \/>\n<meta property=\"og:title\" content=\"A Mancomunidade do Baixo Mi\u00f1o urxe \u00e1 Xunta aclarar o novo servizo de transporte p\u00fablico - Concello da Guarda\" \/>\n<meta property=\"og:description\" content=\"Os veci\u00f1os expresan o seu malestar pola confusi\u00f3n existente cos novos horarios e rutas e a dificultade para acceder \u00e1 informaci\u00f3n A Mancomunidade do Baixo Mi\u00f1o amosa o seu malestar pola falta de informaci\u00f3n da Xunta de Galicia no referido &hellip;\" \/>\n<meta property=\"og:url\" content=\"https:\/\/www.aguarda.es\/en\/a-mancomunidade-do-baixo-mino-urxe-a-xunta-aclarar-o-novo-servizo-de-transporte-publico\/\" \/>\n<meta property=\"og:site_name\" content=\"Concello da Guarda\" \/>\n<meta property=\"article:publisher\" content=\"https:\/\/www.facebook.com\/ConcellodaGuarda\" \/>\n<meta property=\"article:published_time\" content=\"2020-12-29T18:13:38+00:00\" \/>\n<meta property=\"og:image\" content=\"https:\/\/www.aguarda.es\/wp-content\/uploads\/2020\/12\/MANCOMUNIDADE.jpg\" \/>\n\t<meta property=\"og:image:width\" content=\"800\" \/>\n\t<meta property=\"og:image:height\" content=\"430\" \/>\n\t<meta property=\"og:image:type\" content=\"image\/jpeg\" \/>\n<meta name=\"author\" content=\"prensa\" \/>\n<meta name=\"twitter:card\" content=\"summary_large_image\" \/>\n<meta name=\"twitter:creator\" content=\"@AGuarda_es\" \/>\n<meta name=\"twitter:site\" content=\"@AGuarda_es\" \/>\n<meta name=\"twitter:label1\" content=\"Written by\" \/>\n\t<meta name=\"twitter:data1\" content=\"prensa\" \/>\n\t<meta name=\"twitter:label2\" content=\"Est. reading time\" \/>\n\t<meta name=\"twitter:data2\" content=\"2 minutes\" \/>\n<script type=\"application\/ld+json\" class=\"yoast-schema-graph\">{\"@context\":\"https:\/\/schema.org\",\"@graph\":[{\"@type\":\"WebPage\",\"@id\":\"https:\/\/www.aguarda.es\/en\/a-mancomunidade-do-baixo-mino-urxe-a-xunta-aclarar-o-novo-servizo-de-transporte-publico\/\",\"url\":\"https:\/\/www.aguarda.es\/en\/a-mancomunidade-do-baixo-mino-urxe-a-xunta-aclarar-o-novo-servizo-de-transporte-publico\/\",\"name\":\"A Mancomunidade do Baixo Mi\u00f1o urxe \u00e1 Xunta aclarar o novo servizo de transporte p\u00fablico - Concello da Guarda\",\"isPartOf\":{\"@id\":\"https:\/\/www.aguarda.es\/en\/#website\"},\"datePublished\":\"2020-12-29T18:13:38+00:00\",\"dateModified\":\"2020-12-29T18:13:38+00:00\",\"author\":{\"@id\":\"https:\/\/www.aguarda.es\/en\/#\/schema\/person\/c463ca3006858ffb349d11179d044f21\"},\"breadcrumb\":{\"@id\":\"https:\/\/www.aguarda.es\/en\/a-mancomunidade-do-baixo-mino-urxe-a-xunta-aclarar-o-novo-servizo-de-transporte-publico\/#breadcrumb\"},\"inLanguage\":\"en-US\",\"potentialAction\":[{\"@type\":\"ReadAction\",\"target\":[\"https:\/\/www.aguarda.es\/en\/a-mancomunidade-do-baixo-mino-urxe-a-xunta-aclarar-o-novo-servizo-de-transporte-publico\/\"]}]},{\"@type\":\"BreadcrumbList\",\"@id\":\"https:\/\/www.aguarda.es\/en\/a-mancomunidade-do-baixo-mino-urxe-a-xunta-aclarar-o-novo-servizo-de-transporte-publico\/#breadcrumb\",\"itemListElement\":[{\"@type\":\"ListItem\",\"position\":1,\"name\":\"Portada\",\"item\":\"https:\/\/www.aguarda.es\/en\/\"},{\"@type\":\"ListItem\",\"position\":2,\"name\":\"A Mancomunidade do Baixo Mi\u00f1o urxe \u00e1 Xunta aclarar o novo servizo de transporte p\u00fablico\"}]},{\"@type\":\"WebSite\",\"@id\":\"https:\/\/www.aguarda.es\/en\/#website\",\"url\":\"https:\/\/www.aguarda.es\/en\/\",\"name\":\"Concello da Guarda\",\"description\":\"P\u00e1xina web do concello da Guarda\",\"potentialAction\":[{\"@type\":\"SearchAction\",\"target\":{\"@type\":\"EntryPoint\",\"urlTemplate\":\"https:\/\/www.aguarda.es\/en\/?s={search_term_string}\"},\"query-input\":\"required name=search_term_string\"}],\"inLanguage\":\"en-US\"},{\"@type\":\"Person\",\"@id\":\"https:\/\/www.aguarda.es\/en\/#\/schema\/person\/c463ca3006858ffb349d11179d044f21\",\"name\":\"prensa\",\"image\":{\"@type\":\"ImageObject\",\"inLanguage\":\"en-US\",\"@id\":\"https:\/\/www.aguarda.es\/en\/#\/schema\/person\/image\/\",\"url\":\"https:\/\/secure.gravatar.com\/avatar\/5f90ef536b0f98306edf5c7a1135ffa1?s=96&d=mm&r=g\",\"contentUrl\":\"https:\/\/secure.gravatar.com\/avatar\/5f90ef536b0f98306edf5c7a1135ffa1?s=96&d=mm&r=g\",\"caption\":\"prensa\"},\"url\":\"https:\/\/www.aguarda.es\/en\/author\/prensa\/\"}]}<\/script>\n<!-- \/ Yoast SEO plugin. -->","yoast_head_json":{"title":"A Mancomunidade do Baixo Mi\u00f1o urxe \u00e1 Xunta aclarar o novo servizo de transporte p\u00fablico - Concello da Guarda","robots":{"index":"index","follow":"follow","max-snippet":"max-snippet:-1","max-image-preview":"max-image-preview:large","max-video-preview":"max-video-preview:-1"},"canonical":"https:\/\/www.aguarda.es\/en\/a-mancomunidade-do-baixo-mino-urxe-a-xunta-aclarar-o-novo-servizo-de-transporte-publico\/","og_locale":"en_US","og_type":"article","og_title":"A Mancomunidade do Baixo Mi\u00f1o urxe \u00e1 Xunta aclarar o novo servizo de transporte p\u00fablico - Concello da Guarda","og_description":"Os veci\u00f1os expresan o seu malestar pola confusi\u00f3n existente cos novos horarios e rutas e a dificultade para acceder \u00e1 informaci\u00f3n A Mancomunidade do Baixo Mi\u00f1o amosa o seu malestar pola falta de informaci\u00f3n da Xunta de Galicia no referido &hellip;","og_url":"https:\/\/www.aguarda.es\/en\/a-mancomunidade-do-baixo-mino-urxe-a-xunta-aclarar-o-novo-servizo-de-transporte-publico\/","og_site_name":"Concello da Guarda","article_publisher":"https:\/\/www.facebook.com\/ConcellodaGuarda","article_published_time":"2020-12-29T18:13:38+00:00","og_image":[{"width":800,"height":430,"url":"https:\/\/www.aguarda.es\/wp-content\/uploads\/2020\/12\/MANCOMUNIDADE.jpg","type":"image\/jpeg"}],"author":"prensa","twitter_card":"summary_large_image","twitter_creator":"@AGuarda_es","twitter_site":"@AGuarda_es","twitter_misc":{"Written by":"prensa","Est. reading time":"2 minutes"},"schema":{"@context":"https:\/\/schema.org","@graph":[{"@type":"WebPage","@id":"https:\/\/www.aguarda.es\/en\/a-mancomunidade-do-baixo-mino-urxe-a-xunta-aclarar-o-novo-servizo-de-transporte-publico\/","url":"https:\/\/www.aguarda.es\/en\/a-mancomunidade-do-baixo-mino-urxe-a-xunta-aclarar-o-novo-servizo-de-transporte-publico\/","name":"A Mancomunidade do Baixo Mi\u00f1o urxe \u00e1 Xunta aclarar o novo servizo de transporte p\u00fablico - Concello da Guarda","isPartOf":{"@id":"https:\/\/www.aguarda.es\/en\/#website"},"datePublished":"2020-12-29T18:13:38+00:00","dateModified":"2020-12-29T18:13:38+00:00","author":{"@id":"https:\/\/www.aguarda.es\/en\/#\/schema\/person\/c463ca3006858ffb349d11179d044f21"},"breadcrumb":{"@id":"https:\/\/www.aguarda.es\/en\/a-mancomunidade-do-baixo-mino-urxe-a-xunta-aclarar-o-novo-servizo-de-transporte-publico\/#breadcrumb"},"inLanguage":"en-US","potentialAction":[{"@type":"ReadAction","target":["https:\/\/www.aguarda.es\/en\/a-mancomunidade-do-baixo-mino-urxe-a-xunta-aclarar-o-novo-servizo-de-transporte-publico\/"]}]},{"@type":"BreadcrumbList","@id":"https:\/\/www.aguarda.es\/en\/a-mancomunidade-do-baixo-mino-urxe-a-xunta-aclarar-o-novo-servizo-de-transporte-publico\/#breadcrumb","itemListElement":[{"@type":"ListItem","position":1,"name":"Portada","item":"https:\/\/www.aguarda.es\/en\/"},{"@type":"ListItem","position":2,"name":"A Mancomunidade do Baixo Mi\u00f1o urxe \u00e1 Xunta aclarar o novo servizo de transporte p\u00fablico"}]},{"@type":"WebSite","@id":"https:\/\/www.aguarda.es\/en\/#website","url":"https:\/\/www.aguarda.es\/en\/","name":"Concello da Guarda","description":"P\u00e1xina web do concello da Guarda","potentialAction":[{"@type":"SearchAction","target":{"@type":"EntryPoint","urlTemplate":"https:\/\/www.aguarda.es\/en\/?s={search_term_string}"},"query-input":"required name=search_term_string"}],"inLanguage":"en-US"},{"@type":"Person","@id":"https:\/\/www.aguarda.es\/en\/#\/schema\/person\/c463ca3006858ffb349d11179d044f21","name":"prensa","image":{"@type":"ImageObject","inLanguage":"en-US","@id":"https:\/\/www.aguarda.es\/en\/#\/schema\/person\/image\/","url":"https:\/\/secure.gravatar.com\/avatar\/5f90ef536b0f98306edf5c7a1135ffa1?s=96&d=mm&r=g","contentUrl":"https:\/\/secure.gravatar.com\/avatar\/5f90ef536b0f98306edf5c7a1135ffa1?s=96&d=mm&r=g","caption":"prensa"},"url":"https:\/\/www.aguarda.es\/en\/author\/prensa\/"}]}},"_links":{"self":[{"href":"https:\/\/www.aguarda.es\/en\/wp-json\/wp\/v2\/posts\/23056"}],"collection":[{"href":"https:\/\/www.aguarda.es\/en\/wp-json\/wp\/v2\/posts"}],"about":[{"href":"https:\/\/www.aguarda.es\/en\/wp-json\/wp\/v2\/types\/post"}],"author":[{"embeddable":true,"href":"https:\/\/www.aguarda.es\/en\/wp-json\/wp\/v2\/users\/2"}],"replies":[{"embeddable":true,"href":"https:\/\/www.aguarda.es\/en\/wp-json\/wp\/v2\/comments?post=23056"}],"version-history":[{"count":1,"href":"https:\/\/www.aguarda.es\/en\/wp-json\/wp\/v2\/posts\/23056\/revisions"}],"predecessor-version":[{"id":23059,"href":"https:\/\/www.aguarda.es\/en\/wp-json\/wp\/v2\/posts\/23056\/revisions\/23059"}],"wp:featuredmedia":[{"embeddable":true,"href":"https:\/\/www.aguarda.es\/en\/wp-json\/wp\/v2\/media\/23057"}],"wp:attachment":[{"href":"https:\/\/www.aguarda.es\/en\/wp-json\/wp\/v2\/media?parent=23056"}],"wp:term":[{"taxonomy":"category","embeddable":true,"href":"https:\/\/www.aguarda.es\/en\/wp-json\/wp\/v2\/categories?post=23056"},{"taxonomy":"post_tag","embeddable":true,"href":"https:\/\/www.aguarda.es\/en\/wp-json\/wp\/v2\/tags?post=23056"}],"curies":[{"name":"wp","href":"https:\/\/api.w.org\/{rel}","templated":true}]}}