{"id":23084,"date":"2021-01-07T09:07:43","date_gmt":"2021-01-07T09:07:43","guid":{"rendered":"https:\/\/www.aguarda.es\/?p=23084"},"modified":"2021-01-07T09:07:43","modified_gmt":"2021-01-07T09:07:43","slug":"os-reis-magos-visitaron-a-guarda","status":"publish","type":"post","link":"https:\/\/www.aguarda.es\/en\/os-reis-magos-visitaron-a-guarda\/","title":{"rendered":"Os Reis Magos visitaron A Guarda"},"content":{"rendered":"<p>[vc_row][vc_column][vc_column_text]\u2022 Os Reis Magos fixeron un percorrido polas diferentes parroquias e r\u00faas da vila o martes 5 de xaneiro en veh\u00edculos cl\u00e1sicos<\/p>\n<p>A programaci\u00f3n do Nadal 2020-21 chegou ao seu fin na Guarda coa visita dos Reis Magos que o pasado martes d\u00eda 5 de xaneiro fixeron un percorrido polas diferentes r\u00faas da vila. A sa\u00edda tivo lugar \u00e1s 17:30h dende a Praza do Rel\u00f3, onde os Reis Magos foron recibidos polo Alcalde da Guarda e partiron en tres veh\u00edculos cl\u00e1sicos para facer o percorrido acompa\u00f1ados pola Polic\u00eda Local e o GES.<br \/>\nOs Reis Magos visitaron a Guarda co desexo de facerse ver polos nenos da vila sen p\u00f3r en risco a sa\u00fade de nenos nin de maiores, polo que propuxeron un itinerario que percorreu os barrios e parroquias do municipio.<br \/>\nO entramado urbano, as\u00ed como a limitaci\u00f3n de tempo, non permit\u00edu chegar a todas as r\u00faas, na s\u00faa maior\u00eda estreitas e con dif\u00edcil sa\u00edda, polo que se propuxo un itinerario longo que priorizou as longas avenidas e sobretodo permit\u00edua chegar ata os diferentes lugares m\u00e1is distantes do centro.<br \/>\nForon moitos os veci\u00f1os que agardaron nas s\u00faas vivendas para sentir a chegada dos Reis dende as xanelas, outros decidiron achegarse \u00e1s grandes avenidas gardando a distancia de seguridade (2m.) entre grupos de convivintes.<br \/>\nOs Reis fixeron o percorrido en coches descapotables, para ser as\u00ed visibles, non en carroza polo que o percorrido foi mais \u00e1xil e r\u00e1pido que nunha Cabalgata tradicional, percorrendo uns 22km en total.<br \/>\nDende o concello recordase que unha vez rematadas as datas do Nadal, todos aqueles que non desexen conservar as luces repartidas nos centros educativos as poder\u00e1n depositar nos contedores de residuos el\u00e9ctricos ubicados no primeiro andar da Praza de Abastos da localidade, para ser reutilizados pola empresa que os fabricou.<\/p>\n<p>[\/vc_column_text][\/vc_column][\/vc_row][vc_row][vc_column][vc_video link=&#8221;https:\/\/www.youtube.com\/watch?v=XqyMUW4tL4M&amp;t=41s&#8221; align=&#8221;center&#8221;][\/vc_column][\/vc_row]<\/p>\n","protected":false},"excerpt":{"rendered":"<p>[vc_row][vc_column][vc_column_text]\u2022 Os Reis Magos fixeron un percorrido polas diferentes parroquias e r\u00faas da vila o martes 5 de xaneiro en veh\u00edculos cl\u00e1sicos A programaci\u00f3n do Nadal 2020-21 chegou ao seu fin na Guarda coa visita dos Reis Magos que o &hellip; <\/p>\n","protected":false},"author":2,"featured_media":23085,"comment_status":"open","ping_status":"open","sticky":false,"template":"","format":"standard","meta":[],"categories":[34,56],"tags":[226,694,786],"yoast_head":"<!-- This site is optimized with the Yoast SEO plugin v21.1 - https:\/\/yoast.com\/wordpress\/plugins\/seo\/ -->\n<title>Os Reis Magos visitaron A Guarda - Concello da Guarda<\/title>\n<meta name=\"robots\" content=\"index, follow, max-snippet:-1, max-image-preview:large, max-video-preview:-1\" \/>\n<link rel=\"canonical\" href=\"https:\/\/www.aguarda.es\/en\/os-reis-magos-visitaron-a-guarda\/\" \/>\n<meta property=\"og:locale\" content=\"en_US\" \/>\n<meta property=\"og:type\" content=\"article\" \/>\n<meta property=\"og:title\" content=\"Os Reis Magos visitaron A Guarda - Concello da Guarda\" \/>\n<meta property=\"og:description\" content=\"[vc_row][vc_column][vc_column_text]\u2022 Os Reis Magos fixeron un percorrido polas diferentes parroquias e r\u00faas da vila o martes 5 de xaneiro en veh\u00edculos cl\u00e1sicos A programaci\u00f3n do Nadal 2020-21 chegou ao seu fin na Guarda coa visita dos Reis Magos que o &hellip;\" \/>\n<meta property=\"og:url\" content=\"https:\/\/www.aguarda.es\/en\/os-reis-magos-visitaron-a-guarda\/\" \/>\n<meta property=\"og:site_name\" content=\"Concello da Guarda\" \/>\n<meta property=\"article:publisher\" content=\"https:\/\/www.facebook.com\/ConcellodaGuarda\" \/>\n<meta property=\"article:published_time\" content=\"2021-01-07T09:07:43+00:00\" \/>\n<meta property=\"og:image\" content=\"https:\/\/www.aguarda.es\/wp-content\/uploads\/2021\/01\/SELECCION.jpg\" \/>\n\t<meta property=\"og:image:width\" content=\"800\" \/>\n\t<meta property=\"og:image:height\" content=\"800\" \/>\n\t<meta property=\"og:image:type\" content=\"image\/jpeg\" \/>\n<meta name=\"author\" content=\"prensa\" \/>\n<meta name=\"twitter:card\" content=\"summary_large_image\" \/>\n<meta name=\"twitter:creator\" content=\"@AGuarda_es\" \/>\n<meta name=\"twitter:site\" content=\"@AGuarda_es\" \/>\n<meta name=\"twitter:label1\" content=\"Written by\" \/>\n\t<meta name=\"twitter:data1\" content=\"prensa\" \/>\n\t<meta name=\"twitter:label2\" content=\"Est. reading time\" \/>\n\t<meta name=\"twitter:data2\" content=\"2 minutes\" \/>\n<script type=\"application\/ld+json\" class=\"yoast-schema-graph\">{\"@context\":\"https:\/\/schema.org\",\"@graph\":[{\"@type\":\"WebPage\",\"@id\":\"https:\/\/www.aguarda.es\/en\/os-reis-magos-visitaron-a-guarda\/\",\"url\":\"https:\/\/www.aguarda.es\/en\/os-reis-magos-visitaron-a-guarda\/\",\"name\":\"Os Reis Magos visitaron A Guarda - Concello da Guarda\",\"isPartOf\":{\"@id\":\"https:\/\/www.aguarda.es\/en\/#website\"},\"datePublished\":\"2021-01-07T09:07:43+00:00\",\"dateModified\":\"2021-01-07T09:07:43+00:00\",\"author\":{\"@id\":\"https:\/\/www.aguarda.es\/en\/#\/schema\/person\/c463ca3006858ffb349d11179d044f21\"},\"breadcrumb\":{\"@id\":\"https:\/\/www.aguarda.es\/en\/os-reis-magos-visitaron-a-guarda\/#breadcrumb\"},\"inLanguage\":\"en-US\",\"potentialAction\":[{\"@type\":\"ReadAction\",\"target\":[\"https:\/\/www.aguarda.es\/en\/os-reis-magos-visitaron-a-guarda\/\"]}]},{\"@type\":\"BreadcrumbList\",\"@id\":\"https:\/\/www.aguarda.es\/en\/os-reis-magos-visitaron-a-guarda\/#breadcrumb\",\"itemListElement\":[{\"@type\":\"ListItem\",\"position\":1,\"name\":\"Portada\",\"item\":\"https:\/\/www.aguarda.es\/en\/\"},{\"@type\":\"ListItem\",\"position\":2,\"name\":\"Os Reis Magos visitaron A Guarda\"}]},{\"@type\":\"WebSite\",\"@id\":\"https:\/\/www.aguarda.es\/en\/#website\",\"url\":\"https:\/\/www.aguarda.es\/en\/\",\"name\":\"Concello da Guarda\",\"description\":\"P\u00e1xina web do concello da Guarda\",\"potentialAction\":[{\"@type\":\"SearchAction\",\"target\":{\"@type\":\"EntryPoint\",\"urlTemplate\":\"https:\/\/www.aguarda.es\/en\/?s={search_term_string}\"},\"query-input\":\"required name=search_term_string\"}],\"inLanguage\":\"en-US\"},{\"@type\":\"Person\",\"@id\":\"https:\/\/www.aguarda.es\/en\/#\/schema\/person\/c463ca3006858ffb349d11179d044f21\",\"name\":\"prensa\",\"image\":{\"@type\":\"ImageObject\",\"inLanguage\":\"en-US\",\"@id\":\"https:\/\/www.aguarda.es\/en\/#\/schema\/person\/image\/\",\"url\":\"https:\/\/secure.gravatar.com\/avatar\/5f90ef536b0f98306edf5c7a1135ffa1?s=96&d=mm&r=g\",\"contentUrl\":\"https:\/\/secure.gravatar.com\/avatar\/5f90ef536b0f98306edf5c7a1135ffa1?s=96&d=mm&r=g\",\"caption\":\"prensa\"},\"url\":\"https:\/\/www.aguarda.es\/en\/author\/prensa\/\"}]}<\/script>\n<!-- \/ Yoast SEO plugin. -->","yoast_head_json":{"title":"Os Reis Magos visitaron A Guarda - Concello da Guarda","robots":{"index":"index","follow":"follow","max-snippet":"max-snippet:-1","max-image-preview":"max-image-preview:large","max-video-preview":"max-video-preview:-1"},"canonical":"https:\/\/www.aguarda.es\/en\/os-reis-magos-visitaron-a-guarda\/","og_locale":"en_US","og_type":"article","og_title":"Os Reis Magos visitaron A Guarda - Concello da Guarda","og_description":"[vc_row][vc_column][vc_column_text]\u2022 Os Reis Magos fixeron un percorrido polas diferentes parroquias e r\u00faas da vila o martes 5 de xaneiro en veh\u00edculos cl\u00e1sicos A programaci\u00f3n do Nadal 2020-21 chegou ao seu fin na Guarda coa visita dos Reis Magos que o &hellip;","og_url":"https:\/\/www.aguarda.es\/en\/os-reis-magos-visitaron-a-guarda\/","og_site_name":"Concello da Guarda","article_publisher":"https:\/\/www.facebook.com\/ConcellodaGuarda","article_published_time":"2021-01-07T09:07:43+00:00","og_image":[{"width":800,"height":800,"url":"https:\/\/www.aguarda.es\/wp-content\/uploads\/2021\/01\/SELECCION.jpg","type":"image\/jpeg"}],"author":"prensa","twitter_card":"summary_large_image","twitter_creator":"@AGuarda_es","twitter_site":"@AGuarda_es","twitter_misc":{"Written by":"prensa","Est. reading time":"2 minutes"},"schema":{"@context":"https:\/\/schema.org","@graph":[{"@type":"WebPage","@id":"https:\/\/www.aguarda.es\/en\/os-reis-magos-visitaron-a-guarda\/","url":"https:\/\/www.aguarda.es\/en\/os-reis-magos-visitaron-a-guarda\/","name":"Os Reis Magos visitaron A Guarda - Concello da Guarda","isPartOf":{"@id":"https:\/\/www.aguarda.es\/en\/#website"},"datePublished":"2021-01-07T09:07:43+00:00","dateModified":"2021-01-07T09:07:43+00:00","author":{"@id":"https:\/\/www.aguarda.es\/en\/#\/schema\/person\/c463ca3006858ffb349d11179d044f21"},"breadcrumb":{"@id":"https:\/\/www.aguarda.es\/en\/os-reis-magos-visitaron-a-guarda\/#breadcrumb"},"inLanguage":"en-US","potentialAction":[{"@type":"ReadAction","target":["https:\/\/www.aguarda.es\/en\/os-reis-magos-visitaron-a-guarda\/"]}]},{"@type":"BreadcrumbList","@id":"https:\/\/www.aguarda.es\/en\/os-reis-magos-visitaron-a-guarda\/#breadcrumb","itemListElement":[{"@type":"ListItem","position":1,"name":"Portada","item":"https:\/\/www.aguarda.es\/en\/"},{"@type":"ListItem","position":2,"name":"Os Reis Magos visitaron A Guarda"}]},{"@type":"WebSite","@id":"https:\/\/www.aguarda.es\/en\/#website","url":"https:\/\/www.aguarda.es\/en\/","name":"Concello da Guarda","description":"P\u00e1xina web do concello da Guarda","potentialAction":[{"@type":"SearchAction","target":{"@type":"EntryPoint","urlTemplate":"https:\/\/www.aguarda.es\/en\/?s={search_term_string}"},"query-input":"required name=search_term_string"}],"inLanguage":"en-US"},{"@type":"Person","@id":"https:\/\/www.aguarda.es\/en\/#\/schema\/person\/c463ca3006858ffb349d11179d044f21","name":"prensa","image":{"@type":"ImageObject","inLanguage":"en-US","@id":"https:\/\/www.aguarda.es\/en\/#\/schema\/person\/image\/","url":"https:\/\/secure.gravatar.com\/avatar\/5f90ef536b0f98306edf5c7a1135ffa1?s=96&d=mm&r=g","contentUrl":"https:\/\/secure.gravatar.com\/avatar\/5f90ef536b0f98306edf5c7a1135ffa1?s=96&d=mm&r=g","caption":"prensa"},"url":"https:\/\/www.aguarda.es\/en\/author\/prensa\/"}]}},"_links":{"self":[{"href":"https:\/\/www.aguarda.es\/en\/wp-json\/wp\/v2\/posts\/23084"}],"collection":[{"href":"https:\/\/www.aguarda.es\/en\/wp-json\/wp\/v2\/posts"}],"about":[{"href":"https:\/\/www.aguarda.es\/en\/wp-json\/wp\/v2\/types\/post"}],"author":[{"embeddable":true,"href":"https:\/\/www.aguarda.es\/en\/wp-json\/wp\/v2\/users\/2"}],"replies":[{"embeddable":true,"href":"https:\/\/www.aguarda.es\/en\/wp-json\/wp\/v2\/comments?post=23084"}],"version-history":[{"count":1,"href":"https:\/\/www.aguarda.es\/en\/wp-json\/wp\/v2\/posts\/23084\/revisions"}],"predecessor-version":[{"id":23087,"href":"https:\/\/www.aguarda.es\/en\/wp-json\/wp\/v2\/posts\/23084\/revisions\/23087"}],"wp:featuredmedia":[{"embeddable":true,"href":"https:\/\/www.aguarda.es\/en\/wp-json\/wp\/v2\/media\/23085"}],"wp:attachment":[{"href":"https:\/\/www.aguarda.es\/en\/wp-json\/wp\/v2\/media?parent=23084"}],"wp:term":[{"taxonomy":"category","embeddable":true,"href":"https:\/\/www.aguarda.es\/en\/wp-json\/wp\/v2\/categories?post=23084"},{"taxonomy":"post_tag","embeddable":true,"href":"https:\/\/www.aguarda.es\/en\/wp-json\/wp\/v2\/tags?post=23084"}],"curies":[{"name":"wp","href":"https:\/\/api.w.org\/{rel}","templated":true}]}}